{"id":35083,"date":"2024-05-28T10:13:20","date_gmt":"2024-05-28T16:13:20","guid":{"rendered":"https:\/\/informante.mx\/?p=35083"},"modified":"2024-05-28T10:13:25","modified_gmt":"2024-05-28T16:13:25","slug":"desde-el-cafe-tambien-engano-el-presidente-a-cuitlahuac","status":"publish","type":"post","link":"https:\/\/informante.mx\/?p=35083","title":{"rendered":"Desde el Caf\u00e9 &#8211; Tambi\u00e9n enga\u00f1\u00f3 el presidente a Cuitl\u00e1huac"},"content":{"rendered":"\n<div style=\"height:30px\" aria-hidden=\"true\" class=\"wp-block-spacer\"><\/div>\n\n\n\n<h2 class=\"wp-block-heading has-text-align-center\">Tambi\u00e9n enga\u00f1\u00f3 el presidente a Cuitl\u00e1huac<\/h2>\n\n\n\n<h2 class=\"wp-block-heading has-text-align-center\">Bernardo Guti\u00e9rrez Parra<\/h2>\n\n\n\n<div style=\"height:30px\" aria-hidden=\"true\" class=\"wp-block-spacer\"><\/div>\n\n\n\n<p>Han sido incontables y hasta chocantes las ocasiones en las que Andr\u00e9s Manuel L\u00f3pez Obrador ha sacado a relucir las inmaculadas virtudes de Cuitl\u00e1huac Garc\u00eda, como su honradez y honestidad. En abril del 2019 dijo en el puerto de Veracruz: \u201cCuitl\u00e1huac es incapaz de enga\u00f1ar, incapaz de llevar a cabo una acci\u00f3n perversa en contra de nadie; no es de malas entra\u00f1as, es honesto y honrado\u201d.<\/p>\n\n\n\n<p>Puro choro.<\/p>\n\n\n\n<p>Cuitl\u00e1huac es un tipo falaz, perverso como pocos y con muy mala entra\u00f1a. Los cientos de veracruzanos a los que ha perseguido y encarcelado injustamente no dejan margen de duda y lo pintan de cuerpo entero.<\/p>\n\n\n\n<p>Pero Andr\u00e9s Manuel no quiere verlo as\u00ed.<\/p>\n\n\n\n<p>Si en diciembre del 2021 dijo sin ning\u00fan tapujo que Cuitl\u00e1huac es uno de los mejores gobernadores que ha tenido Veracruz, en marzo de este a\u00f1o no se midi\u00f3 al calificarlo de gobernador excepcional.<\/p>\n\n\n\n<p>Es evidente que el prisma con que mira a su pupilo, no es el mismo con el que lo ven la mayor\u00eda de los veracruzanos que lo han tenido que soportar todos los d\u00edas por casi seis a\u00f1os.<\/p>\n\n\n\n<p>Y tampoco es el mismo con el que lo miran algunos medios de comunicaci\u00f3n.<\/p>\n\n\n\n<p>El portal de noticias Animal Pol\u00edtico acaba de revelar que entre 2020 y 2023, el gobierno de Cuitl\u00e1huac Garc\u00eda utiliz\u00f3 a beneficiarios de programas sociales para crear una red de empresas \u201cfantasma\u201d, y desviar al menos 439 millones de pesos. Esto se hizo siguiendo el mismo esquema que utiliz\u00f3 el exgobernador Javier Duarte.<\/p>\n\n\n\n<p>Puedes apostar lector, a que esta investigaci\u00f3n period\u00edstica es apenas la punta de la madeja de un esc\u00e1ndalo de corrupci\u00f3n de la misma proporci\u00f3n que el que llev\u00f3 a Duarte a prisi\u00f3n. Pero en estos momentos, la sola noticia, est\u00e1 zarandeando a\u00fan m\u00e1s la maltrecha embarcaci\u00f3n en la que Roc\u00edo Nahle pretende llegar a la gubernatura.<\/p>\n\n\n\n<p>Y es que cada esc\u00e1ndalo de ese calibre protagonizado por la propia Roc\u00edo, su marido Jos\u00e9 Luis Pe\u00f1a, su yerno Fernando Bilbao y miembros o ex miembros de la actual administraci\u00f3n, son votos menos para ella.<\/p>\n\n\n\n<p>\u00bfCu\u00e1ntos? Eso se sabr\u00e1 despu\u00e9s de la elecci\u00f3n.<\/p>\n\n\n\n<p>Pero adem\u00e1s, (y esto lo ha pasado por alto la zacatecana), cada madre con un hijo secuestrado o desaparecido, cada padre con un hijo enfermo de c\u00e1ncer, cada campesino clamando por apoyos (nos estamos muriendo de hambre y ellos ching\u00e1ndose la lana en sus campa\u00f1as), cada mujer maltratada, cada bur\u00f3crata despedido injustamente, votar\u00e1 por Pepe Yunes Zorrilla.<\/p>\n\n\n\n<p>Cuitl\u00e1huac tambi\u00e9n le restar\u00e1 votos a la se\u00f1ora, no porque sea muy popular que jam\u00e1s lo fue, sino porque gracias al reportaje de Animal Pol\u00edtico est\u00e1 confirmando ante los veracruzanos su condici\u00f3n de corrupto y sinverg\u00fcenza.<\/p>\n\n\n\n<p>\u00bfQue ya ganaron como gritan los corifeos de Nahle? Pues no parece.<\/p>\n\n\n\n<p>Este lunes circul\u00f3 profusamente un audio donde se escucha al l\u00edder estatal de Morena, Esteban Ram\u00edrez Zepeta, quejarse con un interlocutor no identificado: \u201cMira compa, la neta est\u00e1 de la chingada esto; los enlaces valen madre, ni un cabr\u00f3n la levanta. Yo ya estoy haciendo mi recaudaci\u00f3n con los compas del gobierno pa poder llevarme algo. El gober ya me dio luz verde y no hay pedo, porque no creo que esto vaya a salir bien. Ya estoy hasta la madre que pa todo me rega\u00f1e la se\u00f1ora; no soy pendejo de nadie\u201d.<\/p>\n\n\n\n<p>Ya podr\u00e1 decir el tipo que le clonaron la voz, que utilizaron inteligencia artificial o que a Chuchita la bolsearon, pero es su voz y su sentir sobre una campa\u00f1a electoral que nunca levant\u00f3 lo necesario.<\/p>\n\n\n\n<p>La noche se le viene encima a Roc\u00edo Nahle. Ya no hay encuestadoras que quieran seguir mintiendo con sus 30 puntos de ventaja. Sus \u201cleales\u201d colaboradores como Esteban, est\u00e1n sobre la cubierta viendo a ver qu\u00e9 agarran antes de saltar del barco donde empieza a cundir el caos.<\/p>\n\n\n\n<p>Y en Palacio de Gobierno, Cuitl\u00e1huac Garc\u00eda acaba de descubrir con sorpresa que a \u00e9l tambi\u00e9n lo enga\u00f1\u00f3 el presidente, porque ni es honesto como le ha dicho y est\u00e1 a a\u00f1os luz de ser honrado.<\/p>\n\n\n\n<p><strong><em>bernardogup@hotmail.com<\/em><\/strong><\/p>\n\n\n\n<hr class=\"wp-block-separator has-alpha-channel-opacity\"\/>\n\n\n\n<p class=\"has-text-align-center\" style=\"font-size:17px\"><strong><i>Toda la informaci\u00f3n que necesitas saber la encuentras en nuestras <\/i><strong style=\"\"><em style=\"font-style: italic;\">redes sociales y canal de <\/em><\/strong><\/strong><a href=\"https:\/\/t.me\/informantemx\" target=\"_blank\" rel=\"noreferrer noopener\"><strong><em>Telegram<\/em><\/strong><\/a>. <\/p>\n\n\n\n<p class=\"has-text-align-center\" style=\"font-size:17px\"><strong><em>!\u00danete!<\/em><\/strong><\/p>\n\n\n\n<div class=\"wp-block-uagb-image aligncenter uagb-block-3acd28e8 wp-block-uagb-image--layout-default wp-block-uagb-image--effect-zoomin wp-block-uagb-image--align-center\"><figure class=\"wp-block-uagb-image__figure\"><a class=\"\" href=\"https:\/\/t.me\/informantemx\" target=\"\" rel=\"noopener\"><img decoding=\"async\" srcset=\"https:\/\/informante.mx\/wp-content\/uploads\/2023\/08\/Banner-Telegram-Verde-800x60-1.png ,https:\/\/informante.mx\/wp-content\/uploads\/2023\/08\/Banner-Telegram-Verde-800x60-1.png 780w, https:\/\/informante.mx\/wp-content\/uploads\/2023\/08\/Banner-Telegram-Verde-800x60-1.png 360w\" sizes=\"auto, (max-width: 480px) 150px\" src=\"https:\/\/informante.mx\/wp-content\/uploads\/2023\/08\/Banner-Telegram-Verde-800x60-1.png\" alt=\"\" class=\"uag-image-23275\" width=\"800\" height=\"60\" title=\"\" loading=\"lazy\" role=\"img\"\/><\/a><\/figure><\/div>\n\n\n\n<div class=\"wp-block-uagb-image aligncenter uagb-block-45ea2b31 wp-block-uagb-image--layout-default wp-block-uagb-image--effect-zoomin wp-block-uagb-image--align-center\"><figure class=\"wp-block-uagb-image__figure\"><a class=\"\" href=\"https:\/\/www.facebook.com\/MX.Informante\" target=\"\" rel=\"noopener\"><img decoding=\"async\" srcset=\"https:\/\/informante.mx\/wp-content\/uploads\/2023\/08\/Banner-Facebook-Verde-800x60-1.png ,https:\/\/informante.mx\/wp-content\/uploads\/2023\/08\/Banner-Facebook-Verde-800x60-1.png 780w, https:\/\/informante.mx\/wp-content\/uploads\/2023\/08\/Banner-Facebook-Verde-800x60-1.png 360w\" sizes=\"auto, (max-width: 480px) 150px\" src=\"https:\/\/informante.mx\/wp-content\/uploads\/2023\/08\/Banner-Facebook-Verde-800x60-1.png\" alt=\"\" class=\"uag-image-23274\" width=\"800\" height=\"60\" title=\"\" loading=\"lazy\" role=\"img\"\/><\/a><\/figure><\/div>\n\n\n\n<div class=\"wp-block-uagb-image aligncenter uagb-block-2ce4c51b wp-block-uagb-image--layout-default wp-block-uagb-image--effect-zoomin wp-block-uagb-image--align-center\"><figure class=\"wp-block-uagb-image__figure\"><a class=\"\" href=\"https:\/\/twitter.com\/mx_informante\" target=\"\" rel=\"noopener\"><img decoding=\"async\" srcset=\"https:\/\/informante.mx\/wp-content\/uploads\/2023\/08\/Banner-Twitter-Verde-800x60-1.png ,https:\/\/informante.mx\/wp-content\/uploads\/2023\/08\/Banner-Twitter-Verde-800x60-1.png 780w, https:\/\/informante.mx\/wp-content\/uploads\/2023\/08\/Banner-Twitter-Verde-800x60-1.png 360w\" sizes=\"auto, (max-width: 480px) 150px\" src=\"https:\/\/informante.mx\/wp-content\/uploads\/2023\/08\/Banner-Twitter-Verde-800x60-1.png\" alt=\"\" class=\"uag-image-23273\" width=\"800\" height=\"60\" title=\"\" loading=\"lazy\" role=\"img\"\/><\/a><\/figure><\/div>\n\n\n\n<div style=\"height:50px\" aria-hidden=\"true\" class=\"wp-block-spacer\"><\/div>\n","protected":false},"excerpt":{"rendered":"<p>Tambi\u00e9n enga\u00f1\u00f3 el presidente a Cuitl\u00e1huac<\/p>\n<p>Bernardo Guti\u00e9rrez Parra<\/p>\n","protected":false},"author":1,"featured_media":32825,"comment_status":"open","ping_status":"closed","sticky":false,"template":"","format":"standard","meta":{"_uag_custom_page_level_css":"","jetpack_post_was_ever_published":false,"footnotes":""},"categories":[13,106],"tags":[108,23,107],"class_list":["post-35083","post","type-post","status-publish","format-standard","has-post-thumbnail","hentry","category-columnas","category-desde-el-cafe","tag-bernardo-gutierrez","tag-columnas","tag-desde-el-cafe"],"yoast_head":"<!-- This site is optimized with the Yoast SEO plugin v27.3 - https:\/\/yoast.com\/product\/yoast-seo-wordpress\/ -->\n<title>Desde el Caf\u00e9 - Tambi\u00e9n enga\u00f1\u00f3 el presidente a Cuitl\u00e1huac - Informante.mx<\/title>\n<meta name=\"robots\" content=\"index, follow, max-snippet:-1, max-image-preview:large, max-video-preview:-1\" \/>\n<link rel=\"canonical\" href=\"https:\/\/informante.mx\/?p=35083\" \/>\n<meta property=\"og:locale\" content=\"es_ES\" \/>\n<meta property=\"og:type\" content=\"article\" \/>\n<meta property=\"og:title\" content=\"Desde el Caf\u00e9 - Tambi\u00e9n enga\u00f1\u00f3 el presidente a Cuitl\u00e1huac - Informante.mx\" \/>\n<meta property=\"og:description\" content=\"Tambi\u00e9n enga\u00f1\u00f3 el presidente a Cuitl\u00e1huac Bernardo Guti\u00e9rrez Parra\" \/>\n<meta property=\"og:url\" content=\"https:\/\/informante.mx\/?p=35083\" \/>\n<meta property=\"og:site_name\" content=\"Informante.mx\" \/>\n<meta property=\"article:publisher\" content=\"https:\/\/www.facebook.com\/MX.Informante\" \/>\n<meta property=\"article:published_time\" content=\"2024-05-28T16:13:20+00:00\" \/>\n<meta property=\"article:modified_time\" content=\"2024-05-28T16:13:25+00:00\" \/>\n<meta property=\"og:image\" content=\"https:\/\/informante.mx\/wp-content\/uploads\/2024\/04\/Bernardo-Guitierrez-1.jpg\" \/>\n\t<meta property=\"og:image:width\" content=\"1200\" \/>\n\t<meta property=\"og:image:height\" content=\"700\" \/>\n\t<meta property=\"og:image:type\" content=\"image\/jpeg\" \/>\n<meta name=\"author\" content=\"InformanteMX\" \/>\n<meta name=\"twitter:card\" content=\"summary_large_image\" \/>\n<meta name=\"twitter:creator\" content=\"@mx_informante\" \/>\n<meta name=\"twitter:site\" content=\"@mx_informante\" \/>\n<meta name=\"twitter:label1\" content=\"Escrito por\" \/>\n\t<meta name=\"twitter:data1\" content=\"InformanteMX\" \/>\n\t<meta name=\"twitter:label2\" content=\"Tiempo de lectura\" \/>\n\t<meta name=\"twitter:data2\" content=\"4 minutos\" \/>\n<script type=\"application\/ld+json\" class=\"yoast-schema-graph\">{\"@context\":\"https:\\\/\\\/schema.org\",\"@graph\":[{\"@type\":\"NewsArticle\",\"@id\":\"https:\\\/\\\/informante.mx\\\/?p=35083#article\",\"isPartOf\":{\"@id\":\"https:\\\/\\\/informante.mx\\\/?p=35083\"},\"author\":{\"name\":\"InformanteMX\",\"@id\":\"https:\\\/\\\/informante.mx\\\/#\\\/schema\\\/person\\\/3eff91989d2ea76b0a330b416325946c\"},\"headline\":\"Desde el Caf\u00e9 &#8211; Tambi\u00e9n enga\u00f1\u00f3 el presidente a Cuitl\u00e1huac\",\"datePublished\":\"2024-05-28T16:13:20+00:00\",\"dateModified\":\"2024-05-28T16:13:25+00:00\",\"mainEntityOfPage\":{\"@id\":\"https:\\\/\\\/informante.mx\\\/?p=35083\"},\"wordCount\":752,\"commentCount\":0,\"publisher\":{\"@id\":\"https:\\\/\\\/informante.mx\\\/#organization\"},\"image\":{\"@id\":\"https:\\\/\\\/informante.mx\\\/?p=35083#primaryimage\"},\"thumbnailUrl\":\"https:\\\/\\\/informante.mx\\\/wp-content\\\/uploads\\\/2024\\\/04\\\/Bernardo-Guitierrez-1.jpg\",\"keywords\":[\"Bernardo Guti\u00e9rrez\",\"Columnas\",\"Desde el Caf\u00e9\"],\"articleSection\":[\"Columnas\",\"Desde el Caf\u00e9\"],\"inLanguage\":\"es\",\"potentialAction\":[{\"@type\":\"CommentAction\",\"name\":\"Comment\",\"target\":[\"https:\\\/\\\/informante.mx\\\/?p=35083#respond\"]}]},{\"@type\":\"WebPage\",\"@id\":\"https:\\\/\\\/informante.mx\\\/?p=35083\",\"url\":\"https:\\\/\\\/informante.mx\\\/?p=35083\",\"name\":\"Desde el Caf\u00e9 - Tambi\u00e9n enga\u00f1\u00f3 el presidente a Cuitl\u00e1huac - Informante.mx\",\"isPartOf\":{\"@id\":\"https:\\\/\\\/informante.mx\\\/#website\"},\"primaryImageOfPage\":{\"@id\":\"https:\\\/\\\/informante.mx\\\/?p=35083#primaryimage\"},\"image\":{\"@id\":\"https:\\\/\\\/informante.mx\\\/?p=35083#primaryimage\"},\"thumbnailUrl\":\"https:\\\/\\\/informante.mx\\\/wp-content\\\/uploads\\\/2024\\\/04\\\/Bernardo-Guitierrez-1.jpg\",\"datePublished\":\"2024-05-28T16:13:20+00:00\",\"dateModified\":\"2024-05-28T16:13:25+00:00\",\"breadcrumb\":{\"@id\":\"https:\\\/\\\/informante.mx\\\/?p=35083#breadcrumb\"},\"inLanguage\":\"es\",\"potentialAction\":[{\"@type\":\"ReadAction\",\"target\":[\"https:\\\/\\\/informante.mx\\\/?p=35083\"]}]},{\"@type\":\"ImageObject\",\"inLanguage\":\"es\",\"@id\":\"https:\\\/\\\/informante.mx\\\/?p=35083#primaryimage\",\"url\":\"https:\\\/\\\/informante.mx\\\/wp-content\\\/uploads\\\/2024\\\/04\\\/Bernardo-Guitierrez-1.jpg\",\"contentUrl\":\"https:\\\/\\\/informante.mx\\\/wp-content\\\/uploads\\\/2024\\\/04\\\/Bernardo-Guitierrez-1.jpg\",\"width\":1200,\"height\":700},{\"@type\":\"BreadcrumbList\",\"@id\":\"https:\\\/\\\/informante.mx\\\/?p=35083#breadcrumb\",\"itemListElement\":[{\"@type\":\"ListItem\",\"position\":1,\"name\":\"Portada\",\"item\":\"https:\\\/\\\/informante.mx\\\/\"},{\"@type\":\"ListItem\",\"position\":2,\"name\":\"Desde el Caf\u00e9 &#8211; Tambi\u00e9n enga\u00f1\u00f3 el presidente a Cuitl\u00e1huac\"}]},{\"@type\":\"WebSite\",\"@id\":\"https:\\\/\\\/informante.mx\\\/#website\",\"url\":\"https:\\\/\\\/informante.mx\\\/\",\"name\":\"Informante.mx\",\"description\":\"\",\"publisher\":{\"@id\":\"https:\\\/\\\/informante.mx\\\/#organization\"},\"potentialAction\":[{\"@type\":\"SearchAction\",\"target\":{\"@type\":\"EntryPoint\",\"urlTemplate\":\"https:\\\/\\\/informante.mx\\\/?s={search_term_string}\"},\"query-input\":{\"@type\":\"PropertyValueSpecification\",\"valueRequired\":true,\"valueName\":\"search_term_string\"}}],\"inLanguage\":\"es\"},{\"@type\":\"Organization\",\"@id\":\"https:\\\/\\\/informante.mx\\\/#organization\",\"name\":\"Informante.mx\",\"url\":\"https:\\\/\\\/informante.mx\\\/\",\"logo\":{\"@type\":\"ImageObject\",\"inLanguage\":\"es\",\"@id\":\"https:\\\/\\\/informante.mx\\\/#\\\/schema\\\/logo\\\/image\\\/\",\"url\":\"https:\\\/\\\/informante.mx\\\/wp-content\\\/uploads\\\/2019\\\/12\\\/cropped-LOGO-Verde-Apaisado-1024x360O-1.png\",\"contentUrl\":\"https:\\\/\\\/informante.mx\\\/wp-content\\\/uploads\\\/2019\\\/12\\\/cropped-LOGO-Verde-Apaisado-1024x360O-1.png\",\"width\":923,\"height\":180,\"caption\":\"Informante.mx\"},\"image\":{\"@id\":\"https:\\\/\\\/informante.mx\\\/#\\\/schema\\\/logo\\\/image\\\/\"},\"sameAs\":[\"https:\\\/\\\/www.facebook.com\\\/MX.Informante\",\"https:\\\/\\\/x.com\\\/mx_informante\"]},{\"@type\":\"Person\",\"@id\":\"https:\\\/\\\/informante.mx\\\/#\\\/schema\\\/person\\\/3eff91989d2ea76b0a330b416325946c\",\"name\":\"InformanteMX\",\"image\":{\"@type\":\"ImageObject\",\"inLanguage\":\"es\",\"@id\":\"https:\\\/\\\/secure.gravatar.com\\\/avatar\\\/10d802aa739e832aedd2f3fd8544d878871eb22e6ca86fe9a548573e34a28f0e?s=96&d=mm&r=g\",\"url\":\"https:\\\/\\\/secure.gravatar.com\\\/avatar\\\/10d802aa739e832aedd2f3fd8544d878871eb22e6ca86fe9a548573e34a28f0e?s=96&d=mm&r=g\",\"contentUrl\":\"https:\\\/\\\/secure.gravatar.com\\\/avatar\\\/10d802aa739e832aedd2f3fd8544d878871eb22e6ca86fe9a548573e34a28f0e?s=96&d=mm&r=g\",\"caption\":\"InformanteMX\"},\"url\":\"https:\\\/\\\/informante.mx\\\/?author=1\"}]}<\/script>\n<!-- \/ Yoast SEO plugin. -->","yoast_head_json":{"title":"Desde el Caf\u00e9 - Tambi\u00e9n enga\u00f1\u00f3 el presidente a Cuitl\u00e1huac - Informante.mx","robots":{"index":"index","follow":"follow","max-snippet":"max-snippet:-1","max-image-preview":"max-image-preview:large","max-video-preview":"max-video-preview:-1"},"canonical":"https:\/\/informante.mx\/?p=35083","og_locale":"es_ES","og_type":"article","og_title":"Desde el Caf\u00e9 - Tambi\u00e9n enga\u00f1\u00f3 el presidente a Cuitl\u00e1huac - Informante.mx","og_description":"Tambi\u00e9n enga\u00f1\u00f3 el presidente a Cuitl\u00e1huac Bernardo Guti\u00e9rrez Parra","og_url":"https:\/\/informante.mx\/?p=35083","og_site_name":"Informante.mx","article_publisher":"https:\/\/www.facebook.com\/MX.Informante","article_published_time":"2024-05-28T16:13:20+00:00","article_modified_time":"2024-05-28T16:13:25+00:00","og_image":[{"width":1200,"height":700,"url":"https:\/\/informante.mx\/wp-content\/uploads\/2024\/04\/Bernardo-Guitierrez-1.jpg","type":"image\/jpeg"}],"author":"InformanteMX","twitter_card":"summary_large_image","twitter_creator":"@mx_informante","twitter_site":"@mx_informante","twitter_misc":{"Escrito por":"InformanteMX","Tiempo de lectura":"4 minutos"},"schema":{"@context":"https:\/\/schema.org","@graph":[{"@type":"NewsArticle","@id":"https:\/\/informante.mx\/?p=35083#article","isPartOf":{"@id":"https:\/\/informante.mx\/?p=35083"},"author":{"name":"InformanteMX","@id":"https:\/\/informante.mx\/#\/schema\/person\/3eff91989d2ea76b0a330b416325946c"},"headline":"Desde el Caf\u00e9 &#8211; Tambi\u00e9n enga\u00f1\u00f3 el presidente a Cuitl\u00e1huac","datePublished":"2024-05-28T16:13:20+00:00","dateModified":"2024-05-28T16:13:25+00:00","mainEntityOfPage":{"@id":"https:\/\/informante.mx\/?p=35083"},"wordCount":752,"commentCount":0,"publisher":{"@id":"https:\/\/informante.mx\/#organization"},"image":{"@id":"https:\/\/informante.mx\/?p=35083#primaryimage"},"thumbnailUrl":"https:\/\/informante.mx\/wp-content\/uploads\/2024\/04\/Bernardo-Guitierrez-1.jpg","keywords":["Bernardo Guti\u00e9rrez","Columnas","Desde el Caf\u00e9"],"articleSection":["Columnas","Desde el Caf\u00e9"],"inLanguage":"es","potentialAction":[{"@type":"CommentAction","name":"Comment","target":["https:\/\/informante.mx\/?p=35083#respond"]}]},{"@type":"WebPage","@id":"https:\/\/informante.mx\/?p=35083","url":"https:\/\/informante.mx\/?p=35083","name":"Desde el Caf\u00e9 - Tambi\u00e9n enga\u00f1\u00f3 el presidente a Cuitl\u00e1huac - Informante.mx","isPartOf":{"@id":"https:\/\/informante.mx\/#website"},"primaryImageOfPage":{"@id":"https:\/\/informante.mx\/?p=35083#primaryimage"},"image":{"@id":"https:\/\/informante.mx\/?p=35083#primaryimage"},"thumbnailUrl":"https:\/\/informante.mx\/wp-content\/uploads\/2024\/04\/Bernardo-Guitierrez-1.jpg","datePublished":"2024-05-28T16:13:20+00:00","dateModified":"2024-05-28T16:13:25+00:00","breadcrumb":{"@id":"https:\/\/informante.mx\/?p=35083#breadcrumb"},"inLanguage":"es","potentialAction":[{"@type":"ReadAction","target":["https:\/\/informante.mx\/?p=35083"]}]},{"@type":"ImageObject","inLanguage":"es","@id":"https:\/\/informante.mx\/?p=35083#primaryimage","url":"https:\/\/informante.mx\/wp-content\/uploads\/2024\/04\/Bernardo-Guitierrez-1.jpg","contentUrl":"https:\/\/informante.mx\/wp-content\/uploads\/2024\/04\/Bernardo-Guitierrez-1.jpg","width":1200,"height":700},{"@type":"BreadcrumbList","@id":"https:\/\/informante.mx\/?p=35083#breadcrumb","itemListElement":[{"@type":"ListItem","position":1,"name":"Portada","item":"https:\/\/informante.mx\/"},{"@type":"ListItem","position":2,"name":"Desde el Caf\u00e9 &#8211; Tambi\u00e9n enga\u00f1\u00f3 el presidente a Cuitl\u00e1huac"}]},{"@type":"WebSite","@id":"https:\/\/informante.mx\/#website","url":"https:\/\/informante.mx\/","name":"Informante.mx","description":"","publisher":{"@id":"https:\/\/informante.mx\/#organization"},"potentialAction":[{"@type":"SearchAction","target":{"@type":"EntryPoint","urlTemplate":"https:\/\/informante.mx\/?s={search_term_string}"},"query-input":{"@type":"PropertyValueSpecification","valueRequired":true,"valueName":"search_term_string"}}],"inLanguage":"es"},{"@type":"Organization","@id":"https:\/\/informante.mx\/#organization","name":"Informante.mx","url":"https:\/\/informante.mx\/","logo":{"@type":"ImageObject","inLanguage":"es","@id":"https:\/\/informante.mx\/#\/schema\/logo\/image\/","url":"https:\/\/informante.mx\/wp-content\/uploads\/2019\/12\/cropped-LOGO-Verde-Apaisado-1024x360O-1.png","contentUrl":"https:\/\/informante.mx\/wp-content\/uploads\/2019\/12\/cropped-LOGO-Verde-Apaisado-1024x360O-1.png","width":923,"height":180,"caption":"Informante.mx"},"image":{"@id":"https:\/\/informante.mx\/#\/schema\/logo\/image\/"},"sameAs":["https:\/\/www.facebook.com\/MX.Informante","https:\/\/x.com\/mx_informante"]},{"@type":"Person","@id":"https:\/\/informante.mx\/#\/schema\/person\/3eff91989d2ea76b0a330b416325946c","name":"InformanteMX","image":{"@type":"ImageObject","inLanguage":"es","@id":"https:\/\/secure.gravatar.com\/avatar\/10d802aa739e832aedd2f3fd8544d878871eb22e6ca86fe9a548573e34a28f0e?s=96&d=mm&r=g","url":"https:\/\/secure.gravatar.com\/avatar\/10d802aa739e832aedd2f3fd8544d878871eb22e6ca86fe9a548573e34a28f0e?s=96&d=mm&r=g","contentUrl":"https:\/\/secure.gravatar.com\/avatar\/10d802aa739e832aedd2f3fd8544d878871eb22e6ca86fe9a548573e34a28f0e?s=96&d=mm&r=g","caption":"InformanteMX"},"url":"https:\/\/informante.mx\/?author=1"}]}},"jetpack_featured_media_url":"https:\/\/informante.mx\/wp-content\/uploads\/2024\/04\/Bernardo-Guitierrez-1.jpg","uagb_featured_image_src":{"full":["https:\/\/informante.mx\/wp-content\/uploads\/2024\/04\/Bernardo-Guitierrez-1.jpg",1200,700,false],"thumbnail":["https:\/\/informante.mx\/wp-content\/uploads\/2024\/04\/Bernardo-Guitierrez-1-150x88.jpg",150,88,true],"medium":["https:\/\/informante.mx\/wp-content\/uploads\/2024\/04\/Bernardo-Guitierrez-1-300x175.jpg",300,175,true],"medium_large":["https:\/\/informante.mx\/wp-content\/uploads\/2024\/04\/Bernardo-Guitierrez-1-768x448.jpg",640,373,true],"large":["https:\/\/informante.mx\/wp-content\/uploads\/2024\/04\/Bernardo-Guitierrez-1-1024x597.jpg",640,373,true],"1536x1536":["https:\/\/informante.mx\/wp-content\/uploads\/2024\/04\/Bernardo-Guitierrez-1.jpg",1200,700,false],"2048x2048":["https:\/\/informante.mx\/wp-content\/uploads\/2024\/04\/Bernardo-Guitierrez-1.jpg",1200,700,false],"td_0x420":["https:\/\/informante.mx\/wp-content\/uploads\/2024\/04\/Bernardo-Guitierrez-1-720x420.jpg",720,420,true],"td_0x420_retina":["https:\/\/informante.mx\/wp-content\/uploads\/2024\/04\/Bernardo-Guitierrez-1.jpg",1200,700,false],"td_80x60":["https:\/\/informante.mx\/wp-content\/uploads\/2024\/04\/Bernardo-Guitierrez-1-80x60.jpg",80,60,true],"td_80x60_retina":["https:\/\/informante.mx\/wp-content\/uploads\/2024\/04\/Bernardo-Guitierrez-1-160x120.jpg",160,120,true],"td_100x75":["https:\/\/informante.mx\/wp-content\/uploads\/2024\/04\/Bernardo-Guitierrez-1-100x75.jpg",100,75,true],"td_100x75_retina":["https:\/\/informante.mx\/wp-content\/uploads\/2024\/04\/Bernardo-Guitierrez-1-200x150.jpg",200,150,true],"td_180x135":["https:\/\/informante.mx\/wp-content\/uploads\/2024\/04\/Bernardo-Guitierrez-1-180x135.jpg",180,135,true],"td_180x135_retina":["https:\/\/informante.mx\/wp-content\/uploads\/2024\/04\/Bernardo-Guitierrez-1-360x270.jpg",360,270,true],"td_238x178":["https:\/\/informante.mx\/wp-content\/uploads\/2024\/04\/Bernardo-Guitierrez-1-238x178.jpg",238,178,true],"td_238x178_retina":["https:\/\/informante.mx\/wp-content\/uploads\/2024\/04\/Bernardo-Guitierrez-1-476x356.jpg",476,356,true],"td_265x198":["https:\/\/informante.mx\/wp-content\/uploads\/2024\/04\/Bernardo-Guitierrez-1-265x198.jpg",265,198,true],"td_265x198_retina":["https:\/\/informante.mx\/wp-content\/uploads\/2024\/04\/Bernardo-Guitierrez-1-530x396.jpg",530,396,true],"td_300x160":["https:\/\/informante.mx\/wp-content\/uploads\/2024\/04\/Bernardo-Guitierrez-1-300x160.jpg",300,160,true],"td_300x160_retina":["https:\/\/informante.mx\/wp-content\/uploads\/2024\/04\/Bernardo-Guitierrez-1-600x320.jpg",600,320,true],"td_300x194":["https:\/\/informante.mx\/wp-content\/uploads\/2024\/04\/Bernardo-Guitierrez-1-300x194.jpg",300,194,true],"td_300x194_retina":["https:\/\/informante.mx\/wp-content\/uploads\/2024\/04\/Bernardo-Guitierrez-1-600x388.jpg",600,388,true],"td_300x350":["https:\/\/informante.mx\/wp-content\/uploads\/2024\/04\/Bernardo-Guitierrez-1-300x350.jpg",300,350,true],"td_300x350_retina":["https:\/\/informante.mx\/wp-content\/uploads\/2024\/04\/Bernardo-Guitierrez-1-600x700.jpg",600,700,true],"td_341x220":["https:\/\/informante.mx\/wp-content\/uploads\/2024\/04\/Bernardo-Guitierrez-1-341x220.jpg",341,220,true],"td_341x220_retina":["https:\/\/informante.mx\/wp-content\/uploads\/2024\/04\/Bernardo-Guitierrez-1-682x440.jpg",682,440,true],"td_341x400":["https:\/\/informante.mx\/wp-content\/uploads\/2024\/04\/Bernardo-Guitierrez-1-341x400.jpg",341,400,true],"td_341x400_retina":["https:\/\/informante.mx\/wp-content\/uploads\/2024\/04\/Bernardo-Guitierrez-1-682x700.jpg",682,700,true],"td_511x400":["https:\/\/informante.mx\/wp-content\/uploads\/2024\/04\/Bernardo-Guitierrez-1-511x400.jpg",511,400,true],"td_511x400_retina":["https:\/\/informante.mx\/wp-content\/uploads\/2024\/04\/Bernardo-Guitierrez-1-1022x700.jpg",1022,700,true],"td_537x360":["https:\/\/informante.mx\/wp-content\/uploads\/2024\/04\/Bernardo-Guitierrez-1-537x360.jpg",537,360,true],"td_537x360_retina":["https:\/\/informante.mx\/wp-content\/uploads\/2024\/04\/Bernardo-Guitierrez-1-1074x700.jpg",1074,700,true],"td_640x0":["https:\/\/informante.mx\/wp-content\/uploads\/2024\/04\/Bernardo-Guitierrez-1-640x373.jpg",640,373,true],"td_640x0_retina":["https:\/\/informante.mx\/wp-content\/uploads\/2024\/04\/Bernardo-Guitierrez-1.jpg",1200,700,false],"td_640x350":["https:\/\/informante.mx\/wp-content\/uploads\/2024\/04\/Bernardo-Guitierrez-1-640x350.jpg",640,350,true],"td_640x350_retina":["https:\/\/informante.mx\/wp-content\/uploads\/2024\/04\/Bernardo-Guitierrez-1.jpg",1200,700,false],"td_681x0":["https:\/\/informante.mx\/wp-content\/uploads\/2024\/04\/Bernardo-Guitierrez-1-681x397.jpg",681,397,true],"td_681x0_retina":["https:\/\/informante.mx\/wp-content\/uploads\/2024\/04\/Bernardo-Guitierrez-1.jpg",1200,700,false],"td_681x400":["https:\/\/informante.mx\/wp-content\/uploads\/2024\/04\/Bernardo-Guitierrez-1-681x400.jpg",681,400,true],"td_681x400_retina":["https:\/\/informante.mx\/wp-content\/uploads\/2024\/04\/Bernardo-Guitierrez-1.jpg",1200,700,false],"td_741x486":["https:\/\/informante.mx\/wp-content\/uploads\/2024\/04\/Bernardo-Guitierrez-1-741x486.jpg",741,486,true],"td_741x486_retina":["https:\/\/informante.mx\/wp-content\/uploads\/2024\/04\/Bernardo-Guitierrez-1.jpg",1200,700,false],"td_1021x580":["https:\/\/informante.mx\/wp-content\/uploads\/2024\/04\/Bernardo-Guitierrez-1-1021x580.jpg",1021,580,true],"td_1021x580_retina":["https:\/\/informante.mx\/wp-content\/uploads\/2024\/04\/Bernardo-Guitierrez-1.jpg",1200,700,false]},"uagb_author_info":{"display_name":"InformanteMX","author_link":"https:\/\/informante.mx\/?author=1"},"uagb_comment_info":0,"uagb_excerpt":"Tambi\u00e9n enga\u00f1\u00f3 el presidente a Cuitl\u00e1huac Bernardo Guti\u00e9rrez Parra","_links":{"self":[{"href":"https:\/\/informante.mx\/index.php?rest_route=\/wp\/v2\/posts\/35083","targetHints":{"allow":["GET"]}}],"collection":[{"href":"https:\/\/informante.mx\/index.php?rest_route=\/wp\/v2\/posts"}],"about":[{"href":"https:\/\/informante.mx\/index.php?rest_route=\/wp\/v2\/types\/post"}],"author":[{"embeddable":true,"href":"https:\/\/informante.mx\/index.php?rest_route=\/wp\/v2\/users\/1"}],"replies":[{"embeddable":true,"href":"https:\/\/informante.mx\/index.php?rest_route=%2Fwp%2Fv2%2Fcomments&post=35083"}],"version-history":[{"count":1,"href":"https:\/\/informante.mx\/index.php?rest_route=\/wp\/v2\/posts\/35083\/revisions"}],"predecessor-version":[{"id":35084,"href":"https:\/\/informante.mx\/index.php?rest_route=\/wp\/v2\/posts\/35083\/revisions\/35084"}],"wp:featuredmedia":[{"embeddable":true,"href":"https:\/\/informante.mx\/index.php?rest_route=\/wp\/v2\/media\/32825"}],"wp:attachment":[{"href":"https:\/\/informante.mx\/index.php?rest_route=%2Fwp%2Fv2%2Fmedia&parent=35083"}],"wp:term":[{"taxonomy":"category","embeddable":true,"href":"https:\/\/informante.mx\/index.php?rest_route=%2Fwp%2Fv2%2Fcategories&post=35083"},{"taxonomy":"post_tag","embeddable":true,"href":"https:\/\/informante.mx\/index.php?rest_route=%2Fwp%2Fv2%2Ftags&post=35083"}],"curies":[{"name":"wp","href":"https:\/\/api.w.org\/{rel}","templated":true}]}}