{"id":33739,"date":"2024-05-05T14:01:05","date_gmt":"2024-05-05T20:01:05","guid":{"rendered":"https:\/\/informante.mx\/?p=33739"},"modified":"2024-05-05T14:01:13","modified_gmt":"2024-05-05T20:01:13","slug":"mexico-foco-rojo-por-la-crisis-climatica-decesos-rompen-record-en-2023-por-las-altas-temperaturas","status":"publish","type":"post","link":"https:\/\/informante.mx\/?p=33739","title":{"rendered":"M\u00e9xico, foco rojo por la crisis clim\u00e1tica; decesos rompen r\u00e9cord en 2023 por las altas temperaturas"},"content":{"rendered":"\n<h2 class=\"wp-block-heading\">\u2022\u00a0Estudio destaca que las principales amenazas para nuestro pa\u00eds y Latinoam\u00e9rica son la contaminaci\u00f3n y el aumento de calor, lo que ha provocado sequ\u00edas, muertes prematuras y enfermedades, como el dengue y la vibriosis<\/h2>\n\n\n\n<p><strong>Redacci\u00f3n Informante<\/strong><\/p>\n\n\n\n<p>Un trascendental estudio elaborado por 23 instituciones acad\u00e9micas, agencias de&nbsp;<strong>Naciones Unidas&nbsp;<\/strong>y 34 investigadores independientes, alert\u00f3 sobre las graves implicaciones del cambio clim\u00e1tico en la salud de la poblaci\u00f3n en<strong>&nbsp;Am\u00e9rica Latina<\/strong>.&nbsp;<\/p>\n\n\n\n<p>El Centro Lancet Countdown Latin America (Lancet Cuenta Regresiva Latinoam\u00e9rica), destac\u00f3 en su reporte 2023 que los pa\u00edses de la regi\u00f3n con la tasa de mortalidad prematura m\u00e1s alta atribuible a la contaminaci\u00f3n atmosf\u00e9rica por part\u00edculas suspendidas PM2.5 son Chile, Per\u00fa, Brasil, Colombia, M\u00e9xico y Paraguay.<\/p>\n\n\n\n<p>Explic\u00f3 que las PM2.5, son generadas por el transporte (19.1%), hogares (12.3%), industria o centrales el\u00e9ctricas (11.6%) y agricultura (11%).<\/p>\n\n\n\n<p>En este sentido, se\u00f1al\u00f3 que la transici\u00f3n energ\u00e9tica en AL es incipiente, por lo que millones de personas siguen expuestas a niveles peligrosos de contaminaci\u00f3n del aire, que provoca que Per\u00fa, Chile, M\u00e9xico, Guatemala, Colombia, El Salvador, Brasil, Uruguay, Honduras, Panam\u00e1 y Nicaragua est\u00e9n dentro de los 100 pa\u00edses m\u00e1s contaminados del mundo.&nbsp;<\/p>\n\n\n\n<blockquote class=\"wp-block-quote is-layout-flow wp-block-quote-is-layout-flow\">\n<p>La transici\u00f3n a fuentes de energ\u00eda m\u00e1s limpias, la eliminaci\u00f3n gradual de los combustibles f\u00f3siles y la promoci\u00f3n de una mejor eficiencia energ\u00e9tica en los sectores industrial y de la vivienda no s\u00f3lo son medidas de mitigaci\u00f3n del clima, sino tambi\u00e9n enormes oportunidades de salud y desarrollo econ\u00f3mico para sociedades m\u00e1s pr\u00f3speras y saludables\u201d, advirti\u00f3.<\/p>\n<\/blockquote>\n\n\n\n<p>Lament\u00f3 que el uso de carb\u00f3n para la generaci\u00f3n de electricidad en Am\u00e9rica Latina aument\u00f3 5.2% en promedio entre 2011 y 2020. S\u00f3lo Argentina y Colombia disminuyeron ligeramente el uso de carb\u00f3n para la generaci\u00f3n de electricidad, mientras que Honduras, M\u00e9xico, Brasil, Per\u00fa, Panam\u00e1, Chile y Guatemala incrementaron su uso o lo mantuvieron.&nbsp;<\/p>\n\n\n\n<blockquote class=\"wp-block-quote is-layout-flow wp-block-quote-is-layout-flow\">\n<p>En 2020, los costos totales monetizados de la mortalidad prematura debido a la contaminaci\u00f3n del aire en M\u00e9xico y Am\u00e9rica del Sur fueron equivalentes a los ingresos promedio de 6.6 millones de personas en la regi\u00f3n. Chile, Per\u00fa y M\u00e9xico registraron las p\u00e9rdidas m\u00e1s altas, equivalentes al 1.63%, 0.91% y 0.83% de su PIB, respectivamente.&nbsp;<\/p>\n<\/blockquote>\n\n\n\n<p>La contaminaci\u00f3n del aire tambi\u00e9n tiene efectos econ\u00f3micos indirectos que deben considerarse, incluidos los relacionados con los costos de la atenci\u00f3n m\u00e9dica debido a una mayor morbilidad y una reducci\u00f3n de la capacidad laboral por las enfermedades\u201d, estableci\u00f3 el reporte.&nbsp;<\/p>\n\n\n\n<h2 class=\"wp-block-heading\"><strong>CALOR&nbsp;<\/strong><\/h2>\n\n\n\n<p>Los expertos indicaron que el estr\u00e9s por calor amenaza a las personas vulnerables mayores de 65 a\u00f1os de edad, lo que genera resultados negativos para la salud, incluida la muerte, debido a que cada a\u00f1o se rompen los r\u00e9cords por altas temperaturas a nivel global.&nbsp;<\/p>\n\n\n\n<p>En 2023, M\u00e9xico vivi\u00f3 el a\u00f1o m\u00e1s c\u00e1lido y seco de su historia, incluso por encima del promedio mundial, con una temperatura media de 22.7 grados cent\u00edgrados, y un d\u00e9ficit de lluvias de 21.1 por ciento.<\/p>\n\n\n\n<blockquote class=\"wp-block-quote is-layout-flow wp-block-quote-is-layout-flow\">\n<p>En el periodo 2013-2022, todos los pa\u00edses latinoamericanos, en promedio, han mostrado un aumento del 140% en las muertes relacionadas con el calor en comparaci\u00f3n con 2000-2009.&nbsp;<\/p>\n<\/blockquote>\n\n\n\n<p>Los pa\u00edses con el mayor cambio relativo son Ecuador (+339%), El Salvador (+230%), Honduras (+204%) y Guatemala (+202%), mientras que los pa\u00edses con menor aumento son M\u00e9xico (+67%), Argentina (+59%) y Uruguay (+27%)\u201d, puntualiz\u00f3.&nbsp;<\/p>\n\n\n\n<p>De acuerdo con datos oficiales de la Secretar\u00eda de Salud de M\u00e9xico, las altas temperaturas provocaron en 2023, una cifra r\u00e9cord de muertes con 419 personas que perdieron la vida debido a golpes de calor y deshidrataci\u00f3n, ya no s\u00f3lo en estados del norte, sino en entidades sure\u00f1as y de clima tropical.<\/p>\n\n\n\n<h2 class=\"wp-block-heading\"><strong>FUEGO<\/strong><\/h2>\n\n\n\n<p>Lancet Countdown Latin America detall\u00f3 que 11 pa\u00edses mostraron un aumento en el n\u00famero de d\u00edas, en los cuales las personas estuvieron expuestas a riesgos extremadamente altos por la presencia de incendios forestales.<\/p>\n\n\n\n<p>Los mayores incrementos se presentaron en Chile (13 d\u00edas m\u00e1s), Venezuela (4 d\u00edas m\u00e1s), Argentina (4 d\u00edas m\u00e1s), Colombia (3 d\u00edas m\u00e1s) y Brasil (3 d\u00edas m\u00e1s), mientras que Panam\u00e1, Uruguay, Honduras, El Salvador, M\u00e9xico y Nicaragua registraron peque\u00f1as reducciones en los d\u00edas de exposici\u00f3n.<\/p>\n\n\n\n<p>Resalt\u00f3 que las disminuciones podr\u00edan ser resultado de pol\u00edticas de adaptaci\u00f3n, deforestaci\u00f3n o cambios en la disponibilidad de material que se puede quemar debido a siniestros anteriores.<\/p>\n\n\n\n<h2 class=\"wp-block-heading\"><strong>ENFERMEDADES&nbsp;<\/strong><\/h2>\n\n\n\n<p>El cambio clim\u00e1tico influye en el potencial de transmisi\u00f3n de enfermedades transmitidas por vectores y por el agua, como la fiebre del dengue y la vibriosis, que es un padecimiento intestinal causado por una peque\u00f1a bacteria presente en pescados y mariscos.<\/p>\n\n\n\n<p>Al respecto, los especialistas subrayaron que todos los pa\u00edses latinoamericanos experimentan un aumento promedio de 54 por ciento en la reproducci\u00f3n del mosquito transmisor del dengue, debido a cambios en los patrones de lluvias y temperatura.<\/p>\n\n\n\n<blockquote class=\"wp-block-quote is-layout-flow wp-block-quote-is-layout-flow\">\n<p>Los mayores aumentos se encontraron en Bolivia (145%), Per\u00fa (95%), Brasil (94.5%), Guatemala (70.4%), Colombia (65.8%), Ecuador (59.5%) y Paraguay (59.3%). Estos resultados se alinean con el aumento en el n\u00famero total de casos de fiebre del dengue en los \u00faltimos a\u00f1os, especialmente en Bolivia, Brasil, Colombia, Ecuador, Guatemala, M\u00e9xico, Nicaragua, Panam\u00e1 y Per\u00fa\u201d, manifestaron.&nbsp;<\/p>\n<\/blockquote>\n\n\n\n<p>Por otra parte, el informe considera que el \u00e1rea costera adecuada para las bacterias Vibrio en Am\u00e9rica Latina aument\u00f3 en 42 kil\u00f3metros anuales desde 1982.&nbsp;<\/p>\n\n\n\n<blockquote class=\"wp-block-quote is-layout-flow wp-block-quote-is-layout-flow\">\n<p>En 2022, la costa adecuada para las bacterias Vibrio era 670 kil\u00f3metros mayor (9.5%) que en el periodo 1982-2010. Este incremento tambi\u00e9n se correlaciona con el aumento en los casos humanos de vibriosis en la regi\u00f3n\u201d, apunt\u00f3.&nbsp;<\/p>\n<\/blockquote>\n\n\n\n<h2 class=\"wp-block-heading\"><strong>ALIMENTACI\u00d3N<\/strong><\/h2>\n\n\n\n<p>Las sequ\u00edas prolongadas y los cambios en los patrones de lluvias influyen en la baja producci\u00f3n de alimentos, lo que gener\u00f3 en 2020 casi 870 mil muertes asociadas con dietas desequilibradas en la regi\u00f3n.&nbsp;<\/p>\n\n\n\n<p>De estos decesos, 19.7% se atribuy\u00f3 al alto consumo de granos refinados; el 18% al alto consumo de carne roja, alimentos procesados y productos l\u00e1cteos; 14.4% al bajo consumo de verduras y 13.8% a la reducida ingesta de granos enteros.&nbsp;<\/p>\n\n\n\n<blockquote class=\"wp-block-quote is-layout-flow wp-block-quote-is-layout-flow\">\n<p>En Colombia, Costa Rica, Ecuador, Honduras, Nicaragua, Per\u00fa, El Salvador y Venezuela, una mayor proporci\u00f3n de muertes fue atribuible al bajo consumo de productos alimenticios de origen vegetal, mientras que en Argentina, Chile, M\u00e9xico y Paraguay, una mayor proporci\u00f3n de muertes fue atribuible al alto consumo de productos alimenticios de origen animal y procesados.&nbsp;<\/p>\n<\/blockquote>\n\n\n\n<p>En general, la mayor\u00eda de las muertes atribuibles est\u00e1n relacionadas con el bajo consumo de cereales integrales y verduras, especialmente en Venezuela, Nicaragua, Per\u00fa, Ecuador, Bolivia, Guatemala, Honduras, M\u00e9xico y Paraguay; y el alto consumo de az\u00facar\u201d, precis\u00f3.<\/p>\n\n\n\n<p>El estudio del Centro Regional Lancet Countdown Latin America, que cont\u00f3 con la colaboraci\u00f3n del Instituto Nacional de Salud P\u00fablica de nuestro pa\u00eds, agreg\u00f3 que las dietas nutritivas con base en plantas, ricas en cereales integrales, legumbres, verduras y frutas est\u00e1n asociadas con menores emisiones de Gases de Efecto Invernadero (GEI), disminuci\u00f3n en el cambio de uso de suelo por presencia de ganado, bajo riesgo de enfermedades no transmisibles y aumento en la esperanza de vida.&nbsp;<\/p>\n\n\n\n<blockquote class=\"wp-block-quote is-layout-flow wp-block-quote-is-layout-flow\">\n<p>Por otro lado, el consumo excesivo de carnes de origen animal, procesados y az\u00facares refinadas generan m\u00e1s GEI y pr\u00e1cticas agr\u00edcolas intensivas, as\u00ed como mayores tasas de enfermedades y mortalidad prematura en las poblaciones humanas\u201d, remat\u00f3.<\/p>\n<\/blockquote>\n\n\n\n<hr class=\"wp-block-separator has-alpha-channel-opacity\"\/>\n\n\n\n<p class=\"has-text-align-center\" style=\"font-size:17px\"><strong><i>Toda la informaci\u00f3n que necesitas saber la encuentras en nuestras <\/i><strong style=\"\"><em style=\"font-style: italic;\">redes sociales y canal de <\/em><\/strong><\/strong><a href=\"https:\/\/t.me\/informantemx\" target=\"_blank\" rel=\"noreferrer noopener\"><strong><em>Telegram<\/em><\/strong><\/a>. <\/p>\n\n\n\n<p class=\"has-text-align-center\" style=\"font-size:17px\"><strong><em>!\u00danete!<\/em><\/strong><\/p>\n\n\n\n<div class=\"wp-block-uagb-image aligncenter uagb-block-3acd28e8 wp-block-uagb-image--layout-default wp-block-uagb-image--effect-zoomin wp-block-uagb-image--align-center\"><figure class=\"wp-block-uagb-image__figure\"><a class=\"\" href=\"https:\/\/t.me\/informantemx\" target=\"\" rel=\"noopener\"><img decoding=\"async\" srcset=\"https:\/\/informante.mx\/wp-content\/uploads\/2023\/08\/Banner-Telegram-Verde-800x60-1.png ,https:\/\/informante.mx\/wp-content\/uploads\/2023\/08\/Banner-Telegram-Verde-800x60-1.png 780w, https:\/\/informante.mx\/wp-content\/uploads\/2023\/08\/Banner-Telegram-Verde-800x60-1.png 360w\" sizes=\"auto, (max-width: 480px) 150px\" src=\"https:\/\/informante.mx\/wp-content\/uploads\/2023\/08\/Banner-Telegram-Verde-800x60-1.png\" alt=\"\" class=\"uag-image-23275\" width=\"800\" height=\"60\" title=\"\" loading=\"lazy\" role=\"img\"\/><\/a><\/figure><\/div>\n\n\n\n<div class=\"wp-block-uagb-image aligncenter uagb-block-45ea2b31 wp-block-uagb-image--layout-default wp-block-uagb-image--effect-zoomin wp-block-uagb-image--align-center\"><figure class=\"wp-block-uagb-image__figure\"><a class=\"\" href=\"https:\/\/www.facebook.com\/MX.Informante\" target=\"\" rel=\"noopener\"><img decoding=\"async\" srcset=\"https:\/\/informante.mx\/wp-content\/uploads\/2023\/08\/Banner-Facebook-Verde-800x60-1.png ,https:\/\/informante.mx\/wp-content\/uploads\/2023\/08\/Banner-Facebook-Verde-800x60-1.png 780w, https:\/\/informante.mx\/wp-content\/uploads\/2023\/08\/Banner-Facebook-Verde-800x60-1.png 360w\" sizes=\"auto, (max-width: 480px) 150px\" src=\"https:\/\/informante.mx\/wp-content\/uploads\/2023\/08\/Banner-Facebook-Verde-800x60-1.png\" alt=\"\" class=\"uag-image-23274\" width=\"800\" height=\"60\" title=\"\" loading=\"lazy\" role=\"img\"\/><\/a><\/figure><\/div>\n\n\n\n<div class=\"wp-block-uagb-image aligncenter uagb-block-2ce4c51b wp-block-uagb-image--layout-default wp-block-uagb-image--effect-zoomin wp-block-uagb-image--align-center\"><figure class=\"wp-block-uagb-image__figure\"><a class=\"\" href=\"https:\/\/twitter.com\/mx_informante\" target=\"\" rel=\"noopener\"><img decoding=\"async\" srcset=\"https:\/\/informante.mx\/wp-content\/uploads\/2023\/08\/Banner-Twitter-Verde-800x60-1.png ,https:\/\/informante.mx\/wp-content\/uploads\/2023\/08\/Banner-Twitter-Verde-800x60-1.png 780w, https:\/\/informante.mx\/wp-content\/uploads\/2023\/08\/Banner-Twitter-Verde-800x60-1.png 360w\" sizes=\"auto, (max-width: 480px) 150px\" src=\"https:\/\/informante.mx\/wp-content\/uploads\/2023\/08\/Banner-Twitter-Verde-800x60-1.png\" alt=\"\" class=\"uag-image-23273\" width=\"800\" height=\"60\" title=\"\" loading=\"lazy\" role=\"img\"\/><\/a><\/figure><\/div>\n\n\n\n<div style=\"height:50px\" aria-hidden=\"true\" class=\"wp-block-spacer\"><\/div>\n","protected":false},"excerpt":{"rendered":"<p>Un estudio destaca que las principales amenazas para nuestro pa\u00eds y Latinoam\u00e9rica son la contaminaci\u00f3n y el aumento de calor<\/p>\n","protected":false},"author":1,"featured_media":33740,"comment_status":"open","ping_status":"closed","sticky":false,"template":"","format":"standard","meta":{"_uag_custom_page_level_css":"","jetpack_post_was_ever_published":false,"footnotes":""},"categories":[9],"tags":[31],"class_list":["post-33739","post","type-post","status-publish","format-standard","has-post-thumbnail","hentry","category-nacional","tag-nacional"],"yoast_head":"<!-- This site is optimized with the Yoast SEO plugin v27.3 - https:\/\/yoast.com\/product\/yoast-seo-wordpress\/ -->\n<title>M\u00e9xico, foco rojo por la crisis clim\u00e1tica; decesos rompen r\u00e9cord en 2023 por las altas temperaturas - Informante.mx<\/title>\n<meta name=\"robots\" content=\"index, follow, max-snippet:-1, max-image-preview:large, max-video-preview:-1\" \/>\n<link rel=\"canonical\" href=\"https:\/\/informante.mx\/?p=33739\" \/>\n<meta property=\"og:locale\" content=\"es_ES\" \/>\n<meta property=\"og:type\" content=\"article\" \/>\n<meta property=\"og:title\" content=\"M\u00e9xico, foco rojo por la crisis clim\u00e1tica; decesos rompen r\u00e9cord en 2023 por las altas temperaturas - Informante.mx\" \/>\n<meta property=\"og:description\" content=\"Un estudio destaca que las principales amenazas para nuestro pa\u00eds y Latinoam\u00e9rica son la contaminaci\u00f3n y el aumento de calor\" \/>\n<meta property=\"og:url\" content=\"https:\/\/informante.mx\/?p=33739\" \/>\n<meta property=\"og:site_name\" content=\"Informante.mx\" \/>\n<meta property=\"article:publisher\" content=\"https:\/\/www.facebook.com\/MX.Informante\" \/>\n<meta property=\"article:published_time\" content=\"2024-05-05T20:01:05+00:00\" \/>\n<meta property=\"article:modified_time\" content=\"2024-05-05T20:01:13+00:00\" \/>\n<meta property=\"og:image\" content=\"https:\/\/informante.mx\/wp-content\/uploads\/2024\/05\/Calentamiento-Global.jpg\" \/>\n\t<meta property=\"og:image:width\" content=\"1200\" \/>\n\t<meta property=\"og:image:height\" content=\"700\" \/>\n\t<meta property=\"og:image:type\" content=\"image\/jpeg\" \/>\n<meta name=\"author\" content=\"InformanteMX\" \/>\n<meta name=\"twitter:card\" content=\"summary_large_image\" \/>\n<meta name=\"twitter:creator\" content=\"@mx_informante\" \/>\n<meta name=\"twitter:site\" content=\"@mx_informante\" \/>\n<meta name=\"twitter:label1\" content=\"Escrito por\" \/>\n\t<meta name=\"twitter:data1\" content=\"InformanteMX\" \/>\n\t<meta name=\"twitter:label2\" content=\"Tiempo de lectura\" \/>\n\t<meta name=\"twitter:data2\" content=\"6 minutos\" \/>\n<script type=\"application\/ld+json\" class=\"yoast-schema-graph\">{\"@context\":\"https:\\\/\\\/schema.org\",\"@graph\":[{\"@type\":\"NewsArticle\",\"@id\":\"https:\\\/\\\/informante.mx\\\/?p=33739#article\",\"isPartOf\":{\"@id\":\"https:\\\/\\\/informante.mx\\\/?p=33739\"},\"author\":{\"name\":\"InformanteMX\",\"@id\":\"https:\\\/\\\/informante.mx\\\/#\\\/schema\\\/person\\\/3eff91989d2ea76b0a330b416325946c\"},\"headline\":\"M\u00e9xico, foco rojo por la crisis clim\u00e1tica; decesos rompen r\u00e9cord en 2023 por las altas temperaturas\",\"datePublished\":\"2024-05-05T20:01:05+00:00\",\"dateModified\":\"2024-05-05T20:01:13+00:00\",\"mainEntityOfPage\":{\"@id\":\"https:\\\/\\\/informante.mx\\\/?p=33739\"},\"wordCount\":1281,\"commentCount\":0,\"publisher\":{\"@id\":\"https:\\\/\\\/informante.mx\\\/#organization\"},\"image\":{\"@id\":\"https:\\\/\\\/informante.mx\\\/?p=33739#primaryimage\"},\"thumbnailUrl\":\"https:\\\/\\\/informante.mx\\\/wp-content\\\/uploads\\\/2024\\\/05\\\/Calentamiento-Global.jpg\",\"keywords\":[\"Nacional\"],\"articleSection\":[\"Nacional\"],\"inLanguage\":\"es\",\"potentialAction\":[{\"@type\":\"CommentAction\",\"name\":\"Comment\",\"target\":[\"https:\\\/\\\/informante.mx\\\/?p=33739#respond\"]}]},{\"@type\":\"WebPage\",\"@id\":\"https:\\\/\\\/informante.mx\\\/?p=33739\",\"url\":\"https:\\\/\\\/informante.mx\\\/?p=33739\",\"name\":\"M\u00e9xico, foco rojo por la crisis clim\u00e1tica; decesos rompen r\u00e9cord en 2023 por las altas temperaturas - Informante.mx\",\"isPartOf\":{\"@id\":\"https:\\\/\\\/informante.mx\\\/#website\"},\"primaryImageOfPage\":{\"@id\":\"https:\\\/\\\/informante.mx\\\/?p=33739#primaryimage\"},\"image\":{\"@id\":\"https:\\\/\\\/informante.mx\\\/?p=33739#primaryimage\"},\"thumbnailUrl\":\"https:\\\/\\\/informante.mx\\\/wp-content\\\/uploads\\\/2024\\\/05\\\/Calentamiento-Global.jpg\",\"datePublished\":\"2024-05-05T20:01:05+00:00\",\"dateModified\":\"2024-05-05T20:01:13+00:00\",\"breadcrumb\":{\"@id\":\"https:\\\/\\\/informante.mx\\\/?p=33739#breadcrumb\"},\"inLanguage\":\"es\",\"potentialAction\":[{\"@type\":\"ReadAction\",\"target\":[\"https:\\\/\\\/informante.mx\\\/?p=33739\"]}]},{\"@type\":\"ImageObject\",\"inLanguage\":\"es\",\"@id\":\"https:\\\/\\\/informante.mx\\\/?p=33739#primaryimage\",\"url\":\"https:\\\/\\\/informante.mx\\\/wp-content\\\/uploads\\\/2024\\\/05\\\/Calentamiento-Global.jpg\",\"contentUrl\":\"https:\\\/\\\/informante.mx\\\/wp-content\\\/uploads\\\/2024\\\/05\\\/Calentamiento-Global.jpg\",\"width\":1200,\"height\":700},{\"@type\":\"BreadcrumbList\",\"@id\":\"https:\\\/\\\/informante.mx\\\/?p=33739#breadcrumb\",\"itemListElement\":[{\"@type\":\"ListItem\",\"position\":1,\"name\":\"Portada\",\"item\":\"https:\\\/\\\/informante.mx\\\/\"},{\"@type\":\"ListItem\",\"position\":2,\"name\":\"M\u00e9xico, foco rojo por la crisis clim\u00e1tica; decesos rompen r\u00e9cord en 2023 por las altas temperaturas\"}]},{\"@type\":\"WebSite\",\"@id\":\"https:\\\/\\\/informante.mx\\\/#website\",\"url\":\"https:\\\/\\\/informante.mx\\\/\",\"name\":\"Informante.mx\",\"description\":\"\",\"publisher\":{\"@id\":\"https:\\\/\\\/informante.mx\\\/#organization\"},\"potentialAction\":[{\"@type\":\"SearchAction\",\"target\":{\"@type\":\"EntryPoint\",\"urlTemplate\":\"https:\\\/\\\/informante.mx\\\/?s={search_term_string}\"},\"query-input\":{\"@type\":\"PropertyValueSpecification\",\"valueRequired\":true,\"valueName\":\"search_term_string\"}}],\"inLanguage\":\"es\"},{\"@type\":\"Organization\",\"@id\":\"https:\\\/\\\/informante.mx\\\/#organization\",\"name\":\"Informante.mx\",\"url\":\"https:\\\/\\\/informante.mx\\\/\",\"logo\":{\"@type\":\"ImageObject\",\"inLanguage\":\"es\",\"@id\":\"https:\\\/\\\/informante.mx\\\/#\\\/schema\\\/logo\\\/image\\\/\",\"url\":\"https:\\\/\\\/informante.mx\\\/wp-content\\\/uploads\\\/2019\\\/12\\\/cropped-LOGO-Verde-Apaisado-1024x360O-1.png\",\"contentUrl\":\"https:\\\/\\\/informante.mx\\\/wp-content\\\/uploads\\\/2019\\\/12\\\/cropped-LOGO-Verde-Apaisado-1024x360O-1.png\",\"width\":923,\"height\":180,\"caption\":\"Informante.mx\"},\"image\":{\"@id\":\"https:\\\/\\\/informante.mx\\\/#\\\/schema\\\/logo\\\/image\\\/\"},\"sameAs\":[\"https:\\\/\\\/www.facebook.com\\\/MX.Informante\",\"https:\\\/\\\/x.com\\\/mx_informante\"]},{\"@type\":\"Person\",\"@id\":\"https:\\\/\\\/informante.mx\\\/#\\\/schema\\\/person\\\/3eff91989d2ea76b0a330b416325946c\",\"name\":\"InformanteMX\",\"image\":{\"@type\":\"ImageObject\",\"inLanguage\":\"es\",\"@id\":\"https:\\\/\\\/secure.gravatar.com\\\/avatar\\\/10d802aa739e832aedd2f3fd8544d878871eb22e6ca86fe9a548573e34a28f0e?s=96&d=mm&r=g\",\"url\":\"https:\\\/\\\/secure.gravatar.com\\\/avatar\\\/10d802aa739e832aedd2f3fd8544d878871eb22e6ca86fe9a548573e34a28f0e?s=96&d=mm&r=g\",\"contentUrl\":\"https:\\\/\\\/secure.gravatar.com\\\/avatar\\\/10d802aa739e832aedd2f3fd8544d878871eb22e6ca86fe9a548573e34a28f0e?s=96&d=mm&r=g\",\"caption\":\"InformanteMX\"},\"url\":\"https:\\\/\\\/informante.mx\\\/?author=1\"}]}<\/script>\n<!-- \/ Yoast SEO plugin. -->","yoast_head_json":{"title":"M\u00e9xico, foco rojo por la crisis clim\u00e1tica; decesos rompen r\u00e9cord en 2023 por las altas temperaturas - Informante.mx","robots":{"index":"index","follow":"follow","max-snippet":"max-snippet:-1","max-image-preview":"max-image-preview:large","max-video-preview":"max-video-preview:-1"},"canonical":"https:\/\/informante.mx\/?p=33739","og_locale":"es_ES","og_type":"article","og_title":"M\u00e9xico, foco rojo por la crisis clim\u00e1tica; decesos rompen r\u00e9cord en 2023 por las altas temperaturas - Informante.mx","og_description":"Un estudio destaca que las principales amenazas para nuestro pa\u00eds y Latinoam\u00e9rica son la contaminaci\u00f3n y el aumento de calor","og_url":"https:\/\/informante.mx\/?p=33739","og_site_name":"Informante.mx","article_publisher":"https:\/\/www.facebook.com\/MX.Informante","article_published_time":"2024-05-05T20:01:05+00:00","article_modified_time":"2024-05-05T20:01:13+00:00","og_image":[{"width":1200,"height":700,"url":"https:\/\/informante.mx\/wp-content\/uploads\/2024\/05\/Calentamiento-Global.jpg","type":"image\/jpeg"}],"author":"InformanteMX","twitter_card":"summary_large_image","twitter_creator":"@mx_informante","twitter_site":"@mx_informante","twitter_misc":{"Escrito por":"InformanteMX","Tiempo de lectura":"6 minutos"},"schema":{"@context":"https:\/\/schema.org","@graph":[{"@type":"NewsArticle","@id":"https:\/\/informante.mx\/?p=33739#article","isPartOf":{"@id":"https:\/\/informante.mx\/?p=33739"},"author":{"name":"InformanteMX","@id":"https:\/\/informante.mx\/#\/schema\/person\/3eff91989d2ea76b0a330b416325946c"},"headline":"M\u00e9xico, foco rojo por la crisis clim\u00e1tica; decesos rompen r\u00e9cord en 2023 por las altas temperaturas","datePublished":"2024-05-05T20:01:05+00:00","dateModified":"2024-05-05T20:01:13+00:00","mainEntityOfPage":{"@id":"https:\/\/informante.mx\/?p=33739"},"wordCount":1281,"commentCount":0,"publisher":{"@id":"https:\/\/informante.mx\/#organization"},"image":{"@id":"https:\/\/informante.mx\/?p=33739#primaryimage"},"thumbnailUrl":"https:\/\/informante.mx\/wp-content\/uploads\/2024\/05\/Calentamiento-Global.jpg","keywords":["Nacional"],"articleSection":["Nacional"],"inLanguage":"es","potentialAction":[{"@type":"CommentAction","name":"Comment","target":["https:\/\/informante.mx\/?p=33739#respond"]}]},{"@type":"WebPage","@id":"https:\/\/informante.mx\/?p=33739","url":"https:\/\/informante.mx\/?p=33739","name":"M\u00e9xico, foco rojo por la crisis clim\u00e1tica; decesos rompen r\u00e9cord en 2023 por las altas temperaturas - Informante.mx","isPartOf":{"@id":"https:\/\/informante.mx\/#website"},"primaryImageOfPage":{"@id":"https:\/\/informante.mx\/?p=33739#primaryimage"},"image":{"@id":"https:\/\/informante.mx\/?p=33739#primaryimage"},"thumbnailUrl":"https:\/\/informante.mx\/wp-content\/uploads\/2024\/05\/Calentamiento-Global.jpg","datePublished":"2024-05-05T20:01:05+00:00","dateModified":"2024-05-05T20:01:13+00:00","breadcrumb":{"@id":"https:\/\/informante.mx\/?p=33739#breadcrumb"},"inLanguage":"es","potentialAction":[{"@type":"ReadAction","target":["https:\/\/informante.mx\/?p=33739"]}]},{"@type":"ImageObject","inLanguage":"es","@id":"https:\/\/informante.mx\/?p=33739#primaryimage","url":"https:\/\/informante.mx\/wp-content\/uploads\/2024\/05\/Calentamiento-Global.jpg","contentUrl":"https:\/\/informante.mx\/wp-content\/uploads\/2024\/05\/Calentamiento-Global.jpg","width":1200,"height":700},{"@type":"BreadcrumbList","@id":"https:\/\/informante.mx\/?p=33739#breadcrumb","itemListElement":[{"@type":"ListItem","position":1,"name":"Portada","item":"https:\/\/informante.mx\/"},{"@type":"ListItem","position":2,"name":"M\u00e9xico, foco rojo por la crisis clim\u00e1tica; decesos rompen r\u00e9cord en 2023 por las altas temperaturas"}]},{"@type":"WebSite","@id":"https:\/\/informante.mx\/#website","url":"https:\/\/informante.mx\/","name":"Informante.mx","description":"","publisher":{"@id":"https:\/\/informante.mx\/#organization"},"potentialAction":[{"@type":"SearchAction","target":{"@type":"EntryPoint","urlTemplate":"https:\/\/informante.mx\/?s={search_term_string}"},"query-input":{"@type":"PropertyValueSpecification","valueRequired":true,"valueName":"search_term_string"}}],"inLanguage":"es"},{"@type":"Organization","@id":"https:\/\/informante.mx\/#organization","name":"Informante.mx","url":"https:\/\/informante.mx\/","logo":{"@type":"ImageObject","inLanguage":"es","@id":"https:\/\/informante.mx\/#\/schema\/logo\/image\/","url":"https:\/\/informante.mx\/wp-content\/uploads\/2019\/12\/cropped-LOGO-Verde-Apaisado-1024x360O-1.png","contentUrl":"https:\/\/informante.mx\/wp-content\/uploads\/2019\/12\/cropped-LOGO-Verde-Apaisado-1024x360O-1.png","width":923,"height":180,"caption":"Informante.mx"},"image":{"@id":"https:\/\/informante.mx\/#\/schema\/logo\/image\/"},"sameAs":["https:\/\/www.facebook.com\/MX.Informante","https:\/\/x.com\/mx_informante"]},{"@type":"Person","@id":"https:\/\/informante.mx\/#\/schema\/person\/3eff91989d2ea76b0a330b416325946c","name":"InformanteMX","image":{"@type":"ImageObject","inLanguage":"es","@id":"https:\/\/secure.gravatar.com\/avatar\/10d802aa739e832aedd2f3fd8544d878871eb22e6ca86fe9a548573e34a28f0e?s=96&d=mm&r=g","url":"https:\/\/secure.gravatar.com\/avatar\/10d802aa739e832aedd2f3fd8544d878871eb22e6ca86fe9a548573e34a28f0e?s=96&d=mm&r=g","contentUrl":"https:\/\/secure.gravatar.com\/avatar\/10d802aa739e832aedd2f3fd8544d878871eb22e6ca86fe9a548573e34a28f0e?s=96&d=mm&r=g","caption":"InformanteMX"},"url":"https:\/\/informante.mx\/?author=1"}]}},"jetpack_featured_media_url":"https:\/\/informante.mx\/wp-content\/uploads\/2024\/05\/Calentamiento-Global.jpg","uagb_featured_image_src":{"full":["https:\/\/informante.mx\/wp-content\/uploads\/2024\/05\/Calentamiento-Global.jpg",1200,700,false],"thumbnail":["https:\/\/informante.mx\/wp-content\/uploads\/2024\/05\/Calentamiento-Global-150x88.jpg",150,88,true],"medium":["https:\/\/informante.mx\/wp-content\/uploads\/2024\/05\/Calentamiento-Global-300x175.jpg",300,175,true],"medium_large":["https:\/\/informante.mx\/wp-content\/uploads\/2024\/05\/Calentamiento-Global-768x448.jpg",640,373,true],"large":["https:\/\/informante.mx\/wp-content\/uploads\/2024\/05\/Calentamiento-Global-1024x597.jpg",640,373,true],"1536x1536":["https:\/\/informante.mx\/wp-content\/uploads\/2024\/05\/Calentamiento-Global.jpg",1200,700,false],"2048x2048":["https:\/\/informante.mx\/wp-content\/uploads\/2024\/05\/Calentamiento-Global.jpg",1200,700,false],"td_0x420":["https:\/\/informante.mx\/wp-content\/uploads\/2024\/05\/Calentamiento-Global-720x420.jpg",720,420,true],"td_0x420_retina":["https:\/\/informante.mx\/wp-content\/uploads\/2024\/05\/Calentamiento-Global.jpg",1200,700,false],"td_80x60":["https:\/\/informante.mx\/wp-content\/uploads\/2024\/05\/Calentamiento-Global-80x60.jpg",80,60,true],"td_80x60_retina":["https:\/\/informante.mx\/wp-content\/uploads\/2024\/05\/Calentamiento-Global-160x120.jpg",160,120,true],"td_100x75":["https:\/\/informante.mx\/wp-content\/uploads\/2024\/05\/Calentamiento-Global-100x75.jpg",100,75,true],"td_100x75_retina":["https:\/\/informante.mx\/wp-content\/uploads\/2024\/05\/Calentamiento-Global-200x150.jpg",200,150,true],"td_180x135":["https:\/\/informante.mx\/wp-content\/uploads\/2024\/05\/Calentamiento-Global-180x135.jpg",180,135,true],"td_180x135_retina":["https:\/\/informante.mx\/wp-content\/uploads\/2024\/05\/Calentamiento-Global-360x270.jpg",360,270,true],"td_238x178":["https:\/\/informante.mx\/wp-content\/uploads\/2024\/05\/Calentamiento-Global-238x178.jpg",238,178,true],"td_238x178_retina":["https:\/\/informante.mx\/wp-content\/uploads\/2024\/05\/Calentamiento-Global-476x356.jpg",476,356,true],"td_265x198":["https:\/\/informante.mx\/wp-content\/uploads\/2024\/05\/Calentamiento-Global-265x198.jpg",265,198,true],"td_265x198_retina":["https:\/\/informante.mx\/wp-content\/uploads\/2024\/05\/Calentamiento-Global-530x396.jpg",530,396,true],"td_300x160":["https:\/\/informante.mx\/wp-content\/uploads\/2024\/05\/Calentamiento-Global-300x160.jpg",300,160,true],"td_300x160_retina":["https:\/\/informante.mx\/wp-content\/uploads\/2024\/05\/Calentamiento-Global-600x320.jpg",600,320,true],"td_300x194":["https:\/\/informante.mx\/wp-content\/uploads\/2024\/05\/Calentamiento-Global-300x194.jpg",300,194,true],"td_300x194_retina":["https:\/\/informante.mx\/wp-content\/uploads\/2024\/05\/Calentamiento-Global-600x388.jpg",600,388,true],"td_300x350":["https:\/\/informante.mx\/wp-content\/uploads\/2024\/05\/Calentamiento-Global-300x350.jpg",300,350,true],"td_300x350_retina":["https:\/\/informante.mx\/wp-content\/uploads\/2024\/05\/Calentamiento-Global-600x700.jpg",600,700,true],"td_341x220":["https:\/\/informante.mx\/wp-content\/uploads\/2024\/05\/Calentamiento-Global-341x220.jpg",341,220,true],"td_341x220_retina":["https:\/\/informante.mx\/wp-content\/uploads\/2024\/05\/Calentamiento-Global-682x440.jpg",682,440,true],"td_341x400":["https:\/\/informante.mx\/wp-content\/uploads\/2024\/05\/Calentamiento-Global-341x400.jpg",341,400,true],"td_341x400_retina":["https:\/\/informante.mx\/wp-content\/uploads\/2024\/05\/Calentamiento-Global-682x700.jpg",682,700,true],"td_511x400":["https:\/\/informante.mx\/wp-content\/uploads\/2024\/05\/Calentamiento-Global-511x400.jpg",511,400,true],"td_511x400_retina":["https:\/\/informante.mx\/wp-content\/uploads\/2024\/05\/Calentamiento-Global-1022x700.jpg",1022,700,true],"td_537x360":["https:\/\/informante.mx\/wp-content\/uploads\/2024\/05\/Calentamiento-Global-537x360.jpg",537,360,true],"td_537x360_retina":["https:\/\/informante.mx\/wp-content\/uploads\/2024\/05\/Calentamiento-Global-1074x700.jpg",1074,700,true],"td_640x0":["https:\/\/informante.mx\/wp-content\/uploads\/2024\/05\/Calentamiento-Global-640x373.jpg",640,373,true],"td_640x0_retina":["https:\/\/informante.mx\/wp-content\/uploads\/2024\/05\/Calentamiento-Global.jpg",1200,700,false],"td_640x350":["https:\/\/informante.mx\/wp-content\/uploads\/2024\/05\/Calentamiento-Global-640x350.jpg",640,350,true],"td_640x350_retina":["https:\/\/informante.mx\/wp-content\/uploads\/2024\/05\/Calentamiento-Global.jpg",1200,700,false],"td_681x0":["https:\/\/informante.mx\/wp-content\/uploads\/2024\/05\/Calentamiento-Global-681x397.jpg",681,397,true],"td_681x0_retina":["https:\/\/informante.mx\/wp-content\/uploads\/2024\/05\/Calentamiento-Global.jpg",1200,700,false],"td_681x400":["https:\/\/informante.mx\/wp-content\/uploads\/2024\/05\/Calentamiento-Global-681x400.jpg",681,400,true],"td_681x400_retina":["https:\/\/informante.mx\/wp-content\/uploads\/2024\/05\/Calentamiento-Global.jpg",1200,700,false],"td_741x486":["https:\/\/informante.mx\/wp-content\/uploads\/2024\/05\/Calentamiento-Global-741x486.jpg",741,486,true],"td_741x486_retina":["https:\/\/informante.mx\/wp-content\/uploads\/2024\/05\/Calentamiento-Global.jpg",1200,700,false],"td_1021x580":["https:\/\/informante.mx\/wp-content\/uploads\/2024\/05\/Calentamiento-Global-1021x580.jpg",1021,580,true],"td_1021x580_retina":["https:\/\/informante.mx\/wp-content\/uploads\/2024\/05\/Calentamiento-Global.jpg",1200,700,false]},"uagb_author_info":{"display_name":"InformanteMX","author_link":"https:\/\/informante.mx\/?author=1"},"uagb_comment_info":0,"uagb_excerpt":"Un estudio destaca que las principales amenazas para nuestro pa\u00eds y Latinoam\u00e9rica son la contaminaci\u00f3n y el aumento de calor","_links":{"self":[{"href":"https:\/\/informante.mx\/index.php?rest_route=\/wp\/v2\/posts\/33739","targetHints":{"allow":["GET"]}}],"collection":[{"href":"https:\/\/informante.mx\/index.php?rest_route=\/wp\/v2\/posts"}],"about":[{"href":"https:\/\/informante.mx\/index.php?rest_route=\/wp\/v2\/types\/post"}],"author":[{"embeddable":true,"href":"https:\/\/informante.mx\/index.php?rest_route=\/wp\/v2\/users\/1"}],"replies":[{"embeddable":true,"href":"https:\/\/informante.mx\/index.php?rest_route=%2Fwp%2Fv2%2Fcomments&post=33739"}],"version-history":[{"count":1,"href":"https:\/\/informante.mx\/index.php?rest_route=\/wp\/v2\/posts\/33739\/revisions"}],"predecessor-version":[{"id":33741,"href":"https:\/\/informante.mx\/index.php?rest_route=\/wp\/v2\/posts\/33739\/revisions\/33741"}],"wp:featuredmedia":[{"embeddable":true,"href":"https:\/\/informante.mx\/index.php?rest_route=\/wp\/v2\/media\/33740"}],"wp:attachment":[{"href":"https:\/\/informante.mx\/index.php?rest_route=%2Fwp%2Fv2%2Fmedia&parent=33739"}],"wp:term":[{"taxonomy":"category","embeddable":true,"href":"https:\/\/informante.mx\/index.php?rest_route=%2Fwp%2Fv2%2Fcategories&post=33739"},{"taxonomy":"post_tag","embeddable":true,"href":"https:\/\/informante.mx\/index.php?rest_route=%2Fwp%2Fv2%2Ftags&post=33739"}],"curies":[{"name":"wp","href":"https:\/\/api.w.org\/{rel}","templated":true}]}}