{"id":33665,"date":"2024-05-03T17:28:39","date_gmt":"2024-05-03T23:28:39","guid":{"rendered":"https:\/\/informante.mx\/?p=33665"},"modified":"2024-05-03T17:28:43","modified_gmt":"2024-05-03T23:28:43","slug":"domo-de-calor-desde-este-fin-de-semana-y-hasta-el-proximo-viernes","status":"publish","type":"post","link":"https:\/\/informante.mx\/?p=33665","title":{"rendered":"\u00abDomo\u201d de calor desde este fin de semana y hasta el pr\u00f3ximo viernes"},"content":{"rendered":"\n<p>Dario Pale <\/p>\n\n\n\n<p>Xalapa, Ver.- \u00abDomo\u201d de calor desde este fin de semana y hasta el pr\u00f3ximo viernes, si logra entrar una masa de aire fr\u00edo el pr\u00f3ximo fin de semana, se terminar\u00eda esa ola de calor, pero habr\u00eda incluso temperaturas extraordinarias que afectar\u00edan estados como Tamaulipas, Veracruz, Tabasco y los estados de la pen\u00ednsula de Yucat\u00e1n.<\/p>\n\n\n\n<p>En conferencia de prensa Federico Acevedo Rosas, jefe del departamento de Pron\u00f3sticos Meteorol\u00f3gicos y Estacional de la Secretar\u00eda de Protecci\u00f3n Civil del Estado (SPC), inform\u00f3 que a partir de hoy, se presentar\u00e1 gradualmente un \u201cdomo\u201d de calor en el territorio nacional y, por lo tanto, una ola de calor.<\/p>\n\n\n\n<p>Explic\u00f3 que el domo de calor se crea cuando un sistema anticicl\u00f3nico permanece en un \u00e1rea durante varios d\u00edas o semanas sobre un \u00e1rea o sobre un pa\u00eds, en este caso M\u00e9xico.<\/p>\n\n\n\n<p>Por lo que, dentro de los siete siguientes d\u00edas la presi\u00f3n atmosf\u00e9rica ser\u00e1 m\u00e1s baja de lo normal atrayendo aire c\u00e1lido hacia gran parte del territorio nacional, por lo tanto, ese aire c\u00e1lido no se podr\u00e1 mover y se quedar\u00e1 atrapado dando lugar a olas de calor.<\/p>\n\n\n\n<p>\u201cTenemos un pron\u00f3stico de que se establezca a partir de hoy, gradualmente un domo de calor en el territorio nacional y, por lo tanto, una ola de calor. Las olas de calor son diferentes para las distintas regiones del Pa\u00eds, en particular, esta ola de calor puede perjudicar m\u00e1s las actividades del noreste y del sureste del territorio nacional\u201d, subray\u00f3.<\/p>\n\n\n\n<p>Acevedo Rosas defini\u00f3 que la ola de calor podr\u00eda permanecer desde este fin de semana y hasta el pr\u00f3ximo viernes y si logra entrar una masa de aire fr\u00edo el pr\u00f3ximo fin de semana, se terminar\u00eda esa ola de calor.<\/p>\n\n\n\n<p>Sin embargo, eso no lo pueden saber, pero s\u00ed saben que se van a tener temperaturas m\u00e1s elevadas que podr\u00edan ser extraordinarias en algunas zonas que afectar\u00eda entidades como Tamaulipas, Veracruz, Tabasco y los estados de la pen\u00ednsula de Yucat\u00e1n.<\/p>\n\n\n\n<p>\u201cLes anticipamos, hay aviso especial por la ola de calor\u201d, alert\u00f3 y pidi\u00f3 estar pendiente de las redes sociales oficiales de las dependencias.<\/p>\n\n\n\n<p>Por \u00faltimo indic\u00f3 que incluso para el lunes podr\u00eda haber temperaturas elevadas de hasta 42 grados en la zona norte de Veracruz, en la costa norte de 39 grados Celsius, en las Altas Monta\u00f1as de 36 grados, en las costas del centro y planicies hasta 40 grados y, en la zona sur 41 o 42 grados.<\/p>\n\n\n\n<hr class=\"wp-block-separator has-alpha-channel-opacity\"\/>\n\n\n\n<p class=\"has-text-align-center\" style=\"font-size:17px\"><strong><i>Toda la informaci\u00f3n que necesitas saber la encuentras en nuestras <\/i><strong style=\"\"><em style=\"font-style: italic;\">redes sociales y canal de <\/em><\/strong><\/strong><a href=\"https:\/\/t.me\/informantemx\" target=\"_blank\" rel=\"noreferrer noopener\"><strong><em>Telegram<\/em><\/strong><\/a>. <\/p>\n\n\n\n<p class=\"has-text-align-center\" style=\"font-size:17px\"><strong><em>!\u00danete!<\/em><\/strong><\/p>\n\n\n\n<div class=\"wp-block-uagb-image aligncenter uagb-block-3acd28e8 wp-block-uagb-image--layout-default wp-block-uagb-image--effect-zoomin wp-block-uagb-image--align-center\"><figure class=\"wp-block-uagb-image__figure\"><a class=\"\" href=\"https:\/\/t.me\/informantemx\" target=\"\" rel=\"noopener\"><img decoding=\"async\" srcset=\"https:\/\/informante.mx\/wp-content\/uploads\/2023\/08\/Banner-Telegram-Verde-800x60-1.png ,https:\/\/informante.mx\/wp-content\/uploads\/2023\/08\/Banner-Telegram-Verde-800x60-1.png 780w, https:\/\/informante.mx\/wp-content\/uploads\/2023\/08\/Banner-Telegram-Verde-800x60-1.png 360w\" sizes=\"auto, (max-width: 480px) 150px\" src=\"https:\/\/informante.mx\/wp-content\/uploads\/2023\/08\/Banner-Telegram-Verde-800x60-1.png\" alt=\"\" class=\"uag-image-23275\" width=\"800\" height=\"60\" title=\"\" loading=\"lazy\" role=\"img\"\/><\/a><\/figure><\/div>\n\n\n\n<div class=\"wp-block-uagb-image aligncenter uagb-block-45ea2b31 wp-block-uagb-image--layout-default wp-block-uagb-image--effect-zoomin wp-block-uagb-image--align-center\"><figure class=\"wp-block-uagb-image__figure\"><a class=\"\" href=\"https:\/\/www.facebook.com\/MX.Informante\" target=\"\" rel=\"noopener\"><img decoding=\"async\" srcset=\"https:\/\/informante.mx\/wp-content\/uploads\/2023\/08\/Banner-Facebook-Verde-800x60-1.png ,https:\/\/informante.mx\/wp-content\/uploads\/2023\/08\/Banner-Facebook-Verde-800x60-1.png 780w, https:\/\/informante.mx\/wp-content\/uploads\/2023\/08\/Banner-Facebook-Verde-800x60-1.png 360w\" sizes=\"auto, (max-width: 480px) 150px\" src=\"https:\/\/informante.mx\/wp-content\/uploads\/2023\/08\/Banner-Facebook-Verde-800x60-1.png\" alt=\"\" class=\"uag-image-23274\" width=\"800\" height=\"60\" title=\"\" loading=\"lazy\" role=\"img\"\/><\/a><\/figure><\/div>\n\n\n\n<div class=\"wp-block-uagb-image aligncenter uagb-block-2ce4c51b wp-block-uagb-image--layout-default wp-block-uagb-image--effect-zoomin wp-block-uagb-image--align-center\"><figure class=\"wp-block-uagb-image__figure\"><a class=\"\" href=\"https:\/\/twitter.com\/mx_informante\" target=\"\" rel=\"noopener\"><img decoding=\"async\" srcset=\"https:\/\/informante.mx\/wp-content\/uploads\/2023\/08\/Banner-Twitter-Verde-800x60-1.png ,https:\/\/informante.mx\/wp-content\/uploads\/2023\/08\/Banner-Twitter-Verde-800x60-1.png 780w, https:\/\/informante.mx\/wp-content\/uploads\/2023\/08\/Banner-Twitter-Verde-800x60-1.png 360w\" sizes=\"auto, (max-width: 480px) 150px\" src=\"https:\/\/informante.mx\/wp-content\/uploads\/2023\/08\/Banner-Twitter-Verde-800x60-1.png\" alt=\"\" class=\"uag-image-23273\" width=\"800\" height=\"60\" title=\"\" loading=\"lazy\" role=\"img\"\/><\/a><\/figure><\/div>\n\n\n\n<div style=\"height:50px\" aria-hidden=\"true\" class=\"wp-block-spacer\"><\/div>\n","protected":false},"excerpt":{"rendered":"<p>Las temperaturas extraordinarias que afectar\u00edan estados como Tamaulipas, Veracruz, Tabasco y los estados de la pen\u00ednsula de Yucat\u00e1n.<\/p>\n","protected":false},"author":1,"featured_media":15521,"comment_status":"open","ping_status":"closed","sticky":false,"template":"","format":"standard","meta":{"_uag_custom_page_level_css":"","jetpack_post_was_ever_published":false,"footnotes":""},"categories":[4],"tags":[33],"class_list":["post-33665","post","type-post","status-publish","format-standard","has-post-thumbnail","hentry","category-estatal","tag-veracruz"],"yoast_head":"<!-- This site is optimized with the Yoast SEO plugin v27.3 - https:\/\/yoast.com\/product\/yoast-seo-wordpress\/ -->\n<title>&quot;Domo\u201d de calor desde este fin de semana y hasta el pr\u00f3ximo viernes - Informante.mx<\/title>\n<meta name=\"robots\" content=\"index, follow, max-snippet:-1, max-image-preview:large, max-video-preview:-1\" \/>\n<link rel=\"canonical\" href=\"https:\/\/informante.mx\/?p=33665\" \/>\n<meta property=\"og:locale\" content=\"es_ES\" \/>\n<meta property=\"og:type\" content=\"article\" \/>\n<meta property=\"og:title\" content=\"&quot;Domo\u201d de calor desde este fin de semana y hasta el pr\u00f3ximo viernes - Informante.mx\" \/>\n<meta property=\"og:description\" content=\"Las temperaturas extraordinarias que afectar\u00edan estados como Tamaulipas, Veracruz, Tabasco y los estados de la pen\u00ednsula de Yucat\u00e1n.\" \/>\n<meta property=\"og:url\" content=\"https:\/\/informante.mx\/?p=33665\" \/>\n<meta property=\"og:site_name\" content=\"Informante.mx\" \/>\n<meta property=\"article:publisher\" content=\"https:\/\/www.facebook.com\/MX.Informante\" \/>\n<meta property=\"article:published_time\" content=\"2024-05-03T23:28:39+00:00\" \/>\n<meta property=\"article:modified_time\" content=\"2024-05-03T23:28:43+00:00\" \/>\n<meta property=\"og:image\" content=\"https:\/\/informante.mx\/wp-content\/uploads\/2020\/04\/calor.jpg\" \/>\n\t<meta property=\"og:image:width\" content=\"2000\" \/>\n\t<meta property=\"og:image:height\" content=\"1180\" \/>\n\t<meta property=\"og:image:type\" content=\"image\/jpeg\" \/>\n<meta name=\"author\" content=\"InformanteMX\" \/>\n<meta name=\"twitter:card\" content=\"summary_large_image\" \/>\n<meta name=\"twitter:creator\" content=\"@mx_informante\" \/>\n<meta name=\"twitter:site\" content=\"@mx_informante\" \/>\n<meta name=\"twitter:label1\" content=\"Escrito por\" \/>\n\t<meta name=\"twitter:data1\" content=\"InformanteMX\" \/>\n\t<meta name=\"twitter:label2\" content=\"Tiempo de lectura\" \/>\n\t<meta name=\"twitter:data2\" content=\"2 minutos\" \/>\n<script type=\"application\/ld+json\" class=\"yoast-schema-graph\">{\"@context\":\"https:\\\/\\\/schema.org\",\"@graph\":[{\"@type\":\"NewsArticle\",\"@id\":\"https:\\\/\\\/informante.mx\\\/?p=33665#article\",\"isPartOf\":{\"@id\":\"https:\\\/\\\/informante.mx\\\/?p=33665\"},\"author\":{\"name\":\"InformanteMX\",\"@id\":\"https:\\\/\\\/informante.mx\\\/#\\\/schema\\\/person\\\/3eff91989d2ea76b0a330b416325946c\"},\"headline\":\"\u00abDomo\u201d de calor desde este fin de semana y hasta el pr\u00f3ximo viernes\",\"datePublished\":\"2024-05-03T23:28:39+00:00\",\"dateModified\":\"2024-05-03T23:28:43+00:00\",\"mainEntityOfPage\":{\"@id\":\"https:\\\/\\\/informante.mx\\\/?p=33665\"},\"wordCount\":449,\"commentCount\":0,\"publisher\":{\"@id\":\"https:\\\/\\\/informante.mx\\\/#organization\"},\"image\":{\"@id\":\"https:\\\/\\\/informante.mx\\\/?p=33665#primaryimage\"},\"thumbnailUrl\":\"https:\\\/\\\/informante.mx\\\/wp-content\\\/uploads\\\/2020\\\/04\\\/calor.jpg\",\"keywords\":[\"Veracruz\"],\"articleSection\":[\"Estatal\"],\"inLanguage\":\"es\",\"potentialAction\":[{\"@type\":\"CommentAction\",\"name\":\"Comment\",\"target\":[\"https:\\\/\\\/informante.mx\\\/?p=33665#respond\"]}]},{\"@type\":\"WebPage\",\"@id\":\"https:\\\/\\\/informante.mx\\\/?p=33665\",\"url\":\"https:\\\/\\\/informante.mx\\\/?p=33665\",\"name\":\"\\\"Domo\u201d de calor desde este fin de semana y hasta el pr\u00f3ximo viernes - Informante.mx\",\"isPartOf\":{\"@id\":\"https:\\\/\\\/informante.mx\\\/#website\"},\"primaryImageOfPage\":{\"@id\":\"https:\\\/\\\/informante.mx\\\/?p=33665#primaryimage\"},\"image\":{\"@id\":\"https:\\\/\\\/informante.mx\\\/?p=33665#primaryimage\"},\"thumbnailUrl\":\"https:\\\/\\\/informante.mx\\\/wp-content\\\/uploads\\\/2020\\\/04\\\/calor.jpg\",\"datePublished\":\"2024-05-03T23:28:39+00:00\",\"dateModified\":\"2024-05-03T23:28:43+00:00\",\"breadcrumb\":{\"@id\":\"https:\\\/\\\/informante.mx\\\/?p=33665#breadcrumb\"},\"inLanguage\":\"es\",\"potentialAction\":[{\"@type\":\"ReadAction\",\"target\":[\"https:\\\/\\\/informante.mx\\\/?p=33665\"]}]},{\"@type\":\"ImageObject\",\"inLanguage\":\"es\",\"@id\":\"https:\\\/\\\/informante.mx\\\/?p=33665#primaryimage\",\"url\":\"https:\\\/\\\/informante.mx\\\/wp-content\\\/uploads\\\/2020\\\/04\\\/calor.jpg\",\"contentUrl\":\"https:\\\/\\\/informante.mx\\\/wp-content\\\/uploads\\\/2020\\\/04\\\/calor.jpg\",\"width\":2000,\"height\":1180},{\"@type\":\"BreadcrumbList\",\"@id\":\"https:\\\/\\\/informante.mx\\\/?p=33665#breadcrumb\",\"itemListElement\":[{\"@type\":\"ListItem\",\"position\":1,\"name\":\"Portada\",\"item\":\"https:\\\/\\\/informante.mx\\\/\"},{\"@type\":\"ListItem\",\"position\":2,\"name\":\"&#8220;Domo\u201d de calor desde este fin de semana y hasta el pr\u00f3ximo viernes\"}]},{\"@type\":\"WebSite\",\"@id\":\"https:\\\/\\\/informante.mx\\\/#website\",\"url\":\"https:\\\/\\\/informante.mx\\\/\",\"name\":\"Informante.mx\",\"description\":\"\",\"publisher\":{\"@id\":\"https:\\\/\\\/informante.mx\\\/#organization\"},\"potentialAction\":[{\"@type\":\"SearchAction\",\"target\":{\"@type\":\"EntryPoint\",\"urlTemplate\":\"https:\\\/\\\/informante.mx\\\/?s={search_term_string}\"},\"query-input\":{\"@type\":\"PropertyValueSpecification\",\"valueRequired\":true,\"valueName\":\"search_term_string\"}}],\"inLanguage\":\"es\"},{\"@type\":\"Organization\",\"@id\":\"https:\\\/\\\/informante.mx\\\/#organization\",\"name\":\"Informante.mx\",\"url\":\"https:\\\/\\\/informante.mx\\\/\",\"logo\":{\"@type\":\"ImageObject\",\"inLanguage\":\"es\",\"@id\":\"https:\\\/\\\/informante.mx\\\/#\\\/schema\\\/logo\\\/image\\\/\",\"url\":\"https:\\\/\\\/informante.mx\\\/wp-content\\\/uploads\\\/2019\\\/12\\\/cropped-LOGO-Verde-Apaisado-1024x360O-1.png\",\"contentUrl\":\"https:\\\/\\\/informante.mx\\\/wp-content\\\/uploads\\\/2019\\\/12\\\/cropped-LOGO-Verde-Apaisado-1024x360O-1.png\",\"width\":923,\"height\":180,\"caption\":\"Informante.mx\"},\"image\":{\"@id\":\"https:\\\/\\\/informante.mx\\\/#\\\/schema\\\/logo\\\/image\\\/\"},\"sameAs\":[\"https:\\\/\\\/www.facebook.com\\\/MX.Informante\",\"https:\\\/\\\/x.com\\\/mx_informante\"]},{\"@type\":\"Person\",\"@id\":\"https:\\\/\\\/informante.mx\\\/#\\\/schema\\\/person\\\/3eff91989d2ea76b0a330b416325946c\",\"name\":\"InformanteMX\",\"image\":{\"@type\":\"ImageObject\",\"inLanguage\":\"es\",\"@id\":\"https:\\\/\\\/secure.gravatar.com\\\/avatar\\\/10d802aa739e832aedd2f3fd8544d878871eb22e6ca86fe9a548573e34a28f0e?s=96&d=mm&r=g\",\"url\":\"https:\\\/\\\/secure.gravatar.com\\\/avatar\\\/10d802aa739e832aedd2f3fd8544d878871eb22e6ca86fe9a548573e34a28f0e?s=96&d=mm&r=g\",\"contentUrl\":\"https:\\\/\\\/secure.gravatar.com\\\/avatar\\\/10d802aa739e832aedd2f3fd8544d878871eb22e6ca86fe9a548573e34a28f0e?s=96&d=mm&r=g\",\"caption\":\"InformanteMX\"},\"url\":\"https:\\\/\\\/informante.mx\\\/?author=1\"}]}<\/script>\n<!-- \/ Yoast SEO plugin. -->","yoast_head_json":{"title":"\"Domo\u201d de calor desde este fin de semana y hasta el pr\u00f3ximo viernes - Informante.mx","robots":{"index":"index","follow":"follow","max-snippet":"max-snippet:-1","max-image-preview":"max-image-preview:large","max-video-preview":"max-video-preview:-1"},"canonical":"https:\/\/informante.mx\/?p=33665","og_locale":"es_ES","og_type":"article","og_title":"\"Domo\u201d de calor desde este fin de semana y hasta el pr\u00f3ximo viernes - Informante.mx","og_description":"Las temperaturas extraordinarias que afectar\u00edan estados como Tamaulipas, Veracruz, Tabasco y los estados de la pen\u00ednsula de Yucat\u00e1n.","og_url":"https:\/\/informante.mx\/?p=33665","og_site_name":"Informante.mx","article_publisher":"https:\/\/www.facebook.com\/MX.Informante","article_published_time":"2024-05-03T23:28:39+00:00","article_modified_time":"2024-05-03T23:28:43+00:00","og_image":[{"width":2000,"height":1180,"url":"https:\/\/informante.mx\/wp-content\/uploads\/2020\/04\/calor.jpg","type":"image\/jpeg"}],"author":"InformanteMX","twitter_card":"summary_large_image","twitter_creator":"@mx_informante","twitter_site":"@mx_informante","twitter_misc":{"Escrito por":"InformanteMX","Tiempo de lectura":"2 minutos"},"schema":{"@context":"https:\/\/schema.org","@graph":[{"@type":"NewsArticle","@id":"https:\/\/informante.mx\/?p=33665#article","isPartOf":{"@id":"https:\/\/informante.mx\/?p=33665"},"author":{"name":"InformanteMX","@id":"https:\/\/informante.mx\/#\/schema\/person\/3eff91989d2ea76b0a330b416325946c"},"headline":"\u00abDomo\u201d de calor desde este fin de semana y hasta el pr\u00f3ximo viernes","datePublished":"2024-05-03T23:28:39+00:00","dateModified":"2024-05-03T23:28:43+00:00","mainEntityOfPage":{"@id":"https:\/\/informante.mx\/?p=33665"},"wordCount":449,"commentCount":0,"publisher":{"@id":"https:\/\/informante.mx\/#organization"},"image":{"@id":"https:\/\/informante.mx\/?p=33665#primaryimage"},"thumbnailUrl":"https:\/\/informante.mx\/wp-content\/uploads\/2020\/04\/calor.jpg","keywords":["Veracruz"],"articleSection":["Estatal"],"inLanguage":"es","potentialAction":[{"@type":"CommentAction","name":"Comment","target":["https:\/\/informante.mx\/?p=33665#respond"]}]},{"@type":"WebPage","@id":"https:\/\/informante.mx\/?p=33665","url":"https:\/\/informante.mx\/?p=33665","name":"\"Domo\u201d de calor desde este fin de semana y hasta el pr\u00f3ximo viernes - Informante.mx","isPartOf":{"@id":"https:\/\/informante.mx\/#website"},"primaryImageOfPage":{"@id":"https:\/\/informante.mx\/?p=33665#primaryimage"},"image":{"@id":"https:\/\/informante.mx\/?p=33665#primaryimage"},"thumbnailUrl":"https:\/\/informante.mx\/wp-content\/uploads\/2020\/04\/calor.jpg","datePublished":"2024-05-03T23:28:39+00:00","dateModified":"2024-05-03T23:28:43+00:00","breadcrumb":{"@id":"https:\/\/informante.mx\/?p=33665#breadcrumb"},"inLanguage":"es","potentialAction":[{"@type":"ReadAction","target":["https:\/\/informante.mx\/?p=33665"]}]},{"@type":"ImageObject","inLanguage":"es","@id":"https:\/\/informante.mx\/?p=33665#primaryimage","url":"https:\/\/informante.mx\/wp-content\/uploads\/2020\/04\/calor.jpg","contentUrl":"https:\/\/informante.mx\/wp-content\/uploads\/2020\/04\/calor.jpg","width":2000,"height":1180},{"@type":"BreadcrumbList","@id":"https:\/\/informante.mx\/?p=33665#breadcrumb","itemListElement":[{"@type":"ListItem","position":1,"name":"Portada","item":"https:\/\/informante.mx\/"},{"@type":"ListItem","position":2,"name":"&#8220;Domo\u201d de calor desde este fin de semana y hasta el pr\u00f3ximo viernes"}]},{"@type":"WebSite","@id":"https:\/\/informante.mx\/#website","url":"https:\/\/informante.mx\/","name":"Informante.mx","description":"","publisher":{"@id":"https:\/\/informante.mx\/#organization"},"potentialAction":[{"@type":"SearchAction","target":{"@type":"EntryPoint","urlTemplate":"https:\/\/informante.mx\/?s={search_term_string}"},"query-input":{"@type":"PropertyValueSpecification","valueRequired":true,"valueName":"search_term_string"}}],"inLanguage":"es"},{"@type":"Organization","@id":"https:\/\/informante.mx\/#organization","name":"Informante.mx","url":"https:\/\/informante.mx\/","logo":{"@type":"ImageObject","inLanguage":"es","@id":"https:\/\/informante.mx\/#\/schema\/logo\/image\/","url":"https:\/\/informante.mx\/wp-content\/uploads\/2019\/12\/cropped-LOGO-Verde-Apaisado-1024x360O-1.png","contentUrl":"https:\/\/informante.mx\/wp-content\/uploads\/2019\/12\/cropped-LOGO-Verde-Apaisado-1024x360O-1.png","width":923,"height":180,"caption":"Informante.mx"},"image":{"@id":"https:\/\/informante.mx\/#\/schema\/logo\/image\/"},"sameAs":["https:\/\/www.facebook.com\/MX.Informante","https:\/\/x.com\/mx_informante"]},{"@type":"Person","@id":"https:\/\/informante.mx\/#\/schema\/person\/3eff91989d2ea76b0a330b416325946c","name":"InformanteMX","image":{"@type":"ImageObject","inLanguage":"es","@id":"https:\/\/secure.gravatar.com\/avatar\/10d802aa739e832aedd2f3fd8544d878871eb22e6ca86fe9a548573e34a28f0e?s=96&d=mm&r=g","url":"https:\/\/secure.gravatar.com\/avatar\/10d802aa739e832aedd2f3fd8544d878871eb22e6ca86fe9a548573e34a28f0e?s=96&d=mm&r=g","contentUrl":"https:\/\/secure.gravatar.com\/avatar\/10d802aa739e832aedd2f3fd8544d878871eb22e6ca86fe9a548573e34a28f0e?s=96&d=mm&r=g","caption":"InformanteMX"},"url":"https:\/\/informante.mx\/?author=1"}]}},"jetpack_featured_media_url":"https:\/\/informante.mx\/wp-content\/uploads\/2020\/04\/calor.jpg","uagb_featured_image_src":{"full":["https:\/\/informante.mx\/wp-content\/uploads\/2020\/04\/calor.jpg",2000,1180,false],"thumbnail":["https:\/\/informante.mx\/wp-content\/uploads\/2020\/04\/calor-150x89.jpg",150,89,true],"medium":["https:\/\/informante.mx\/wp-content\/uploads\/2020\/04\/calor-300x177.jpg",300,177,true],"medium_large":["https:\/\/informante.mx\/wp-content\/uploads\/2020\/04\/calor-768x453.jpg",640,378,true],"large":["https:\/\/informante.mx\/wp-content\/uploads\/2020\/04\/calor-1024x604.jpg",640,378,true],"1536x1536":["https:\/\/informante.mx\/wp-content\/uploads\/2020\/04\/calor-1536x906.jpg",1536,906,true],"2048x2048":["https:\/\/informante.mx\/wp-content\/uploads\/2020\/04\/calor.jpg",2000,1180,false],"td_0x420":["https:\/\/informante.mx\/wp-content\/uploads\/2020\/04\/calor-712x420.jpg",712,420,true],"td_0x420_retina":["https:\/\/informante.mx\/wp-content\/uploads\/2020\/04\/calor.jpg",1424,840,false],"td_80x60":["https:\/\/informante.mx\/wp-content\/uploads\/2020\/04\/calor-80x60.jpg",80,60,true],"td_80x60_retina":["https:\/\/informante.mx\/wp-content\/uploads\/2020\/04\/calor.jpg",160,94,false],"td_100x75":["https:\/\/informante.mx\/wp-content\/uploads\/2020\/04\/calor-100x75.jpg",100,75,true],"td_100x75_retina":["https:\/\/informante.mx\/wp-content\/uploads\/2020\/04\/calor.jpg",200,118,false],"td_180x135":["https:\/\/informante.mx\/wp-content\/uploads\/2020\/04\/calor-180x135.jpg",180,135,true],"td_180x135_retina":["https:\/\/informante.mx\/wp-content\/uploads\/2020\/04\/calor.jpg",360,212,false],"td_238x178":["https:\/\/informante.mx\/wp-content\/uploads\/2020\/04\/calor-238x178.jpg",238,178,true],"td_238x178_retina":["https:\/\/informante.mx\/wp-content\/uploads\/2020\/04\/calor.jpg",476,281,false],"td_265x198":["https:\/\/informante.mx\/wp-content\/uploads\/2020\/04\/calor-265x198.jpg",265,198,true],"td_265x198_retina":["https:\/\/informante.mx\/wp-content\/uploads\/2020\/04\/calor.jpg",530,313,false],"td_300x160":["https:\/\/informante.mx\/wp-content\/uploads\/2020\/04\/calor-300x160.jpg",300,160,true],"td_300x160_retina":["https:\/\/informante.mx\/wp-content\/uploads\/2020\/04\/calor.jpg",542,320,false],"td_300x194":["https:\/\/informante.mx\/wp-content\/uploads\/2020\/04\/calor-300x194.jpg",300,194,true],"td_300x194_retina":["https:\/\/informante.mx\/wp-content\/uploads\/2020\/04\/calor.jpg",600,354,false],"td_300x350":["https:\/\/informante.mx\/wp-content\/uploads\/2020\/04\/calor-300x350.jpg",300,350,true],"td_300x350_retina":["https:\/\/informante.mx\/wp-content\/uploads\/2020\/04\/calor.jpg",600,354,false],"td_341x220":["https:\/\/informante.mx\/wp-content\/uploads\/2020\/04\/calor-341x220.jpg",341,220,true],"td_341x220_retina":["https:\/\/informante.mx\/wp-content\/uploads\/2020\/04\/calor.jpg",682,402,false],"td_341x400":["https:\/\/informante.mx\/wp-content\/uploads\/2020\/04\/calor-341x400.jpg",341,400,true],"td_341x400_retina":["https:\/\/informante.mx\/wp-content\/uploads\/2020\/04\/calor.jpg",682,402,false],"td_511x400":["https:\/\/informante.mx\/wp-content\/uploads\/2020\/04\/calor-511x400.jpg",511,400,true],"td_511x400_retina":["https:\/\/informante.mx\/wp-content\/uploads\/2020\/04\/calor.jpg",1022,603,false],"td_537x360":["https:\/\/informante.mx\/wp-content\/uploads\/2020\/04\/calor-537x360.jpg",537,360,true],"td_537x360_retina":["https:\/\/informante.mx\/wp-content\/uploads\/2020\/04\/calor.jpg",1074,634,false],"td_640x0":["https:\/\/informante.mx\/wp-content\/uploads\/2020\/04\/calor-640x378.jpg",640,378,true],"td_640x0_retina":["https:\/\/informante.mx\/wp-content\/uploads\/2020\/04\/calor.jpg",1280,755,false],"td_640x350":["https:\/\/informante.mx\/wp-content\/uploads\/2020\/04\/calor-640x350.jpg",640,350,true],"td_640x350_retina":["https:\/\/informante.mx\/wp-content\/uploads\/2020\/04\/calor.jpg",1186,700,false],"td_681x0":["https:\/\/informante.mx\/wp-content\/uploads\/2020\/04\/calor-681x402.jpg",681,402,true],"td_681x0_retina":["https:\/\/informante.mx\/wp-content\/uploads\/2020\/04\/calor.jpg",1362,804,false],"td_681x400":["https:\/\/informante.mx\/wp-content\/uploads\/2020\/04\/calor-681x400.jpg",681,400,true],"td_681x400_retina":["https:\/\/informante.mx\/wp-content\/uploads\/2020\/04\/calor.jpg",1356,800,false],"td_741x486":["https:\/\/informante.mx\/wp-content\/uploads\/2020\/04\/calor-741x486.jpg",741,486,true],"td_741x486_retina":["https:\/\/informante.mx\/wp-content\/uploads\/2020\/04\/calor.jpg",1482,874,false],"td_1021x580":["https:\/\/informante.mx\/wp-content\/uploads\/2020\/04\/calor-1021x580.jpg",1021,580,true],"td_1021x580_retina":["https:\/\/informante.mx\/wp-content\/uploads\/2020\/04\/calor.jpg",1966,1160,false]},"uagb_author_info":{"display_name":"InformanteMX","author_link":"https:\/\/informante.mx\/?author=1"},"uagb_comment_info":0,"uagb_excerpt":"Las temperaturas extraordinarias que afectar\u00edan estados como Tamaulipas, Veracruz, Tabasco y los estados de la pen\u00ednsula de Yucat\u00e1n.","_links":{"self":[{"href":"https:\/\/informante.mx\/index.php?rest_route=\/wp\/v2\/posts\/33665","targetHints":{"allow":["GET"]}}],"collection":[{"href":"https:\/\/informante.mx\/index.php?rest_route=\/wp\/v2\/posts"}],"about":[{"href":"https:\/\/informante.mx\/index.php?rest_route=\/wp\/v2\/types\/post"}],"author":[{"embeddable":true,"href":"https:\/\/informante.mx\/index.php?rest_route=\/wp\/v2\/users\/1"}],"replies":[{"embeddable":true,"href":"https:\/\/informante.mx\/index.php?rest_route=%2Fwp%2Fv2%2Fcomments&post=33665"}],"version-history":[{"count":1,"href":"https:\/\/informante.mx\/index.php?rest_route=\/wp\/v2\/posts\/33665\/revisions"}],"predecessor-version":[{"id":33666,"href":"https:\/\/informante.mx\/index.php?rest_route=\/wp\/v2\/posts\/33665\/revisions\/33666"}],"wp:featuredmedia":[{"embeddable":true,"href":"https:\/\/informante.mx\/index.php?rest_route=\/wp\/v2\/media\/15521"}],"wp:attachment":[{"href":"https:\/\/informante.mx\/index.php?rest_route=%2Fwp%2Fv2%2Fmedia&parent=33665"}],"wp:term":[{"taxonomy":"category","embeddable":true,"href":"https:\/\/informante.mx\/index.php?rest_route=%2Fwp%2Fv2%2Fcategories&post=33665"},{"taxonomy":"post_tag","embeddable":true,"href":"https:\/\/informante.mx\/index.php?rest_route=%2Fwp%2Fv2%2Ftags&post=33665"}],"curies":[{"name":"wp","href":"https:\/\/api.w.org\/{rel}","templated":true}]}}