{"id":33140,"date":"2024-04-25T16:45:36","date_gmt":"2024-04-25T22:45:36","guid":{"rendered":"https:\/\/informante.mx\/?p=33140"},"modified":"2024-04-25T16:45:42","modified_gmt":"2024-04-25T22:45:42","slug":"presentan-en-el-congreso-el-himno-a-telesecundaria-en-lengua-de-senas-mexicana","status":"publish","type":"post","link":"https:\/\/informante.mx\/?p=33140","title":{"rendered":"Presentan en el Congreso el Himno a Telesecundaria en Lengua de Se\u00f1as Mexicana"},"content":{"rendered":"\n<h2 class=\"wp-block-heading\">\u2022 Se congratula la presidenta de la Comisi\u00f3n de Educaci\u00f3n, diputada Illya Dolores Escobar, con la consolidaci\u00f3n de este proyecto.<\/h2>\n\n\n\n<p><strong>Redacci\u00f3n Informante<\/strong><\/p>\n\n\n\n<p>En la presentaci\u00f3n del Himno a Telesecundaria en Lengua de Se\u00f1as Mexicana, organizado por la Direcci\u00f3n de Educaci\u00f3n Especial de la Secretar\u00eda de Educaci\u00f3n de Veracruz (SEV), la presidenta de la Comisi\u00f3n Permanente de Educaci\u00f3n y Cultura del Congreso del Estado, diputada Illya Dolores Escobar Mart\u00ednez, se congratul\u00f3 con este acto, ya que, dijo, representa la muestra que los gobiernos federal y estatal apuestan por que cada ni\u00f1a, ni\u00f1o o adolescente sea educado con excelencia.<\/p>\n\n\n\n<p>Con la presencia de la subsecretaria de Educaci\u00f3n B\u00e1sica en el estado, Maritza Ram\u00edrez Aguilar, y de la directora general de Educaci\u00f3n Primaria estatal, Nanyelly Teresa Zald\u00edvar Sobrevilla, en el auditorio Sebasti\u00e1n Lerdo de Tejada del Palacio Legislativo, la legisladora Escobar Mart\u00ednez dijo que actualmente se busca la igualdad de oportunidades entre hombres y mujeres para la designaci\u00f3n en los diversos espacios de la administraci\u00f3n p\u00fablica.<\/p>\n\n\n\n<p>\u201cEsa igualdad tambi\u00e9n la debemos buscar cuando tenemos una dificultad para aprender o para movernos. Todo debe estar incluido en la igualdad que se busca, sobre todo cuando se habla de educaci\u00f3n y de la formaci\u00f3n de ni\u00f1as, ni\u00f1os y adolescentes\u201d, agreg\u00f3.<\/p>\n\n\n\n<p>La Diputada reiter\u00f3 su felicitaci\u00f3n a las autoridades de educaci\u00f3n por el trabajo que realizan en favor de la ni\u00f1ez y por consolidar el proyecto del Himno a Telesecundaria en Lengua de Se\u00f1as Mexicana, porque representa un gran avance en lo que se hace en Veracruz en materia de inclusi\u00f3n.<\/p>\n\n\n\n<p>Adem\u00e1s, reiter\u00f3 su compromiso de trabajar para que la educaci\u00f3n en Veracruz siga avanzando y sea como hasta ahora, de excelencia, y para que todas y todos tengan las mismas oportunidades.<\/p>\n\n\n\n<p>Asistieron a este evento, la directora de Educaci\u00f3n Especial, Mar\u00eda de los \u00c1ngeles Dur\u00e1n Mart\u00ednez; el director general de Educaci\u00f3n Secundaria estatal, Jos\u00e9 Luis Guzm\u00e1n R\u00edos; la subdirectora de Escuelas Telesecundarias del estado, Elizabeth Polito Morales, y en representaci\u00f3n de la Oficina de Programa de Gobierno, Leticia Arduengo Garc\u00eda.<\/p>\n\n\n\n<p>Tambi\u00e9n, la subdirectora de escuelas telesecundarias estatales, Irene Sedas Gonz\u00e1lez; el secretario t\u00e9cnico del Consejo Interinstitucional Veracruzano de Educaci\u00f3n (CIVE), Ernesto Efr\u00e9n del Moral Ventura; la jefa del Departamento de Educaci\u00f3n Especial estatal, Patricia Montserrat Viveros Osorio; la jefa del Departamento de Educaci\u00f3n Especial Federalizado, Sandra In\u00e9s Bret\u00f3n Pacheco, y Marcos Castillo Hern\u00e1ndez, alumno de la comunidad sorda y estudiante de la telesecundaria L\u00e1zaro C\u00e1rdenas, en el municipio de Alto Lucero, Veracruz.<\/p>\n\n\n\n<hr class=\"wp-block-separator has-alpha-channel-opacity\"\/>\n\n\n\n<p class=\"has-text-align-center\" style=\"font-size:17px\"><strong><i>Toda la informaci\u00f3n que necesitas saber la encuentras en nuestras <\/i><strong style=\"\"><em style=\"font-style: italic;\">redes sociales y canal de <\/em><\/strong><\/strong><a href=\"https:\/\/t.me\/informantemx\" target=\"_blank\" rel=\"noreferrer noopener\"><strong><em>Telegram<\/em><\/strong><\/a>. <\/p>\n\n\n\n<p class=\"has-text-align-center\" style=\"font-size:17px\"><strong><em>!\u00danete!<\/em><\/strong><\/p>\n\n\n\n<div class=\"wp-block-uagb-image aligncenter uagb-block-3acd28e8 wp-block-uagb-image--layout-default wp-block-uagb-image--effect-zoomin wp-block-uagb-image--align-center\"><figure class=\"wp-block-uagb-image__figure\"><a class=\"\" href=\"https:\/\/t.me\/informantemx\" target=\"\" rel=\"noopener\"><img decoding=\"async\" srcset=\"https:\/\/informante.mx\/wp-content\/uploads\/2023\/08\/Banner-Telegram-Verde-800x60-1.png ,https:\/\/informante.mx\/wp-content\/uploads\/2023\/08\/Banner-Telegram-Verde-800x60-1.png 780w, https:\/\/informante.mx\/wp-content\/uploads\/2023\/08\/Banner-Telegram-Verde-800x60-1.png 360w\" sizes=\"auto, (max-width: 480px) 150px\" src=\"https:\/\/informante.mx\/wp-content\/uploads\/2023\/08\/Banner-Telegram-Verde-800x60-1.png\" alt=\"\" class=\"uag-image-23275\" width=\"800\" height=\"60\" title=\"\" loading=\"lazy\" role=\"img\"\/><\/a><\/figure><\/div>\n\n\n\n<div class=\"wp-block-uagb-image aligncenter uagb-block-45ea2b31 wp-block-uagb-image--layout-default wp-block-uagb-image--effect-zoomin wp-block-uagb-image--align-center\"><figure class=\"wp-block-uagb-image__figure\"><a class=\"\" href=\"https:\/\/www.facebook.com\/MX.Informante\" target=\"\" rel=\"noopener\"><img decoding=\"async\" srcset=\"https:\/\/informante.mx\/wp-content\/uploads\/2023\/08\/Banner-Facebook-Verde-800x60-1.png ,https:\/\/informante.mx\/wp-content\/uploads\/2023\/08\/Banner-Facebook-Verde-800x60-1.png 780w, https:\/\/informante.mx\/wp-content\/uploads\/2023\/08\/Banner-Facebook-Verde-800x60-1.png 360w\" sizes=\"auto, (max-width: 480px) 150px\" src=\"https:\/\/informante.mx\/wp-content\/uploads\/2023\/08\/Banner-Facebook-Verde-800x60-1.png\" alt=\"\" class=\"uag-image-23274\" width=\"800\" height=\"60\" title=\"\" loading=\"lazy\" role=\"img\"\/><\/a><\/figure><\/div>\n\n\n\n<div class=\"wp-block-uagb-image aligncenter uagb-block-2ce4c51b wp-block-uagb-image--layout-default wp-block-uagb-image--effect-zoomin wp-block-uagb-image--align-center\"><figure class=\"wp-block-uagb-image__figure\"><a class=\"\" href=\"https:\/\/twitter.com\/mx_informante\" target=\"\" rel=\"noopener\"><img decoding=\"async\" srcset=\"https:\/\/informante.mx\/wp-content\/uploads\/2023\/08\/Banner-Twitter-Verde-800x60-1.png ,https:\/\/informante.mx\/wp-content\/uploads\/2023\/08\/Banner-Twitter-Verde-800x60-1.png 780w, https:\/\/informante.mx\/wp-content\/uploads\/2023\/08\/Banner-Twitter-Verde-800x60-1.png 360w\" sizes=\"auto, (max-width: 480px) 150px\" src=\"https:\/\/informante.mx\/wp-content\/uploads\/2023\/08\/Banner-Twitter-Verde-800x60-1.png\" alt=\"\" class=\"uag-image-23273\" width=\"800\" height=\"60\" title=\"\" loading=\"lazy\" role=\"img\"\/><\/a><\/figure><\/div>\n\n\n\n<div style=\"height:50px\" aria-hidden=\"true\" class=\"wp-block-spacer\"><\/div>\n","protected":false},"excerpt":{"rendered":"<p>Se congratula la presidenta de la Comisi\u00f3n de Educaci\u00f3n, diputada Illya Dolores Escobar, con la consolidaci\u00f3n de este proyecto.<\/p>\n","protected":false},"author":1,"featured_media":0,"comment_status":"open","ping_status":"closed","sticky":false,"template":"","format":"standard","meta":{"_uag_custom_page_level_css":"","jetpack_post_was_ever_published":false,"footnotes":""},"categories":[7],"tags":[42,32,43,33],"class_list":["post-33140","post","type-post","status-publish","format-standard","hentry","category-legislatura","tag-congreso","tag-estado","tag-gobierno","tag-veracruz"],"yoast_head":"<!-- This site is optimized with the Yoast SEO plugin v27.3 - https:\/\/yoast.com\/product\/yoast-seo-wordpress\/ -->\n<title>Presentan en el Congreso el Himno a Telesecundaria en Lengua de Se\u00f1as Mexicana - Informante.mx<\/title>\n<meta name=\"robots\" content=\"index, follow, max-snippet:-1, max-image-preview:large, max-video-preview:-1\" \/>\n<link rel=\"canonical\" href=\"https:\/\/informante.mx\/?p=33140\" \/>\n<meta property=\"og:locale\" content=\"es_ES\" \/>\n<meta property=\"og:type\" content=\"article\" \/>\n<meta property=\"og:title\" content=\"Presentan en el Congreso el Himno a Telesecundaria en Lengua de Se\u00f1as Mexicana - Informante.mx\" \/>\n<meta property=\"og:description\" content=\"Se congratula la presidenta de la Comisi\u00f3n de Educaci\u00f3n, diputada Illya Dolores Escobar, con la consolidaci\u00f3n de este proyecto.\" \/>\n<meta property=\"og:url\" content=\"https:\/\/informante.mx\/?p=33140\" \/>\n<meta property=\"og:site_name\" content=\"Informante.mx\" \/>\n<meta property=\"article:publisher\" content=\"https:\/\/www.facebook.com\/MX.Informante\" \/>\n<meta property=\"article:published_time\" content=\"2024-04-25T22:45:36+00:00\" \/>\n<meta property=\"article:modified_time\" content=\"2024-04-25T22:45:42+00:00\" \/>\n<meta property=\"og:image\" content=\"https:\/\/informante.mx\/wp-content\/uploads\/2024\/04\/Legisver-himno.jpg\" \/>\n\t<meta property=\"og:image:width\" content=\"1600\" \/>\n\t<meta property=\"og:image:height\" content=\"1068\" \/>\n\t<meta property=\"og:image:type\" content=\"image\/jpeg\" \/>\n<meta name=\"author\" content=\"InformanteMX\" \/>\n<meta name=\"twitter:card\" content=\"summary_large_image\" \/>\n<meta name=\"twitter:creator\" content=\"@mx_informante\" \/>\n<meta name=\"twitter:site\" content=\"@mx_informante\" \/>\n<meta name=\"twitter:label1\" content=\"Escrito por\" \/>\n\t<meta name=\"twitter:data1\" content=\"InformanteMX\" \/>\n\t<meta name=\"twitter:label2\" content=\"Tiempo de lectura\" \/>\n\t<meta name=\"twitter:data2\" content=\"2 minutos\" \/>\n<script type=\"application\/ld+json\" class=\"yoast-schema-graph\">{\"@context\":\"https:\\\/\\\/schema.org\",\"@graph\":[{\"@type\":\"NewsArticle\",\"@id\":\"https:\\\/\\\/informante.mx\\\/?p=33140#article\",\"isPartOf\":{\"@id\":\"https:\\\/\\\/informante.mx\\\/?p=33140\"},\"author\":{\"name\":\"InformanteMX\",\"@id\":\"https:\\\/\\\/informante.mx\\\/#\\\/schema\\\/person\\\/3eff91989d2ea76b0a330b416325946c\"},\"headline\":\"Presentan en el Congreso el Himno a Telesecundaria en Lengua de Se\u00f1as Mexicana\",\"datePublished\":\"2024-04-25T22:45:36+00:00\",\"dateModified\":\"2024-04-25T22:45:42+00:00\",\"mainEntityOfPage\":{\"@id\":\"https:\\\/\\\/informante.mx\\\/?p=33140\"},\"wordCount\":475,\"commentCount\":0,\"publisher\":{\"@id\":\"https:\\\/\\\/informante.mx\\\/#organization\"},\"keywords\":[\"Congreso\",\"Estado\",\"Gobierno\",\"Veracruz\"],\"articleSection\":[\"Legislatura\"],\"inLanguage\":\"es\",\"potentialAction\":[{\"@type\":\"CommentAction\",\"name\":\"Comment\",\"target\":[\"https:\\\/\\\/informante.mx\\\/?p=33140#respond\"]}]},{\"@type\":\"WebPage\",\"@id\":\"https:\\\/\\\/informante.mx\\\/?p=33140\",\"url\":\"https:\\\/\\\/informante.mx\\\/?p=33140\",\"name\":\"Presentan en el Congreso el Himno a Telesecundaria en Lengua de Se\u00f1as Mexicana - Informante.mx\",\"isPartOf\":{\"@id\":\"https:\\\/\\\/informante.mx\\\/#website\"},\"datePublished\":\"2024-04-25T22:45:36+00:00\",\"dateModified\":\"2024-04-25T22:45:42+00:00\",\"breadcrumb\":{\"@id\":\"https:\\\/\\\/informante.mx\\\/?p=33140#breadcrumb\"},\"inLanguage\":\"es\",\"potentialAction\":[{\"@type\":\"ReadAction\",\"target\":[\"https:\\\/\\\/informante.mx\\\/?p=33140\"]}]},{\"@type\":\"BreadcrumbList\",\"@id\":\"https:\\\/\\\/informante.mx\\\/?p=33140#breadcrumb\",\"itemListElement\":[{\"@type\":\"ListItem\",\"position\":1,\"name\":\"Portada\",\"item\":\"https:\\\/\\\/informante.mx\\\/\"},{\"@type\":\"ListItem\",\"position\":2,\"name\":\"Presentan en el Congreso el Himno a Telesecundaria en Lengua de Se\u00f1as Mexicana\"}]},{\"@type\":\"WebSite\",\"@id\":\"https:\\\/\\\/informante.mx\\\/#website\",\"url\":\"https:\\\/\\\/informante.mx\\\/\",\"name\":\"Informante.mx\",\"description\":\"\",\"publisher\":{\"@id\":\"https:\\\/\\\/informante.mx\\\/#organization\"},\"potentialAction\":[{\"@type\":\"SearchAction\",\"target\":{\"@type\":\"EntryPoint\",\"urlTemplate\":\"https:\\\/\\\/informante.mx\\\/?s={search_term_string}\"},\"query-input\":{\"@type\":\"PropertyValueSpecification\",\"valueRequired\":true,\"valueName\":\"search_term_string\"}}],\"inLanguage\":\"es\"},{\"@type\":\"Organization\",\"@id\":\"https:\\\/\\\/informante.mx\\\/#organization\",\"name\":\"Informante.mx\",\"url\":\"https:\\\/\\\/informante.mx\\\/\",\"logo\":{\"@type\":\"ImageObject\",\"inLanguage\":\"es\",\"@id\":\"https:\\\/\\\/informante.mx\\\/#\\\/schema\\\/logo\\\/image\\\/\",\"url\":\"https:\\\/\\\/informante.mx\\\/wp-content\\\/uploads\\\/2019\\\/12\\\/cropped-LOGO-Verde-Apaisado-1024x360O-1.png\",\"contentUrl\":\"https:\\\/\\\/informante.mx\\\/wp-content\\\/uploads\\\/2019\\\/12\\\/cropped-LOGO-Verde-Apaisado-1024x360O-1.png\",\"width\":923,\"height\":180,\"caption\":\"Informante.mx\"},\"image\":{\"@id\":\"https:\\\/\\\/informante.mx\\\/#\\\/schema\\\/logo\\\/image\\\/\"},\"sameAs\":[\"https:\\\/\\\/www.facebook.com\\\/MX.Informante\",\"https:\\\/\\\/x.com\\\/mx_informante\"]},{\"@type\":\"Person\",\"@id\":\"https:\\\/\\\/informante.mx\\\/#\\\/schema\\\/person\\\/3eff91989d2ea76b0a330b416325946c\",\"name\":\"InformanteMX\",\"image\":{\"@type\":\"ImageObject\",\"inLanguage\":\"es\",\"@id\":\"https:\\\/\\\/secure.gravatar.com\\\/avatar\\\/10d802aa739e832aedd2f3fd8544d878871eb22e6ca86fe9a548573e34a28f0e?s=96&d=mm&r=g\",\"url\":\"https:\\\/\\\/secure.gravatar.com\\\/avatar\\\/10d802aa739e832aedd2f3fd8544d878871eb22e6ca86fe9a548573e34a28f0e?s=96&d=mm&r=g\",\"contentUrl\":\"https:\\\/\\\/secure.gravatar.com\\\/avatar\\\/10d802aa739e832aedd2f3fd8544d878871eb22e6ca86fe9a548573e34a28f0e?s=96&d=mm&r=g\",\"caption\":\"InformanteMX\"},\"url\":\"https:\\\/\\\/informante.mx\\\/?author=1\"}]}<\/script>\n<!-- \/ Yoast SEO plugin. -->","yoast_head_json":{"title":"Presentan en el Congreso el Himno a Telesecundaria en Lengua de Se\u00f1as Mexicana - Informante.mx","robots":{"index":"index","follow":"follow","max-snippet":"max-snippet:-1","max-image-preview":"max-image-preview:large","max-video-preview":"max-video-preview:-1"},"canonical":"https:\/\/informante.mx\/?p=33140","og_locale":"es_ES","og_type":"article","og_title":"Presentan en el Congreso el Himno a Telesecundaria en Lengua de Se\u00f1as Mexicana - Informante.mx","og_description":"Se congratula la presidenta de la Comisi\u00f3n de Educaci\u00f3n, diputada Illya Dolores Escobar, con la consolidaci\u00f3n de este proyecto.","og_url":"https:\/\/informante.mx\/?p=33140","og_site_name":"Informante.mx","article_publisher":"https:\/\/www.facebook.com\/MX.Informante","article_published_time":"2024-04-25T22:45:36+00:00","article_modified_time":"2024-04-25T22:45:42+00:00","og_image":[{"width":1600,"height":1068,"url":"https:\/\/informante.mx\/wp-content\/uploads\/2024\/04\/Legisver-himno.jpg","type":"image\/jpeg"}],"author":"InformanteMX","twitter_card":"summary_large_image","twitter_creator":"@mx_informante","twitter_site":"@mx_informante","twitter_misc":{"Escrito por":"InformanteMX","Tiempo de lectura":"2 minutos"},"schema":{"@context":"https:\/\/schema.org","@graph":[{"@type":"NewsArticle","@id":"https:\/\/informante.mx\/?p=33140#article","isPartOf":{"@id":"https:\/\/informante.mx\/?p=33140"},"author":{"name":"InformanteMX","@id":"https:\/\/informante.mx\/#\/schema\/person\/3eff91989d2ea76b0a330b416325946c"},"headline":"Presentan en el Congreso el Himno a Telesecundaria en Lengua de Se\u00f1as Mexicana","datePublished":"2024-04-25T22:45:36+00:00","dateModified":"2024-04-25T22:45:42+00:00","mainEntityOfPage":{"@id":"https:\/\/informante.mx\/?p=33140"},"wordCount":475,"commentCount":0,"publisher":{"@id":"https:\/\/informante.mx\/#organization"},"keywords":["Congreso","Estado","Gobierno","Veracruz"],"articleSection":["Legislatura"],"inLanguage":"es","potentialAction":[{"@type":"CommentAction","name":"Comment","target":["https:\/\/informante.mx\/?p=33140#respond"]}]},{"@type":"WebPage","@id":"https:\/\/informante.mx\/?p=33140","url":"https:\/\/informante.mx\/?p=33140","name":"Presentan en el Congreso el Himno a Telesecundaria en Lengua de Se\u00f1as Mexicana - Informante.mx","isPartOf":{"@id":"https:\/\/informante.mx\/#website"},"datePublished":"2024-04-25T22:45:36+00:00","dateModified":"2024-04-25T22:45:42+00:00","breadcrumb":{"@id":"https:\/\/informante.mx\/?p=33140#breadcrumb"},"inLanguage":"es","potentialAction":[{"@type":"ReadAction","target":["https:\/\/informante.mx\/?p=33140"]}]},{"@type":"BreadcrumbList","@id":"https:\/\/informante.mx\/?p=33140#breadcrumb","itemListElement":[{"@type":"ListItem","position":1,"name":"Portada","item":"https:\/\/informante.mx\/"},{"@type":"ListItem","position":2,"name":"Presentan en el Congreso el Himno a Telesecundaria en Lengua de Se\u00f1as Mexicana"}]},{"@type":"WebSite","@id":"https:\/\/informante.mx\/#website","url":"https:\/\/informante.mx\/","name":"Informante.mx","description":"","publisher":{"@id":"https:\/\/informante.mx\/#organization"},"potentialAction":[{"@type":"SearchAction","target":{"@type":"EntryPoint","urlTemplate":"https:\/\/informante.mx\/?s={search_term_string}"},"query-input":{"@type":"PropertyValueSpecification","valueRequired":true,"valueName":"search_term_string"}}],"inLanguage":"es"},{"@type":"Organization","@id":"https:\/\/informante.mx\/#organization","name":"Informante.mx","url":"https:\/\/informante.mx\/","logo":{"@type":"ImageObject","inLanguage":"es","@id":"https:\/\/informante.mx\/#\/schema\/logo\/image\/","url":"https:\/\/informante.mx\/wp-content\/uploads\/2019\/12\/cropped-LOGO-Verde-Apaisado-1024x360O-1.png","contentUrl":"https:\/\/informante.mx\/wp-content\/uploads\/2019\/12\/cropped-LOGO-Verde-Apaisado-1024x360O-1.png","width":923,"height":180,"caption":"Informante.mx"},"image":{"@id":"https:\/\/informante.mx\/#\/schema\/logo\/image\/"},"sameAs":["https:\/\/www.facebook.com\/MX.Informante","https:\/\/x.com\/mx_informante"]},{"@type":"Person","@id":"https:\/\/informante.mx\/#\/schema\/person\/3eff91989d2ea76b0a330b416325946c","name":"InformanteMX","image":{"@type":"ImageObject","inLanguage":"es","@id":"https:\/\/secure.gravatar.com\/avatar\/10d802aa739e832aedd2f3fd8544d878871eb22e6ca86fe9a548573e34a28f0e?s=96&d=mm&r=g","url":"https:\/\/secure.gravatar.com\/avatar\/10d802aa739e832aedd2f3fd8544d878871eb22e6ca86fe9a548573e34a28f0e?s=96&d=mm&r=g","contentUrl":"https:\/\/secure.gravatar.com\/avatar\/10d802aa739e832aedd2f3fd8544d878871eb22e6ca86fe9a548573e34a28f0e?s=96&d=mm&r=g","caption":"InformanteMX"},"url":"https:\/\/informante.mx\/?author=1"}]}},"jetpack_featured_media_url":"","uagb_featured_image_src":{"full":false,"thumbnail":false,"medium":false,"medium_large":false,"large":false,"1536x1536":false,"2048x2048":false,"td_0x420":false,"td_0x420_retina":false,"td_80x60":false,"td_80x60_retina":false,"td_100x75":false,"td_100x75_retina":false,"td_180x135":false,"td_180x135_retina":false,"td_238x178":false,"td_238x178_retina":false,"td_265x198":false,"td_265x198_retina":false,"td_300x160":false,"td_300x160_retina":false,"td_300x194":false,"td_300x194_retina":false,"td_300x350":false,"td_300x350_retina":false,"td_341x220":false,"td_341x220_retina":false,"td_341x400":false,"td_341x400_retina":false,"td_511x400":false,"td_511x400_retina":false,"td_537x360":false,"td_537x360_retina":false,"td_640x0":false,"td_640x0_retina":false,"td_640x350":false,"td_640x350_retina":false,"td_681x0":false,"td_681x0_retina":false,"td_681x400":false,"td_681x400_retina":false,"td_741x486":false,"td_741x486_retina":false,"td_1021x580":false,"td_1021x580_retina":false},"uagb_author_info":{"display_name":"InformanteMX","author_link":"https:\/\/informante.mx\/?author=1"},"uagb_comment_info":0,"uagb_excerpt":"Se congratula la presidenta de la Comisi\u00f3n de Educaci\u00f3n, diputada Illya Dolores Escobar, con la consolidaci\u00f3n de este proyecto.","_links":{"self":[{"href":"https:\/\/informante.mx\/index.php?rest_route=\/wp\/v2\/posts\/33140","targetHints":{"allow":["GET"]}}],"collection":[{"href":"https:\/\/informante.mx\/index.php?rest_route=\/wp\/v2\/posts"}],"about":[{"href":"https:\/\/informante.mx\/index.php?rest_route=\/wp\/v2\/types\/post"}],"author":[{"embeddable":true,"href":"https:\/\/informante.mx\/index.php?rest_route=\/wp\/v2\/users\/1"}],"replies":[{"embeddable":true,"href":"https:\/\/informante.mx\/index.php?rest_route=%2Fwp%2Fv2%2Fcomments&post=33140"}],"version-history":[{"count":1,"href":"https:\/\/informante.mx\/index.php?rest_route=\/wp\/v2\/posts\/33140\/revisions"}],"predecessor-version":[{"id":33142,"href":"https:\/\/informante.mx\/index.php?rest_route=\/wp\/v2\/posts\/33140\/revisions\/33142"}],"wp:attachment":[{"href":"https:\/\/informante.mx\/index.php?rest_route=%2Fwp%2Fv2%2Fmedia&parent=33140"}],"wp:term":[{"taxonomy":"category","embeddable":true,"href":"https:\/\/informante.mx\/index.php?rest_route=%2Fwp%2Fv2%2Fcategories&post=33140"},{"taxonomy":"post_tag","embeddable":true,"href":"https:\/\/informante.mx\/index.php?rest_route=%2Fwp%2Fv2%2Ftags&post=33140"}],"curies":[{"name":"wp","href":"https:\/\/api.w.org\/{rel}","templated":true}]}}