{"id":31767,"date":"2024-04-02T12:30:29","date_gmt":"2024-04-02T18:30:29","guid":{"rendered":"https:\/\/informante.mx\/?p=31767"},"modified":"2024-04-02T12:30:34","modified_gmt":"2024-04-02T18:30:34","slug":"incidente-en-tren-maya-se-debio-a-fallas-mecanicas-sedena","status":"publish","type":"post","link":"https:\/\/informante.mx\/?p=31767","title":{"rendered":"Incidente en Tren Maya se debi\u00f3 a fallas mec\u00e1nicas: Sedena"},"content":{"rendered":"\n<h2 class=\"wp-block-heading\">Luis Cresencio Sandoval inform\u00f3 que las primeras indagatorias se\u00f1alan que el fallo en el Tren Maya el pasado 25 de marzo se debi\u00f3 a una falla mec\u00e1nica.<\/h2>\n\n\n\n<p><strong>Redacci\u00f3n Informante<\/strong><\/p>\n\n\n\n<p>El titular de la Secretar\u00eda de la Defensa Nacional,\u00a0<strong>Luis Cresencio Sandoval Gonz\u00e1lez<\/strong>, inform\u00f3 los avances en la investigaci\u00f3n sobre el incidente en el\u00a0Tren Maya\u00a0el pasado 25 de marzo, el cual provoc\u00f3 la interrupci\u00f3n del servicio en la estaci\u00f3n Tixkokob, en Yucat\u00e1n.<\/p>\n\n\n\n<p>Sobre el caso, Sandoval Gonz\u00e1lez explic\u00f3 que las primeras indagatorias revelaron que el incidente fue&nbsp;<strong>ocasionado por fallas mec\u00e1nicas<\/strong>, espec\u00edficamente la falta de fijaciones de tornillo (clamps) que aseguran el cambio de v\u00eda con el riel.<\/p>\n\n\n\n<blockquote class=\"wp-block-quote is-layout-flow wp-block-quote-is-layout-flow\">\n<p>\u201cEl tren 06 se trasladaba de San Francisco Campeche hacia Canc\u00fan, lleg\u00f3 a la estaci\u00f3n Tixkokob; entra la cabina motriz, el tren 1, el tren 2, la cabina motriz que va en la retaguardia es la que se sali\u00f3 de las v\u00edas, a 50 metros de que se parara, iba a 10 kil\u00f3metros por hora de velocidad\u201d, mencion\u00f3.<\/p>\n<\/blockquote>\n\n\n<div class=\"wp-block-image is-style-default\">\n<figure class=\"aligncenter\"><img decoding=\"async\" src=\"https:\/\/d22jn00zjrk7sl.cloudfront.net\/wp-content\/uploads\/2024\/04\/Captura-de-pantalla-2024-04-02-073635-1024x560.png\" alt=\"\" class=\"wp-image-343704\"\/><figcaption class=\"wp-element-caption\">FOTO: CONFERENCIA MA\u00d1ANERA 2 ABRIL 2024<\/figcaption><\/figure>\n<\/div>\n\n\n<p>El funcionario detall\u00f3 que es mediante&nbsp;<strong>cambios manuales<\/strong>&nbsp;que se realiza la fijaci\u00f3n de los \u2018clamps\u2019 para asegurar que se realice el cambio de v\u00eda.<\/p>\n\n\n\n<blockquote class=\"wp-block-quote is-layout-flow wp-block-quote-is-layout-flow\">\n<p>\u201cLa sujeci\u00f3n de este clamp no era la adecuada, no estuvo sujeta para que pudiera realizar su operaci\u00f3n normal\u201d, dijo.<\/p>\n<\/blockquote>\n\n\n\n<p>La p\u00f3liza de seguro se activ\u00f3, y\u00a0<strong>la investigaci\u00f3n a\u00fan no concluye<\/strong>, pero se prev\u00e9 que durante la primera quincena de abril se finalice.<\/p>\n\n\n\n<hr class=\"wp-block-separator has-alpha-channel-opacity\"\/>\n\n\n\n<p class=\"has-text-align-center\" style=\"font-size:17px\"><strong><i>Toda la informaci\u00f3n que necesitas saber la encuentras en nuestras <\/i><strong style=\"\"><em style=\"font-style: italic;\">redes sociales y canal de <\/em><\/strong><\/strong><a href=\"https:\/\/t.me\/informantemx\" target=\"_blank\" rel=\"noreferrer noopener\"><strong><em>Telegram<\/em><\/strong><\/a>. <\/p>\n\n\n\n<p class=\"has-text-align-center\" style=\"font-size:17px\"><strong><em>!\u00danete!<\/em><\/strong><\/p>\n\n\n\n<div class=\"wp-block-uagb-image aligncenter uagb-block-3acd28e8 wp-block-uagb-image--layout-default wp-block-uagb-image--effect-zoomin wp-block-uagb-image--align-center\"><figure class=\"wp-block-uagb-image__figure\"><a class=\"\" href=\"https:\/\/t.me\/informantemx\" target=\"\" rel=\"noopener\"><img decoding=\"async\" srcset=\"https:\/\/informante.mx\/wp-content\/uploads\/2023\/08\/Banner-Telegram-Verde-800x60-1.png ,https:\/\/informante.mx\/wp-content\/uploads\/2023\/08\/Banner-Telegram-Verde-800x60-1.png 780w, https:\/\/informante.mx\/wp-content\/uploads\/2023\/08\/Banner-Telegram-Verde-800x60-1.png 360w\" sizes=\"auto, (max-width: 480px) 150px\" src=\"https:\/\/informante.mx\/wp-content\/uploads\/2023\/08\/Banner-Telegram-Verde-800x60-1.png\" alt=\"\" class=\"uag-image-23275\" width=\"800\" height=\"60\" title=\"\" loading=\"lazy\" role=\"img\"\/><\/a><\/figure><\/div>\n\n\n\n<div class=\"wp-block-uagb-image aligncenter uagb-block-45ea2b31 wp-block-uagb-image--layout-default wp-block-uagb-image--effect-zoomin wp-block-uagb-image--align-center\"><figure class=\"wp-block-uagb-image__figure\"><a class=\"\" href=\"https:\/\/www.facebook.com\/MX.Informante\" target=\"\" rel=\"noopener\"><img decoding=\"async\" srcset=\"https:\/\/informante.mx\/wp-content\/uploads\/2023\/08\/Banner-Facebook-Verde-800x60-1.png ,https:\/\/informante.mx\/wp-content\/uploads\/2023\/08\/Banner-Facebook-Verde-800x60-1.png 780w, https:\/\/informante.mx\/wp-content\/uploads\/2023\/08\/Banner-Facebook-Verde-800x60-1.png 360w\" sizes=\"auto, (max-width: 480px) 150px\" src=\"https:\/\/informante.mx\/wp-content\/uploads\/2023\/08\/Banner-Facebook-Verde-800x60-1.png\" alt=\"\" class=\"uag-image-23274\" width=\"800\" height=\"60\" title=\"\" loading=\"lazy\" role=\"img\"\/><\/a><\/figure><\/div>\n\n\n\n<div class=\"wp-block-uagb-image aligncenter uagb-block-2ce4c51b wp-block-uagb-image--layout-default wp-block-uagb-image--effect-zoomin wp-block-uagb-image--align-center\"><figure class=\"wp-block-uagb-image__figure\"><a class=\"\" href=\"https:\/\/twitter.com\/mx_informante\" target=\"\" rel=\"noopener\"><img decoding=\"async\" srcset=\"https:\/\/informante.mx\/wp-content\/uploads\/2023\/08\/Banner-Twitter-Verde-800x60-1.png ,https:\/\/informante.mx\/wp-content\/uploads\/2023\/08\/Banner-Twitter-Verde-800x60-1.png 780w, https:\/\/informante.mx\/wp-content\/uploads\/2023\/08\/Banner-Twitter-Verde-800x60-1.png 360w\" sizes=\"auto, (max-width: 480px) 150px\" src=\"https:\/\/informante.mx\/wp-content\/uploads\/2023\/08\/Banner-Twitter-Verde-800x60-1.png\" alt=\"\" class=\"uag-image-23273\" width=\"800\" height=\"60\" title=\"\" loading=\"lazy\" role=\"img\"\/><\/a><\/figure><\/div>\n\n\n\n<div style=\"height:50px\" aria-hidden=\"true\" class=\"wp-block-spacer\"><\/div>\n","protected":false},"excerpt":{"rendered":"<p>Luis Cresencio Sandoval inform\u00f3 que las primeras indagatorias se\u00f1alan que el fallo en el Tren Maya el pasado 25 de marzo se debi\u00f3 a una falla mec\u00e1nica.<\/p>\n","protected":false},"author":1,"featured_media":23332,"comment_status":"open","ping_status":"closed","sticky":false,"template":"","format":"standard","meta":{"_uag_custom_page_level_css":"","jetpack_post_was_ever_published":false,"footnotes":""},"categories":[9],"tags":[43,31],"class_list":["post-31767","post","type-post","status-publish","format-standard","has-post-thumbnail","hentry","category-nacional","tag-gobierno","tag-nacional"],"yoast_head":"<!-- This site is optimized with the Yoast SEO plugin v27.3 - https:\/\/yoast.com\/product\/yoast-seo-wordpress\/ -->\n<title>Incidente en Tren Maya se debi\u00f3 a fallas mec\u00e1nicas: Sedena - Informante.mx<\/title>\n<meta name=\"robots\" content=\"index, follow, max-snippet:-1, max-image-preview:large, max-video-preview:-1\" \/>\n<link rel=\"canonical\" href=\"https:\/\/informante.mx\/?p=31767\" \/>\n<meta property=\"og:locale\" content=\"es_ES\" \/>\n<meta property=\"og:type\" content=\"article\" \/>\n<meta property=\"og:title\" content=\"Incidente en Tren Maya se debi\u00f3 a fallas mec\u00e1nicas: Sedena - Informante.mx\" \/>\n<meta property=\"og:description\" content=\"Luis Cresencio Sandoval inform\u00f3 que las primeras indagatorias se\u00f1alan que el fallo en el Tren Maya el pasado 25 de marzo se debi\u00f3 a una falla mec\u00e1nica.\" \/>\n<meta property=\"og:url\" content=\"https:\/\/informante.mx\/?p=31767\" \/>\n<meta property=\"og:site_name\" content=\"Informante.mx\" \/>\n<meta property=\"article:publisher\" content=\"https:\/\/www.facebook.com\/MX.Informante\" \/>\n<meta property=\"article:published_time\" content=\"2024-04-02T18:30:29+00:00\" \/>\n<meta property=\"article:modified_time\" content=\"2024-04-02T18:30:34+00:00\" \/>\n<meta property=\"og:image\" content=\"https:\/\/informante.mx\/wp-content\/uploads\/2023\/09\/Tren-Maya.jpg\" \/>\n\t<meta property=\"og:image:width\" content=\"683\" \/>\n\t<meta property=\"og:image:height\" content=\"382\" \/>\n\t<meta property=\"og:image:type\" content=\"image\/jpeg\" \/>\n<meta name=\"author\" content=\"InformanteMX\" \/>\n<meta name=\"twitter:card\" content=\"summary_large_image\" \/>\n<meta name=\"twitter:creator\" content=\"@mx_informante\" \/>\n<meta name=\"twitter:site\" content=\"@mx_informante\" \/>\n<meta name=\"twitter:label1\" content=\"Escrito por\" \/>\n\t<meta name=\"twitter:data1\" content=\"InformanteMX\" \/>\n\t<meta name=\"twitter:label2\" content=\"Tiempo de lectura\" \/>\n\t<meta name=\"twitter:data2\" content=\"1 minuto\" \/>\n<script type=\"application\/ld+json\" class=\"yoast-schema-graph\">{\"@context\":\"https:\\\/\\\/schema.org\",\"@graph\":[{\"@type\":\"NewsArticle\",\"@id\":\"https:\\\/\\\/informante.mx\\\/?p=31767#article\",\"isPartOf\":{\"@id\":\"https:\\\/\\\/informante.mx\\\/?p=31767\"},\"author\":{\"name\":\"InformanteMX\",\"@id\":\"https:\\\/\\\/informante.mx\\\/#\\\/schema\\\/person\\\/3eff91989d2ea76b0a330b416325946c\"},\"headline\":\"Incidente en Tren Maya se debi\u00f3 a fallas mec\u00e1nicas: Sedena\",\"datePublished\":\"2024-04-02T18:30:29+00:00\",\"dateModified\":\"2024-04-02T18:30:34+00:00\",\"mainEntityOfPage\":{\"@id\":\"https:\\\/\\\/informante.mx\\\/?p=31767\"},\"wordCount\":269,\"commentCount\":0,\"publisher\":{\"@id\":\"https:\\\/\\\/informante.mx\\\/#organization\"},\"image\":{\"@id\":\"https:\\\/\\\/informante.mx\\\/?p=31767#primaryimage\"},\"thumbnailUrl\":\"https:\\\/\\\/informante.mx\\\/wp-content\\\/uploads\\\/2023\\\/09\\\/Tren-Maya.jpg\",\"keywords\":[\"Gobierno\",\"Nacional\"],\"articleSection\":[\"Nacional\"],\"inLanguage\":\"es\",\"potentialAction\":[{\"@type\":\"CommentAction\",\"name\":\"Comment\",\"target\":[\"https:\\\/\\\/informante.mx\\\/?p=31767#respond\"]}]},{\"@type\":\"WebPage\",\"@id\":\"https:\\\/\\\/informante.mx\\\/?p=31767\",\"url\":\"https:\\\/\\\/informante.mx\\\/?p=31767\",\"name\":\"Incidente en Tren Maya se debi\u00f3 a fallas mec\u00e1nicas: Sedena - Informante.mx\",\"isPartOf\":{\"@id\":\"https:\\\/\\\/informante.mx\\\/#website\"},\"primaryImageOfPage\":{\"@id\":\"https:\\\/\\\/informante.mx\\\/?p=31767#primaryimage\"},\"image\":{\"@id\":\"https:\\\/\\\/informante.mx\\\/?p=31767#primaryimage\"},\"thumbnailUrl\":\"https:\\\/\\\/informante.mx\\\/wp-content\\\/uploads\\\/2023\\\/09\\\/Tren-Maya.jpg\",\"datePublished\":\"2024-04-02T18:30:29+00:00\",\"dateModified\":\"2024-04-02T18:30:34+00:00\",\"breadcrumb\":{\"@id\":\"https:\\\/\\\/informante.mx\\\/?p=31767#breadcrumb\"},\"inLanguage\":\"es\",\"potentialAction\":[{\"@type\":\"ReadAction\",\"target\":[\"https:\\\/\\\/informante.mx\\\/?p=31767\"]}]},{\"@type\":\"ImageObject\",\"inLanguage\":\"es\",\"@id\":\"https:\\\/\\\/informante.mx\\\/?p=31767#primaryimage\",\"url\":\"https:\\\/\\\/informante.mx\\\/wp-content\\\/uploads\\\/2023\\\/09\\\/Tren-Maya.jpg\",\"contentUrl\":\"https:\\\/\\\/informante.mx\\\/wp-content\\\/uploads\\\/2023\\\/09\\\/Tren-Maya.jpg\",\"width\":683,\"height\":382},{\"@type\":\"BreadcrumbList\",\"@id\":\"https:\\\/\\\/informante.mx\\\/?p=31767#breadcrumb\",\"itemListElement\":[{\"@type\":\"ListItem\",\"position\":1,\"name\":\"Portada\",\"item\":\"https:\\\/\\\/informante.mx\\\/\"},{\"@type\":\"ListItem\",\"position\":2,\"name\":\"Incidente en Tren Maya se debi\u00f3 a fallas mec\u00e1nicas: Sedena\"}]},{\"@type\":\"WebSite\",\"@id\":\"https:\\\/\\\/informante.mx\\\/#website\",\"url\":\"https:\\\/\\\/informante.mx\\\/\",\"name\":\"Informante.mx\",\"description\":\"\",\"publisher\":{\"@id\":\"https:\\\/\\\/informante.mx\\\/#organization\"},\"potentialAction\":[{\"@type\":\"SearchAction\",\"target\":{\"@type\":\"EntryPoint\",\"urlTemplate\":\"https:\\\/\\\/informante.mx\\\/?s={search_term_string}\"},\"query-input\":{\"@type\":\"PropertyValueSpecification\",\"valueRequired\":true,\"valueName\":\"search_term_string\"}}],\"inLanguage\":\"es\"},{\"@type\":\"Organization\",\"@id\":\"https:\\\/\\\/informante.mx\\\/#organization\",\"name\":\"Informante.mx\",\"url\":\"https:\\\/\\\/informante.mx\\\/\",\"logo\":{\"@type\":\"ImageObject\",\"inLanguage\":\"es\",\"@id\":\"https:\\\/\\\/informante.mx\\\/#\\\/schema\\\/logo\\\/image\\\/\",\"url\":\"https:\\\/\\\/informante.mx\\\/wp-content\\\/uploads\\\/2019\\\/12\\\/cropped-LOGO-Verde-Apaisado-1024x360O-1.png\",\"contentUrl\":\"https:\\\/\\\/informante.mx\\\/wp-content\\\/uploads\\\/2019\\\/12\\\/cropped-LOGO-Verde-Apaisado-1024x360O-1.png\",\"width\":923,\"height\":180,\"caption\":\"Informante.mx\"},\"image\":{\"@id\":\"https:\\\/\\\/informante.mx\\\/#\\\/schema\\\/logo\\\/image\\\/\"},\"sameAs\":[\"https:\\\/\\\/www.facebook.com\\\/MX.Informante\",\"https:\\\/\\\/x.com\\\/mx_informante\"]},{\"@type\":\"Person\",\"@id\":\"https:\\\/\\\/informante.mx\\\/#\\\/schema\\\/person\\\/3eff91989d2ea76b0a330b416325946c\",\"name\":\"InformanteMX\",\"image\":{\"@type\":\"ImageObject\",\"inLanguage\":\"es\",\"@id\":\"https:\\\/\\\/secure.gravatar.com\\\/avatar\\\/10d802aa739e832aedd2f3fd8544d878871eb22e6ca86fe9a548573e34a28f0e?s=96&d=mm&r=g\",\"url\":\"https:\\\/\\\/secure.gravatar.com\\\/avatar\\\/10d802aa739e832aedd2f3fd8544d878871eb22e6ca86fe9a548573e34a28f0e?s=96&d=mm&r=g\",\"contentUrl\":\"https:\\\/\\\/secure.gravatar.com\\\/avatar\\\/10d802aa739e832aedd2f3fd8544d878871eb22e6ca86fe9a548573e34a28f0e?s=96&d=mm&r=g\",\"caption\":\"InformanteMX\"},\"url\":\"https:\\\/\\\/informante.mx\\\/?author=1\"}]}<\/script>\n<!-- \/ Yoast SEO plugin. -->","yoast_head_json":{"title":"Incidente en Tren Maya se debi\u00f3 a fallas mec\u00e1nicas: Sedena - Informante.mx","robots":{"index":"index","follow":"follow","max-snippet":"max-snippet:-1","max-image-preview":"max-image-preview:large","max-video-preview":"max-video-preview:-1"},"canonical":"https:\/\/informante.mx\/?p=31767","og_locale":"es_ES","og_type":"article","og_title":"Incidente en Tren Maya se debi\u00f3 a fallas mec\u00e1nicas: Sedena - Informante.mx","og_description":"Luis Cresencio Sandoval inform\u00f3 que las primeras indagatorias se\u00f1alan que el fallo en el Tren Maya el pasado 25 de marzo se debi\u00f3 a una falla mec\u00e1nica.","og_url":"https:\/\/informante.mx\/?p=31767","og_site_name":"Informante.mx","article_publisher":"https:\/\/www.facebook.com\/MX.Informante","article_published_time":"2024-04-02T18:30:29+00:00","article_modified_time":"2024-04-02T18:30:34+00:00","og_image":[{"width":683,"height":382,"url":"https:\/\/informante.mx\/wp-content\/uploads\/2023\/09\/Tren-Maya.jpg","type":"image\/jpeg"}],"author":"InformanteMX","twitter_card":"summary_large_image","twitter_creator":"@mx_informante","twitter_site":"@mx_informante","twitter_misc":{"Escrito por":"InformanteMX","Tiempo de lectura":"1 minuto"},"schema":{"@context":"https:\/\/schema.org","@graph":[{"@type":"NewsArticle","@id":"https:\/\/informante.mx\/?p=31767#article","isPartOf":{"@id":"https:\/\/informante.mx\/?p=31767"},"author":{"name":"InformanteMX","@id":"https:\/\/informante.mx\/#\/schema\/person\/3eff91989d2ea76b0a330b416325946c"},"headline":"Incidente en Tren Maya se debi\u00f3 a fallas mec\u00e1nicas: Sedena","datePublished":"2024-04-02T18:30:29+00:00","dateModified":"2024-04-02T18:30:34+00:00","mainEntityOfPage":{"@id":"https:\/\/informante.mx\/?p=31767"},"wordCount":269,"commentCount":0,"publisher":{"@id":"https:\/\/informante.mx\/#organization"},"image":{"@id":"https:\/\/informante.mx\/?p=31767#primaryimage"},"thumbnailUrl":"https:\/\/informante.mx\/wp-content\/uploads\/2023\/09\/Tren-Maya.jpg","keywords":["Gobierno","Nacional"],"articleSection":["Nacional"],"inLanguage":"es","potentialAction":[{"@type":"CommentAction","name":"Comment","target":["https:\/\/informante.mx\/?p=31767#respond"]}]},{"@type":"WebPage","@id":"https:\/\/informante.mx\/?p=31767","url":"https:\/\/informante.mx\/?p=31767","name":"Incidente en Tren Maya se debi\u00f3 a fallas mec\u00e1nicas: Sedena - Informante.mx","isPartOf":{"@id":"https:\/\/informante.mx\/#website"},"primaryImageOfPage":{"@id":"https:\/\/informante.mx\/?p=31767#primaryimage"},"image":{"@id":"https:\/\/informante.mx\/?p=31767#primaryimage"},"thumbnailUrl":"https:\/\/informante.mx\/wp-content\/uploads\/2023\/09\/Tren-Maya.jpg","datePublished":"2024-04-02T18:30:29+00:00","dateModified":"2024-04-02T18:30:34+00:00","breadcrumb":{"@id":"https:\/\/informante.mx\/?p=31767#breadcrumb"},"inLanguage":"es","potentialAction":[{"@type":"ReadAction","target":["https:\/\/informante.mx\/?p=31767"]}]},{"@type":"ImageObject","inLanguage":"es","@id":"https:\/\/informante.mx\/?p=31767#primaryimage","url":"https:\/\/informante.mx\/wp-content\/uploads\/2023\/09\/Tren-Maya.jpg","contentUrl":"https:\/\/informante.mx\/wp-content\/uploads\/2023\/09\/Tren-Maya.jpg","width":683,"height":382},{"@type":"BreadcrumbList","@id":"https:\/\/informante.mx\/?p=31767#breadcrumb","itemListElement":[{"@type":"ListItem","position":1,"name":"Portada","item":"https:\/\/informante.mx\/"},{"@type":"ListItem","position":2,"name":"Incidente en Tren Maya se debi\u00f3 a fallas mec\u00e1nicas: Sedena"}]},{"@type":"WebSite","@id":"https:\/\/informante.mx\/#website","url":"https:\/\/informante.mx\/","name":"Informante.mx","description":"","publisher":{"@id":"https:\/\/informante.mx\/#organization"},"potentialAction":[{"@type":"SearchAction","target":{"@type":"EntryPoint","urlTemplate":"https:\/\/informante.mx\/?s={search_term_string}"},"query-input":{"@type":"PropertyValueSpecification","valueRequired":true,"valueName":"search_term_string"}}],"inLanguage":"es"},{"@type":"Organization","@id":"https:\/\/informante.mx\/#organization","name":"Informante.mx","url":"https:\/\/informante.mx\/","logo":{"@type":"ImageObject","inLanguage":"es","@id":"https:\/\/informante.mx\/#\/schema\/logo\/image\/","url":"https:\/\/informante.mx\/wp-content\/uploads\/2019\/12\/cropped-LOGO-Verde-Apaisado-1024x360O-1.png","contentUrl":"https:\/\/informante.mx\/wp-content\/uploads\/2019\/12\/cropped-LOGO-Verde-Apaisado-1024x360O-1.png","width":923,"height":180,"caption":"Informante.mx"},"image":{"@id":"https:\/\/informante.mx\/#\/schema\/logo\/image\/"},"sameAs":["https:\/\/www.facebook.com\/MX.Informante","https:\/\/x.com\/mx_informante"]},{"@type":"Person","@id":"https:\/\/informante.mx\/#\/schema\/person\/3eff91989d2ea76b0a330b416325946c","name":"InformanteMX","image":{"@type":"ImageObject","inLanguage":"es","@id":"https:\/\/secure.gravatar.com\/avatar\/10d802aa739e832aedd2f3fd8544d878871eb22e6ca86fe9a548573e34a28f0e?s=96&d=mm&r=g","url":"https:\/\/secure.gravatar.com\/avatar\/10d802aa739e832aedd2f3fd8544d878871eb22e6ca86fe9a548573e34a28f0e?s=96&d=mm&r=g","contentUrl":"https:\/\/secure.gravatar.com\/avatar\/10d802aa739e832aedd2f3fd8544d878871eb22e6ca86fe9a548573e34a28f0e?s=96&d=mm&r=g","caption":"InformanteMX"},"url":"https:\/\/informante.mx\/?author=1"}]}},"jetpack_featured_media_url":"https:\/\/informante.mx\/wp-content\/uploads\/2023\/09\/Tren-Maya.jpg","uagb_featured_image_src":{"full":["https:\/\/informante.mx\/wp-content\/uploads\/2023\/09\/Tren-Maya.jpg",683,382,false],"thumbnail":["https:\/\/informante.mx\/wp-content\/uploads\/2023\/09\/Tren-Maya-150x84.jpg",150,84,true],"medium":["https:\/\/informante.mx\/wp-content\/uploads\/2023\/09\/Tren-Maya-300x168.jpg",300,168,true],"medium_large":["https:\/\/informante.mx\/wp-content\/uploads\/2023\/09\/Tren-Maya.jpg",640,358,false],"large":["https:\/\/informante.mx\/wp-content\/uploads\/2023\/09\/Tren-Maya.jpg",640,358,false],"1536x1536":["https:\/\/informante.mx\/wp-content\/uploads\/2023\/09\/Tren-Maya.jpg",683,382,false],"2048x2048":["https:\/\/informante.mx\/wp-content\/uploads\/2023\/09\/Tren-Maya.jpg",683,382,false],"td_0x420":["https:\/\/informante.mx\/wp-content\/uploads\/2023\/09\/Tren-Maya.jpg",683,382,false],"td_0x420_retina":["https:\/\/informante.mx\/wp-content\/uploads\/2023\/09\/Tren-Maya.jpg",683,382,false],"td_80x60":["https:\/\/informante.mx\/wp-content\/uploads\/2023\/09\/Tren-Maya-80x60.jpg",80,60,true],"td_80x60_retina":["https:\/\/informante.mx\/wp-content\/uploads\/2023\/09\/Tren-Maya-160x120.jpg",160,120,true],"td_100x75":["https:\/\/informante.mx\/wp-content\/uploads\/2023\/09\/Tren-Maya-100x75.jpg",100,75,true],"td_100x75_retina":["https:\/\/informante.mx\/wp-content\/uploads\/2023\/09\/Tren-Maya-200x150.jpg",200,150,true],"td_180x135":["https:\/\/informante.mx\/wp-content\/uploads\/2023\/09\/Tren-Maya-180x135.jpg",180,135,true],"td_180x135_retina":["https:\/\/informante.mx\/wp-content\/uploads\/2023\/09\/Tren-Maya-360x270.jpg",360,270,true],"td_238x178":["https:\/\/informante.mx\/wp-content\/uploads\/2023\/09\/Tren-Maya-238x178.jpg",238,178,true],"td_238x178_retina":["https:\/\/informante.mx\/wp-content\/uploads\/2023\/09\/Tren-Maya-476x356.jpg",476,356,true],"td_265x198":["https:\/\/informante.mx\/wp-content\/uploads\/2023\/09\/Tren-Maya-265x198.jpg",265,198,true],"td_265x198_retina":["https:\/\/informante.mx\/wp-content\/uploads\/2023\/09\/Tren-Maya-530x382.jpg",530,382,true],"td_300x160":["https:\/\/informante.mx\/wp-content\/uploads\/2023\/09\/Tren-Maya-300x160.jpg",300,160,true],"td_300x160_retina":["https:\/\/informante.mx\/wp-content\/uploads\/2023\/09\/Tren-Maya-600x320.jpg",600,320,true],"td_300x194":["https:\/\/informante.mx\/wp-content\/uploads\/2023\/09\/Tren-Maya-300x194.jpg",300,194,true],"td_300x194_retina":["https:\/\/informante.mx\/wp-content\/uploads\/2023\/09\/Tren-Maya-600x382.jpg",600,382,true],"td_300x350":["https:\/\/informante.mx\/wp-content\/uploads\/2023\/09\/Tren-Maya-300x350.jpg",300,350,true],"td_300x350_retina":["https:\/\/informante.mx\/wp-content\/uploads\/2023\/09\/Tren-Maya-600x382.jpg",600,382,true],"td_341x220":["https:\/\/informante.mx\/wp-content\/uploads\/2023\/09\/Tren-Maya-341x220.jpg",341,220,true],"td_341x220_retina":["https:\/\/informante.mx\/wp-content\/uploads\/2023\/09\/Tren-Maya.jpg",682,381,false],"td_341x400":["https:\/\/informante.mx\/wp-content\/uploads\/2023\/09\/Tren-Maya-341x382.jpg",341,382,true],"td_341x400_retina":["https:\/\/informante.mx\/wp-content\/uploads\/2023\/09\/Tren-Maya.jpg",682,381,false],"td_511x400":["https:\/\/informante.mx\/wp-content\/uploads\/2023\/09\/Tren-Maya-511x382.jpg",511,382,true],"td_511x400_retina":["https:\/\/informante.mx\/wp-content\/uploads\/2023\/09\/Tren-Maya.jpg",683,382,false],"td_537x360":["https:\/\/informante.mx\/wp-content\/uploads\/2023\/09\/Tren-Maya-537x360.jpg",537,360,true],"td_537x360_retina":["https:\/\/informante.mx\/wp-content\/uploads\/2023\/09\/Tren-Maya.jpg",683,382,false],"td_640x0":["https:\/\/informante.mx\/wp-content\/uploads\/2023\/09\/Tren-Maya-640x358.jpg",640,358,true],"td_640x0_retina":["https:\/\/informante.mx\/wp-content\/uploads\/2023\/09\/Tren-Maya.jpg",683,382,false],"td_640x350":["https:\/\/informante.mx\/wp-content\/uploads\/2023\/09\/Tren-Maya-640x350.jpg",640,350,true],"td_640x350_retina":["https:\/\/informante.mx\/wp-content\/uploads\/2023\/09\/Tren-Maya.jpg",683,382,false],"td_681x0":["https:\/\/informante.mx\/wp-content\/uploads\/2023\/09\/Tren-Maya-681x381.jpg",681,381,true],"td_681x0_retina":["https:\/\/informante.mx\/wp-content\/uploads\/2023\/09\/Tren-Maya.jpg",683,382,false],"td_681x400":["https:\/\/informante.mx\/wp-content\/uploads\/2023\/09\/Tren-Maya-681x382.jpg",681,382,true],"td_681x400_retina":["https:\/\/informante.mx\/wp-content\/uploads\/2023\/09\/Tren-Maya.jpg",683,382,false],"td_741x486":["https:\/\/informante.mx\/wp-content\/uploads\/2023\/09\/Tren-Maya.jpg",683,382,false],"td_741x486_retina":["https:\/\/informante.mx\/wp-content\/uploads\/2023\/09\/Tren-Maya.jpg",683,382,false],"td_1021x580":["https:\/\/informante.mx\/wp-content\/uploads\/2023\/09\/Tren-Maya.jpg",683,382,false],"td_1021x580_retina":["https:\/\/informante.mx\/wp-content\/uploads\/2023\/09\/Tren-Maya.jpg",683,382,false]},"uagb_author_info":{"display_name":"InformanteMX","author_link":"https:\/\/informante.mx\/?author=1"},"uagb_comment_info":0,"uagb_excerpt":"Luis Cresencio Sandoval inform\u00f3 que las primeras indagatorias se\u00f1alan que el fallo en el Tren Maya el pasado 25 de marzo se debi\u00f3 a una falla mec\u00e1nica.","_links":{"self":[{"href":"https:\/\/informante.mx\/index.php?rest_route=\/wp\/v2\/posts\/31767","targetHints":{"allow":["GET"]}}],"collection":[{"href":"https:\/\/informante.mx\/index.php?rest_route=\/wp\/v2\/posts"}],"about":[{"href":"https:\/\/informante.mx\/index.php?rest_route=\/wp\/v2\/types\/post"}],"author":[{"embeddable":true,"href":"https:\/\/informante.mx\/index.php?rest_route=\/wp\/v2\/users\/1"}],"replies":[{"embeddable":true,"href":"https:\/\/informante.mx\/index.php?rest_route=%2Fwp%2Fv2%2Fcomments&post=31767"}],"version-history":[{"count":1,"href":"https:\/\/informante.mx\/index.php?rest_route=\/wp\/v2\/posts\/31767\/revisions"}],"predecessor-version":[{"id":31768,"href":"https:\/\/informante.mx\/index.php?rest_route=\/wp\/v2\/posts\/31767\/revisions\/31768"}],"wp:featuredmedia":[{"embeddable":true,"href":"https:\/\/informante.mx\/index.php?rest_route=\/wp\/v2\/media\/23332"}],"wp:attachment":[{"href":"https:\/\/informante.mx\/index.php?rest_route=%2Fwp%2Fv2%2Fmedia&parent=31767"}],"wp:term":[{"taxonomy":"category","embeddable":true,"href":"https:\/\/informante.mx\/index.php?rest_route=%2Fwp%2Fv2%2Fcategories&post=31767"},{"taxonomy":"post_tag","embeddable":true,"href":"https:\/\/informante.mx\/index.php?rest_route=%2Fwp%2Fv2%2Ftags&post=31767"}],"curies":[{"name":"wp","href":"https:\/\/api.w.org\/{rel}","templated":true}]}}