{"id":29689,"date":"2024-02-13T22:09:06","date_gmt":"2024-02-14T04:09:06","guid":{"rendered":"https:\/\/informante.mx\/?p=29689"},"modified":"2024-02-13T22:09:13","modified_gmt":"2024-02-14T04:09:13","slug":"sostiene-alcalde-jm-unanue-reunion-con-representantes-de-planteles-educativos-por-trabajos-en-puente-de-boca-del-rio","status":"publish","type":"post","link":"https:\/\/informante.mx\/?p=29689","title":{"rendered":"Sostiene Alcalde JM Un\u00e1nue reuni\u00f3n con representantes de planteles educativos por trabajos en puente de Boca del R\u00edo"},"content":{"rendered":"\n<h2 class=\"wp-block-heading\">\u2022 <em>En dicha reuni\u00f3n, el edil explic\u00f3 a detalle los pormenores del operativo vial que se implementar\u00e1 a partir de este jueves 15 de febrero por los trabajos de rehabilitaci\u00f3n a cargo de la Secretar\u00eda de Infraestructura, Comunicaciones y Transportes del Gobierno Federal<\/em><\/h2>\n\n\n\n<p><strong>Redacci\u00f3n Informante<\/strong><\/p>\n\n\n\n<p>Con la finalidad de dar a conocer el operativo vial que iniciar\u00e1 este jueves 15 de febrero por trabajos de la SICT en el puente de Boca del R\u00edo, el alcalde Juan Manuel Un\u00e1nue Abascal, sostuvo una reuni\u00f3n preventiva con representantes de diferentes planteles educativos de la zona.<\/p>\n\n\n\n<p>En dicha reuni\u00f3n, el edil explic\u00f3 a detalle los pormenores del operativo que tendr\u00e1 una duraci\u00f3n de tres semanas por los trabajos de rehabilitaci\u00f3n en los carriles de sur a norte de dicho puente.<\/p>\n\n\n\n<p>\u201cNuestro inter\u00e9s es reunirnos con los diferentes sectores de la zona, por ello nos reunimos con ustedes, propietarios y directivos de planteles educativos para informales sobre el operativo vial y del mismo modo, sugerir alternativas que aporten en sus tiempos de traslado\u201d, expuso el alcalde.<\/p>\n\n\n\n<p>Los representantes educativos presentes, receptivos al informe, agradecieron al ejecutivo su apertura por reunirlos e informales de manera personal, por lo que tomar\u00e1n las previsiones con sus comunidades estudiantiles, docentes y administrativos para ayudar a minimizar el tr\u00e1fico en la zona.<\/p>\n\n\n\n<p>A la cita acudieron representantes de las siguientes instituciones: Instituto Cumbres, Green Oaks School, Instituto Tecnol\u00f3gico de Boca del R\u00edo, Colegio Biling\u00fce B\u00e1ltico, Colegio Taj\u00edn y Keyston, Colegio Mexicano de Veracruz, as\u00ed como el Colegio de Inteligencias M\u00faltiples y la Universidad Tec Milenio.<\/p>\n\n\n\n<p>Por \u00faltimo, Juan Manuel Un\u00e1nue Abascal, Presidente Municipal de Boca del R\u00edo, enfatiz\u00f3 que su gobierno estar\u00e1 al pendiente del operativo vial a trav\u00e9s de los elementos de Tr\u00e1nsito Municipal, por lo que solicita a los ciudadanos atender los ordenamientos y as\u00ed mantener una vialidad continua durante las tres semanas que durar\u00e1 la obra federal.<\/p>\n\n\n\n<h2 class=\"wp-block-heading\"><em>PUNTOS DE CIRCULACI\u00d3N<\/em><\/h2>\n\n\n\n<p>**20 elementos de la direcci\u00f3n de Tr\u00e1nsito Municipal iniciar\u00e1n actividades desde las 6 de la ma\u00f1ana y hasta las 10 de la noche, comenzando a la bajada del puente del Estero hasta la uni\u00f3n con el carril que llega de Paso del Toro para cruzar el puente.<\/p>\n\n\n\n<p>**Se instalar\u00e1n barreras de vialidad para crear un carril continuo para quienes circulan de Playa de Vacas a Boca del R\u00edo y puedan accesar a la calle que se encuentra entre una empresa ferretera y la Iglesia, incorpor\u00e1ndose al bulevar Miguel Alem\u00e1n.<\/p>\n\n\n\n<p>**Los sem\u00e1foros del bulevar Miguel Alem\u00e1n desde la esquina del Tianguis de Boca del R\u00edo, la avenida Independencia y La Tampiquera se mantendr\u00e1n en destello con presencia de elementos de tr\u00e1nsito.<\/p>\n\n\n\n<p>**Los accesos a la cabecera municipal en sentido norte-sur, ser\u00e1n dos, el primero por el bulevar Vicente Fox y a la altura de los sem\u00e1foros del Tianguis de Boca del R\u00edo.<\/p>\n\n\n\n<p>**El retorno de Bomberos Conurbados (sur-norte) permanecer\u00e1 cerrado al igual que el retorno que est\u00e1 a la altura del DIF de Boca del R\u00edo para entrar por la avenida Veracruz (norte-sur).<\/p>\n\n\n\n<p>**Los veh\u00edculos que vienen en la direcci\u00f3n de El Dorado (sur-norte) podr\u00e1n retornar \u00fanicamente por la glorieta ubicada frente al DIF de Boca del R\u00edo.<\/p>\n\n\n\n<hr class=\"wp-block-separator has-alpha-channel-opacity\"\/>\n\n\n\n<p class=\"has-text-align-center\" style=\"font-size:17px\"><strong><i>Toda la informaci\u00f3n que necesitas saber la encuentras en nuestras <\/i><strong style=\"\"><em style=\"font-style: italic;\">redes sociales y canal de <\/em><\/strong><\/strong><a href=\"https:\/\/t.me\/informantemx\" target=\"_blank\" rel=\"noreferrer noopener\"><strong><em>Telegram<\/em><\/strong><\/a>. <\/p>\n\n\n\n<p class=\"has-text-align-center\" style=\"font-size:17px\"><strong><em>!\u00danete!<\/em><\/strong><\/p>\n\n\n\n<div class=\"wp-block-uagb-image aligncenter uagb-block-3acd28e8 wp-block-uagb-image--layout-default wp-block-uagb-image--effect-zoomin wp-block-uagb-image--align-center\"><figure class=\"wp-block-uagb-image__figure\"><a class=\"\" href=\"https:\/\/t.me\/informantemx\" target=\"\" rel=\"noopener\"><img decoding=\"async\" srcset=\"https:\/\/informante.mx\/wp-content\/uploads\/2023\/08\/Banner-Telegram-Verde-800x60-1.png ,https:\/\/informante.mx\/wp-content\/uploads\/2023\/08\/Banner-Telegram-Verde-800x60-1.png 780w, https:\/\/informante.mx\/wp-content\/uploads\/2023\/08\/Banner-Telegram-Verde-800x60-1.png 360w\" sizes=\"auto, (max-width: 480px) 150px\" src=\"https:\/\/informante.mx\/wp-content\/uploads\/2023\/08\/Banner-Telegram-Verde-800x60-1.png\" alt=\"\" class=\"uag-image-23275\" width=\"800\" height=\"60\" title=\"\" loading=\"lazy\" role=\"img\"\/><\/a><\/figure><\/div>\n\n\n\n<div class=\"wp-block-uagb-image aligncenter uagb-block-45ea2b31 wp-block-uagb-image--layout-default wp-block-uagb-image--effect-zoomin wp-block-uagb-image--align-center\"><figure class=\"wp-block-uagb-image__figure\"><a class=\"\" href=\"https:\/\/www.facebook.com\/MX.Informante\" target=\"\" rel=\"noopener\"><img decoding=\"async\" srcset=\"https:\/\/informante.mx\/wp-content\/uploads\/2023\/08\/Banner-Facebook-Verde-800x60-1.png ,https:\/\/informante.mx\/wp-content\/uploads\/2023\/08\/Banner-Facebook-Verde-800x60-1.png 780w, https:\/\/informante.mx\/wp-content\/uploads\/2023\/08\/Banner-Facebook-Verde-800x60-1.png 360w\" sizes=\"auto, (max-width: 480px) 150px\" src=\"https:\/\/informante.mx\/wp-content\/uploads\/2023\/08\/Banner-Facebook-Verde-800x60-1.png\" alt=\"\" class=\"uag-image-23274\" width=\"800\" height=\"60\" title=\"\" loading=\"lazy\" role=\"img\"\/><\/a><\/figure><\/div>\n\n\n\n<div class=\"wp-block-uagb-image aligncenter uagb-block-2ce4c51b wp-block-uagb-image--layout-default wp-block-uagb-image--effect-zoomin wp-block-uagb-image--align-center\"><figure class=\"wp-block-uagb-image__figure\"><a class=\"\" href=\"https:\/\/twitter.com\/mx_informante\" target=\"\" rel=\"noopener\"><img decoding=\"async\" srcset=\"https:\/\/informante.mx\/wp-content\/uploads\/2023\/08\/Banner-Twitter-Verde-800x60-1.png ,https:\/\/informante.mx\/wp-content\/uploads\/2023\/08\/Banner-Twitter-Verde-800x60-1.png 780w, https:\/\/informante.mx\/wp-content\/uploads\/2023\/08\/Banner-Twitter-Verde-800x60-1.png 360w\" sizes=\"auto, (max-width: 480px) 150px\" src=\"https:\/\/informante.mx\/wp-content\/uploads\/2023\/08\/Banner-Twitter-Verde-800x60-1.png\" alt=\"\" class=\"uag-image-23273\" width=\"800\" height=\"60\" title=\"\" loading=\"lazy\" role=\"img\"\/><\/a><\/figure><\/div>\n\n\n\n<div style=\"height:50px\" aria-hidden=\"true\" class=\"wp-block-spacer\"><\/div>\n","protected":false},"excerpt":{"rendered":"<p>El edil explic\u00f3 a detalle los pormenores del operativo vial que se implementar\u00e1.<\/p>\n","protected":false},"author":1,"featured_media":0,"comment_status":"open","ping_status":"closed","sticky":false,"template":"","format":"standard","meta":{"_uag_custom_page_level_css":"","jetpack_post_was_ever_published":false,"footnotes":""},"categories":[4],"tags":[34,32,33],"class_list":["post-29689","post","type-post","status-publish","format-standard","hentry","category-estatal","tag-boca-del-rio","tag-estado","tag-veracruz"],"yoast_head":"<!-- This site is optimized with the Yoast SEO plugin v27.3 - https:\/\/yoast.com\/product\/yoast-seo-wordpress\/ -->\n<title>Sostiene Alcalde JM Un\u00e1nue reuni\u00f3n con representantes de planteles educativos por trabajos en puente de Boca del R\u00edo - Informante.mx<\/title>\n<meta name=\"robots\" content=\"index, follow, max-snippet:-1, max-image-preview:large, max-video-preview:-1\" \/>\n<link rel=\"canonical\" href=\"https:\/\/informante.mx\/?p=29689\" \/>\n<meta property=\"og:locale\" content=\"es_ES\" \/>\n<meta property=\"og:type\" content=\"article\" \/>\n<meta property=\"og:title\" content=\"Sostiene Alcalde JM Un\u00e1nue reuni\u00f3n con representantes de planteles educativos por trabajos en puente de Boca del R\u00edo - Informante.mx\" \/>\n<meta property=\"og:description\" content=\"El edil explic\u00f3 a detalle los pormenores del operativo vial que se implementar\u00e1.\" \/>\n<meta property=\"og:url\" content=\"https:\/\/informante.mx\/?p=29689\" \/>\n<meta property=\"og:site_name\" content=\"Informante.mx\" \/>\n<meta property=\"article:publisher\" content=\"https:\/\/www.facebook.com\/MX.Informante\" \/>\n<meta property=\"article:published_time\" content=\"2024-02-14T04:09:06+00:00\" \/>\n<meta property=\"article:modified_time\" content=\"2024-02-14T04:09:13+00:00\" \/>\n<meta property=\"og:image\" content=\"https:\/\/informante.mx\/wp-content\/uploads\/2024\/02\/Boca-del-Rio-4.jpg\" \/>\n\t<meta property=\"og:image:width\" content=\"1280\" \/>\n\t<meta property=\"og:image:height\" content=\"854\" \/>\n\t<meta property=\"og:image:type\" content=\"image\/jpeg\" \/>\n<meta name=\"author\" content=\"InformanteMX\" \/>\n<meta name=\"twitter:card\" content=\"summary_large_image\" \/>\n<meta name=\"twitter:creator\" content=\"@mx_informante\" \/>\n<meta name=\"twitter:site\" content=\"@mx_informante\" \/>\n<meta name=\"twitter:label1\" content=\"Escrito por\" \/>\n\t<meta name=\"twitter:data1\" content=\"InformanteMX\" \/>\n\t<meta name=\"twitter:label2\" content=\"Tiempo de lectura\" \/>\n\t<meta name=\"twitter:data2\" content=\"3 minutos\" \/>\n<script type=\"application\/ld+json\" class=\"yoast-schema-graph\">{\"@context\":\"https:\\\/\\\/schema.org\",\"@graph\":[{\"@type\":\"NewsArticle\",\"@id\":\"https:\\\/\\\/informante.mx\\\/?p=29689#article\",\"isPartOf\":{\"@id\":\"https:\\\/\\\/informante.mx\\\/?p=29689\"},\"author\":{\"name\":\"InformanteMX\",\"@id\":\"https:\\\/\\\/informante.mx\\\/#\\\/schema\\\/person\\\/3eff91989d2ea76b0a330b416325946c\"},\"headline\":\"Sostiene Alcalde JM Un\u00e1nue reuni\u00f3n con representantes de planteles educativos por trabajos en puente de Boca del R\u00edo\",\"datePublished\":\"2024-02-14T04:09:06+00:00\",\"dateModified\":\"2024-02-14T04:09:13+00:00\",\"mainEntityOfPage\":{\"@id\":\"https:\\\/\\\/informante.mx\\\/?p=29689\"},\"wordCount\":579,\"commentCount\":0,\"publisher\":{\"@id\":\"https:\\\/\\\/informante.mx\\\/#organization\"},\"keywords\":[\"Boca del R\u00edo\",\"Estado\",\"Veracruz\"],\"articleSection\":[\"Estatal\"],\"inLanguage\":\"es\",\"potentialAction\":[{\"@type\":\"CommentAction\",\"name\":\"Comment\",\"target\":[\"https:\\\/\\\/informante.mx\\\/?p=29689#respond\"]}]},{\"@type\":\"WebPage\",\"@id\":\"https:\\\/\\\/informante.mx\\\/?p=29689\",\"url\":\"https:\\\/\\\/informante.mx\\\/?p=29689\",\"name\":\"Sostiene Alcalde JM Un\u00e1nue reuni\u00f3n con representantes de planteles educativos por trabajos en puente de Boca del R\u00edo - Informante.mx\",\"isPartOf\":{\"@id\":\"https:\\\/\\\/informante.mx\\\/#website\"},\"datePublished\":\"2024-02-14T04:09:06+00:00\",\"dateModified\":\"2024-02-14T04:09:13+00:00\",\"breadcrumb\":{\"@id\":\"https:\\\/\\\/informante.mx\\\/?p=29689#breadcrumb\"},\"inLanguage\":\"es\",\"potentialAction\":[{\"@type\":\"ReadAction\",\"target\":[\"https:\\\/\\\/informante.mx\\\/?p=29689\"]}]},{\"@type\":\"BreadcrumbList\",\"@id\":\"https:\\\/\\\/informante.mx\\\/?p=29689#breadcrumb\",\"itemListElement\":[{\"@type\":\"ListItem\",\"position\":1,\"name\":\"Portada\",\"item\":\"https:\\\/\\\/informante.mx\\\/\"},{\"@type\":\"ListItem\",\"position\":2,\"name\":\"Sostiene Alcalde JM Un\u00e1nue reuni\u00f3n con representantes de planteles educativos por trabajos en puente de Boca del R\u00edo\"}]},{\"@type\":\"WebSite\",\"@id\":\"https:\\\/\\\/informante.mx\\\/#website\",\"url\":\"https:\\\/\\\/informante.mx\\\/\",\"name\":\"Informante.mx\",\"description\":\"\",\"publisher\":{\"@id\":\"https:\\\/\\\/informante.mx\\\/#organization\"},\"potentialAction\":[{\"@type\":\"SearchAction\",\"target\":{\"@type\":\"EntryPoint\",\"urlTemplate\":\"https:\\\/\\\/informante.mx\\\/?s={search_term_string}\"},\"query-input\":{\"@type\":\"PropertyValueSpecification\",\"valueRequired\":true,\"valueName\":\"search_term_string\"}}],\"inLanguage\":\"es\"},{\"@type\":\"Organization\",\"@id\":\"https:\\\/\\\/informante.mx\\\/#organization\",\"name\":\"Informante.mx\",\"url\":\"https:\\\/\\\/informante.mx\\\/\",\"logo\":{\"@type\":\"ImageObject\",\"inLanguage\":\"es\",\"@id\":\"https:\\\/\\\/informante.mx\\\/#\\\/schema\\\/logo\\\/image\\\/\",\"url\":\"https:\\\/\\\/informante.mx\\\/wp-content\\\/uploads\\\/2019\\\/12\\\/cropped-LOGO-Verde-Apaisado-1024x360O-1.png\",\"contentUrl\":\"https:\\\/\\\/informante.mx\\\/wp-content\\\/uploads\\\/2019\\\/12\\\/cropped-LOGO-Verde-Apaisado-1024x360O-1.png\",\"width\":923,\"height\":180,\"caption\":\"Informante.mx\"},\"image\":{\"@id\":\"https:\\\/\\\/informante.mx\\\/#\\\/schema\\\/logo\\\/image\\\/\"},\"sameAs\":[\"https:\\\/\\\/www.facebook.com\\\/MX.Informante\",\"https:\\\/\\\/x.com\\\/mx_informante\"]},{\"@type\":\"Person\",\"@id\":\"https:\\\/\\\/informante.mx\\\/#\\\/schema\\\/person\\\/3eff91989d2ea76b0a330b416325946c\",\"name\":\"InformanteMX\",\"image\":{\"@type\":\"ImageObject\",\"inLanguage\":\"es\",\"@id\":\"https:\\\/\\\/secure.gravatar.com\\\/avatar\\\/10d802aa739e832aedd2f3fd8544d878871eb22e6ca86fe9a548573e34a28f0e?s=96&d=mm&r=g\",\"url\":\"https:\\\/\\\/secure.gravatar.com\\\/avatar\\\/10d802aa739e832aedd2f3fd8544d878871eb22e6ca86fe9a548573e34a28f0e?s=96&d=mm&r=g\",\"contentUrl\":\"https:\\\/\\\/secure.gravatar.com\\\/avatar\\\/10d802aa739e832aedd2f3fd8544d878871eb22e6ca86fe9a548573e34a28f0e?s=96&d=mm&r=g\",\"caption\":\"InformanteMX\"},\"url\":\"https:\\\/\\\/informante.mx\\\/?author=1\"}]}<\/script>\n<!-- \/ Yoast SEO plugin. -->","yoast_head_json":{"title":"Sostiene Alcalde JM Un\u00e1nue reuni\u00f3n con representantes de planteles educativos por trabajos en puente de Boca del R\u00edo - Informante.mx","robots":{"index":"index","follow":"follow","max-snippet":"max-snippet:-1","max-image-preview":"max-image-preview:large","max-video-preview":"max-video-preview:-1"},"canonical":"https:\/\/informante.mx\/?p=29689","og_locale":"es_ES","og_type":"article","og_title":"Sostiene Alcalde JM Un\u00e1nue reuni\u00f3n con representantes de planteles educativos por trabajos en puente de Boca del R\u00edo - Informante.mx","og_description":"El edil explic\u00f3 a detalle los pormenores del operativo vial que se implementar\u00e1.","og_url":"https:\/\/informante.mx\/?p=29689","og_site_name":"Informante.mx","article_publisher":"https:\/\/www.facebook.com\/MX.Informante","article_published_time":"2024-02-14T04:09:06+00:00","article_modified_time":"2024-02-14T04:09:13+00:00","og_image":[{"width":1280,"height":854,"url":"https:\/\/informante.mx\/wp-content\/uploads\/2024\/02\/Boca-del-Rio-4.jpg","type":"image\/jpeg"}],"author":"InformanteMX","twitter_card":"summary_large_image","twitter_creator":"@mx_informante","twitter_site":"@mx_informante","twitter_misc":{"Escrito por":"InformanteMX","Tiempo de lectura":"3 minutos"},"schema":{"@context":"https:\/\/schema.org","@graph":[{"@type":"NewsArticle","@id":"https:\/\/informante.mx\/?p=29689#article","isPartOf":{"@id":"https:\/\/informante.mx\/?p=29689"},"author":{"name":"InformanteMX","@id":"https:\/\/informante.mx\/#\/schema\/person\/3eff91989d2ea76b0a330b416325946c"},"headline":"Sostiene Alcalde JM Un\u00e1nue reuni\u00f3n con representantes de planteles educativos por trabajos en puente de Boca del R\u00edo","datePublished":"2024-02-14T04:09:06+00:00","dateModified":"2024-02-14T04:09:13+00:00","mainEntityOfPage":{"@id":"https:\/\/informante.mx\/?p=29689"},"wordCount":579,"commentCount":0,"publisher":{"@id":"https:\/\/informante.mx\/#organization"},"keywords":["Boca del R\u00edo","Estado","Veracruz"],"articleSection":["Estatal"],"inLanguage":"es","potentialAction":[{"@type":"CommentAction","name":"Comment","target":["https:\/\/informante.mx\/?p=29689#respond"]}]},{"@type":"WebPage","@id":"https:\/\/informante.mx\/?p=29689","url":"https:\/\/informante.mx\/?p=29689","name":"Sostiene Alcalde JM Un\u00e1nue reuni\u00f3n con representantes de planteles educativos por trabajos en puente de Boca del R\u00edo - Informante.mx","isPartOf":{"@id":"https:\/\/informante.mx\/#website"},"datePublished":"2024-02-14T04:09:06+00:00","dateModified":"2024-02-14T04:09:13+00:00","breadcrumb":{"@id":"https:\/\/informante.mx\/?p=29689#breadcrumb"},"inLanguage":"es","potentialAction":[{"@type":"ReadAction","target":["https:\/\/informante.mx\/?p=29689"]}]},{"@type":"BreadcrumbList","@id":"https:\/\/informante.mx\/?p=29689#breadcrumb","itemListElement":[{"@type":"ListItem","position":1,"name":"Portada","item":"https:\/\/informante.mx\/"},{"@type":"ListItem","position":2,"name":"Sostiene Alcalde JM Un\u00e1nue reuni\u00f3n con representantes de planteles educativos por trabajos en puente de Boca del R\u00edo"}]},{"@type":"WebSite","@id":"https:\/\/informante.mx\/#website","url":"https:\/\/informante.mx\/","name":"Informante.mx","description":"","publisher":{"@id":"https:\/\/informante.mx\/#organization"},"potentialAction":[{"@type":"SearchAction","target":{"@type":"EntryPoint","urlTemplate":"https:\/\/informante.mx\/?s={search_term_string}"},"query-input":{"@type":"PropertyValueSpecification","valueRequired":true,"valueName":"search_term_string"}}],"inLanguage":"es"},{"@type":"Organization","@id":"https:\/\/informante.mx\/#organization","name":"Informante.mx","url":"https:\/\/informante.mx\/","logo":{"@type":"ImageObject","inLanguage":"es","@id":"https:\/\/informante.mx\/#\/schema\/logo\/image\/","url":"https:\/\/informante.mx\/wp-content\/uploads\/2019\/12\/cropped-LOGO-Verde-Apaisado-1024x360O-1.png","contentUrl":"https:\/\/informante.mx\/wp-content\/uploads\/2019\/12\/cropped-LOGO-Verde-Apaisado-1024x360O-1.png","width":923,"height":180,"caption":"Informante.mx"},"image":{"@id":"https:\/\/informante.mx\/#\/schema\/logo\/image\/"},"sameAs":["https:\/\/www.facebook.com\/MX.Informante","https:\/\/x.com\/mx_informante"]},{"@type":"Person","@id":"https:\/\/informante.mx\/#\/schema\/person\/3eff91989d2ea76b0a330b416325946c","name":"InformanteMX","image":{"@type":"ImageObject","inLanguage":"es","@id":"https:\/\/secure.gravatar.com\/avatar\/10d802aa739e832aedd2f3fd8544d878871eb22e6ca86fe9a548573e34a28f0e?s=96&d=mm&r=g","url":"https:\/\/secure.gravatar.com\/avatar\/10d802aa739e832aedd2f3fd8544d878871eb22e6ca86fe9a548573e34a28f0e?s=96&d=mm&r=g","contentUrl":"https:\/\/secure.gravatar.com\/avatar\/10d802aa739e832aedd2f3fd8544d878871eb22e6ca86fe9a548573e34a28f0e?s=96&d=mm&r=g","caption":"InformanteMX"},"url":"https:\/\/informante.mx\/?author=1"}]}},"jetpack_featured_media_url":"","uagb_featured_image_src":{"full":false,"thumbnail":false,"medium":false,"medium_large":false,"large":false,"1536x1536":false,"2048x2048":false,"td_0x420":false,"td_0x420_retina":false,"td_80x60":false,"td_80x60_retina":false,"td_100x75":false,"td_100x75_retina":false,"td_180x135":false,"td_180x135_retina":false,"td_238x178":false,"td_238x178_retina":false,"td_265x198":false,"td_265x198_retina":false,"td_300x160":false,"td_300x160_retina":false,"td_300x194":false,"td_300x194_retina":false,"td_300x350":false,"td_300x350_retina":false,"td_341x220":false,"td_341x220_retina":false,"td_341x400":false,"td_341x400_retina":false,"td_511x400":false,"td_511x400_retina":false,"td_537x360":false,"td_537x360_retina":false,"td_640x0":false,"td_640x0_retina":false,"td_640x350":false,"td_640x350_retina":false,"td_681x0":false,"td_681x0_retina":false,"td_681x400":false,"td_681x400_retina":false,"td_741x486":false,"td_741x486_retina":false,"td_1021x580":false,"td_1021x580_retina":false},"uagb_author_info":{"display_name":"InformanteMX","author_link":"https:\/\/informante.mx\/?author=1"},"uagb_comment_info":0,"uagb_excerpt":"El edil explic\u00f3 a detalle los pormenores del operativo vial que se implementar\u00e1.","_links":{"self":[{"href":"https:\/\/informante.mx\/index.php?rest_route=\/wp\/v2\/posts\/29689","targetHints":{"allow":["GET"]}}],"collection":[{"href":"https:\/\/informante.mx\/index.php?rest_route=\/wp\/v2\/posts"}],"about":[{"href":"https:\/\/informante.mx\/index.php?rest_route=\/wp\/v2\/types\/post"}],"author":[{"embeddable":true,"href":"https:\/\/informante.mx\/index.php?rest_route=\/wp\/v2\/users\/1"}],"replies":[{"embeddable":true,"href":"https:\/\/informante.mx\/index.php?rest_route=%2Fwp%2Fv2%2Fcomments&post=29689"}],"version-history":[{"count":1,"href":"https:\/\/informante.mx\/index.php?rest_route=\/wp\/v2\/posts\/29689\/revisions"}],"predecessor-version":[{"id":29691,"href":"https:\/\/informante.mx\/index.php?rest_route=\/wp\/v2\/posts\/29689\/revisions\/29691"}],"wp:attachment":[{"href":"https:\/\/informante.mx\/index.php?rest_route=%2Fwp%2Fv2%2Fmedia&parent=29689"}],"wp:term":[{"taxonomy":"category","embeddable":true,"href":"https:\/\/informante.mx\/index.php?rest_route=%2Fwp%2Fv2%2Fcategories&post=29689"},{"taxonomy":"post_tag","embeddable":true,"href":"https:\/\/informante.mx\/index.php?rest_route=%2Fwp%2Fv2%2Ftags&post=29689"}],"curies":[{"name":"wp","href":"https:\/\/api.w.org\/{rel}","templated":true}]}}