{"id":29640,"date":"2024-02-12T21:23:11","date_gmt":"2024-02-13T03:23:11","guid":{"rendered":"https:\/\/informante.mx\/?p=29640"},"modified":"2024-02-12T21:23:14","modified_gmt":"2024-02-13T03:23:14","slug":"oposicion-presenta-denuncias-contra-funcionarios-para-tener-reflectores-cuitlahuac","status":"publish","type":"post","link":"https:\/\/informante.mx\/?p=29640","title":{"rendered":"Oposici\u00f3n presenta denuncias contra funcionarios para tener reflectores: Cuitl\u00e1huac"},"content":{"rendered":"\n<p><strong>Dario Pale<\/strong><\/p>\n\n\n\n<p><strong>Xalapa, Ver.- <\/strong>El gobernador Cuitl\u00e1huac Garc\u00eda Jim\u00e9nez, opin\u00f3 que el precandidato de la coalici\u00f3n \u201cFuerza y Coraz\u00f3n por Veracruz\u201d, Jos\u00e9 Francisco Yunes Zorrilla, anuncia que presentar\u00e1 o que present\u00f3 denuncias ante la Fiscal\u00eda General del Estado para poder salir en medios de comunicaci\u00f3n, ya que no junta ni a 10 en un caf\u00e9 o en un evento.<\/p>\n\n\n\n<p>Dijo que no ha sido notificado por algunas de las denuncias interpuestas por el precandidato la semana pasada por el presunto desv\u00edo de recursos de su administraci\u00f3n para la campa\u00f1a de Roc\u00edo Nahle.<\/p>\n\n\n\n<p>Acus\u00f3 de incongruente al precandidato de la oposici\u00f3n y sostuvo que se olvidan muchas cosas que antes hizo.<\/p>\n\n\n\n<p>Opin\u00f3 que la estrategia de salir a decir que interpuso denuncias es para tener reflectores en los medios de comunicaci\u00f3n porque no \u201cjunta ni a 10 en un caf\u00e9 o en un sal\u00f3n\u201d, pero diciendo que present\u00f3 denuncias, ya sale en los medios.<\/p>\n\n\n\n<p>Compar\u00f3 las acciones de Pepe Yunes con las llevadas a cabo por X\u00f3chitl G\u00e1lvez, quien constantemente anunciaba que hab\u00eda presentado denuncias contra la administraci\u00f3n de Andr\u00e9s Manuel L\u00f3pez Obrador.<\/p>\n\n\n\n<p>\u201cEs la se\u00f1ora de las denuncias, no s\u00e9 si ahora le est\u00e1 copiando, pero si dice que tiene pruebas que las presente y si es una estrategia de comunicaci\u00f3n, pues bienvenida, porque eso me va a dar la oportunidad a m\u00ed de contestar\u201d, se\u00f1al\u00f3.<\/p>\n\n\n\n<p>Al ser cuestionado si no tiene miedo, respondi\u00f3 preguntando \u201cpero de qu\u00e9\u201d, al contrario, el miedo lo deber\u00eda tener la oposici\u00f3n de la memoria hist\u00f3rica que el pueblo s\u00ed tiene.<\/p>\n\n\n\n<p>Abund\u00f3 que el pueblo no se olvida de las tranzas que antes se hac\u00edan y refiri\u00f3 que el expresidente panista, Felipe Calder\u00f3n, revel\u00f3 una cifra de casi 3 mil millones de pesos.<\/p>\n\n\n\n<p>Por \u00faltimo se\u00f1al\u00f3 que, \u201cY ahora los de su partido est\u00e1n de aplaudidores\u2026 entonces miedo del pueblo que no olvida esas tranzas. El compromiso y ya lo he dicho, quiz\u00e1, por primera vez, el voto libre, secreto y universal que todos los ciudadanos tienen en la Constituci\u00f3n\u201d.<\/p>\n\n\n\n<hr class=\"wp-block-separator has-alpha-channel-opacity\"\/>\n\n\n\n<p class=\"has-text-align-center\" style=\"font-size:17px\"><strong><i>Toda la informaci\u00f3n que necesitas saber la encuentras en nuestras <\/i><strong style=\"\"><em style=\"font-style: italic;\">redes sociales y canal de <\/em><\/strong><\/strong><a href=\"https:\/\/t.me\/informantemx\" target=\"_blank\" rel=\"noreferrer noopener\"><strong><em>Telegram<\/em><\/strong><\/a>. <\/p>\n\n\n\n<p class=\"has-text-align-center\" style=\"font-size:17px\"><strong><em>!\u00danete!<\/em><\/strong><\/p>\n\n\n\n<div class=\"wp-block-uagb-image aligncenter uagb-block-3acd28e8 wp-block-uagb-image--layout-default wp-block-uagb-image--effect-zoomin wp-block-uagb-image--align-center\"><figure class=\"wp-block-uagb-image__figure\"><a class=\"\" href=\"https:\/\/t.me\/informantemx\" target=\"\" rel=\"noopener\"><img decoding=\"async\" srcset=\"https:\/\/informante.mx\/wp-content\/uploads\/2023\/08\/Banner-Telegram-Verde-800x60-1.png ,https:\/\/informante.mx\/wp-content\/uploads\/2023\/08\/Banner-Telegram-Verde-800x60-1.png 780w, https:\/\/informante.mx\/wp-content\/uploads\/2023\/08\/Banner-Telegram-Verde-800x60-1.png 360w\" sizes=\"auto, (max-width: 480px) 150px\" src=\"https:\/\/informante.mx\/wp-content\/uploads\/2023\/08\/Banner-Telegram-Verde-800x60-1.png\" alt=\"\" class=\"uag-image-23275\" width=\"800\" height=\"60\" title=\"\" loading=\"lazy\" role=\"img\"\/><\/a><\/figure><\/div>\n\n\n\n<div class=\"wp-block-uagb-image aligncenter uagb-block-45ea2b31 wp-block-uagb-image--layout-default wp-block-uagb-image--effect-zoomin wp-block-uagb-image--align-center\"><figure class=\"wp-block-uagb-image__figure\"><a class=\"\" href=\"https:\/\/www.facebook.com\/MX.Informante\" target=\"\" rel=\"noopener\"><img decoding=\"async\" srcset=\"https:\/\/informante.mx\/wp-content\/uploads\/2023\/08\/Banner-Facebook-Verde-800x60-1.png ,https:\/\/informante.mx\/wp-content\/uploads\/2023\/08\/Banner-Facebook-Verde-800x60-1.png 780w, https:\/\/informante.mx\/wp-content\/uploads\/2023\/08\/Banner-Facebook-Verde-800x60-1.png 360w\" sizes=\"auto, (max-width: 480px) 150px\" src=\"https:\/\/informante.mx\/wp-content\/uploads\/2023\/08\/Banner-Facebook-Verde-800x60-1.png\" alt=\"\" class=\"uag-image-23274\" width=\"800\" height=\"60\" title=\"\" loading=\"lazy\" role=\"img\"\/><\/a><\/figure><\/div>\n\n\n\n<div class=\"wp-block-uagb-image aligncenter uagb-block-2ce4c51b wp-block-uagb-image--layout-default wp-block-uagb-image--effect-zoomin wp-block-uagb-image--align-center\"><figure class=\"wp-block-uagb-image__figure\"><a class=\"\" href=\"https:\/\/twitter.com\/mx_informante\" target=\"\" rel=\"noopener\"><img decoding=\"async\" srcset=\"https:\/\/informante.mx\/wp-content\/uploads\/2023\/08\/Banner-Twitter-Verde-800x60-1.png ,https:\/\/informante.mx\/wp-content\/uploads\/2023\/08\/Banner-Twitter-Verde-800x60-1.png 780w, https:\/\/informante.mx\/wp-content\/uploads\/2023\/08\/Banner-Twitter-Verde-800x60-1.png 360w\" sizes=\"auto, (max-width: 480px) 150px\" src=\"https:\/\/informante.mx\/wp-content\/uploads\/2023\/08\/Banner-Twitter-Verde-800x60-1.png\" alt=\"\" class=\"uag-image-23273\" width=\"800\" height=\"60\" title=\"\" loading=\"lazy\" role=\"img\"\/><\/a><\/figure><\/div>\n\n\n\n<div style=\"height:50px\" aria-hidden=\"true\" class=\"wp-block-spacer\"><\/div>\n","protected":false},"excerpt":{"rendered":"<p>Dario Pale Xalapa, Ver.- El gobernador Cuitl\u00e1huac Garc\u00eda Jim\u00e9nez, opin\u00f3 que el precandidato de la coalici\u00f3n \u201cFuerza y Coraz\u00f3n por Veracruz\u201d, Jos\u00e9 Francisco Yunes Zorrilla, anuncia que presentar\u00e1 o que present\u00f3 denuncias ante la Fiscal\u00eda General del Estado para poder salir en medios de comunicaci\u00f3n, ya que no junta ni a 10 en un caf\u00e9 [&hellip;]<\/p>\n","protected":false},"author":1,"featured_media":0,"comment_status":"open","ping_status":"closed","sticky":false,"template":"","format":"standard","meta":{"_uag_custom_page_level_css":"","jetpack_post_was_ever_published":false,"footnotes":""},"categories":[6],"tags":[32,43,33],"class_list":["post-29640","post","type-post","status-publish","format-standard","hentry","category-gobierno","tag-estado","tag-gobierno","tag-veracruz"],"yoast_head":"<!-- This site is optimized with the Yoast SEO plugin v27.3 - https:\/\/yoast.com\/product\/yoast-seo-wordpress\/ -->\n<title>Oposici\u00f3n presenta denuncias contra funcionarios para tener reflectores: Cuitl\u00e1huac - Informante.mx<\/title>\n<meta name=\"robots\" content=\"index, follow, max-snippet:-1, max-image-preview:large, max-video-preview:-1\" \/>\n<link rel=\"canonical\" href=\"https:\/\/informante.mx\/?p=29640\" \/>\n<meta property=\"og:locale\" content=\"es_ES\" \/>\n<meta property=\"og:type\" content=\"article\" \/>\n<meta property=\"og:title\" content=\"Oposici\u00f3n presenta denuncias contra funcionarios para tener reflectores: Cuitl\u00e1huac - Informante.mx\" \/>\n<meta property=\"og:description\" content=\"Dario Pale Xalapa, Ver.- El gobernador Cuitl\u00e1huac Garc\u00eda Jim\u00e9nez, opin\u00f3 que el precandidato de la coalici\u00f3n \u201cFuerza y Coraz\u00f3n por Veracruz\u201d, Jos\u00e9 Francisco Yunes Zorrilla, anuncia que presentar\u00e1 o que present\u00f3 denuncias ante la Fiscal\u00eda General del Estado para poder salir en medios de comunicaci\u00f3n, ya que no junta ni a 10 en un caf\u00e9 [&hellip;]\" \/>\n<meta property=\"og:url\" content=\"https:\/\/informante.mx\/?p=29640\" \/>\n<meta property=\"og:site_name\" content=\"Informante.mx\" \/>\n<meta property=\"article:publisher\" content=\"https:\/\/www.facebook.com\/MX.Informante\" \/>\n<meta property=\"article:published_time\" content=\"2024-02-13T03:23:11+00:00\" \/>\n<meta property=\"article:modified_time\" content=\"2024-02-13T03:23:14+00:00\" \/>\n<meta property=\"og:image\" content=\"https:\/\/informante.mx\/wp-content\/uploads\/2020\/06\/cui.jpg\" \/>\n\t<meta property=\"og:image:width\" content=\"1200\" \/>\n\t<meta property=\"og:image:height\" content=\"676\" \/>\n\t<meta property=\"og:image:type\" content=\"image\/jpeg\" \/>\n<meta name=\"author\" content=\"InformanteMX\" \/>\n<meta name=\"twitter:card\" content=\"summary_large_image\" \/>\n<meta name=\"twitter:creator\" content=\"@mx_informante\" \/>\n<meta name=\"twitter:site\" content=\"@mx_informante\" \/>\n<meta name=\"twitter:label1\" content=\"Escrito por\" \/>\n\t<meta name=\"twitter:data1\" content=\"InformanteMX\" \/>\n\t<meta name=\"twitter:label2\" content=\"Tiempo de lectura\" \/>\n\t<meta name=\"twitter:data2\" content=\"2 minutos\" \/>\n<script type=\"application\/ld+json\" class=\"yoast-schema-graph\">{\"@context\":\"https:\\\/\\\/schema.org\",\"@graph\":[{\"@type\":\"NewsArticle\",\"@id\":\"https:\\\/\\\/informante.mx\\\/?p=29640#article\",\"isPartOf\":{\"@id\":\"https:\\\/\\\/informante.mx\\\/?p=29640\"},\"author\":{\"name\":\"InformanteMX\",\"@id\":\"https:\\\/\\\/informante.mx\\\/#\\\/schema\\\/person\\\/3eff91989d2ea76b0a330b416325946c\"},\"headline\":\"Oposici\u00f3n presenta denuncias contra funcionarios para tener reflectores: Cuitl\u00e1huac\",\"datePublished\":\"2024-02-13T03:23:11+00:00\",\"dateModified\":\"2024-02-13T03:23:14+00:00\",\"mainEntityOfPage\":{\"@id\":\"https:\\\/\\\/informante.mx\\\/?p=29640\"},\"wordCount\":375,\"commentCount\":0,\"publisher\":{\"@id\":\"https:\\\/\\\/informante.mx\\\/#organization\"},\"keywords\":[\"Estado\",\"Gobierno\",\"Veracruz\"],\"articleSection\":[\"Gobierno\"],\"inLanguage\":\"es\",\"potentialAction\":[{\"@type\":\"CommentAction\",\"name\":\"Comment\",\"target\":[\"https:\\\/\\\/informante.mx\\\/?p=29640#respond\"]}]},{\"@type\":\"WebPage\",\"@id\":\"https:\\\/\\\/informante.mx\\\/?p=29640\",\"url\":\"https:\\\/\\\/informante.mx\\\/?p=29640\",\"name\":\"Oposici\u00f3n presenta denuncias contra funcionarios para tener reflectores: Cuitl\u00e1huac - Informante.mx\",\"isPartOf\":{\"@id\":\"https:\\\/\\\/informante.mx\\\/#website\"},\"datePublished\":\"2024-02-13T03:23:11+00:00\",\"dateModified\":\"2024-02-13T03:23:14+00:00\",\"breadcrumb\":{\"@id\":\"https:\\\/\\\/informante.mx\\\/?p=29640#breadcrumb\"},\"inLanguage\":\"es\",\"potentialAction\":[{\"@type\":\"ReadAction\",\"target\":[\"https:\\\/\\\/informante.mx\\\/?p=29640\"]}]},{\"@type\":\"BreadcrumbList\",\"@id\":\"https:\\\/\\\/informante.mx\\\/?p=29640#breadcrumb\",\"itemListElement\":[{\"@type\":\"ListItem\",\"position\":1,\"name\":\"Portada\",\"item\":\"https:\\\/\\\/informante.mx\\\/\"},{\"@type\":\"ListItem\",\"position\":2,\"name\":\"Oposici\u00f3n presenta denuncias contra funcionarios para tener reflectores: Cuitl\u00e1huac\"}]},{\"@type\":\"WebSite\",\"@id\":\"https:\\\/\\\/informante.mx\\\/#website\",\"url\":\"https:\\\/\\\/informante.mx\\\/\",\"name\":\"Informante.mx\",\"description\":\"\",\"publisher\":{\"@id\":\"https:\\\/\\\/informante.mx\\\/#organization\"},\"potentialAction\":[{\"@type\":\"SearchAction\",\"target\":{\"@type\":\"EntryPoint\",\"urlTemplate\":\"https:\\\/\\\/informante.mx\\\/?s={search_term_string}\"},\"query-input\":{\"@type\":\"PropertyValueSpecification\",\"valueRequired\":true,\"valueName\":\"search_term_string\"}}],\"inLanguage\":\"es\"},{\"@type\":\"Organization\",\"@id\":\"https:\\\/\\\/informante.mx\\\/#organization\",\"name\":\"Informante.mx\",\"url\":\"https:\\\/\\\/informante.mx\\\/\",\"logo\":{\"@type\":\"ImageObject\",\"inLanguage\":\"es\",\"@id\":\"https:\\\/\\\/informante.mx\\\/#\\\/schema\\\/logo\\\/image\\\/\",\"url\":\"https:\\\/\\\/informante.mx\\\/wp-content\\\/uploads\\\/2019\\\/12\\\/cropped-LOGO-Verde-Apaisado-1024x360O-1.png\",\"contentUrl\":\"https:\\\/\\\/informante.mx\\\/wp-content\\\/uploads\\\/2019\\\/12\\\/cropped-LOGO-Verde-Apaisado-1024x360O-1.png\",\"width\":923,\"height\":180,\"caption\":\"Informante.mx\"},\"image\":{\"@id\":\"https:\\\/\\\/informante.mx\\\/#\\\/schema\\\/logo\\\/image\\\/\"},\"sameAs\":[\"https:\\\/\\\/www.facebook.com\\\/MX.Informante\",\"https:\\\/\\\/x.com\\\/mx_informante\"]},{\"@type\":\"Person\",\"@id\":\"https:\\\/\\\/informante.mx\\\/#\\\/schema\\\/person\\\/3eff91989d2ea76b0a330b416325946c\",\"name\":\"InformanteMX\",\"image\":{\"@type\":\"ImageObject\",\"inLanguage\":\"es\",\"@id\":\"https:\\\/\\\/secure.gravatar.com\\\/avatar\\\/10d802aa739e832aedd2f3fd8544d878871eb22e6ca86fe9a548573e34a28f0e?s=96&d=mm&r=g\",\"url\":\"https:\\\/\\\/secure.gravatar.com\\\/avatar\\\/10d802aa739e832aedd2f3fd8544d878871eb22e6ca86fe9a548573e34a28f0e?s=96&d=mm&r=g\",\"contentUrl\":\"https:\\\/\\\/secure.gravatar.com\\\/avatar\\\/10d802aa739e832aedd2f3fd8544d878871eb22e6ca86fe9a548573e34a28f0e?s=96&d=mm&r=g\",\"caption\":\"InformanteMX\"},\"url\":\"https:\\\/\\\/informante.mx\\\/?author=1\"}]}<\/script>\n<!-- \/ Yoast SEO plugin. -->","yoast_head_json":{"title":"Oposici\u00f3n presenta denuncias contra funcionarios para tener reflectores: Cuitl\u00e1huac - Informante.mx","robots":{"index":"index","follow":"follow","max-snippet":"max-snippet:-1","max-image-preview":"max-image-preview:large","max-video-preview":"max-video-preview:-1"},"canonical":"https:\/\/informante.mx\/?p=29640","og_locale":"es_ES","og_type":"article","og_title":"Oposici\u00f3n presenta denuncias contra funcionarios para tener reflectores: Cuitl\u00e1huac - Informante.mx","og_description":"Dario Pale Xalapa, Ver.- El gobernador Cuitl\u00e1huac Garc\u00eda Jim\u00e9nez, opin\u00f3 que el precandidato de la coalici\u00f3n \u201cFuerza y Coraz\u00f3n por Veracruz\u201d, Jos\u00e9 Francisco Yunes Zorrilla, anuncia que presentar\u00e1 o que present\u00f3 denuncias ante la Fiscal\u00eda General del Estado para poder salir en medios de comunicaci\u00f3n, ya que no junta ni a 10 en un caf\u00e9 [&hellip;]","og_url":"https:\/\/informante.mx\/?p=29640","og_site_name":"Informante.mx","article_publisher":"https:\/\/www.facebook.com\/MX.Informante","article_published_time":"2024-02-13T03:23:11+00:00","article_modified_time":"2024-02-13T03:23:14+00:00","og_image":[{"width":1200,"height":676,"url":"https:\/\/informante.mx\/wp-content\/uploads\/2020\/06\/cui.jpg","type":"image\/jpeg"}],"author":"InformanteMX","twitter_card":"summary_large_image","twitter_creator":"@mx_informante","twitter_site":"@mx_informante","twitter_misc":{"Escrito por":"InformanteMX","Tiempo de lectura":"2 minutos"},"schema":{"@context":"https:\/\/schema.org","@graph":[{"@type":"NewsArticle","@id":"https:\/\/informante.mx\/?p=29640#article","isPartOf":{"@id":"https:\/\/informante.mx\/?p=29640"},"author":{"name":"InformanteMX","@id":"https:\/\/informante.mx\/#\/schema\/person\/3eff91989d2ea76b0a330b416325946c"},"headline":"Oposici\u00f3n presenta denuncias contra funcionarios para tener reflectores: Cuitl\u00e1huac","datePublished":"2024-02-13T03:23:11+00:00","dateModified":"2024-02-13T03:23:14+00:00","mainEntityOfPage":{"@id":"https:\/\/informante.mx\/?p=29640"},"wordCount":375,"commentCount":0,"publisher":{"@id":"https:\/\/informante.mx\/#organization"},"keywords":["Estado","Gobierno","Veracruz"],"articleSection":["Gobierno"],"inLanguage":"es","potentialAction":[{"@type":"CommentAction","name":"Comment","target":["https:\/\/informante.mx\/?p=29640#respond"]}]},{"@type":"WebPage","@id":"https:\/\/informante.mx\/?p=29640","url":"https:\/\/informante.mx\/?p=29640","name":"Oposici\u00f3n presenta denuncias contra funcionarios para tener reflectores: Cuitl\u00e1huac - Informante.mx","isPartOf":{"@id":"https:\/\/informante.mx\/#website"},"datePublished":"2024-02-13T03:23:11+00:00","dateModified":"2024-02-13T03:23:14+00:00","breadcrumb":{"@id":"https:\/\/informante.mx\/?p=29640#breadcrumb"},"inLanguage":"es","potentialAction":[{"@type":"ReadAction","target":["https:\/\/informante.mx\/?p=29640"]}]},{"@type":"BreadcrumbList","@id":"https:\/\/informante.mx\/?p=29640#breadcrumb","itemListElement":[{"@type":"ListItem","position":1,"name":"Portada","item":"https:\/\/informante.mx\/"},{"@type":"ListItem","position":2,"name":"Oposici\u00f3n presenta denuncias contra funcionarios para tener reflectores: Cuitl\u00e1huac"}]},{"@type":"WebSite","@id":"https:\/\/informante.mx\/#website","url":"https:\/\/informante.mx\/","name":"Informante.mx","description":"","publisher":{"@id":"https:\/\/informante.mx\/#organization"},"potentialAction":[{"@type":"SearchAction","target":{"@type":"EntryPoint","urlTemplate":"https:\/\/informante.mx\/?s={search_term_string}"},"query-input":{"@type":"PropertyValueSpecification","valueRequired":true,"valueName":"search_term_string"}}],"inLanguage":"es"},{"@type":"Organization","@id":"https:\/\/informante.mx\/#organization","name":"Informante.mx","url":"https:\/\/informante.mx\/","logo":{"@type":"ImageObject","inLanguage":"es","@id":"https:\/\/informante.mx\/#\/schema\/logo\/image\/","url":"https:\/\/informante.mx\/wp-content\/uploads\/2019\/12\/cropped-LOGO-Verde-Apaisado-1024x360O-1.png","contentUrl":"https:\/\/informante.mx\/wp-content\/uploads\/2019\/12\/cropped-LOGO-Verde-Apaisado-1024x360O-1.png","width":923,"height":180,"caption":"Informante.mx"},"image":{"@id":"https:\/\/informante.mx\/#\/schema\/logo\/image\/"},"sameAs":["https:\/\/www.facebook.com\/MX.Informante","https:\/\/x.com\/mx_informante"]},{"@type":"Person","@id":"https:\/\/informante.mx\/#\/schema\/person\/3eff91989d2ea76b0a330b416325946c","name":"InformanteMX","image":{"@type":"ImageObject","inLanguage":"es","@id":"https:\/\/secure.gravatar.com\/avatar\/10d802aa739e832aedd2f3fd8544d878871eb22e6ca86fe9a548573e34a28f0e?s=96&d=mm&r=g","url":"https:\/\/secure.gravatar.com\/avatar\/10d802aa739e832aedd2f3fd8544d878871eb22e6ca86fe9a548573e34a28f0e?s=96&d=mm&r=g","contentUrl":"https:\/\/secure.gravatar.com\/avatar\/10d802aa739e832aedd2f3fd8544d878871eb22e6ca86fe9a548573e34a28f0e?s=96&d=mm&r=g","caption":"InformanteMX"},"url":"https:\/\/informante.mx\/?author=1"}]}},"jetpack_featured_media_url":"","uagb_featured_image_src":{"full":false,"thumbnail":false,"medium":false,"medium_large":false,"large":false,"1536x1536":false,"2048x2048":false,"td_0x420":false,"td_0x420_retina":false,"td_80x60":false,"td_80x60_retina":false,"td_100x75":false,"td_100x75_retina":false,"td_180x135":false,"td_180x135_retina":false,"td_238x178":false,"td_238x178_retina":false,"td_265x198":false,"td_265x198_retina":false,"td_300x160":false,"td_300x160_retina":false,"td_300x194":false,"td_300x194_retina":false,"td_300x350":false,"td_300x350_retina":false,"td_341x220":false,"td_341x220_retina":false,"td_341x400":false,"td_341x400_retina":false,"td_511x400":false,"td_511x400_retina":false,"td_537x360":false,"td_537x360_retina":false,"td_640x0":false,"td_640x0_retina":false,"td_640x350":false,"td_640x350_retina":false,"td_681x0":false,"td_681x0_retina":false,"td_681x400":false,"td_681x400_retina":false,"td_741x486":false,"td_741x486_retina":false,"td_1021x580":false,"td_1021x580_retina":false},"uagb_author_info":{"display_name":"InformanteMX","author_link":"https:\/\/informante.mx\/?author=1"},"uagb_comment_info":0,"uagb_excerpt":"Dario Pale Xalapa, Ver.- El gobernador Cuitl\u00e1huac Garc\u00eda Jim\u00e9nez, opin\u00f3 que el precandidato de la coalici\u00f3n \u201cFuerza y Coraz\u00f3n por Veracruz\u201d, Jos\u00e9 Francisco Yunes Zorrilla, anuncia que presentar\u00e1 o que present\u00f3 denuncias ante la Fiscal\u00eda General del Estado para poder salir en medios de comunicaci\u00f3n, ya que no junta ni a 10 en un caf\u00e9&hellip;","_links":{"self":[{"href":"https:\/\/informante.mx\/index.php?rest_route=\/wp\/v2\/posts\/29640","targetHints":{"allow":["GET"]}}],"collection":[{"href":"https:\/\/informante.mx\/index.php?rest_route=\/wp\/v2\/posts"}],"about":[{"href":"https:\/\/informante.mx\/index.php?rest_route=\/wp\/v2\/types\/post"}],"author":[{"embeddable":true,"href":"https:\/\/informante.mx\/index.php?rest_route=\/wp\/v2\/users\/1"}],"replies":[{"embeddable":true,"href":"https:\/\/informante.mx\/index.php?rest_route=%2Fwp%2Fv2%2Fcomments&post=29640"}],"version-history":[{"count":1,"href":"https:\/\/informante.mx\/index.php?rest_route=\/wp\/v2\/posts\/29640\/revisions"}],"predecessor-version":[{"id":29641,"href":"https:\/\/informante.mx\/index.php?rest_route=\/wp\/v2\/posts\/29640\/revisions\/29641"}],"wp:attachment":[{"href":"https:\/\/informante.mx\/index.php?rest_route=%2Fwp%2Fv2%2Fmedia&parent=29640"}],"wp:term":[{"taxonomy":"category","embeddable":true,"href":"https:\/\/informante.mx\/index.php?rest_route=%2Fwp%2Fv2%2Fcategories&post=29640"},{"taxonomy":"post_tag","embeddable":true,"href":"https:\/\/informante.mx\/index.php?rest_route=%2Fwp%2Fv2%2Ftags&post=29640"}],"curies":[{"name":"wp","href":"https:\/\/api.w.org\/{rel}","templated":true}]}}