{"id":29049,"date":"2024-01-28T15:00:55","date_gmt":"2024-01-28T21:00:55","guid":{"rendered":"https:\/\/informante.mx\/?p=29049"},"modified":"2024-01-28T15:01:02","modified_gmt":"2024-01-28T21:01:02","slug":"mesas-entre-usuarios-y-cfe-suspendidas-piden-regularizacion-de-tarifas","status":"publish","type":"post","link":"https:\/\/informante.mx\/?p=29049","title":{"rendered":"Mesas entre usuarios y CFE suspendidas; piden regularizaci\u00f3n de tarifas"},"content":{"rendered":"\n<h2 class=\"wp-block-heading\">\u2022\u00a0Es por cambio de Gerente General de la Divisi\u00f3n Oriente<\/h2>\n\n\n\n<p><strong>Ana Lilia Vel\u00e1zquez<\/strong><\/p>\n\n\n\n<p>El Movimiento de Resistencia Civil La Leyenda de Chucho el Roto est\u00e1n a la espera de renovar las mesas de trabajo y de di\u00e1logo con el nuevo gerente general de la Divisi\u00f3n Oriente de la Comisi\u00f3n Federal de Electricidad (CFE), para entablar negociaciones en beneficio de la ciudadan\u00eda, como es la reclasificaci\u00f3n de las tarifas el\u00e9ctricas.<\/p>\n\n\n\n<p>El vocero Jorge Morales Barradas, dijo que estas mesas de negociaci\u00f3n est\u00e1n suspendidas por el cambio.<\/p>\n\n\n\n<p>Consider\u00f3 que el nuevo titular de la Divisi\u00f3n Oriente de CFE lo retome, porque \u201chay varios temas que son importantes para la paraestatal y tambi\u00e9n para la ciudadan\u00eda, y es eso lo que se busca, que la ciudadan\u00eda est\u00e9 tranquila y reciba la atenci\u00f3n adecuada por parte de CFE, hasta para poder hacer un contrato que haya buena atenci\u00f3n\u201d.<\/p>\n\n\n\n<p>\u201cQue haya esas ampliaciones de red el\u00e9ctrica, que coordinemos esta situaci\u00f3n, porque nosotros seguimos en esa insistencia de la reclasificaci\u00f3n de las tarifas el\u00e9ctricas\u201d, a\u00f1adi\u00f3 el dirigente social.<\/p>\n\n\n\n<p>Mencion\u00f3 que hasta el momento no ha habido un acercamiento con el nuevo titular de CFE Divisi\u00f3n Oriente, pese a que ya se le entreg\u00f3 un documento en donde se le expresa esta preocupaci\u00f3n: queremos regresar a las mesas de trabajo y ojal\u00e1 antes de que concluya el presente mes se lleve a cabo dicha reuni\u00f3n.<\/p>\n\n\n\n<hr class=\"wp-block-separator has-alpha-channel-opacity\"\/>\n\n\n\n<p class=\"has-text-align-center\" style=\"font-size:17px\"><strong><i>Toda la informaci\u00f3n que necesitas saber la encuentras en nuestras <\/i><strong style=\"\"><em style=\"font-style: italic;\">redes sociales y canal de <\/em><\/strong><\/strong><a href=\"https:\/\/t.me\/informantemx\" target=\"_blank\" rel=\"noreferrer noopener\"><strong><em>Telegram<\/em><\/strong><\/a>. <\/p>\n\n\n\n<p class=\"has-text-align-center\" style=\"font-size:17px\"><strong><em>!\u00danete!<\/em><\/strong><\/p>\n\n\n\n<div class=\"wp-block-uagb-image aligncenter uagb-block-3acd28e8 wp-block-uagb-image--layout-default wp-block-uagb-image--effect-zoomin wp-block-uagb-image--align-center\"><figure class=\"wp-block-uagb-image__figure\"><a class=\"\" href=\"https:\/\/t.me\/informantemx\" target=\"\" rel=\"noopener\"><img decoding=\"async\" srcset=\"https:\/\/informante.mx\/wp-content\/uploads\/2023\/08\/Banner-Telegram-Verde-800x60-1.png ,https:\/\/informante.mx\/wp-content\/uploads\/2023\/08\/Banner-Telegram-Verde-800x60-1.png 780w, https:\/\/informante.mx\/wp-content\/uploads\/2023\/08\/Banner-Telegram-Verde-800x60-1.png 360w\" sizes=\"auto, (max-width: 480px) 150px\" src=\"https:\/\/informante.mx\/wp-content\/uploads\/2023\/08\/Banner-Telegram-Verde-800x60-1.png\" alt=\"\" class=\"uag-image-23275\" width=\"800\" height=\"60\" title=\"\" loading=\"lazy\" role=\"img\"\/><\/a><\/figure><\/div>\n\n\n\n<div class=\"wp-block-uagb-image aligncenter uagb-block-45ea2b31 wp-block-uagb-image--layout-default wp-block-uagb-image--effect-zoomin wp-block-uagb-image--align-center\"><figure class=\"wp-block-uagb-image__figure\"><a class=\"\" href=\"https:\/\/www.facebook.com\/MX.Informante\" target=\"\" rel=\"noopener\"><img decoding=\"async\" srcset=\"https:\/\/informante.mx\/wp-content\/uploads\/2023\/08\/Banner-Facebook-Verde-800x60-1.png ,https:\/\/informante.mx\/wp-content\/uploads\/2023\/08\/Banner-Facebook-Verde-800x60-1.png 780w, https:\/\/informante.mx\/wp-content\/uploads\/2023\/08\/Banner-Facebook-Verde-800x60-1.png 360w\" sizes=\"auto, (max-width: 480px) 150px\" src=\"https:\/\/informante.mx\/wp-content\/uploads\/2023\/08\/Banner-Facebook-Verde-800x60-1.png\" alt=\"\" class=\"uag-image-23274\" width=\"800\" height=\"60\" title=\"\" loading=\"lazy\" role=\"img\"\/><\/a><\/figure><\/div>\n\n\n\n<div class=\"wp-block-uagb-image aligncenter uagb-block-2ce4c51b wp-block-uagb-image--layout-default wp-block-uagb-image--effect-zoomin wp-block-uagb-image--align-center\"><figure class=\"wp-block-uagb-image__figure\"><a class=\"\" href=\"https:\/\/twitter.com\/mx_informante\" target=\"\" rel=\"noopener\"><img decoding=\"async\" srcset=\"https:\/\/informante.mx\/wp-content\/uploads\/2023\/08\/Banner-Twitter-Verde-800x60-1.png ,https:\/\/informante.mx\/wp-content\/uploads\/2023\/08\/Banner-Twitter-Verde-800x60-1.png 780w, https:\/\/informante.mx\/wp-content\/uploads\/2023\/08\/Banner-Twitter-Verde-800x60-1.png 360w\" sizes=\"auto, (max-width: 480px) 150px\" src=\"https:\/\/informante.mx\/wp-content\/uploads\/2023\/08\/Banner-Twitter-Verde-800x60-1.png\" alt=\"\" class=\"uag-image-23273\" width=\"800\" height=\"60\" title=\"\" loading=\"lazy\" role=\"img\"\/><\/a><\/figure><\/div>\n\n\n\n<div style=\"height:50px\" aria-hidden=\"true\" class=\"wp-block-spacer\"><\/div>\n","protected":false},"excerpt":{"rendered":"<p>\u2022\u00a0Es por cambio de Gerente General de la Divisi\u00f3n Oriente Ana Lilia Vel\u00e1zquez El Movimiento de Resistencia Civil La Leyenda de Chucho el Roto est\u00e1n a la espera de renovar las mesas de trabajo y de di\u00e1logo con el nuevo gerente general de la Divisi\u00f3n Oriente de la Comisi\u00f3n Federal de Electricidad (CFE), para entablar [&hellip;]<\/p>\n","protected":false},"author":1,"featured_media":29050,"comment_status":"open","ping_status":"closed","sticky":false,"template":"","format":"standard","meta":{"_uag_custom_page_level_css":"","jetpack_post_was_ever_published":false,"footnotes":""},"categories":[4],"tags":[32,33],"class_list":["post-29049","post","type-post","status-publish","format-standard","has-post-thumbnail","hentry","category-estatal","tag-estado","tag-veracruz"],"yoast_head":"<!-- This site is optimized with the Yoast SEO plugin v27.3 - https:\/\/yoast.com\/product\/yoast-seo-wordpress\/ -->\n<title>Mesas entre usuarios y CFE suspendidas; piden regularizaci\u00f3n de tarifas - Informante.mx<\/title>\n<meta name=\"robots\" content=\"index, follow, max-snippet:-1, max-image-preview:large, max-video-preview:-1\" \/>\n<link rel=\"canonical\" href=\"https:\/\/informante.mx\/?p=29049\" \/>\n<meta property=\"og:locale\" content=\"es_ES\" \/>\n<meta property=\"og:type\" content=\"article\" \/>\n<meta property=\"og:title\" content=\"Mesas entre usuarios y CFE suspendidas; piden regularizaci\u00f3n de tarifas - Informante.mx\" \/>\n<meta property=\"og:description\" content=\"\u2022\u00a0Es por cambio de Gerente General de la Divisi\u00f3n Oriente Ana Lilia Vel\u00e1zquez El Movimiento de Resistencia Civil La Leyenda de Chucho el Roto est\u00e1n a la espera de renovar las mesas de trabajo y de di\u00e1logo con el nuevo gerente general de la Divisi\u00f3n Oriente de la Comisi\u00f3n Federal de Electricidad (CFE), para entablar [&hellip;]\" \/>\n<meta property=\"og:url\" content=\"https:\/\/informante.mx\/?p=29049\" \/>\n<meta property=\"og:site_name\" content=\"Informante.mx\" \/>\n<meta property=\"article:publisher\" content=\"https:\/\/www.facebook.com\/MX.Informante\" \/>\n<meta property=\"article:published_time\" content=\"2024-01-28T21:00:55+00:00\" \/>\n<meta property=\"article:modified_time\" content=\"2024-01-28T21:01:02+00:00\" \/>\n<meta property=\"og:image\" content=\"https:\/\/informante.mx\/wp-content\/uploads\/2024\/01\/CFE-Luz-Medidores.jpg\" \/>\n\t<meta property=\"og:image:width\" content=\"1200\" \/>\n\t<meta property=\"og:image:height\" content=\"700\" \/>\n\t<meta property=\"og:image:type\" content=\"image\/jpeg\" \/>\n<meta name=\"author\" content=\"InformanteMX\" \/>\n<meta name=\"twitter:card\" content=\"summary_large_image\" \/>\n<meta name=\"twitter:creator\" content=\"@mx_informante\" \/>\n<meta name=\"twitter:site\" content=\"@mx_informante\" \/>\n<meta name=\"twitter:label1\" content=\"Escrito por\" \/>\n\t<meta name=\"twitter:data1\" content=\"InformanteMX\" \/>\n\t<meta name=\"twitter:label2\" content=\"Tiempo de lectura\" \/>\n\t<meta name=\"twitter:data2\" content=\"1 minuto\" \/>\n<script type=\"application\/ld+json\" class=\"yoast-schema-graph\">{\"@context\":\"https:\\\/\\\/schema.org\",\"@graph\":[{\"@type\":\"NewsArticle\",\"@id\":\"https:\\\/\\\/informante.mx\\\/?p=29049#article\",\"isPartOf\":{\"@id\":\"https:\\\/\\\/informante.mx\\\/?p=29049\"},\"author\":{\"name\":\"InformanteMX\",\"@id\":\"https:\\\/\\\/informante.mx\\\/#\\\/schema\\\/person\\\/3eff91989d2ea76b0a330b416325946c\"},\"headline\":\"Mesas entre usuarios y CFE suspendidas; piden regularizaci\u00f3n de tarifas\",\"datePublished\":\"2024-01-28T21:00:55+00:00\",\"dateModified\":\"2024-01-28T21:01:02+00:00\",\"mainEntityOfPage\":{\"@id\":\"https:\\\/\\\/informante.mx\\\/?p=29049\"},\"wordCount\":264,\"commentCount\":0,\"publisher\":{\"@id\":\"https:\\\/\\\/informante.mx\\\/#organization\"},\"image\":{\"@id\":\"https:\\\/\\\/informante.mx\\\/?p=29049#primaryimage\"},\"thumbnailUrl\":\"https:\\\/\\\/informante.mx\\\/wp-content\\\/uploads\\\/2024\\\/01\\\/CFE-Luz-Medidores.jpg\",\"keywords\":[\"Estado\",\"Veracruz\"],\"articleSection\":[\"Estatal\"],\"inLanguage\":\"es\",\"potentialAction\":[{\"@type\":\"CommentAction\",\"name\":\"Comment\",\"target\":[\"https:\\\/\\\/informante.mx\\\/?p=29049#respond\"]}]},{\"@type\":\"WebPage\",\"@id\":\"https:\\\/\\\/informante.mx\\\/?p=29049\",\"url\":\"https:\\\/\\\/informante.mx\\\/?p=29049\",\"name\":\"Mesas entre usuarios y CFE suspendidas; piden regularizaci\u00f3n de tarifas - Informante.mx\",\"isPartOf\":{\"@id\":\"https:\\\/\\\/informante.mx\\\/#website\"},\"primaryImageOfPage\":{\"@id\":\"https:\\\/\\\/informante.mx\\\/?p=29049#primaryimage\"},\"image\":{\"@id\":\"https:\\\/\\\/informante.mx\\\/?p=29049#primaryimage\"},\"thumbnailUrl\":\"https:\\\/\\\/informante.mx\\\/wp-content\\\/uploads\\\/2024\\\/01\\\/CFE-Luz-Medidores.jpg\",\"datePublished\":\"2024-01-28T21:00:55+00:00\",\"dateModified\":\"2024-01-28T21:01:02+00:00\",\"breadcrumb\":{\"@id\":\"https:\\\/\\\/informante.mx\\\/?p=29049#breadcrumb\"},\"inLanguage\":\"es\",\"potentialAction\":[{\"@type\":\"ReadAction\",\"target\":[\"https:\\\/\\\/informante.mx\\\/?p=29049\"]}]},{\"@type\":\"ImageObject\",\"inLanguage\":\"es\",\"@id\":\"https:\\\/\\\/informante.mx\\\/?p=29049#primaryimage\",\"url\":\"https:\\\/\\\/informante.mx\\\/wp-content\\\/uploads\\\/2024\\\/01\\\/CFE-Luz-Medidores.jpg\",\"contentUrl\":\"https:\\\/\\\/informante.mx\\\/wp-content\\\/uploads\\\/2024\\\/01\\\/CFE-Luz-Medidores.jpg\",\"width\":1200,\"height\":700},{\"@type\":\"BreadcrumbList\",\"@id\":\"https:\\\/\\\/informante.mx\\\/?p=29049#breadcrumb\",\"itemListElement\":[{\"@type\":\"ListItem\",\"position\":1,\"name\":\"Portada\",\"item\":\"https:\\\/\\\/informante.mx\\\/\"},{\"@type\":\"ListItem\",\"position\":2,\"name\":\"Mesas entre usuarios y CFE suspendidas; piden regularizaci\u00f3n de tarifas\"}]},{\"@type\":\"WebSite\",\"@id\":\"https:\\\/\\\/informante.mx\\\/#website\",\"url\":\"https:\\\/\\\/informante.mx\\\/\",\"name\":\"Informante.mx\",\"description\":\"\",\"publisher\":{\"@id\":\"https:\\\/\\\/informante.mx\\\/#organization\"},\"potentialAction\":[{\"@type\":\"SearchAction\",\"target\":{\"@type\":\"EntryPoint\",\"urlTemplate\":\"https:\\\/\\\/informante.mx\\\/?s={search_term_string}\"},\"query-input\":{\"@type\":\"PropertyValueSpecification\",\"valueRequired\":true,\"valueName\":\"search_term_string\"}}],\"inLanguage\":\"es\"},{\"@type\":\"Organization\",\"@id\":\"https:\\\/\\\/informante.mx\\\/#organization\",\"name\":\"Informante.mx\",\"url\":\"https:\\\/\\\/informante.mx\\\/\",\"logo\":{\"@type\":\"ImageObject\",\"inLanguage\":\"es\",\"@id\":\"https:\\\/\\\/informante.mx\\\/#\\\/schema\\\/logo\\\/image\\\/\",\"url\":\"https:\\\/\\\/informante.mx\\\/wp-content\\\/uploads\\\/2019\\\/12\\\/cropped-LOGO-Verde-Apaisado-1024x360O-1.png\",\"contentUrl\":\"https:\\\/\\\/informante.mx\\\/wp-content\\\/uploads\\\/2019\\\/12\\\/cropped-LOGO-Verde-Apaisado-1024x360O-1.png\",\"width\":923,\"height\":180,\"caption\":\"Informante.mx\"},\"image\":{\"@id\":\"https:\\\/\\\/informante.mx\\\/#\\\/schema\\\/logo\\\/image\\\/\"},\"sameAs\":[\"https:\\\/\\\/www.facebook.com\\\/MX.Informante\",\"https:\\\/\\\/x.com\\\/mx_informante\"]},{\"@type\":\"Person\",\"@id\":\"https:\\\/\\\/informante.mx\\\/#\\\/schema\\\/person\\\/3eff91989d2ea76b0a330b416325946c\",\"name\":\"InformanteMX\",\"image\":{\"@type\":\"ImageObject\",\"inLanguage\":\"es\",\"@id\":\"https:\\\/\\\/secure.gravatar.com\\\/avatar\\\/10d802aa739e832aedd2f3fd8544d878871eb22e6ca86fe9a548573e34a28f0e?s=96&d=mm&r=g\",\"url\":\"https:\\\/\\\/secure.gravatar.com\\\/avatar\\\/10d802aa739e832aedd2f3fd8544d878871eb22e6ca86fe9a548573e34a28f0e?s=96&d=mm&r=g\",\"contentUrl\":\"https:\\\/\\\/secure.gravatar.com\\\/avatar\\\/10d802aa739e832aedd2f3fd8544d878871eb22e6ca86fe9a548573e34a28f0e?s=96&d=mm&r=g\",\"caption\":\"InformanteMX\"},\"url\":\"https:\\\/\\\/informante.mx\\\/?author=1\"}]}<\/script>\n<!-- \/ Yoast SEO plugin. -->","yoast_head_json":{"title":"Mesas entre usuarios y CFE suspendidas; piden regularizaci\u00f3n de tarifas - Informante.mx","robots":{"index":"index","follow":"follow","max-snippet":"max-snippet:-1","max-image-preview":"max-image-preview:large","max-video-preview":"max-video-preview:-1"},"canonical":"https:\/\/informante.mx\/?p=29049","og_locale":"es_ES","og_type":"article","og_title":"Mesas entre usuarios y CFE suspendidas; piden regularizaci\u00f3n de tarifas - Informante.mx","og_description":"\u2022\u00a0Es por cambio de Gerente General de la Divisi\u00f3n Oriente Ana Lilia Vel\u00e1zquez El Movimiento de Resistencia Civil La Leyenda de Chucho el Roto est\u00e1n a la espera de renovar las mesas de trabajo y de di\u00e1logo con el nuevo gerente general de la Divisi\u00f3n Oriente de la Comisi\u00f3n Federal de Electricidad (CFE), para entablar [&hellip;]","og_url":"https:\/\/informante.mx\/?p=29049","og_site_name":"Informante.mx","article_publisher":"https:\/\/www.facebook.com\/MX.Informante","article_published_time":"2024-01-28T21:00:55+00:00","article_modified_time":"2024-01-28T21:01:02+00:00","og_image":[{"width":1200,"height":700,"url":"https:\/\/informante.mx\/wp-content\/uploads\/2024\/01\/CFE-Luz-Medidores.jpg","type":"image\/jpeg"}],"author":"InformanteMX","twitter_card":"summary_large_image","twitter_creator":"@mx_informante","twitter_site":"@mx_informante","twitter_misc":{"Escrito por":"InformanteMX","Tiempo de lectura":"1 minuto"},"schema":{"@context":"https:\/\/schema.org","@graph":[{"@type":"NewsArticle","@id":"https:\/\/informante.mx\/?p=29049#article","isPartOf":{"@id":"https:\/\/informante.mx\/?p=29049"},"author":{"name":"InformanteMX","@id":"https:\/\/informante.mx\/#\/schema\/person\/3eff91989d2ea76b0a330b416325946c"},"headline":"Mesas entre usuarios y CFE suspendidas; piden regularizaci\u00f3n de tarifas","datePublished":"2024-01-28T21:00:55+00:00","dateModified":"2024-01-28T21:01:02+00:00","mainEntityOfPage":{"@id":"https:\/\/informante.mx\/?p=29049"},"wordCount":264,"commentCount":0,"publisher":{"@id":"https:\/\/informante.mx\/#organization"},"image":{"@id":"https:\/\/informante.mx\/?p=29049#primaryimage"},"thumbnailUrl":"https:\/\/informante.mx\/wp-content\/uploads\/2024\/01\/CFE-Luz-Medidores.jpg","keywords":["Estado","Veracruz"],"articleSection":["Estatal"],"inLanguage":"es","potentialAction":[{"@type":"CommentAction","name":"Comment","target":["https:\/\/informante.mx\/?p=29049#respond"]}]},{"@type":"WebPage","@id":"https:\/\/informante.mx\/?p=29049","url":"https:\/\/informante.mx\/?p=29049","name":"Mesas entre usuarios y CFE suspendidas; piden regularizaci\u00f3n de tarifas - Informante.mx","isPartOf":{"@id":"https:\/\/informante.mx\/#website"},"primaryImageOfPage":{"@id":"https:\/\/informante.mx\/?p=29049#primaryimage"},"image":{"@id":"https:\/\/informante.mx\/?p=29049#primaryimage"},"thumbnailUrl":"https:\/\/informante.mx\/wp-content\/uploads\/2024\/01\/CFE-Luz-Medidores.jpg","datePublished":"2024-01-28T21:00:55+00:00","dateModified":"2024-01-28T21:01:02+00:00","breadcrumb":{"@id":"https:\/\/informante.mx\/?p=29049#breadcrumb"},"inLanguage":"es","potentialAction":[{"@type":"ReadAction","target":["https:\/\/informante.mx\/?p=29049"]}]},{"@type":"ImageObject","inLanguage":"es","@id":"https:\/\/informante.mx\/?p=29049#primaryimage","url":"https:\/\/informante.mx\/wp-content\/uploads\/2024\/01\/CFE-Luz-Medidores.jpg","contentUrl":"https:\/\/informante.mx\/wp-content\/uploads\/2024\/01\/CFE-Luz-Medidores.jpg","width":1200,"height":700},{"@type":"BreadcrumbList","@id":"https:\/\/informante.mx\/?p=29049#breadcrumb","itemListElement":[{"@type":"ListItem","position":1,"name":"Portada","item":"https:\/\/informante.mx\/"},{"@type":"ListItem","position":2,"name":"Mesas entre usuarios y CFE suspendidas; piden regularizaci\u00f3n de tarifas"}]},{"@type":"WebSite","@id":"https:\/\/informante.mx\/#website","url":"https:\/\/informante.mx\/","name":"Informante.mx","description":"","publisher":{"@id":"https:\/\/informante.mx\/#organization"},"potentialAction":[{"@type":"SearchAction","target":{"@type":"EntryPoint","urlTemplate":"https:\/\/informante.mx\/?s={search_term_string}"},"query-input":{"@type":"PropertyValueSpecification","valueRequired":true,"valueName":"search_term_string"}}],"inLanguage":"es"},{"@type":"Organization","@id":"https:\/\/informante.mx\/#organization","name":"Informante.mx","url":"https:\/\/informante.mx\/","logo":{"@type":"ImageObject","inLanguage":"es","@id":"https:\/\/informante.mx\/#\/schema\/logo\/image\/","url":"https:\/\/informante.mx\/wp-content\/uploads\/2019\/12\/cropped-LOGO-Verde-Apaisado-1024x360O-1.png","contentUrl":"https:\/\/informante.mx\/wp-content\/uploads\/2019\/12\/cropped-LOGO-Verde-Apaisado-1024x360O-1.png","width":923,"height":180,"caption":"Informante.mx"},"image":{"@id":"https:\/\/informante.mx\/#\/schema\/logo\/image\/"},"sameAs":["https:\/\/www.facebook.com\/MX.Informante","https:\/\/x.com\/mx_informante"]},{"@type":"Person","@id":"https:\/\/informante.mx\/#\/schema\/person\/3eff91989d2ea76b0a330b416325946c","name":"InformanteMX","image":{"@type":"ImageObject","inLanguage":"es","@id":"https:\/\/secure.gravatar.com\/avatar\/10d802aa739e832aedd2f3fd8544d878871eb22e6ca86fe9a548573e34a28f0e?s=96&d=mm&r=g","url":"https:\/\/secure.gravatar.com\/avatar\/10d802aa739e832aedd2f3fd8544d878871eb22e6ca86fe9a548573e34a28f0e?s=96&d=mm&r=g","contentUrl":"https:\/\/secure.gravatar.com\/avatar\/10d802aa739e832aedd2f3fd8544d878871eb22e6ca86fe9a548573e34a28f0e?s=96&d=mm&r=g","caption":"InformanteMX"},"url":"https:\/\/informante.mx\/?author=1"}]}},"jetpack_featured_media_url":"https:\/\/informante.mx\/wp-content\/uploads\/2024\/01\/CFE-Luz-Medidores.jpg","uagb_featured_image_src":{"full":["https:\/\/informante.mx\/wp-content\/uploads\/2024\/01\/CFE-Luz-Medidores.jpg",1200,700,false],"thumbnail":["https:\/\/informante.mx\/wp-content\/uploads\/2024\/01\/CFE-Luz-Medidores-150x88.jpg",150,88,true],"medium":["https:\/\/informante.mx\/wp-content\/uploads\/2024\/01\/CFE-Luz-Medidores-300x175.jpg",300,175,true],"medium_large":["https:\/\/informante.mx\/wp-content\/uploads\/2024\/01\/CFE-Luz-Medidores-768x448.jpg",640,373,true],"large":["https:\/\/informante.mx\/wp-content\/uploads\/2024\/01\/CFE-Luz-Medidores-1024x597.jpg",640,373,true],"1536x1536":["https:\/\/informante.mx\/wp-content\/uploads\/2024\/01\/CFE-Luz-Medidores.jpg",1200,700,false],"2048x2048":["https:\/\/informante.mx\/wp-content\/uploads\/2024\/01\/CFE-Luz-Medidores.jpg",1200,700,false],"td_0x420":["https:\/\/informante.mx\/wp-content\/uploads\/2024\/01\/CFE-Luz-Medidores-720x420.jpg",720,420,true],"td_0x420_retina":["https:\/\/informante.mx\/wp-content\/uploads\/2024\/01\/CFE-Luz-Medidores.jpg",1200,700,false],"td_80x60":["https:\/\/informante.mx\/wp-content\/uploads\/2024\/01\/CFE-Luz-Medidores-80x60.jpg",80,60,true],"td_80x60_retina":["https:\/\/informante.mx\/wp-content\/uploads\/2024\/01\/CFE-Luz-Medidores-160x120.jpg",160,120,true],"td_100x75":["https:\/\/informante.mx\/wp-content\/uploads\/2024\/01\/CFE-Luz-Medidores-100x75.jpg",100,75,true],"td_100x75_retina":["https:\/\/informante.mx\/wp-content\/uploads\/2024\/01\/CFE-Luz-Medidores-200x150.jpg",200,150,true],"td_180x135":["https:\/\/informante.mx\/wp-content\/uploads\/2024\/01\/CFE-Luz-Medidores-180x135.jpg",180,135,true],"td_180x135_retina":["https:\/\/informante.mx\/wp-content\/uploads\/2024\/01\/CFE-Luz-Medidores-360x270.jpg",360,270,true],"td_238x178":["https:\/\/informante.mx\/wp-content\/uploads\/2024\/01\/CFE-Luz-Medidores-238x178.jpg",238,178,true],"td_238x178_retina":["https:\/\/informante.mx\/wp-content\/uploads\/2024\/01\/CFE-Luz-Medidores-476x356.jpg",476,356,true],"td_265x198":["https:\/\/informante.mx\/wp-content\/uploads\/2024\/01\/CFE-Luz-Medidores-265x198.jpg",265,198,true],"td_265x198_retina":["https:\/\/informante.mx\/wp-content\/uploads\/2024\/01\/CFE-Luz-Medidores-530x396.jpg",530,396,true],"td_300x160":["https:\/\/informante.mx\/wp-content\/uploads\/2024\/01\/CFE-Luz-Medidores-300x160.jpg",300,160,true],"td_300x160_retina":["https:\/\/informante.mx\/wp-content\/uploads\/2024\/01\/CFE-Luz-Medidores-600x320.jpg",600,320,true],"td_300x194":["https:\/\/informante.mx\/wp-content\/uploads\/2024\/01\/CFE-Luz-Medidores-300x194.jpg",300,194,true],"td_300x194_retina":["https:\/\/informante.mx\/wp-content\/uploads\/2024\/01\/CFE-Luz-Medidores-600x388.jpg",600,388,true],"td_300x350":["https:\/\/informante.mx\/wp-content\/uploads\/2024\/01\/CFE-Luz-Medidores-300x350.jpg",300,350,true],"td_300x350_retina":["https:\/\/informante.mx\/wp-content\/uploads\/2024\/01\/CFE-Luz-Medidores-600x700.jpg",600,700,true],"td_341x220":["https:\/\/informante.mx\/wp-content\/uploads\/2024\/01\/CFE-Luz-Medidores-341x220.jpg",341,220,true],"td_341x220_retina":["https:\/\/informante.mx\/wp-content\/uploads\/2024\/01\/CFE-Luz-Medidores-682x440.jpg",682,440,true],"td_341x400":["https:\/\/informante.mx\/wp-content\/uploads\/2024\/01\/CFE-Luz-Medidores-341x400.jpg",341,400,true],"td_341x400_retina":["https:\/\/informante.mx\/wp-content\/uploads\/2024\/01\/CFE-Luz-Medidores-682x700.jpg",682,700,true],"td_511x400":["https:\/\/informante.mx\/wp-content\/uploads\/2024\/01\/CFE-Luz-Medidores-511x400.jpg",511,400,true],"td_511x400_retina":["https:\/\/informante.mx\/wp-content\/uploads\/2024\/01\/CFE-Luz-Medidores-1022x700.jpg",1022,700,true],"td_537x360":["https:\/\/informante.mx\/wp-content\/uploads\/2024\/01\/CFE-Luz-Medidores-537x360.jpg",537,360,true],"td_537x360_retina":["https:\/\/informante.mx\/wp-content\/uploads\/2024\/01\/CFE-Luz-Medidores-1074x700.jpg",1074,700,true],"td_640x0":["https:\/\/informante.mx\/wp-content\/uploads\/2024\/01\/CFE-Luz-Medidores-640x373.jpg",640,373,true],"td_640x0_retina":["https:\/\/informante.mx\/wp-content\/uploads\/2024\/01\/CFE-Luz-Medidores.jpg",1200,700,false],"td_640x350":["https:\/\/informante.mx\/wp-content\/uploads\/2024\/01\/CFE-Luz-Medidores-640x350.jpg",640,350,true],"td_640x350_retina":["https:\/\/informante.mx\/wp-content\/uploads\/2024\/01\/CFE-Luz-Medidores.jpg",1200,700,false],"td_681x0":["https:\/\/informante.mx\/wp-content\/uploads\/2024\/01\/CFE-Luz-Medidores-681x397.jpg",681,397,true],"td_681x0_retina":["https:\/\/informante.mx\/wp-content\/uploads\/2024\/01\/CFE-Luz-Medidores.jpg",1200,700,false],"td_681x400":["https:\/\/informante.mx\/wp-content\/uploads\/2024\/01\/CFE-Luz-Medidores-681x400.jpg",681,400,true],"td_681x400_retina":["https:\/\/informante.mx\/wp-content\/uploads\/2024\/01\/CFE-Luz-Medidores.jpg",1200,700,false],"td_741x486":["https:\/\/informante.mx\/wp-content\/uploads\/2024\/01\/CFE-Luz-Medidores-741x486.jpg",741,486,true],"td_741x486_retina":["https:\/\/informante.mx\/wp-content\/uploads\/2024\/01\/CFE-Luz-Medidores.jpg",1200,700,false],"td_1021x580":["https:\/\/informante.mx\/wp-content\/uploads\/2024\/01\/CFE-Luz-Medidores-1021x580.jpg",1021,580,true],"td_1021x580_retina":["https:\/\/informante.mx\/wp-content\/uploads\/2024\/01\/CFE-Luz-Medidores.jpg",1200,700,false]},"uagb_author_info":{"display_name":"InformanteMX","author_link":"https:\/\/informante.mx\/?author=1"},"uagb_comment_info":0,"uagb_excerpt":"\u2022\u00a0Es por cambio de Gerente General de la Divisi\u00f3n Oriente Ana Lilia Vel\u00e1zquez El Movimiento de Resistencia Civil La Leyenda de Chucho el Roto est\u00e1n a la espera de renovar las mesas de trabajo y de di\u00e1logo con el nuevo gerente general de la Divisi\u00f3n Oriente de la Comisi\u00f3n Federal de Electricidad (CFE), para entablar&hellip;","_links":{"self":[{"href":"https:\/\/informante.mx\/index.php?rest_route=\/wp\/v2\/posts\/29049","targetHints":{"allow":["GET"]}}],"collection":[{"href":"https:\/\/informante.mx\/index.php?rest_route=\/wp\/v2\/posts"}],"about":[{"href":"https:\/\/informante.mx\/index.php?rest_route=\/wp\/v2\/types\/post"}],"author":[{"embeddable":true,"href":"https:\/\/informante.mx\/index.php?rest_route=\/wp\/v2\/users\/1"}],"replies":[{"embeddable":true,"href":"https:\/\/informante.mx\/index.php?rest_route=%2Fwp%2Fv2%2Fcomments&post=29049"}],"version-history":[{"count":1,"href":"https:\/\/informante.mx\/index.php?rest_route=\/wp\/v2\/posts\/29049\/revisions"}],"predecessor-version":[{"id":29051,"href":"https:\/\/informante.mx\/index.php?rest_route=\/wp\/v2\/posts\/29049\/revisions\/29051"}],"wp:featuredmedia":[{"embeddable":true,"href":"https:\/\/informante.mx\/index.php?rest_route=\/wp\/v2\/media\/29050"}],"wp:attachment":[{"href":"https:\/\/informante.mx\/index.php?rest_route=%2Fwp%2Fv2%2Fmedia&parent=29049"}],"wp:term":[{"taxonomy":"category","embeddable":true,"href":"https:\/\/informante.mx\/index.php?rest_route=%2Fwp%2Fv2%2Fcategories&post=29049"},{"taxonomy":"post_tag","embeddable":true,"href":"https:\/\/informante.mx\/index.php?rest_route=%2Fwp%2Fv2%2Ftags&post=29049"}],"curies":[{"name":"wp","href":"https:\/\/api.w.org\/{rel}","templated":true}]}}