{"id":29044,"date":"2024-01-28T14:51:43","date_gmt":"2024-01-28T20:51:43","guid":{"rendered":"https:\/\/informante.mx\/?p=29044"},"modified":"2024-01-28T14:51:48","modified_gmt":"2024-01-28T20:51:48","slug":"en-mexico-y-veracruz-se-hace-mucho-por-la-educacion-pero-hace-falta-mas-arquidiocesis","status":"publish","type":"post","link":"https:\/\/informante.mx\/?p=29044","title":{"rendered":"En M\u00e9xico y Veracruz se hace mucho por la educaci\u00f3n, pero hace falta m\u00e1s: Arquidi\u00f3cesis"},"content":{"rendered":"\n<p><strong>Ada Reyes<\/strong><\/p>\n\n\n\n<p>La Arquidi\u00f3cesis de Xalapa, precis\u00f3 que en M\u00e9xico y Veracruz se hace mucho por los procesos educativos, pero hace falta m\u00e1s todav\u00eda.<\/p>\n\n\n\n<p>\u201cEn nuestros d\u00edas, existe una abundancia de ense\u00f1anza de todo tipo, pero poca transformaci\u00f3n del entorno para el beneficio de todos\u201d, se menciona en el documento signado por el presb\u00edtero Juan Beristain de los Santos.<\/p>\n\n\n\n<p>En el comunicado se hace referencia al Evangelio de San Marcos en donde se nos presenta el estilo transformador del modo de ense\u00f1ar de Jes\u00fas (Mc 1, 21-28).<\/p>\n\n\n\n<p>\u201cLo primero que indica Marcos es que Jes\u00fas no ense\u00f1a como los escribas, pues \u00e9l lo hace con autoridad; es decir, no se dedica a repetir lo que dicen otros, ofrece nuevos horizontes, mejores comprensiones, convicciones profundas y un modo de ser solidario con los menos dotados\u201d, se a\u00f1ade.<\/p>\n\n\n\n<p>Existe un segundo asombro, la gente ya no s\u00f3lo admira a Jes\u00fas, sino que descubre que la ense\u00f1anza de Jes\u00fas est\u00e1 en relaci\u00f3n estrecha con lo que padece la gente; su ense\u00f1anza no est\u00e1 al margen de la vida en general, mucho menos de la vida particular de quienes m\u00e1s sufren; su novedad est\u00e1 en la cercan\u00eda con las necesidades reales de sus oyentes; m\u00e1s a\u00fan, la novedad est\u00e1 en la esperanza y vida nueva que ofrece Jesucristo. Todos los proyectos, incluidos los educativos, deben acercarnos a los que m\u00e1s sufren en nuestra patria.<\/p>\n\n\n\n<p>Por \u00faltimo, para el Evangelista Marcos s\u00ed cuenta la intenci\u00f3n de quien ense\u00f1a; los escribas, l\u00edderes religiosos de la \u00e9poca de Jes\u00fas, desempe\u00f1aban su labor para exhibirse y conseguir un protagonismo humillante, vali\u00e9ndose de lo que sab\u00edan para despojar a los m\u00e1s desprotegidos de sus bienes (12, 38-40).<\/p>\n\n\n\n<p>Por tanto, la ense\u00f1anza civil, religiosa o eclesial debe evaluarse no s\u00f3lo desde los contenidos que se imparten, sino desde las intenciones con que se dice y desde las transformaciones que provoca. En nuestra patria podemos generar proyectos con nuevas inspiraciones que busquen el bien de todos y para todos, se indica por \u00faltimo.<\/p>\n\n\n\n<hr class=\"wp-block-separator has-alpha-channel-opacity\"\/>\n\n\n\n<p class=\"has-text-align-center\" style=\"font-size:17px\"><strong><i>Toda la informaci\u00f3n que necesitas saber la encuentras en nuestras <\/i><strong style=\"\"><em style=\"font-style: italic;\">redes sociales y canal de <\/em><\/strong><\/strong><a href=\"https:\/\/t.me\/informantemx\" target=\"_blank\" rel=\"noreferrer noopener\"><strong><em>Telegram<\/em><\/strong><\/a>. <\/p>\n\n\n\n<p class=\"has-text-align-center\" style=\"font-size:17px\"><strong><em>!\u00danete!<\/em><\/strong><\/p>\n\n\n\n<div class=\"wp-block-uagb-image aligncenter uagb-block-3acd28e8 wp-block-uagb-image--layout-default wp-block-uagb-image--effect-zoomin wp-block-uagb-image--align-center\"><figure class=\"wp-block-uagb-image__figure\"><a class=\"\" href=\"https:\/\/t.me\/informantemx\" target=\"\" rel=\"noopener\"><img decoding=\"async\" srcset=\"https:\/\/informante.mx\/wp-content\/uploads\/2023\/08\/Banner-Telegram-Verde-800x60-1.png ,https:\/\/informante.mx\/wp-content\/uploads\/2023\/08\/Banner-Telegram-Verde-800x60-1.png 780w, https:\/\/informante.mx\/wp-content\/uploads\/2023\/08\/Banner-Telegram-Verde-800x60-1.png 360w\" sizes=\"auto, (max-width: 480px) 150px\" src=\"https:\/\/informante.mx\/wp-content\/uploads\/2023\/08\/Banner-Telegram-Verde-800x60-1.png\" alt=\"\" class=\"uag-image-23275\" width=\"800\" height=\"60\" title=\"\" loading=\"lazy\" role=\"img\"\/><\/a><\/figure><\/div>\n\n\n\n<div class=\"wp-block-uagb-image aligncenter uagb-block-45ea2b31 wp-block-uagb-image--layout-default wp-block-uagb-image--effect-zoomin wp-block-uagb-image--align-center\"><figure class=\"wp-block-uagb-image__figure\"><a class=\"\" href=\"https:\/\/www.facebook.com\/MX.Informante\" target=\"\" rel=\"noopener\"><img decoding=\"async\" srcset=\"https:\/\/informante.mx\/wp-content\/uploads\/2023\/08\/Banner-Facebook-Verde-800x60-1.png ,https:\/\/informante.mx\/wp-content\/uploads\/2023\/08\/Banner-Facebook-Verde-800x60-1.png 780w, https:\/\/informante.mx\/wp-content\/uploads\/2023\/08\/Banner-Facebook-Verde-800x60-1.png 360w\" sizes=\"auto, (max-width: 480px) 150px\" src=\"https:\/\/informante.mx\/wp-content\/uploads\/2023\/08\/Banner-Facebook-Verde-800x60-1.png\" alt=\"\" class=\"uag-image-23274\" width=\"800\" height=\"60\" title=\"\" loading=\"lazy\" role=\"img\"\/><\/a><\/figure><\/div>\n\n\n\n<div class=\"wp-block-uagb-image aligncenter uagb-block-2ce4c51b wp-block-uagb-image--layout-default wp-block-uagb-image--effect-zoomin wp-block-uagb-image--align-center\"><figure class=\"wp-block-uagb-image__figure\"><a class=\"\" href=\"https:\/\/twitter.com\/mx_informante\" target=\"\" rel=\"noopener\"><img decoding=\"async\" srcset=\"https:\/\/informante.mx\/wp-content\/uploads\/2023\/08\/Banner-Twitter-Verde-800x60-1.png ,https:\/\/informante.mx\/wp-content\/uploads\/2023\/08\/Banner-Twitter-Verde-800x60-1.png 780w, https:\/\/informante.mx\/wp-content\/uploads\/2023\/08\/Banner-Twitter-Verde-800x60-1.png 360w\" sizes=\"auto, (max-width: 480px) 150px\" src=\"https:\/\/informante.mx\/wp-content\/uploads\/2023\/08\/Banner-Twitter-Verde-800x60-1.png\" alt=\"\" class=\"uag-image-23273\" width=\"800\" height=\"60\" title=\"\" loading=\"lazy\" role=\"img\"\/><\/a><\/figure><\/div>\n\n\n\n<div style=\"height:50px\" aria-hidden=\"true\" class=\"wp-block-spacer\"><\/div>\n","protected":false},"excerpt":{"rendered":"<p>Ada Reyes La Arquidi\u00f3cesis de Xalapa, precis\u00f3 que en M\u00e9xico y Veracruz se hace mucho por los procesos educativos, pero hace falta m\u00e1s todav\u00eda. \u201cEn nuestros d\u00edas, existe una abundancia de ense\u00f1anza de todo tipo, pero poca transformaci\u00f3n del entorno para el beneficio de todos\u201d, se menciona en el documento signado por el presb\u00edtero Juan [&hellip;]<\/p>\n","protected":false},"author":1,"featured_media":0,"comment_status":"open","ping_status":"closed","sticky":false,"template":"","format":"standard","meta":{"_uag_custom_page_level_css":"","jetpack_post_was_ever_published":false,"footnotes":""},"categories":[8],"tags":[37,46],"class_list":["post-29044","post","type-post","status-publish","format-standard","hentry","category-local","tag-local","tag-xalapa"],"yoast_head":"<!-- This site is optimized with the Yoast SEO plugin v27.3 - https:\/\/yoast.com\/product\/yoast-seo-wordpress\/ -->\n<title>En M\u00e9xico y Veracruz se hace mucho por la educaci\u00f3n, pero hace falta m\u00e1s: Arquidi\u00f3cesis - Informante.mx<\/title>\n<meta name=\"robots\" content=\"index, follow, max-snippet:-1, max-image-preview:large, max-video-preview:-1\" \/>\n<link rel=\"canonical\" href=\"https:\/\/informante.mx\/?p=29044\" \/>\n<meta property=\"og:locale\" content=\"es_ES\" \/>\n<meta property=\"og:type\" content=\"article\" \/>\n<meta property=\"og:title\" content=\"En M\u00e9xico y Veracruz se hace mucho por la educaci\u00f3n, pero hace falta m\u00e1s: Arquidi\u00f3cesis - Informante.mx\" \/>\n<meta property=\"og:description\" content=\"Ada Reyes La Arquidi\u00f3cesis de Xalapa, precis\u00f3 que en M\u00e9xico y Veracruz se hace mucho por los procesos educativos, pero hace falta m\u00e1s todav\u00eda. \u201cEn nuestros d\u00edas, existe una abundancia de ense\u00f1anza de todo tipo, pero poca transformaci\u00f3n del entorno para el beneficio de todos\u201d, se menciona en el documento signado por el presb\u00edtero Juan [&hellip;]\" \/>\n<meta property=\"og:url\" content=\"https:\/\/informante.mx\/?p=29044\" \/>\n<meta property=\"og:site_name\" content=\"Informante.mx\" \/>\n<meta property=\"article:publisher\" content=\"https:\/\/www.facebook.com\/MX.Informante\" \/>\n<meta property=\"article:published_time\" content=\"2024-01-28T20:51:43+00:00\" \/>\n<meta property=\"article:modified_time\" content=\"2024-01-28T20:51:48+00:00\" \/>\n<meta property=\"og:image\" content=\"https:\/\/informante.mx\/wp-content\/uploads\/2024\/01\/Arqudiocesis-Patron-Wong-Iglesia-1.jpg\" \/>\n\t<meta property=\"og:image:width\" content=\"1080\" \/>\n\t<meta property=\"og:image:height\" content=\"720\" \/>\n\t<meta property=\"og:image:type\" content=\"image\/jpeg\" \/>\n<meta name=\"author\" content=\"InformanteMX\" \/>\n<meta name=\"twitter:card\" content=\"summary_large_image\" \/>\n<meta name=\"twitter:creator\" content=\"@mx_informante\" \/>\n<meta name=\"twitter:site\" content=\"@mx_informante\" \/>\n<meta name=\"twitter:label1\" content=\"Escrito por\" \/>\n\t<meta name=\"twitter:data1\" content=\"InformanteMX\" \/>\n\t<meta name=\"twitter:label2\" content=\"Tiempo de lectura\" \/>\n\t<meta name=\"twitter:data2\" content=\"2 minutos\" \/>\n<script type=\"application\/ld+json\" class=\"yoast-schema-graph\">{\"@context\":\"https:\\\/\\\/schema.org\",\"@graph\":[{\"@type\":\"NewsArticle\",\"@id\":\"https:\\\/\\\/informante.mx\\\/?p=29044#article\",\"isPartOf\":{\"@id\":\"https:\\\/\\\/informante.mx\\\/?p=29044\"},\"author\":{\"name\":\"InformanteMX\",\"@id\":\"https:\\\/\\\/informante.mx\\\/#\\\/schema\\\/person\\\/3eff91989d2ea76b0a330b416325946c\"},\"headline\":\"En M\u00e9xico y Veracruz se hace mucho por la educaci\u00f3n, pero hace falta m\u00e1s: Arquidi\u00f3cesis\",\"datePublished\":\"2024-01-28T20:51:43+00:00\",\"dateModified\":\"2024-01-28T20:51:48+00:00\",\"mainEntityOfPage\":{\"@id\":\"https:\\\/\\\/informante.mx\\\/?p=29044\"},\"wordCount\":383,\"commentCount\":0,\"publisher\":{\"@id\":\"https:\\\/\\\/informante.mx\\\/#organization\"},\"keywords\":[\"Local\",\"Xalapa\"],\"articleSection\":[\"Local\"],\"inLanguage\":\"es\",\"potentialAction\":[{\"@type\":\"CommentAction\",\"name\":\"Comment\",\"target\":[\"https:\\\/\\\/informante.mx\\\/?p=29044#respond\"]}]},{\"@type\":\"WebPage\",\"@id\":\"https:\\\/\\\/informante.mx\\\/?p=29044\",\"url\":\"https:\\\/\\\/informante.mx\\\/?p=29044\",\"name\":\"En M\u00e9xico y Veracruz se hace mucho por la educaci\u00f3n, pero hace falta m\u00e1s: Arquidi\u00f3cesis - Informante.mx\",\"isPartOf\":{\"@id\":\"https:\\\/\\\/informante.mx\\\/#website\"},\"datePublished\":\"2024-01-28T20:51:43+00:00\",\"dateModified\":\"2024-01-28T20:51:48+00:00\",\"breadcrumb\":{\"@id\":\"https:\\\/\\\/informante.mx\\\/?p=29044#breadcrumb\"},\"inLanguage\":\"es\",\"potentialAction\":[{\"@type\":\"ReadAction\",\"target\":[\"https:\\\/\\\/informante.mx\\\/?p=29044\"]}]},{\"@type\":\"BreadcrumbList\",\"@id\":\"https:\\\/\\\/informante.mx\\\/?p=29044#breadcrumb\",\"itemListElement\":[{\"@type\":\"ListItem\",\"position\":1,\"name\":\"Portada\",\"item\":\"https:\\\/\\\/informante.mx\\\/\"},{\"@type\":\"ListItem\",\"position\":2,\"name\":\"En M\u00e9xico y Veracruz se hace mucho por la educaci\u00f3n, pero hace falta m\u00e1s: Arquidi\u00f3cesis\"}]},{\"@type\":\"WebSite\",\"@id\":\"https:\\\/\\\/informante.mx\\\/#website\",\"url\":\"https:\\\/\\\/informante.mx\\\/\",\"name\":\"Informante.mx\",\"description\":\"\",\"publisher\":{\"@id\":\"https:\\\/\\\/informante.mx\\\/#organization\"},\"potentialAction\":[{\"@type\":\"SearchAction\",\"target\":{\"@type\":\"EntryPoint\",\"urlTemplate\":\"https:\\\/\\\/informante.mx\\\/?s={search_term_string}\"},\"query-input\":{\"@type\":\"PropertyValueSpecification\",\"valueRequired\":true,\"valueName\":\"search_term_string\"}}],\"inLanguage\":\"es\"},{\"@type\":\"Organization\",\"@id\":\"https:\\\/\\\/informante.mx\\\/#organization\",\"name\":\"Informante.mx\",\"url\":\"https:\\\/\\\/informante.mx\\\/\",\"logo\":{\"@type\":\"ImageObject\",\"inLanguage\":\"es\",\"@id\":\"https:\\\/\\\/informante.mx\\\/#\\\/schema\\\/logo\\\/image\\\/\",\"url\":\"https:\\\/\\\/informante.mx\\\/wp-content\\\/uploads\\\/2019\\\/12\\\/cropped-LOGO-Verde-Apaisado-1024x360O-1.png\",\"contentUrl\":\"https:\\\/\\\/informante.mx\\\/wp-content\\\/uploads\\\/2019\\\/12\\\/cropped-LOGO-Verde-Apaisado-1024x360O-1.png\",\"width\":923,\"height\":180,\"caption\":\"Informante.mx\"},\"image\":{\"@id\":\"https:\\\/\\\/informante.mx\\\/#\\\/schema\\\/logo\\\/image\\\/\"},\"sameAs\":[\"https:\\\/\\\/www.facebook.com\\\/MX.Informante\",\"https:\\\/\\\/x.com\\\/mx_informante\"]},{\"@type\":\"Person\",\"@id\":\"https:\\\/\\\/informante.mx\\\/#\\\/schema\\\/person\\\/3eff91989d2ea76b0a330b416325946c\",\"name\":\"InformanteMX\",\"image\":{\"@type\":\"ImageObject\",\"inLanguage\":\"es\",\"@id\":\"https:\\\/\\\/secure.gravatar.com\\\/avatar\\\/10d802aa739e832aedd2f3fd8544d878871eb22e6ca86fe9a548573e34a28f0e?s=96&d=mm&r=g\",\"url\":\"https:\\\/\\\/secure.gravatar.com\\\/avatar\\\/10d802aa739e832aedd2f3fd8544d878871eb22e6ca86fe9a548573e34a28f0e?s=96&d=mm&r=g\",\"contentUrl\":\"https:\\\/\\\/secure.gravatar.com\\\/avatar\\\/10d802aa739e832aedd2f3fd8544d878871eb22e6ca86fe9a548573e34a28f0e?s=96&d=mm&r=g\",\"caption\":\"InformanteMX\"},\"url\":\"https:\\\/\\\/informante.mx\\\/?author=1\"}]}<\/script>\n<!-- \/ Yoast SEO plugin. -->","yoast_head_json":{"title":"En M\u00e9xico y Veracruz se hace mucho por la educaci\u00f3n, pero hace falta m\u00e1s: Arquidi\u00f3cesis - Informante.mx","robots":{"index":"index","follow":"follow","max-snippet":"max-snippet:-1","max-image-preview":"max-image-preview:large","max-video-preview":"max-video-preview:-1"},"canonical":"https:\/\/informante.mx\/?p=29044","og_locale":"es_ES","og_type":"article","og_title":"En M\u00e9xico y Veracruz se hace mucho por la educaci\u00f3n, pero hace falta m\u00e1s: Arquidi\u00f3cesis - Informante.mx","og_description":"Ada Reyes La Arquidi\u00f3cesis de Xalapa, precis\u00f3 que en M\u00e9xico y Veracruz se hace mucho por los procesos educativos, pero hace falta m\u00e1s todav\u00eda. \u201cEn nuestros d\u00edas, existe una abundancia de ense\u00f1anza de todo tipo, pero poca transformaci\u00f3n del entorno para el beneficio de todos\u201d, se menciona en el documento signado por el presb\u00edtero Juan [&hellip;]","og_url":"https:\/\/informante.mx\/?p=29044","og_site_name":"Informante.mx","article_publisher":"https:\/\/www.facebook.com\/MX.Informante","article_published_time":"2024-01-28T20:51:43+00:00","article_modified_time":"2024-01-28T20:51:48+00:00","og_image":[{"width":1080,"height":720,"url":"https:\/\/informante.mx\/wp-content\/uploads\/2024\/01\/Arqudiocesis-Patron-Wong-Iglesia-1.jpg","type":"image\/jpeg"}],"author":"InformanteMX","twitter_card":"summary_large_image","twitter_creator":"@mx_informante","twitter_site":"@mx_informante","twitter_misc":{"Escrito por":"InformanteMX","Tiempo de lectura":"2 minutos"},"schema":{"@context":"https:\/\/schema.org","@graph":[{"@type":"NewsArticle","@id":"https:\/\/informante.mx\/?p=29044#article","isPartOf":{"@id":"https:\/\/informante.mx\/?p=29044"},"author":{"name":"InformanteMX","@id":"https:\/\/informante.mx\/#\/schema\/person\/3eff91989d2ea76b0a330b416325946c"},"headline":"En M\u00e9xico y Veracruz se hace mucho por la educaci\u00f3n, pero hace falta m\u00e1s: Arquidi\u00f3cesis","datePublished":"2024-01-28T20:51:43+00:00","dateModified":"2024-01-28T20:51:48+00:00","mainEntityOfPage":{"@id":"https:\/\/informante.mx\/?p=29044"},"wordCount":383,"commentCount":0,"publisher":{"@id":"https:\/\/informante.mx\/#organization"},"keywords":["Local","Xalapa"],"articleSection":["Local"],"inLanguage":"es","potentialAction":[{"@type":"CommentAction","name":"Comment","target":["https:\/\/informante.mx\/?p=29044#respond"]}]},{"@type":"WebPage","@id":"https:\/\/informante.mx\/?p=29044","url":"https:\/\/informante.mx\/?p=29044","name":"En M\u00e9xico y Veracruz se hace mucho por la educaci\u00f3n, pero hace falta m\u00e1s: Arquidi\u00f3cesis - Informante.mx","isPartOf":{"@id":"https:\/\/informante.mx\/#website"},"datePublished":"2024-01-28T20:51:43+00:00","dateModified":"2024-01-28T20:51:48+00:00","breadcrumb":{"@id":"https:\/\/informante.mx\/?p=29044#breadcrumb"},"inLanguage":"es","potentialAction":[{"@type":"ReadAction","target":["https:\/\/informante.mx\/?p=29044"]}]},{"@type":"BreadcrumbList","@id":"https:\/\/informante.mx\/?p=29044#breadcrumb","itemListElement":[{"@type":"ListItem","position":1,"name":"Portada","item":"https:\/\/informante.mx\/"},{"@type":"ListItem","position":2,"name":"En M\u00e9xico y Veracruz se hace mucho por la educaci\u00f3n, pero hace falta m\u00e1s: Arquidi\u00f3cesis"}]},{"@type":"WebSite","@id":"https:\/\/informante.mx\/#website","url":"https:\/\/informante.mx\/","name":"Informante.mx","description":"","publisher":{"@id":"https:\/\/informante.mx\/#organization"},"potentialAction":[{"@type":"SearchAction","target":{"@type":"EntryPoint","urlTemplate":"https:\/\/informante.mx\/?s={search_term_string}"},"query-input":{"@type":"PropertyValueSpecification","valueRequired":true,"valueName":"search_term_string"}}],"inLanguage":"es"},{"@type":"Organization","@id":"https:\/\/informante.mx\/#organization","name":"Informante.mx","url":"https:\/\/informante.mx\/","logo":{"@type":"ImageObject","inLanguage":"es","@id":"https:\/\/informante.mx\/#\/schema\/logo\/image\/","url":"https:\/\/informante.mx\/wp-content\/uploads\/2019\/12\/cropped-LOGO-Verde-Apaisado-1024x360O-1.png","contentUrl":"https:\/\/informante.mx\/wp-content\/uploads\/2019\/12\/cropped-LOGO-Verde-Apaisado-1024x360O-1.png","width":923,"height":180,"caption":"Informante.mx"},"image":{"@id":"https:\/\/informante.mx\/#\/schema\/logo\/image\/"},"sameAs":["https:\/\/www.facebook.com\/MX.Informante","https:\/\/x.com\/mx_informante"]},{"@type":"Person","@id":"https:\/\/informante.mx\/#\/schema\/person\/3eff91989d2ea76b0a330b416325946c","name":"InformanteMX","image":{"@type":"ImageObject","inLanguage":"es","@id":"https:\/\/secure.gravatar.com\/avatar\/10d802aa739e832aedd2f3fd8544d878871eb22e6ca86fe9a548573e34a28f0e?s=96&d=mm&r=g","url":"https:\/\/secure.gravatar.com\/avatar\/10d802aa739e832aedd2f3fd8544d878871eb22e6ca86fe9a548573e34a28f0e?s=96&d=mm&r=g","contentUrl":"https:\/\/secure.gravatar.com\/avatar\/10d802aa739e832aedd2f3fd8544d878871eb22e6ca86fe9a548573e34a28f0e?s=96&d=mm&r=g","caption":"InformanteMX"},"url":"https:\/\/informante.mx\/?author=1"}]}},"jetpack_featured_media_url":"","uagb_featured_image_src":{"full":false,"thumbnail":false,"medium":false,"medium_large":false,"large":false,"1536x1536":false,"2048x2048":false,"td_0x420":false,"td_0x420_retina":false,"td_80x60":false,"td_80x60_retina":false,"td_100x75":false,"td_100x75_retina":false,"td_180x135":false,"td_180x135_retina":false,"td_238x178":false,"td_238x178_retina":false,"td_265x198":false,"td_265x198_retina":false,"td_300x160":false,"td_300x160_retina":false,"td_300x194":false,"td_300x194_retina":false,"td_300x350":false,"td_300x350_retina":false,"td_341x220":false,"td_341x220_retina":false,"td_341x400":false,"td_341x400_retina":false,"td_511x400":false,"td_511x400_retina":false,"td_537x360":false,"td_537x360_retina":false,"td_640x0":false,"td_640x0_retina":false,"td_640x350":false,"td_640x350_retina":false,"td_681x0":false,"td_681x0_retina":false,"td_681x400":false,"td_681x400_retina":false,"td_741x486":false,"td_741x486_retina":false,"td_1021x580":false,"td_1021x580_retina":false},"uagb_author_info":{"display_name":"InformanteMX","author_link":"https:\/\/informante.mx\/?author=1"},"uagb_comment_info":0,"uagb_excerpt":"Ada Reyes La Arquidi\u00f3cesis de Xalapa, precis\u00f3 que en M\u00e9xico y Veracruz se hace mucho por los procesos educativos, pero hace falta m\u00e1s todav\u00eda. \u201cEn nuestros d\u00edas, existe una abundancia de ense\u00f1anza de todo tipo, pero poca transformaci\u00f3n del entorno para el beneficio de todos\u201d, se menciona en el documento signado por el presb\u00edtero Juan&hellip;","_links":{"self":[{"href":"https:\/\/informante.mx\/index.php?rest_route=\/wp\/v2\/posts\/29044","targetHints":{"allow":["GET"]}}],"collection":[{"href":"https:\/\/informante.mx\/index.php?rest_route=\/wp\/v2\/posts"}],"about":[{"href":"https:\/\/informante.mx\/index.php?rest_route=\/wp\/v2\/types\/post"}],"author":[{"embeddable":true,"href":"https:\/\/informante.mx\/index.php?rest_route=\/wp\/v2\/users\/1"}],"replies":[{"embeddable":true,"href":"https:\/\/informante.mx\/index.php?rest_route=%2Fwp%2Fv2%2Fcomments&post=29044"}],"version-history":[{"count":1,"href":"https:\/\/informante.mx\/index.php?rest_route=\/wp\/v2\/posts\/29044\/revisions"}],"predecessor-version":[{"id":29047,"href":"https:\/\/informante.mx\/index.php?rest_route=\/wp\/v2\/posts\/29044\/revisions\/29047"}],"wp:attachment":[{"href":"https:\/\/informante.mx\/index.php?rest_route=%2Fwp%2Fv2%2Fmedia&parent=29044"}],"wp:term":[{"taxonomy":"category","embeddable":true,"href":"https:\/\/informante.mx\/index.php?rest_route=%2Fwp%2Fv2%2Fcategories&post=29044"},{"taxonomy":"post_tag","embeddable":true,"href":"https:\/\/informante.mx\/index.php?rest_route=%2Fwp%2Fv2%2Ftags&post=29044"}],"curies":[{"name":"wp","href":"https:\/\/api.w.org\/{rel}","templated":true}]}}