{"id":27128,"date":"2023-12-07T14:25:03","date_gmt":"2023-12-07T20:25:03","guid":{"rendered":"https:\/\/informante.mx\/?p=27128"},"modified":"2023-12-07T14:25:11","modified_gmt":"2023-12-07T20:25:11","slug":"da-entrada-congreso-a-solicitud-de-donacion-de-terreno-en-favor-de-invivienda","status":"publish","type":"post","link":"https:\/\/informante.mx\/?p=27128","title":{"rendered":"Da entrada Congreso a solicitud de donaci\u00f3n de terreno en favor de Invivienda"},"content":{"rendered":"\n<h2 class=\"wp-block-heading\">\u2022 Turna la Mesa Directiva a comisiones legislativas diversas peticiones municipales<\/h2>\n\n\n\n<p><strong>Redacci\u00f3n Informante<\/strong><\/p>\n\n\n\n<p class=\"has-text-align-justify\">A la Comisi\u00f3n de Hacienda del Estado fue turnado el oficio del Ejecutivo estatal por el que solicita autorizaci\u00f3n para enajenar una fracci\u00f3n del inmueble propiedad del organismo p\u00fablico descentralizado Sistema para el Desarrollo Integral de la Familia Veracruz, del predio El Aserradero, ubicado en el municipio de La Antigua, Veracruz, a favor del Instituto Veracruzano de la Vivienda (Invivienda), con la finalidad de ofrecer certeza jur\u00eddica y seguridad a diversas familias.<\/p>\n\n\n\n<p class=\"has-text-align-justify\">Por otra parte, en uso de sus atribuciones, la Comisi\u00f3n Especial para la Atenci\u00f3n y Seguimiento de Regularizaci\u00f3n de la Situaci\u00f3n Jur\u00eddica de los Predios Escolares remiti\u00f3 al Pleno la opini\u00f3n relativa a las solicitudes de autorizaci\u00f3n de los ayuntamientos de San Rafael y Soconusco, para donar terrenos de propiedad municipal, a favor de la Secretar\u00eda de Educaci\u00f3n de Veracruz (SEV), para el uso exclusivo de escuelas. Conforme al procedimiento, esta opini\u00f3n fue turnada a la Comisi\u00f3n Permanente de Hacienda Municipal para lo procedente.<\/p>\n\n\n\n<p class=\"has-text-align-justify\">La misma Comisi\u00f3n Especial present\u00f3 la opini\u00f3n relativa a las solicitudes de autorizaci\u00f3n de los ayuntamientos de Tres Valles y Vega de Alatorre, que prev\u00e9n la donaci\u00f3n de terrenos, pertenecientes al fundo legal, a favor de la SEV para uso de instituciones educativas. La Mesa Directiva instruy\u00f3 remitir esta opini\u00f3n a la Comisi\u00f3n Permanente de Desarrollo Urbano, Ordenamiento Territorial, Vivienda y Fundo Legal, conforme al \u00e1mbito de su competencia.<\/p>\n\n\n\n<p class=\"has-text-align-justify\">En otras actividades de la sesi\u00f3n, el Pleno se dio por enterado de la presentaci\u00f3n del segundo informe de labores de la diputada del Distrito XXIV de Santiago Tuxtla, Janix Liliana Castro Mu\u00f1oz, as\u00ed como las legisladoras de representaci\u00f3n proporcional Ruth Callejas Rold\u00e1n y Ver\u00f3nica Pulido Herrera.<\/p>\n\n\n\n<p class=\"has-text-align-justify\">Asimismo, se envi\u00f3 a las Comisiones Unidas para la Igualdad de G\u00e9nero y de Hacienda Municipal la solicitud del Ayuntamiento de Guti\u00e9rrez Zamora que busca crear el Instituto Municipal de las Mujeres de ese lugar.<\/p>\n\n\n\n<p class=\"has-text-align-justify\">La Comisi\u00f3n Permanente de Vigilancia atender\u00e1 el caso presentado por exservidoras p\u00fablicas del Ayuntamiento de Miahuatl\u00e1n que manifiestan diversas irregularidades, hostigamiento y acoso en el proceso de entrega-recepci\u00f3n de sus cargos.<\/p>\n\n\n\n<p class=\"has-text-align-justify\">Por \u00faltimo, el legislador Marlon Eduardo Ram\u00edrez Mar\u00edn present\u00f3 una excitativa a la Comisi\u00f3n Permanente de Justicia y Puntos de Constitucionales, respecto de las iniciativas de reforma al art\u00edculo 236 del C\u00f3digo Penal del estado y de decreto que reforma y adiciona diversas disposiciones de la Constituci\u00f3n Pol\u00edtica del Estado, en materia de gobiernos de coalici\u00f3n. Conforme al Art\u00edculo 66 del Reglamento para el Gobierno Interior del Poder Legislativo, el presidente de la Comisi\u00f3n de Justicia y Puntos Constitucionales, diputado Luis Fernando Cervantes Cruz, dio respuesta en tribuna al autor de las iniciativas.<\/p>\n\n\n\n<hr class=\"wp-block-separator has-alpha-channel-opacity\"\/>\n\n\n\n<p class=\"has-text-align-center\" style=\"font-size:17px\"><strong><i>Toda la informaci\u00f3n que necesitas saber la encuentras en nuestras <\/i><strong style=\"\"><em style=\"font-style: italic;\">redes sociales y canal de <\/em><\/strong><\/strong><a href=\"https:\/\/t.me\/informantemx\" target=\"_blank\" rel=\"noreferrer noopener\"><strong><em>Telegram<\/em><\/strong><\/a>. <\/p>\n\n\n\n<p class=\"has-text-align-center\" style=\"font-size:17px\"><strong><em>!\u00danete!<\/em><\/strong><\/p>\n\n\n\n<div class=\"wp-block-uagb-image aligncenter uagb-block-3acd28e8 wp-block-uagb-image--layout-default wp-block-uagb-image--effect-zoomin wp-block-uagb-image--align-center\"><figure class=\"wp-block-uagb-image__figure\"><a class=\"\" href=\"https:\/\/t.me\/informantemx\" target=\"\" rel=\"noopener\"><img decoding=\"async\" srcset=\"https:\/\/informante.mx\/wp-content\/uploads\/2023\/08\/Banner-Telegram-Verde-800x60-1.png ,https:\/\/informante.mx\/wp-content\/uploads\/2023\/08\/Banner-Telegram-Verde-800x60-1.png 780w, https:\/\/informante.mx\/wp-content\/uploads\/2023\/08\/Banner-Telegram-Verde-800x60-1.png 360w\" sizes=\"auto, (max-width: 480px) 150px\" src=\"https:\/\/informante.mx\/wp-content\/uploads\/2023\/08\/Banner-Telegram-Verde-800x60-1.png\" alt=\"\" class=\"uag-image-23275\" width=\"800\" height=\"60\" title=\"\" loading=\"lazy\" role=\"img\"\/><\/a><\/figure><\/div>\n\n\n\n<div class=\"wp-block-uagb-image aligncenter uagb-block-45ea2b31 wp-block-uagb-image--layout-default wp-block-uagb-image--effect-zoomin wp-block-uagb-image--align-center\"><figure class=\"wp-block-uagb-image__figure\"><a class=\"\" href=\"https:\/\/www.facebook.com\/MX.Informante\" target=\"\" rel=\"noopener\"><img decoding=\"async\" srcset=\"https:\/\/informante.mx\/wp-content\/uploads\/2023\/08\/Banner-Facebook-Verde-800x60-1.png ,https:\/\/informante.mx\/wp-content\/uploads\/2023\/08\/Banner-Facebook-Verde-800x60-1.png 780w, https:\/\/informante.mx\/wp-content\/uploads\/2023\/08\/Banner-Facebook-Verde-800x60-1.png 360w\" sizes=\"auto, (max-width: 480px) 150px\" src=\"https:\/\/informante.mx\/wp-content\/uploads\/2023\/08\/Banner-Facebook-Verde-800x60-1.png\" alt=\"\" class=\"uag-image-23274\" width=\"800\" height=\"60\" title=\"\" loading=\"lazy\" role=\"img\"\/><\/a><\/figure><\/div>\n\n\n\n<div class=\"wp-block-uagb-image aligncenter uagb-block-2ce4c51b wp-block-uagb-image--layout-default wp-block-uagb-image--effect-zoomin wp-block-uagb-image--align-center\"><figure class=\"wp-block-uagb-image__figure\"><a class=\"\" href=\"https:\/\/twitter.com\/mx_informante\" target=\"\" rel=\"noopener\"><img decoding=\"async\" srcset=\"https:\/\/informante.mx\/wp-content\/uploads\/2023\/08\/Banner-Twitter-Verde-800x60-1.png ,https:\/\/informante.mx\/wp-content\/uploads\/2023\/08\/Banner-Twitter-Verde-800x60-1.png 780w, https:\/\/informante.mx\/wp-content\/uploads\/2023\/08\/Banner-Twitter-Verde-800x60-1.png 360w\" sizes=\"auto, (max-width: 480px) 150px\" src=\"https:\/\/informante.mx\/wp-content\/uploads\/2023\/08\/Banner-Twitter-Verde-800x60-1.png\" alt=\"\" class=\"uag-image-23273\" width=\"800\" height=\"60\" title=\"\" loading=\"lazy\" role=\"img\"\/><\/a><\/figure><\/div>\n\n\n\n<div style=\"height:50px\" aria-hidden=\"true\" class=\"wp-block-spacer\"><\/div>\n","protected":false},"excerpt":{"rendered":"<p>Turna la Mesa Directiva a comisiones legislativas diversas peticiones municipales<\/p>\n","protected":false},"author":1,"featured_media":0,"comment_status":"open","ping_status":"closed","sticky":false,"template":"","format":"standard","meta":{"_uag_custom_page_level_css":"","jetpack_post_was_ever_published":false,"footnotes":""},"categories":[7],"tags":[42,32,43,33],"class_list":["post-27128","post","type-post","status-publish","format-standard","hentry","category-legislatura","tag-congreso","tag-estado","tag-gobierno","tag-veracruz"],"yoast_head":"<!-- This site is optimized with the Yoast SEO plugin v27.3 - https:\/\/yoast.com\/product\/yoast-seo-wordpress\/ -->\n<title>Da entrada Congreso a solicitud de donaci\u00f3n de terreno en favor de Invivienda - Informante.mx<\/title>\n<meta name=\"robots\" content=\"index, follow, max-snippet:-1, max-image-preview:large, max-video-preview:-1\" \/>\n<link rel=\"canonical\" href=\"https:\/\/informante.mx\/?p=27128\" \/>\n<meta property=\"og:locale\" content=\"es_ES\" \/>\n<meta property=\"og:type\" content=\"article\" \/>\n<meta property=\"og:title\" content=\"Da entrada Congreso a solicitud de donaci\u00f3n de terreno en favor de Invivienda - Informante.mx\" \/>\n<meta property=\"og:description\" content=\"Turna la Mesa Directiva a comisiones legislativas diversas peticiones municipales\" \/>\n<meta property=\"og:url\" content=\"https:\/\/informante.mx\/?p=27128\" \/>\n<meta property=\"og:site_name\" content=\"Informante.mx\" \/>\n<meta property=\"article:publisher\" content=\"https:\/\/www.facebook.com\/MX.Informante\" \/>\n<meta property=\"article:published_time\" content=\"2023-12-07T20:25:03+00:00\" \/>\n<meta property=\"article:modified_time\" content=\"2023-12-07T20:25:11+00:00\" \/>\n<meta property=\"og:image\" content=\"https:\/\/informante.mx\/wp-content\/uploads\/2023\/12\/Legislatura-Congreso.jpg\" \/>\n\t<meta property=\"og:image:width\" content=\"1600\" \/>\n\t<meta property=\"og:image:height\" content=\"1068\" \/>\n\t<meta property=\"og:image:type\" content=\"image\/jpeg\" \/>\n<meta name=\"author\" content=\"InformanteMX\" \/>\n<meta name=\"twitter:card\" content=\"summary_large_image\" \/>\n<meta name=\"twitter:creator\" content=\"@mx_informante\" \/>\n<meta name=\"twitter:site\" content=\"@mx_informante\" \/>\n<meta name=\"twitter:label1\" content=\"Escrito por\" \/>\n\t<meta name=\"twitter:data1\" content=\"InformanteMX\" \/>\n\t<meta name=\"twitter:label2\" content=\"Tiempo de lectura\" \/>\n\t<meta name=\"twitter:data2\" content=\"2 minutos\" \/>\n<script type=\"application\/ld+json\" class=\"yoast-schema-graph\">{\"@context\":\"https:\\\/\\\/schema.org\",\"@graph\":[{\"@type\":\"NewsArticle\",\"@id\":\"https:\\\/\\\/informante.mx\\\/?p=27128#article\",\"isPartOf\":{\"@id\":\"https:\\\/\\\/informante.mx\\\/?p=27128\"},\"author\":{\"name\":\"InformanteMX\",\"@id\":\"https:\\\/\\\/informante.mx\\\/#\\\/schema\\\/person\\\/3eff91989d2ea76b0a330b416325946c\"},\"headline\":\"Da entrada Congreso a solicitud de donaci\u00f3n de terreno en favor de Invivienda\",\"datePublished\":\"2023-12-07T20:25:03+00:00\",\"dateModified\":\"2023-12-07T20:25:11+00:00\",\"mainEntityOfPage\":{\"@id\":\"https:\\\/\\\/informante.mx\\\/?p=27128\"},\"wordCount\":498,\"commentCount\":0,\"publisher\":{\"@id\":\"https:\\\/\\\/informante.mx\\\/#organization\"},\"keywords\":[\"Congreso\",\"Estado\",\"Gobierno\",\"Veracruz\"],\"articleSection\":[\"Legislatura\"],\"inLanguage\":\"es\",\"potentialAction\":[{\"@type\":\"CommentAction\",\"name\":\"Comment\",\"target\":[\"https:\\\/\\\/informante.mx\\\/?p=27128#respond\"]}]},{\"@type\":\"WebPage\",\"@id\":\"https:\\\/\\\/informante.mx\\\/?p=27128\",\"url\":\"https:\\\/\\\/informante.mx\\\/?p=27128\",\"name\":\"Da entrada Congreso a solicitud de donaci\u00f3n de terreno en favor de Invivienda - Informante.mx\",\"isPartOf\":{\"@id\":\"https:\\\/\\\/informante.mx\\\/#website\"},\"datePublished\":\"2023-12-07T20:25:03+00:00\",\"dateModified\":\"2023-12-07T20:25:11+00:00\",\"breadcrumb\":{\"@id\":\"https:\\\/\\\/informante.mx\\\/?p=27128#breadcrumb\"},\"inLanguage\":\"es\",\"potentialAction\":[{\"@type\":\"ReadAction\",\"target\":[\"https:\\\/\\\/informante.mx\\\/?p=27128\"]}]},{\"@type\":\"BreadcrumbList\",\"@id\":\"https:\\\/\\\/informante.mx\\\/?p=27128#breadcrumb\",\"itemListElement\":[{\"@type\":\"ListItem\",\"position\":1,\"name\":\"Portada\",\"item\":\"https:\\\/\\\/informante.mx\\\/\"},{\"@type\":\"ListItem\",\"position\":2,\"name\":\"Da entrada Congreso a solicitud de donaci\u00f3n de terreno en favor de Invivienda\"}]},{\"@type\":\"WebSite\",\"@id\":\"https:\\\/\\\/informante.mx\\\/#website\",\"url\":\"https:\\\/\\\/informante.mx\\\/\",\"name\":\"Informante.mx\",\"description\":\"\",\"publisher\":{\"@id\":\"https:\\\/\\\/informante.mx\\\/#organization\"},\"potentialAction\":[{\"@type\":\"SearchAction\",\"target\":{\"@type\":\"EntryPoint\",\"urlTemplate\":\"https:\\\/\\\/informante.mx\\\/?s={search_term_string}\"},\"query-input\":{\"@type\":\"PropertyValueSpecification\",\"valueRequired\":true,\"valueName\":\"search_term_string\"}}],\"inLanguage\":\"es\"},{\"@type\":\"Organization\",\"@id\":\"https:\\\/\\\/informante.mx\\\/#organization\",\"name\":\"Informante.mx\",\"url\":\"https:\\\/\\\/informante.mx\\\/\",\"logo\":{\"@type\":\"ImageObject\",\"inLanguage\":\"es\",\"@id\":\"https:\\\/\\\/informante.mx\\\/#\\\/schema\\\/logo\\\/image\\\/\",\"url\":\"https:\\\/\\\/informante.mx\\\/wp-content\\\/uploads\\\/2019\\\/12\\\/cropped-LOGO-Verde-Apaisado-1024x360O-1.png\",\"contentUrl\":\"https:\\\/\\\/informante.mx\\\/wp-content\\\/uploads\\\/2019\\\/12\\\/cropped-LOGO-Verde-Apaisado-1024x360O-1.png\",\"width\":923,\"height\":180,\"caption\":\"Informante.mx\"},\"image\":{\"@id\":\"https:\\\/\\\/informante.mx\\\/#\\\/schema\\\/logo\\\/image\\\/\"},\"sameAs\":[\"https:\\\/\\\/www.facebook.com\\\/MX.Informante\",\"https:\\\/\\\/x.com\\\/mx_informante\"]},{\"@type\":\"Person\",\"@id\":\"https:\\\/\\\/informante.mx\\\/#\\\/schema\\\/person\\\/3eff91989d2ea76b0a330b416325946c\",\"name\":\"InformanteMX\",\"image\":{\"@type\":\"ImageObject\",\"inLanguage\":\"es\",\"@id\":\"https:\\\/\\\/secure.gravatar.com\\\/avatar\\\/10d802aa739e832aedd2f3fd8544d878871eb22e6ca86fe9a548573e34a28f0e?s=96&d=mm&r=g\",\"url\":\"https:\\\/\\\/secure.gravatar.com\\\/avatar\\\/10d802aa739e832aedd2f3fd8544d878871eb22e6ca86fe9a548573e34a28f0e?s=96&d=mm&r=g\",\"contentUrl\":\"https:\\\/\\\/secure.gravatar.com\\\/avatar\\\/10d802aa739e832aedd2f3fd8544d878871eb22e6ca86fe9a548573e34a28f0e?s=96&d=mm&r=g\",\"caption\":\"InformanteMX\"},\"url\":\"https:\\\/\\\/informante.mx\\\/?author=1\"}]}<\/script>\n<!-- \/ Yoast SEO plugin. -->","yoast_head_json":{"title":"Da entrada Congreso a solicitud de donaci\u00f3n de terreno en favor de Invivienda - Informante.mx","robots":{"index":"index","follow":"follow","max-snippet":"max-snippet:-1","max-image-preview":"max-image-preview:large","max-video-preview":"max-video-preview:-1"},"canonical":"https:\/\/informante.mx\/?p=27128","og_locale":"es_ES","og_type":"article","og_title":"Da entrada Congreso a solicitud de donaci\u00f3n de terreno en favor de Invivienda - Informante.mx","og_description":"Turna la Mesa Directiva a comisiones legislativas diversas peticiones municipales","og_url":"https:\/\/informante.mx\/?p=27128","og_site_name":"Informante.mx","article_publisher":"https:\/\/www.facebook.com\/MX.Informante","article_published_time":"2023-12-07T20:25:03+00:00","article_modified_time":"2023-12-07T20:25:11+00:00","og_image":[{"width":1600,"height":1068,"url":"https:\/\/informante.mx\/wp-content\/uploads\/2023\/12\/Legislatura-Congreso.jpg","type":"image\/jpeg"}],"author":"InformanteMX","twitter_card":"summary_large_image","twitter_creator":"@mx_informante","twitter_site":"@mx_informante","twitter_misc":{"Escrito por":"InformanteMX","Tiempo de lectura":"2 minutos"},"schema":{"@context":"https:\/\/schema.org","@graph":[{"@type":"NewsArticle","@id":"https:\/\/informante.mx\/?p=27128#article","isPartOf":{"@id":"https:\/\/informante.mx\/?p=27128"},"author":{"name":"InformanteMX","@id":"https:\/\/informante.mx\/#\/schema\/person\/3eff91989d2ea76b0a330b416325946c"},"headline":"Da entrada Congreso a solicitud de donaci\u00f3n de terreno en favor de Invivienda","datePublished":"2023-12-07T20:25:03+00:00","dateModified":"2023-12-07T20:25:11+00:00","mainEntityOfPage":{"@id":"https:\/\/informante.mx\/?p=27128"},"wordCount":498,"commentCount":0,"publisher":{"@id":"https:\/\/informante.mx\/#organization"},"keywords":["Congreso","Estado","Gobierno","Veracruz"],"articleSection":["Legislatura"],"inLanguage":"es","potentialAction":[{"@type":"CommentAction","name":"Comment","target":["https:\/\/informante.mx\/?p=27128#respond"]}]},{"@type":"WebPage","@id":"https:\/\/informante.mx\/?p=27128","url":"https:\/\/informante.mx\/?p=27128","name":"Da entrada Congreso a solicitud de donaci\u00f3n de terreno en favor de Invivienda - Informante.mx","isPartOf":{"@id":"https:\/\/informante.mx\/#website"},"datePublished":"2023-12-07T20:25:03+00:00","dateModified":"2023-12-07T20:25:11+00:00","breadcrumb":{"@id":"https:\/\/informante.mx\/?p=27128#breadcrumb"},"inLanguage":"es","potentialAction":[{"@type":"ReadAction","target":["https:\/\/informante.mx\/?p=27128"]}]},{"@type":"BreadcrumbList","@id":"https:\/\/informante.mx\/?p=27128#breadcrumb","itemListElement":[{"@type":"ListItem","position":1,"name":"Portada","item":"https:\/\/informante.mx\/"},{"@type":"ListItem","position":2,"name":"Da entrada Congreso a solicitud de donaci\u00f3n de terreno en favor de Invivienda"}]},{"@type":"WebSite","@id":"https:\/\/informante.mx\/#website","url":"https:\/\/informante.mx\/","name":"Informante.mx","description":"","publisher":{"@id":"https:\/\/informante.mx\/#organization"},"potentialAction":[{"@type":"SearchAction","target":{"@type":"EntryPoint","urlTemplate":"https:\/\/informante.mx\/?s={search_term_string}"},"query-input":{"@type":"PropertyValueSpecification","valueRequired":true,"valueName":"search_term_string"}}],"inLanguage":"es"},{"@type":"Organization","@id":"https:\/\/informante.mx\/#organization","name":"Informante.mx","url":"https:\/\/informante.mx\/","logo":{"@type":"ImageObject","inLanguage":"es","@id":"https:\/\/informante.mx\/#\/schema\/logo\/image\/","url":"https:\/\/informante.mx\/wp-content\/uploads\/2019\/12\/cropped-LOGO-Verde-Apaisado-1024x360O-1.png","contentUrl":"https:\/\/informante.mx\/wp-content\/uploads\/2019\/12\/cropped-LOGO-Verde-Apaisado-1024x360O-1.png","width":923,"height":180,"caption":"Informante.mx"},"image":{"@id":"https:\/\/informante.mx\/#\/schema\/logo\/image\/"},"sameAs":["https:\/\/www.facebook.com\/MX.Informante","https:\/\/x.com\/mx_informante"]},{"@type":"Person","@id":"https:\/\/informante.mx\/#\/schema\/person\/3eff91989d2ea76b0a330b416325946c","name":"InformanteMX","image":{"@type":"ImageObject","inLanguage":"es","@id":"https:\/\/secure.gravatar.com\/avatar\/10d802aa739e832aedd2f3fd8544d878871eb22e6ca86fe9a548573e34a28f0e?s=96&d=mm&r=g","url":"https:\/\/secure.gravatar.com\/avatar\/10d802aa739e832aedd2f3fd8544d878871eb22e6ca86fe9a548573e34a28f0e?s=96&d=mm&r=g","contentUrl":"https:\/\/secure.gravatar.com\/avatar\/10d802aa739e832aedd2f3fd8544d878871eb22e6ca86fe9a548573e34a28f0e?s=96&d=mm&r=g","caption":"InformanteMX"},"url":"https:\/\/informante.mx\/?author=1"}]}},"jetpack_featured_media_url":"","uagb_featured_image_src":{"full":false,"thumbnail":false,"medium":false,"medium_large":false,"large":false,"1536x1536":false,"2048x2048":false,"td_0x420":false,"td_0x420_retina":false,"td_80x60":false,"td_80x60_retina":false,"td_100x75":false,"td_100x75_retina":false,"td_180x135":false,"td_180x135_retina":false,"td_238x178":false,"td_238x178_retina":false,"td_265x198":false,"td_265x198_retina":false,"td_300x160":false,"td_300x160_retina":false,"td_300x194":false,"td_300x194_retina":false,"td_300x350":false,"td_300x350_retina":false,"td_341x220":false,"td_341x220_retina":false,"td_341x400":false,"td_341x400_retina":false,"td_511x400":false,"td_511x400_retina":false,"td_537x360":false,"td_537x360_retina":false,"td_640x0":false,"td_640x0_retina":false,"td_640x350":false,"td_640x350_retina":false,"td_681x0":false,"td_681x0_retina":false,"td_681x400":false,"td_681x400_retina":false,"td_741x486":false,"td_741x486_retina":false,"td_1021x580":false,"td_1021x580_retina":false},"uagb_author_info":{"display_name":"InformanteMX","author_link":"https:\/\/informante.mx\/?author=1"},"uagb_comment_info":0,"uagb_excerpt":"Turna la Mesa Directiva a comisiones legislativas diversas peticiones municipales","_links":{"self":[{"href":"https:\/\/informante.mx\/index.php?rest_route=\/wp\/v2\/posts\/27128","targetHints":{"allow":["GET"]}}],"collection":[{"href":"https:\/\/informante.mx\/index.php?rest_route=\/wp\/v2\/posts"}],"about":[{"href":"https:\/\/informante.mx\/index.php?rest_route=\/wp\/v2\/types\/post"}],"author":[{"embeddable":true,"href":"https:\/\/informante.mx\/index.php?rest_route=\/wp\/v2\/users\/1"}],"replies":[{"embeddable":true,"href":"https:\/\/informante.mx\/index.php?rest_route=%2Fwp%2Fv2%2Fcomments&post=27128"}],"version-history":[{"count":1,"href":"https:\/\/informante.mx\/index.php?rest_route=\/wp\/v2\/posts\/27128\/revisions"}],"predecessor-version":[{"id":27130,"href":"https:\/\/informante.mx\/index.php?rest_route=\/wp\/v2\/posts\/27128\/revisions\/27130"}],"wp:attachment":[{"href":"https:\/\/informante.mx\/index.php?rest_route=%2Fwp%2Fv2%2Fmedia&parent=27128"}],"wp:term":[{"taxonomy":"category","embeddable":true,"href":"https:\/\/informante.mx\/index.php?rest_route=%2Fwp%2Fv2%2Fcategories&post=27128"},{"taxonomy":"post_tag","embeddable":true,"href":"https:\/\/informante.mx\/index.php?rest_route=%2Fwp%2Fv2%2Ftags&post=27128"}],"curies":[{"name":"wp","href":"https:\/\/api.w.org\/{rel}","templated":true}]}}