{"id":26959,"date":"2023-12-04T12:15:50","date_gmt":"2023-12-04T18:15:50","guid":{"rendered":"https:\/\/informante.mx\/?p=26959"},"modified":"2023-12-04T12:15:55","modified_gmt":"2023-12-04T18:15:55","slug":"son-capaces-de-un-golpe-de-estado-en-nl-para-impedir-regreso-de-samuel-amlo","status":"publish","type":"post","link":"https:\/\/informante.mx\/?p=26959","title":{"rendered":"\u201cSon capaces de un golpe de Estado en NL, para impedir regreso de Samuel\u201d: AMLO"},"content":{"rendered":"\n<h2 class=\"wp-block-heading\">\u2022\u00a0El presidente L\u00f3pez Obrador acus\u00f3 que se uni\u00f3 el bloque conservador contra el gobernador de NL, Samuel Garc\u00eda.<\/h2>\n\n\n\n<p><strong>Redacci\u00f3n Informante<\/strong><\/p>\n\n\n\n<p class=\"has-text-align-justify\">El presidente Andr\u00e9s Manuel L\u00f3pez Obrador critic\u00f3 que en Nuevo Le\u00f3n (NL), los partidos Acci\u00f3n Nacional (PAN) y Revolucionario Institucional (PRI), as\u00ed como el Poder Judicial del estado, se unieron contra&nbsp;<strong>Samuel Garc\u00eda.&nbsp;<\/strong><\/p>\n\n\n\n<p class=\"has-text-align-justify\">En Conferencia Ma\u00f1anera, acus\u00f3 que el bloque conservador quer\u00eda impedir que&nbsp;<strong>Samuel Garc\u00eda fuera candidato a la Presidencia<\/strong>, en las elecciones de 2024.<\/p>\n\n\n\n<blockquote class=\"wp-block-quote is-layout-flow wp-block-quote-is-layout-flow\">\n<p>\u201cLo que s\u00ed debe saber la gente es que se trata de un asunto politiquero con miras a las pr\u00f3ximas elecciones, porque se le lanzaron los del PRI y los del PAN. M\u00e1s que nada el jefe del bloque conservador, Claudio X. Gonz\u00e1lez, se le lanz\u00f3 a Samuel Garc\u00eda para que no pudiera ser candidato\u201d,indic\u00f3.<\/p>\n<\/blockquote>\n\n\n\n<p class=\"has-text-align-justify\">Y es que, seg\u00fan L\u00f3pez Obrador, la oposici\u00f3n tem\u00eda que el exaspirante de Movimiento Ciudadano ganar\u00e1 simpatizantes de la clase media.<\/p>\n\n\n\n<blockquote class=\"wp-block-quote is-layout-flow wp-block-quote-is-layout-flow\">\n<p>\u201cEl bloque conservador se le lanz\u00f3 a Samuel Garc\u00eda para que no pudiera ser candidato, porque ellos sostienen, de manera equivocada, que Samuel les divid\u00eda las simpat\u00edas de las clases medias, porque ellos se sienten los due\u00f1os de las clases medias, los del bloque conservador\u201d,declar\u00f3 el mandatario.<\/p>\n<\/blockquote>\n\n\n\n<p class=\"has-text-align-justify\">El Ejecutivo Federal se\u00f1al\u00f3 como un acto antidemocr\u00e1tico el intento de la Suprema Corte de Justicia de la Naci\u00f3n (SCJN) de impedir a Samuel Garc\u00eda asumir sus funciones, como gobernador.<\/p>\n\n\n\n<blockquote class=\"wp-block-quote is-layout-flow wp-block-quote-is-layout-flow\">\n<p>\u201cSon capaces hasta de dar un Golpe de Estado, porque eso ser\u00eda una destituci\u00f3n de alguien que fue electo. Por ejemplo, si no lo dejan llegar, que la Corte diga que ya est\u00e1 destituido\u201d,indic\u00f3 L\u00f3pez Obrador.<\/p>\n<\/blockquote>\n\n\n\n<h2 class=\"wp-block-heading\">Las peticiones de PRI y PAN a Samuel en NL<\/h2>\n\n\n\n<p class=\"has-text-align-justify\">En la Conferencia se mostr\u00f3 una carta de peticiones que dio a conocer\u00a0Samuel Garc\u00eda en su primer acto p\u00fablico,\u00a0tras reasumir sus funciones como gobernador de Nuevo Le\u00f3n.<\/p>\n\n\n\n<p class=\"has-text-align-justify\">Acus\u00f3 al PRI y al PAN de enviarle una carta con 11 peticiones, entre ellas, dinero e impunidad para personajes investigados por diversos delitos.<\/p>\n\n\n\n<blockquote class=\"wp-block-quote is-layout-flow wp-block-quote-is-layout-flow\">\n<p>\u201cCre\u00edan estos g\u00fceyes que yo soy Santa Claus, primero, 2 mil 500 millones para el a\u00f1o que entra. Segundo, todas las carpetas penales que tienen Paco, Adri\u00e1n, Ra\u00fal, todas, des\u00edstete\u201d,revel\u00f3.<\/p>\n<\/blockquote>\n\n\n\n<p class=\"has-text-align-justify\">Adem\u00e1s, dijo, le pidieron no pagar impuestos y el cargo de fiscal general del estado para Adri\u00e1n de la Garza.<\/p>\n\n\n\n<p class=\"has-text-align-justify\">Garc\u00eda Sep\u00falveda&nbsp;<a href=\"https:\/\/twitter.com\/samuel_garcias\/status\/1731456486163779590\">denunci\u00f3 que en la misiva del PRI y el PAN<\/a>&nbsp;tambi\u00e9n le pidieron el cargo de auditor superior del estado.<\/p>\n\n\n\n<p class=\"has-text-align-justify\">Todo esto a cambio de permitir que se quedara el secretario de Gobierno, Javier Navarro Velasco, como gobernador interino.<\/p>\n\n\n\n<hr class=\"wp-block-separator has-alpha-channel-opacity\"\/>\n\n\n\n<p class=\"has-text-align-center\" style=\"font-size:17px\"><strong><i>Toda la informaci\u00f3n que necesitas saber la encuentras en nuestras <\/i><strong style=\"\"><em style=\"font-style: italic;\">redes sociales y canal de <\/em><\/strong><\/strong><a href=\"https:\/\/t.me\/informantemx\" target=\"_blank\" rel=\"noreferrer noopener\"><strong><em>Telegram<\/em><\/strong><\/a>. <\/p>\n\n\n\n<p class=\"has-text-align-center\" style=\"font-size:17px\"><strong><em>!\u00danete!<\/em><\/strong><\/p>\n\n\n\n<div class=\"wp-block-uagb-image aligncenter uagb-block-3acd28e8 wp-block-uagb-image--layout-default wp-block-uagb-image--effect-zoomin wp-block-uagb-image--align-center\"><figure class=\"wp-block-uagb-image__figure\"><a class=\"\" href=\"https:\/\/t.me\/informantemx\" target=\"\" rel=\"noopener\"><img decoding=\"async\" srcset=\"https:\/\/informante.mx\/wp-content\/uploads\/2023\/08\/Banner-Telegram-Verde-800x60-1.png ,https:\/\/informante.mx\/wp-content\/uploads\/2023\/08\/Banner-Telegram-Verde-800x60-1.png 780w, https:\/\/informante.mx\/wp-content\/uploads\/2023\/08\/Banner-Telegram-Verde-800x60-1.png 360w\" sizes=\"auto, (max-width: 480px) 150px\" src=\"https:\/\/informante.mx\/wp-content\/uploads\/2023\/08\/Banner-Telegram-Verde-800x60-1.png\" alt=\"\" class=\"uag-image-23275\" width=\"800\" height=\"60\" title=\"\" loading=\"lazy\" role=\"img\"\/><\/a><\/figure><\/div>\n\n\n\n<div class=\"wp-block-uagb-image aligncenter uagb-block-45ea2b31 wp-block-uagb-image--layout-default wp-block-uagb-image--effect-zoomin wp-block-uagb-image--align-center\"><figure class=\"wp-block-uagb-image__figure\"><a class=\"\" href=\"https:\/\/www.facebook.com\/MX.Informante\" target=\"\" rel=\"noopener\"><img decoding=\"async\" srcset=\"https:\/\/informante.mx\/wp-content\/uploads\/2023\/08\/Banner-Facebook-Verde-800x60-1.png ,https:\/\/informante.mx\/wp-content\/uploads\/2023\/08\/Banner-Facebook-Verde-800x60-1.png 780w, https:\/\/informante.mx\/wp-content\/uploads\/2023\/08\/Banner-Facebook-Verde-800x60-1.png 360w\" sizes=\"auto, (max-width: 480px) 150px\" src=\"https:\/\/informante.mx\/wp-content\/uploads\/2023\/08\/Banner-Facebook-Verde-800x60-1.png\" alt=\"\" class=\"uag-image-23274\" width=\"800\" height=\"60\" title=\"\" loading=\"lazy\" role=\"img\"\/><\/a><\/figure><\/div>\n\n\n\n<div class=\"wp-block-uagb-image aligncenter uagb-block-2ce4c51b wp-block-uagb-image--layout-default wp-block-uagb-image--effect-zoomin wp-block-uagb-image--align-center\"><figure class=\"wp-block-uagb-image__figure\"><a class=\"\" href=\"https:\/\/twitter.com\/mx_informante\" target=\"\" rel=\"noopener\"><img decoding=\"async\" srcset=\"https:\/\/informante.mx\/wp-content\/uploads\/2023\/08\/Banner-Twitter-Verde-800x60-1.png ,https:\/\/informante.mx\/wp-content\/uploads\/2023\/08\/Banner-Twitter-Verde-800x60-1.png 780w, https:\/\/informante.mx\/wp-content\/uploads\/2023\/08\/Banner-Twitter-Verde-800x60-1.png 360w\" sizes=\"auto, (max-width: 480px) 150px\" src=\"https:\/\/informante.mx\/wp-content\/uploads\/2023\/08\/Banner-Twitter-Verde-800x60-1.png\" alt=\"\" class=\"uag-image-23273\" width=\"800\" height=\"60\" title=\"\" loading=\"lazy\" role=\"img\"\/><\/a><\/figure><\/div>\n\n\n\n<div style=\"height:50px\" aria-hidden=\"true\" class=\"wp-block-spacer\"><\/div>\n","protected":false},"excerpt":{"rendered":"<p>El presidente L\u00f3pez Obrador acus\u00f3 que se uni\u00f3 el bloque conservador contra el gobernador de NL, Samuel Garc\u00eda.<\/p>\n","protected":false},"author":1,"featured_media":0,"comment_status":"open","ping_status":"closed","sticky":false,"template":"","format":"standard","meta":{"_uag_custom_page_level_css":"","jetpack_post_was_ever_published":false,"footnotes":""},"categories":[16,9],"tags":[43,31],"class_list":["post-26959","post","type-post","status-publish","format-standard","hentry","category-enterate","category-nacional","tag-gobierno","tag-nacional"],"yoast_head":"<!-- This site is optimized with the Yoast SEO plugin v27.3 - https:\/\/yoast.com\/product\/yoast-seo-wordpress\/ -->\n<title>\u201cSon capaces de un golpe de Estado en NL, para impedir regreso de Samuel\u201d: AMLO - Informante.mx<\/title>\n<meta name=\"robots\" content=\"index, follow, max-snippet:-1, max-image-preview:large, max-video-preview:-1\" \/>\n<link rel=\"canonical\" href=\"https:\/\/informante.mx\/?p=26959\" \/>\n<meta property=\"og:locale\" content=\"es_ES\" \/>\n<meta property=\"og:type\" content=\"article\" \/>\n<meta property=\"og:title\" content=\"\u201cSon capaces de un golpe de Estado en NL, para impedir regreso de Samuel\u201d: AMLO - Informante.mx\" \/>\n<meta property=\"og:description\" content=\"El presidente L\u00f3pez Obrador acus\u00f3 que se uni\u00f3 el bloque conservador contra el gobernador de NL, Samuel Garc\u00eda.\" \/>\n<meta property=\"og:url\" content=\"https:\/\/informante.mx\/?p=26959\" \/>\n<meta property=\"og:site_name\" content=\"Informante.mx\" \/>\n<meta property=\"article:publisher\" content=\"https:\/\/www.facebook.com\/MX.Informante\" \/>\n<meta property=\"article:published_time\" content=\"2023-12-04T18:15:50+00:00\" \/>\n<meta property=\"article:modified_time\" content=\"2023-12-04T18:15:55+00:00\" \/>\n<meta property=\"og:image\" content=\"https:\/\/informante.mx\/wp-content\/uploads\/2023\/12\/AMLO-Samuel.jpg\" \/>\n\t<meta property=\"og:image:width\" content=\"1800\" \/>\n\t<meta property=\"og:image:height\" content=\"1011\" \/>\n\t<meta property=\"og:image:type\" content=\"image\/jpeg\" \/>\n<meta name=\"author\" content=\"InformanteMX\" \/>\n<meta name=\"twitter:card\" content=\"summary_large_image\" \/>\n<meta name=\"twitter:creator\" content=\"@mx_informante\" \/>\n<meta name=\"twitter:site\" content=\"@mx_informante\" \/>\n<meta name=\"twitter:label1\" content=\"Escrito por\" \/>\n\t<meta name=\"twitter:data1\" content=\"InformanteMX\" \/>\n\t<meta name=\"twitter:label2\" content=\"Tiempo de lectura\" \/>\n\t<meta name=\"twitter:data2\" content=\"2 minutos\" \/>\n<script type=\"application\/ld+json\" class=\"yoast-schema-graph\">{\"@context\":\"https:\\\/\\\/schema.org\",\"@graph\":[{\"@type\":\"NewsArticle\",\"@id\":\"https:\\\/\\\/informante.mx\\\/?p=26959#article\",\"isPartOf\":{\"@id\":\"https:\\\/\\\/informante.mx\\\/?p=26959\"},\"author\":{\"name\":\"InformanteMX\",\"@id\":\"https:\\\/\\\/informante.mx\\\/#\\\/schema\\\/person\\\/3eff91989d2ea76b0a330b416325946c\"},\"headline\":\"\u201cSon capaces de un golpe de Estado en NL, para impedir regreso de Samuel\u201d: AMLO\",\"datePublished\":\"2023-12-04T18:15:50+00:00\",\"dateModified\":\"2023-12-04T18:15:55+00:00\",\"mainEntityOfPage\":{\"@id\":\"https:\\\/\\\/informante.mx\\\/?p=26959\"},\"wordCount\":480,\"commentCount\":0,\"publisher\":{\"@id\":\"https:\\\/\\\/informante.mx\\\/#organization\"},\"keywords\":[\"Gobierno\",\"Nacional\"],\"articleSection\":[\"Ent\u00e9rate\",\"Nacional\"],\"inLanguage\":\"es\",\"potentialAction\":[{\"@type\":\"CommentAction\",\"name\":\"Comment\",\"target\":[\"https:\\\/\\\/informante.mx\\\/?p=26959#respond\"]}]},{\"@type\":\"WebPage\",\"@id\":\"https:\\\/\\\/informante.mx\\\/?p=26959\",\"url\":\"https:\\\/\\\/informante.mx\\\/?p=26959\",\"name\":\"\u201cSon capaces de un golpe de Estado en NL, para impedir regreso de Samuel\u201d: AMLO - Informante.mx\",\"isPartOf\":{\"@id\":\"https:\\\/\\\/informante.mx\\\/#website\"},\"datePublished\":\"2023-12-04T18:15:50+00:00\",\"dateModified\":\"2023-12-04T18:15:55+00:00\",\"breadcrumb\":{\"@id\":\"https:\\\/\\\/informante.mx\\\/?p=26959#breadcrumb\"},\"inLanguage\":\"es\",\"potentialAction\":[{\"@type\":\"ReadAction\",\"target\":[\"https:\\\/\\\/informante.mx\\\/?p=26959\"]}]},{\"@type\":\"BreadcrumbList\",\"@id\":\"https:\\\/\\\/informante.mx\\\/?p=26959#breadcrumb\",\"itemListElement\":[{\"@type\":\"ListItem\",\"position\":1,\"name\":\"Portada\",\"item\":\"https:\\\/\\\/informante.mx\\\/\"},{\"@type\":\"ListItem\",\"position\":2,\"name\":\"\u201cSon capaces de un golpe de Estado en NL, para impedir regreso de Samuel\u201d: AMLO\"}]},{\"@type\":\"WebSite\",\"@id\":\"https:\\\/\\\/informante.mx\\\/#website\",\"url\":\"https:\\\/\\\/informante.mx\\\/\",\"name\":\"Informante.mx\",\"description\":\"\",\"publisher\":{\"@id\":\"https:\\\/\\\/informante.mx\\\/#organization\"},\"potentialAction\":[{\"@type\":\"SearchAction\",\"target\":{\"@type\":\"EntryPoint\",\"urlTemplate\":\"https:\\\/\\\/informante.mx\\\/?s={search_term_string}\"},\"query-input\":{\"@type\":\"PropertyValueSpecification\",\"valueRequired\":true,\"valueName\":\"search_term_string\"}}],\"inLanguage\":\"es\"},{\"@type\":\"Organization\",\"@id\":\"https:\\\/\\\/informante.mx\\\/#organization\",\"name\":\"Informante.mx\",\"url\":\"https:\\\/\\\/informante.mx\\\/\",\"logo\":{\"@type\":\"ImageObject\",\"inLanguage\":\"es\",\"@id\":\"https:\\\/\\\/informante.mx\\\/#\\\/schema\\\/logo\\\/image\\\/\",\"url\":\"https:\\\/\\\/informante.mx\\\/wp-content\\\/uploads\\\/2019\\\/12\\\/cropped-LOGO-Verde-Apaisado-1024x360O-1.png\",\"contentUrl\":\"https:\\\/\\\/informante.mx\\\/wp-content\\\/uploads\\\/2019\\\/12\\\/cropped-LOGO-Verde-Apaisado-1024x360O-1.png\",\"width\":923,\"height\":180,\"caption\":\"Informante.mx\"},\"image\":{\"@id\":\"https:\\\/\\\/informante.mx\\\/#\\\/schema\\\/logo\\\/image\\\/\"},\"sameAs\":[\"https:\\\/\\\/www.facebook.com\\\/MX.Informante\",\"https:\\\/\\\/x.com\\\/mx_informante\"]},{\"@type\":\"Person\",\"@id\":\"https:\\\/\\\/informante.mx\\\/#\\\/schema\\\/person\\\/3eff91989d2ea76b0a330b416325946c\",\"name\":\"InformanteMX\",\"image\":{\"@type\":\"ImageObject\",\"inLanguage\":\"es\",\"@id\":\"https:\\\/\\\/secure.gravatar.com\\\/avatar\\\/10d802aa739e832aedd2f3fd8544d878871eb22e6ca86fe9a548573e34a28f0e?s=96&d=mm&r=g\",\"url\":\"https:\\\/\\\/secure.gravatar.com\\\/avatar\\\/10d802aa739e832aedd2f3fd8544d878871eb22e6ca86fe9a548573e34a28f0e?s=96&d=mm&r=g\",\"contentUrl\":\"https:\\\/\\\/secure.gravatar.com\\\/avatar\\\/10d802aa739e832aedd2f3fd8544d878871eb22e6ca86fe9a548573e34a28f0e?s=96&d=mm&r=g\",\"caption\":\"InformanteMX\"},\"url\":\"https:\\\/\\\/informante.mx\\\/?author=1\"}]}<\/script>\n<!-- \/ Yoast SEO plugin. -->","yoast_head_json":{"title":"\u201cSon capaces de un golpe de Estado en NL, para impedir regreso de Samuel\u201d: AMLO - Informante.mx","robots":{"index":"index","follow":"follow","max-snippet":"max-snippet:-1","max-image-preview":"max-image-preview:large","max-video-preview":"max-video-preview:-1"},"canonical":"https:\/\/informante.mx\/?p=26959","og_locale":"es_ES","og_type":"article","og_title":"\u201cSon capaces de un golpe de Estado en NL, para impedir regreso de Samuel\u201d: AMLO - Informante.mx","og_description":"El presidente L\u00f3pez Obrador acus\u00f3 que se uni\u00f3 el bloque conservador contra el gobernador de NL, Samuel Garc\u00eda.","og_url":"https:\/\/informante.mx\/?p=26959","og_site_name":"Informante.mx","article_publisher":"https:\/\/www.facebook.com\/MX.Informante","article_published_time":"2023-12-04T18:15:50+00:00","article_modified_time":"2023-12-04T18:15:55+00:00","og_image":[{"width":1800,"height":1011,"url":"https:\/\/informante.mx\/wp-content\/uploads\/2023\/12\/AMLO-Samuel.jpg","type":"image\/jpeg"}],"author":"InformanteMX","twitter_card":"summary_large_image","twitter_creator":"@mx_informante","twitter_site":"@mx_informante","twitter_misc":{"Escrito por":"InformanteMX","Tiempo de lectura":"2 minutos"},"schema":{"@context":"https:\/\/schema.org","@graph":[{"@type":"NewsArticle","@id":"https:\/\/informante.mx\/?p=26959#article","isPartOf":{"@id":"https:\/\/informante.mx\/?p=26959"},"author":{"name":"InformanteMX","@id":"https:\/\/informante.mx\/#\/schema\/person\/3eff91989d2ea76b0a330b416325946c"},"headline":"\u201cSon capaces de un golpe de Estado en NL, para impedir regreso de Samuel\u201d: AMLO","datePublished":"2023-12-04T18:15:50+00:00","dateModified":"2023-12-04T18:15:55+00:00","mainEntityOfPage":{"@id":"https:\/\/informante.mx\/?p=26959"},"wordCount":480,"commentCount":0,"publisher":{"@id":"https:\/\/informante.mx\/#organization"},"keywords":["Gobierno","Nacional"],"articleSection":["Ent\u00e9rate","Nacional"],"inLanguage":"es","potentialAction":[{"@type":"CommentAction","name":"Comment","target":["https:\/\/informante.mx\/?p=26959#respond"]}]},{"@type":"WebPage","@id":"https:\/\/informante.mx\/?p=26959","url":"https:\/\/informante.mx\/?p=26959","name":"\u201cSon capaces de un golpe de Estado en NL, para impedir regreso de Samuel\u201d: AMLO - Informante.mx","isPartOf":{"@id":"https:\/\/informante.mx\/#website"},"datePublished":"2023-12-04T18:15:50+00:00","dateModified":"2023-12-04T18:15:55+00:00","breadcrumb":{"@id":"https:\/\/informante.mx\/?p=26959#breadcrumb"},"inLanguage":"es","potentialAction":[{"@type":"ReadAction","target":["https:\/\/informante.mx\/?p=26959"]}]},{"@type":"BreadcrumbList","@id":"https:\/\/informante.mx\/?p=26959#breadcrumb","itemListElement":[{"@type":"ListItem","position":1,"name":"Portada","item":"https:\/\/informante.mx\/"},{"@type":"ListItem","position":2,"name":"\u201cSon capaces de un golpe de Estado en NL, para impedir regreso de Samuel\u201d: AMLO"}]},{"@type":"WebSite","@id":"https:\/\/informante.mx\/#website","url":"https:\/\/informante.mx\/","name":"Informante.mx","description":"","publisher":{"@id":"https:\/\/informante.mx\/#organization"},"potentialAction":[{"@type":"SearchAction","target":{"@type":"EntryPoint","urlTemplate":"https:\/\/informante.mx\/?s={search_term_string}"},"query-input":{"@type":"PropertyValueSpecification","valueRequired":true,"valueName":"search_term_string"}}],"inLanguage":"es"},{"@type":"Organization","@id":"https:\/\/informante.mx\/#organization","name":"Informante.mx","url":"https:\/\/informante.mx\/","logo":{"@type":"ImageObject","inLanguage":"es","@id":"https:\/\/informante.mx\/#\/schema\/logo\/image\/","url":"https:\/\/informante.mx\/wp-content\/uploads\/2019\/12\/cropped-LOGO-Verde-Apaisado-1024x360O-1.png","contentUrl":"https:\/\/informante.mx\/wp-content\/uploads\/2019\/12\/cropped-LOGO-Verde-Apaisado-1024x360O-1.png","width":923,"height":180,"caption":"Informante.mx"},"image":{"@id":"https:\/\/informante.mx\/#\/schema\/logo\/image\/"},"sameAs":["https:\/\/www.facebook.com\/MX.Informante","https:\/\/x.com\/mx_informante"]},{"@type":"Person","@id":"https:\/\/informante.mx\/#\/schema\/person\/3eff91989d2ea76b0a330b416325946c","name":"InformanteMX","image":{"@type":"ImageObject","inLanguage":"es","@id":"https:\/\/secure.gravatar.com\/avatar\/10d802aa739e832aedd2f3fd8544d878871eb22e6ca86fe9a548573e34a28f0e?s=96&d=mm&r=g","url":"https:\/\/secure.gravatar.com\/avatar\/10d802aa739e832aedd2f3fd8544d878871eb22e6ca86fe9a548573e34a28f0e?s=96&d=mm&r=g","contentUrl":"https:\/\/secure.gravatar.com\/avatar\/10d802aa739e832aedd2f3fd8544d878871eb22e6ca86fe9a548573e34a28f0e?s=96&d=mm&r=g","caption":"InformanteMX"},"url":"https:\/\/informante.mx\/?author=1"}]}},"jetpack_featured_media_url":"","uagb_featured_image_src":{"full":false,"thumbnail":false,"medium":false,"medium_large":false,"large":false,"1536x1536":false,"2048x2048":false,"td_0x420":false,"td_0x420_retina":false,"td_80x60":false,"td_80x60_retina":false,"td_100x75":false,"td_100x75_retina":false,"td_180x135":false,"td_180x135_retina":false,"td_238x178":false,"td_238x178_retina":false,"td_265x198":false,"td_265x198_retina":false,"td_300x160":false,"td_300x160_retina":false,"td_300x194":false,"td_300x194_retina":false,"td_300x350":false,"td_300x350_retina":false,"td_341x220":false,"td_341x220_retina":false,"td_341x400":false,"td_341x400_retina":false,"td_511x400":false,"td_511x400_retina":false,"td_537x360":false,"td_537x360_retina":false,"td_640x0":false,"td_640x0_retina":false,"td_640x350":false,"td_640x350_retina":false,"td_681x0":false,"td_681x0_retina":false,"td_681x400":false,"td_681x400_retina":false,"td_741x486":false,"td_741x486_retina":false,"td_1021x580":false,"td_1021x580_retina":false},"uagb_author_info":{"display_name":"InformanteMX","author_link":"https:\/\/informante.mx\/?author=1"},"uagb_comment_info":0,"uagb_excerpt":"El presidente L\u00f3pez Obrador acus\u00f3 que se uni\u00f3 el bloque conservador contra el gobernador de NL, Samuel Garc\u00eda.","_links":{"self":[{"href":"https:\/\/informante.mx\/index.php?rest_route=\/wp\/v2\/posts\/26959","targetHints":{"allow":["GET"]}}],"collection":[{"href":"https:\/\/informante.mx\/index.php?rest_route=\/wp\/v2\/posts"}],"about":[{"href":"https:\/\/informante.mx\/index.php?rest_route=\/wp\/v2\/types\/post"}],"author":[{"embeddable":true,"href":"https:\/\/informante.mx\/index.php?rest_route=\/wp\/v2\/users\/1"}],"replies":[{"embeddable":true,"href":"https:\/\/informante.mx\/index.php?rest_route=%2Fwp%2Fv2%2Fcomments&post=26959"}],"version-history":[{"count":1,"href":"https:\/\/informante.mx\/index.php?rest_route=\/wp\/v2\/posts\/26959\/revisions"}],"predecessor-version":[{"id":26962,"href":"https:\/\/informante.mx\/index.php?rest_route=\/wp\/v2\/posts\/26959\/revisions\/26962"}],"wp:attachment":[{"href":"https:\/\/informante.mx\/index.php?rest_route=%2Fwp%2Fv2%2Fmedia&parent=26959"}],"wp:term":[{"taxonomy":"category","embeddable":true,"href":"https:\/\/informante.mx\/index.php?rest_route=%2Fwp%2Fv2%2Fcategories&post=26959"},{"taxonomy":"post_tag","embeddable":true,"href":"https:\/\/informante.mx\/index.php?rest_route=%2Fwp%2Fv2%2Ftags&post=26959"}],"curies":[{"name":"wp","href":"https:\/\/api.w.org\/{rel}","templated":true}]}}