{"id":26853,"date":"2023-12-01T10:26:29","date_gmt":"2023-12-01T16:26:29","guid":{"rendered":"https:\/\/informante.mx\/?p=26853"},"modified":"2023-12-01T10:26:33","modified_gmt":"2023-12-01T16:26:33","slug":"con-programas-sociales-ayudamos-a-que-boca-del-rio-tenga-un-mejor-futuro-alcalde-jm-unanue","status":"publish","type":"post","link":"https:\/\/informante.mx\/?p=26853","title":{"rendered":"Con programas sociales ayudamos a que Boca del R\u00edo tenga un mejor futuro: Alcalde JM Un\u00e1nue"},"content":{"rendered":"\n<h2 class=\"wp-block-heading\">\u2022 Durante este a\u00f1o, m\u00e1s de 30 mil boque\u00f1os recibieron alg\u00fan apoyo social de manera directa<\/h2>\n\n\n\n<p><strong>Redacci\u00f3n Informante<\/strong><\/p>\n\n\n\n<p class=\"has-text-align-justify\">En Boca del R\u00edo se han creado una serie de iniciativas que son destinadas a mejorar las condiciones y calidad de vida de los boque\u00f1os, as\u00ed lo destac\u00f3 el Alcalde Juan Manuel Un\u00e1nue Abascal, previo a su Segundo Informe de Gobierno.<\/p>\n\n\n\n<p class=\"has-text-align-justify\">\u201cEste a\u00f1o apoyamos a 32 mil boque\u00f1os de manera directa y sin intermediarios, entregamos apoyos econ\u00f3micos, sillas de ruedas, bastones, medicamentos y cirug\u00edas de cataratas\u201d, enfatiz\u00f3 el Edil.<\/p>\n\n\n\n<p class=\"has-text-align-justify\">Durante los a\u00f1os de gobierno de la actual administraci\u00f3n municipal, se ha alcanzado un progreso significativo en la sociedad en general, se han generado m\u00e1s inversiones, logr\u00e1ndose un aumento en los nuevos empleos, muchos cumpliendo sus sue\u00f1os.<\/p>\n\n\n\n<p class=\"has-text-align-justify\">Pese a ello, hay quienes est\u00e1n pasando por una situaci\u00f3n dif\u00edcil y es donde el Gobierno de Boca del R\u00edo, se ha comprometido a respaldar a miles de boque\u00f1os en sus distintas necesidades, como es el caso de sillas de ruedas, anteojos, apoyos por funerales, medicinas y operaciones.<\/p>\n\n\n\n<p class=\"has-text-align-justify\">Uno de los programas sociales de mayor impacto en Boca del R\u00edo es \u201cBoca en tu Escuela\u201d, beneficiando directamente a 110 planteles educativos con una inversi\u00f3n de 10 mdp en aires acondicionados y computadoras; 18 mil boque\u00f1itos ahora gozan de mejores condiciones en su ense\u00f1anza.<\/p>\n\n\n\n<p class=\"has-text-align-justify\">Gracias a la correcta ejecuci\u00f3n de estos programas y apoyos, se ha logrado que su impacto en la poblaci\u00f3n sea eficaz y eficiente.<\/p>\n\n\n\n<p class=\"has-text-align-justify\">Por otra parte, m\u00e1s de 700 alumnos cursaron ingl\u00e9s, franc\u00e9s y braille totalmente gratis, mientras que las boque\u00f1as aprendieron un oficio en talleres de tapicer\u00eda, tejido y pintura textil, logrando as\u00ed los conocimientos necesarios para emprender y lograr recursos extras para su hogar.<\/p>\n\n\n\n<p class=\"has-text-align-justify\">En apoyo a la econom\u00eda de los hogares, el Ayuntamiento de Boca del R\u00edo implement\u00f3 el programa \u201cMercaditos Boca\u201d, acercando a las familias productos a bajo costo en 400 ocasiones de distintas colonias.<\/p>\n\n\n\n<p class=\"has-text-align-justify\">Desde inicios del 2023 se iniciaron las acciones de descacharrizaci\u00f3n en fraccionamientos y colonias del municipio, adem\u00e1s de fumigar las 86 colonias de Boca del R\u00edo reduciendo en un 60% la incidencia de los casos de dengue en la ciudad.<\/p>\n\n\n\n<p class=\"has-text-align-justify\">Finalmente, el Presidente Municipal de Boca del R\u00edo, Juan Manuel Un\u00e1nue Abascal, record\u00f3 que estos programas de asistencia impulsan el desarrollo e inclusi\u00f3n social, adem\u00e1s de la salud y empleo en la poblaci\u00f3n boque\u00f1a,<\/p>\n\n\n\n<p class=\"has-text-align-justify\">Asimismo, nuevamente realiz\u00f3 la invitaci\u00f3n a todos los ciudadanos a presenciar su Segundo Informe de Gobierno el lunes 4 de diciembre a las 17:30 horas en el World Trade Center de Boca del R\u00edo.<\/p>\n\n\n\n<hr class=\"wp-block-separator has-alpha-channel-opacity\"\/>\n\n\n\n<p class=\"has-text-align-center\" style=\"font-size:17px\"><strong><i>Toda la informaci\u00f3n que necesitas saber la encuentras en nuestras <\/i><strong style=\"\"><em style=\"font-style: italic;\">redes sociales y canal de <\/em><\/strong><\/strong><a href=\"https:\/\/t.me\/informantemx\" target=\"_blank\" rel=\"noreferrer noopener\"><strong><em>Telegram<\/em><\/strong><\/a>. <\/p>\n\n\n\n<p class=\"has-text-align-center\" style=\"font-size:17px\"><strong><em>!\u00danete!<\/em><\/strong><\/p>\n\n\n\n<div class=\"wp-block-uagb-image aligncenter uagb-block-3acd28e8 wp-block-uagb-image--layout-default wp-block-uagb-image--effect-zoomin wp-block-uagb-image--align-center\"><figure class=\"wp-block-uagb-image__figure\"><a class=\"\" href=\"https:\/\/t.me\/informantemx\" target=\"\" rel=\"noopener\"><img decoding=\"async\" srcset=\"https:\/\/informante.mx\/wp-content\/uploads\/2023\/08\/Banner-Telegram-Verde-800x60-1.png ,https:\/\/informante.mx\/wp-content\/uploads\/2023\/08\/Banner-Telegram-Verde-800x60-1.png 780w, https:\/\/informante.mx\/wp-content\/uploads\/2023\/08\/Banner-Telegram-Verde-800x60-1.png 360w\" sizes=\"auto, (max-width: 480px) 150px\" src=\"https:\/\/informante.mx\/wp-content\/uploads\/2023\/08\/Banner-Telegram-Verde-800x60-1.png\" alt=\"\" class=\"uag-image-23275\" width=\"800\" height=\"60\" title=\"\" loading=\"lazy\" role=\"img\"\/><\/a><\/figure><\/div>\n\n\n\n<div class=\"wp-block-uagb-image aligncenter uagb-block-45ea2b31 wp-block-uagb-image--layout-default wp-block-uagb-image--effect-zoomin wp-block-uagb-image--align-center\"><figure class=\"wp-block-uagb-image__figure\"><a class=\"\" href=\"https:\/\/www.facebook.com\/MX.Informante\" target=\"\" rel=\"noopener\"><img decoding=\"async\" srcset=\"https:\/\/informante.mx\/wp-content\/uploads\/2023\/08\/Banner-Facebook-Verde-800x60-1.png ,https:\/\/informante.mx\/wp-content\/uploads\/2023\/08\/Banner-Facebook-Verde-800x60-1.png 780w, https:\/\/informante.mx\/wp-content\/uploads\/2023\/08\/Banner-Facebook-Verde-800x60-1.png 360w\" sizes=\"auto, (max-width: 480px) 150px\" src=\"https:\/\/informante.mx\/wp-content\/uploads\/2023\/08\/Banner-Facebook-Verde-800x60-1.png\" alt=\"\" class=\"uag-image-23274\" width=\"800\" height=\"60\" title=\"\" loading=\"lazy\" role=\"img\"\/><\/a><\/figure><\/div>\n\n\n\n<div class=\"wp-block-uagb-image aligncenter uagb-block-2ce4c51b wp-block-uagb-image--layout-default wp-block-uagb-image--effect-zoomin wp-block-uagb-image--align-center\"><figure class=\"wp-block-uagb-image__figure\"><a class=\"\" href=\"https:\/\/twitter.com\/mx_informante\" target=\"\" rel=\"noopener\"><img decoding=\"async\" srcset=\"https:\/\/informante.mx\/wp-content\/uploads\/2023\/08\/Banner-Twitter-Verde-800x60-1.png ,https:\/\/informante.mx\/wp-content\/uploads\/2023\/08\/Banner-Twitter-Verde-800x60-1.png 780w, https:\/\/informante.mx\/wp-content\/uploads\/2023\/08\/Banner-Twitter-Verde-800x60-1.png 360w\" sizes=\"auto, (max-width: 480px) 150px\" src=\"https:\/\/informante.mx\/wp-content\/uploads\/2023\/08\/Banner-Twitter-Verde-800x60-1.png\" alt=\"\" class=\"uag-image-23273\" width=\"800\" height=\"60\" title=\"\" loading=\"lazy\" role=\"img\"\/><\/a><\/figure><\/div>\n\n\n\n<div style=\"height:50px\" aria-hidden=\"true\" class=\"wp-block-spacer\"><\/div>\n","protected":false},"excerpt":{"rendered":"<p>Durante este a\u00f1o, m\u00e1s de 30 mil boque\u00f1os recibieron alg\u00fan apoyo social de manera directa<\/p>\n","protected":false},"author":1,"featured_media":0,"comment_status":"open","ping_status":"closed","sticky":false,"template":"","format":"standard","meta":{"_uag_custom_page_level_css":"","jetpack_post_was_ever_published":false,"footnotes":""},"categories":[4],"tags":[34,32,33],"class_list":["post-26853","post","type-post","status-publish","format-standard","hentry","category-estatal","tag-boca-del-rio","tag-estado","tag-veracruz"],"yoast_head":"<!-- This site is optimized with the Yoast SEO plugin v27.3 - https:\/\/yoast.com\/product\/yoast-seo-wordpress\/ -->\n<title>Con programas sociales ayudamos a que Boca del R\u00edo tenga un mejor futuro: Alcalde JM Un\u00e1nue - Informante.mx<\/title>\n<meta name=\"robots\" content=\"index, follow, max-snippet:-1, max-image-preview:large, max-video-preview:-1\" \/>\n<link rel=\"canonical\" href=\"https:\/\/informante.mx\/?p=26853\" \/>\n<meta property=\"og:locale\" content=\"es_ES\" \/>\n<meta property=\"og:type\" content=\"article\" \/>\n<meta property=\"og:title\" content=\"Con programas sociales ayudamos a que Boca del R\u00edo tenga un mejor futuro: Alcalde JM Un\u00e1nue - Informante.mx\" \/>\n<meta property=\"og:description\" content=\"Durante este a\u00f1o, m\u00e1s de 30 mil boque\u00f1os recibieron alg\u00fan apoyo social de manera directa\" \/>\n<meta property=\"og:url\" content=\"https:\/\/informante.mx\/?p=26853\" \/>\n<meta property=\"og:site_name\" content=\"Informante.mx\" \/>\n<meta property=\"article:publisher\" content=\"https:\/\/www.facebook.com\/MX.Informante\" \/>\n<meta property=\"article:published_time\" content=\"2023-12-01T16:26:29+00:00\" \/>\n<meta property=\"article:modified_time\" content=\"2023-12-01T16:26:33+00:00\" \/>\n<meta property=\"og:image\" content=\"https:\/\/informante.mx\/wp-content\/uploads\/2023\/12\/Boca-del-Rio.jpg\" \/>\n\t<meta property=\"og:image:width\" content=\"960\" \/>\n\t<meta property=\"og:image:height\" content=\"639\" \/>\n\t<meta property=\"og:image:type\" content=\"image\/jpeg\" \/>\n<meta name=\"author\" content=\"InformanteMX\" \/>\n<meta name=\"twitter:card\" content=\"summary_large_image\" \/>\n<meta name=\"twitter:creator\" content=\"@mx_informante\" \/>\n<meta name=\"twitter:site\" content=\"@mx_informante\" \/>\n<meta name=\"twitter:label1\" content=\"Escrito por\" \/>\n\t<meta name=\"twitter:data1\" content=\"InformanteMX\" \/>\n\t<meta name=\"twitter:label2\" content=\"Tiempo de lectura\" \/>\n\t<meta name=\"twitter:data2\" content=\"2 minutos\" \/>\n<script type=\"application\/ld+json\" class=\"yoast-schema-graph\">{\"@context\":\"https:\\\/\\\/schema.org\",\"@graph\":[{\"@type\":\"NewsArticle\",\"@id\":\"https:\\\/\\\/informante.mx\\\/?p=26853#article\",\"isPartOf\":{\"@id\":\"https:\\\/\\\/informante.mx\\\/?p=26853\"},\"author\":{\"name\":\"InformanteMX\",\"@id\":\"https:\\\/\\\/informante.mx\\\/#\\\/schema\\\/person\\\/3eff91989d2ea76b0a330b416325946c\"},\"headline\":\"Con programas sociales ayudamos a que Boca del R\u00edo tenga un mejor futuro: Alcalde JM Un\u00e1nue\",\"datePublished\":\"2023-12-01T16:26:29+00:00\",\"dateModified\":\"2023-12-01T16:26:33+00:00\",\"mainEntityOfPage\":{\"@id\":\"https:\\\/\\\/informante.mx\\\/?p=26853\"},\"wordCount\":472,\"commentCount\":0,\"publisher\":{\"@id\":\"https:\\\/\\\/informante.mx\\\/#organization\"},\"keywords\":[\"Boca del R\u00edo\",\"Estado\",\"Veracruz\"],\"articleSection\":[\"Estatal\"],\"inLanguage\":\"es\",\"potentialAction\":[{\"@type\":\"CommentAction\",\"name\":\"Comment\",\"target\":[\"https:\\\/\\\/informante.mx\\\/?p=26853#respond\"]}]},{\"@type\":\"WebPage\",\"@id\":\"https:\\\/\\\/informante.mx\\\/?p=26853\",\"url\":\"https:\\\/\\\/informante.mx\\\/?p=26853\",\"name\":\"Con programas sociales ayudamos a que Boca del R\u00edo tenga un mejor futuro: Alcalde JM Un\u00e1nue - Informante.mx\",\"isPartOf\":{\"@id\":\"https:\\\/\\\/informante.mx\\\/#website\"},\"datePublished\":\"2023-12-01T16:26:29+00:00\",\"dateModified\":\"2023-12-01T16:26:33+00:00\",\"breadcrumb\":{\"@id\":\"https:\\\/\\\/informante.mx\\\/?p=26853#breadcrumb\"},\"inLanguage\":\"es\",\"potentialAction\":[{\"@type\":\"ReadAction\",\"target\":[\"https:\\\/\\\/informante.mx\\\/?p=26853\"]}]},{\"@type\":\"BreadcrumbList\",\"@id\":\"https:\\\/\\\/informante.mx\\\/?p=26853#breadcrumb\",\"itemListElement\":[{\"@type\":\"ListItem\",\"position\":1,\"name\":\"Portada\",\"item\":\"https:\\\/\\\/informante.mx\\\/\"},{\"@type\":\"ListItem\",\"position\":2,\"name\":\"Con programas sociales ayudamos a que Boca del R\u00edo tenga un mejor futuro: Alcalde JM Un\u00e1nue\"}]},{\"@type\":\"WebSite\",\"@id\":\"https:\\\/\\\/informante.mx\\\/#website\",\"url\":\"https:\\\/\\\/informante.mx\\\/\",\"name\":\"Informante.mx\",\"description\":\"\",\"publisher\":{\"@id\":\"https:\\\/\\\/informante.mx\\\/#organization\"},\"potentialAction\":[{\"@type\":\"SearchAction\",\"target\":{\"@type\":\"EntryPoint\",\"urlTemplate\":\"https:\\\/\\\/informante.mx\\\/?s={search_term_string}\"},\"query-input\":{\"@type\":\"PropertyValueSpecification\",\"valueRequired\":true,\"valueName\":\"search_term_string\"}}],\"inLanguage\":\"es\"},{\"@type\":\"Organization\",\"@id\":\"https:\\\/\\\/informante.mx\\\/#organization\",\"name\":\"Informante.mx\",\"url\":\"https:\\\/\\\/informante.mx\\\/\",\"logo\":{\"@type\":\"ImageObject\",\"inLanguage\":\"es\",\"@id\":\"https:\\\/\\\/informante.mx\\\/#\\\/schema\\\/logo\\\/image\\\/\",\"url\":\"https:\\\/\\\/informante.mx\\\/wp-content\\\/uploads\\\/2019\\\/12\\\/cropped-LOGO-Verde-Apaisado-1024x360O-1.png\",\"contentUrl\":\"https:\\\/\\\/informante.mx\\\/wp-content\\\/uploads\\\/2019\\\/12\\\/cropped-LOGO-Verde-Apaisado-1024x360O-1.png\",\"width\":923,\"height\":180,\"caption\":\"Informante.mx\"},\"image\":{\"@id\":\"https:\\\/\\\/informante.mx\\\/#\\\/schema\\\/logo\\\/image\\\/\"},\"sameAs\":[\"https:\\\/\\\/www.facebook.com\\\/MX.Informante\",\"https:\\\/\\\/x.com\\\/mx_informante\"]},{\"@type\":\"Person\",\"@id\":\"https:\\\/\\\/informante.mx\\\/#\\\/schema\\\/person\\\/3eff91989d2ea76b0a330b416325946c\",\"name\":\"InformanteMX\",\"image\":{\"@type\":\"ImageObject\",\"inLanguage\":\"es\",\"@id\":\"https:\\\/\\\/secure.gravatar.com\\\/avatar\\\/10d802aa739e832aedd2f3fd8544d878871eb22e6ca86fe9a548573e34a28f0e?s=96&d=mm&r=g\",\"url\":\"https:\\\/\\\/secure.gravatar.com\\\/avatar\\\/10d802aa739e832aedd2f3fd8544d878871eb22e6ca86fe9a548573e34a28f0e?s=96&d=mm&r=g\",\"contentUrl\":\"https:\\\/\\\/secure.gravatar.com\\\/avatar\\\/10d802aa739e832aedd2f3fd8544d878871eb22e6ca86fe9a548573e34a28f0e?s=96&d=mm&r=g\",\"caption\":\"InformanteMX\"},\"url\":\"https:\\\/\\\/informante.mx\\\/?author=1\"}]}<\/script>\n<!-- \/ Yoast SEO plugin. -->","yoast_head_json":{"title":"Con programas sociales ayudamos a que Boca del R\u00edo tenga un mejor futuro: Alcalde JM Un\u00e1nue - Informante.mx","robots":{"index":"index","follow":"follow","max-snippet":"max-snippet:-1","max-image-preview":"max-image-preview:large","max-video-preview":"max-video-preview:-1"},"canonical":"https:\/\/informante.mx\/?p=26853","og_locale":"es_ES","og_type":"article","og_title":"Con programas sociales ayudamos a que Boca del R\u00edo tenga un mejor futuro: Alcalde JM Un\u00e1nue - Informante.mx","og_description":"Durante este a\u00f1o, m\u00e1s de 30 mil boque\u00f1os recibieron alg\u00fan apoyo social de manera directa","og_url":"https:\/\/informante.mx\/?p=26853","og_site_name":"Informante.mx","article_publisher":"https:\/\/www.facebook.com\/MX.Informante","article_published_time":"2023-12-01T16:26:29+00:00","article_modified_time":"2023-12-01T16:26:33+00:00","og_image":[{"width":960,"height":639,"url":"https:\/\/informante.mx\/wp-content\/uploads\/2023\/12\/Boca-del-Rio.jpg","type":"image\/jpeg"}],"author":"InformanteMX","twitter_card":"summary_large_image","twitter_creator":"@mx_informante","twitter_site":"@mx_informante","twitter_misc":{"Escrito por":"InformanteMX","Tiempo de lectura":"2 minutos"},"schema":{"@context":"https:\/\/schema.org","@graph":[{"@type":"NewsArticle","@id":"https:\/\/informante.mx\/?p=26853#article","isPartOf":{"@id":"https:\/\/informante.mx\/?p=26853"},"author":{"name":"InformanteMX","@id":"https:\/\/informante.mx\/#\/schema\/person\/3eff91989d2ea76b0a330b416325946c"},"headline":"Con programas sociales ayudamos a que Boca del R\u00edo tenga un mejor futuro: Alcalde JM Un\u00e1nue","datePublished":"2023-12-01T16:26:29+00:00","dateModified":"2023-12-01T16:26:33+00:00","mainEntityOfPage":{"@id":"https:\/\/informante.mx\/?p=26853"},"wordCount":472,"commentCount":0,"publisher":{"@id":"https:\/\/informante.mx\/#organization"},"keywords":["Boca del R\u00edo","Estado","Veracruz"],"articleSection":["Estatal"],"inLanguage":"es","potentialAction":[{"@type":"CommentAction","name":"Comment","target":["https:\/\/informante.mx\/?p=26853#respond"]}]},{"@type":"WebPage","@id":"https:\/\/informante.mx\/?p=26853","url":"https:\/\/informante.mx\/?p=26853","name":"Con programas sociales ayudamos a que Boca del R\u00edo tenga un mejor futuro: Alcalde JM Un\u00e1nue - Informante.mx","isPartOf":{"@id":"https:\/\/informante.mx\/#website"},"datePublished":"2023-12-01T16:26:29+00:00","dateModified":"2023-12-01T16:26:33+00:00","breadcrumb":{"@id":"https:\/\/informante.mx\/?p=26853#breadcrumb"},"inLanguage":"es","potentialAction":[{"@type":"ReadAction","target":["https:\/\/informante.mx\/?p=26853"]}]},{"@type":"BreadcrumbList","@id":"https:\/\/informante.mx\/?p=26853#breadcrumb","itemListElement":[{"@type":"ListItem","position":1,"name":"Portada","item":"https:\/\/informante.mx\/"},{"@type":"ListItem","position":2,"name":"Con programas sociales ayudamos a que Boca del R\u00edo tenga un mejor futuro: Alcalde JM Un\u00e1nue"}]},{"@type":"WebSite","@id":"https:\/\/informante.mx\/#website","url":"https:\/\/informante.mx\/","name":"Informante.mx","description":"","publisher":{"@id":"https:\/\/informante.mx\/#organization"},"potentialAction":[{"@type":"SearchAction","target":{"@type":"EntryPoint","urlTemplate":"https:\/\/informante.mx\/?s={search_term_string}"},"query-input":{"@type":"PropertyValueSpecification","valueRequired":true,"valueName":"search_term_string"}}],"inLanguage":"es"},{"@type":"Organization","@id":"https:\/\/informante.mx\/#organization","name":"Informante.mx","url":"https:\/\/informante.mx\/","logo":{"@type":"ImageObject","inLanguage":"es","@id":"https:\/\/informante.mx\/#\/schema\/logo\/image\/","url":"https:\/\/informante.mx\/wp-content\/uploads\/2019\/12\/cropped-LOGO-Verde-Apaisado-1024x360O-1.png","contentUrl":"https:\/\/informante.mx\/wp-content\/uploads\/2019\/12\/cropped-LOGO-Verde-Apaisado-1024x360O-1.png","width":923,"height":180,"caption":"Informante.mx"},"image":{"@id":"https:\/\/informante.mx\/#\/schema\/logo\/image\/"},"sameAs":["https:\/\/www.facebook.com\/MX.Informante","https:\/\/x.com\/mx_informante"]},{"@type":"Person","@id":"https:\/\/informante.mx\/#\/schema\/person\/3eff91989d2ea76b0a330b416325946c","name":"InformanteMX","image":{"@type":"ImageObject","inLanguage":"es","@id":"https:\/\/secure.gravatar.com\/avatar\/10d802aa739e832aedd2f3fd8544d878871eb22e6ca86fe9a548573e34a28f0e?s=96&d=mm&r=g","url":"https:\/\/secure.gravatar.com\/avatar\/10d802aa739e832aedd2f3fd8544d878871eb22e6ca86fe9a548573e34a28f0e?s=96&d=mm&r=g","contentUrl":"https:\/\/secure.gravatar.com\/avatar\/10d802aa739e832aedd2f3fd8544d878871eb22e6ca86fe9a548573e34a28f0e?s=96&d=mm&r=g","caption":"InformanteMX"},"url":"https:\/\/informante.mx\/?author=1"}]}},"jetpack_featured_media_url":"","uagb_featured_image_src":{"full":false,"thumbnail":false,"medium":false,"medium_large":false,"large":false,"1536x1536":false,"2048x2048":false,"td_0x420":false,"td_0x420_retina":false,"td_80x60":false,"td_80x60_retina":false,"td_100x75":false,"td_100x75_retina":false,"td_180x135":false,"td_180x135_retina":false,"td_238x178":false,"td_238x178_retina":false,"td_265x198":false,"td_265x198_retina":false,"td_300x160":false,"td_300x160_retina":false,"td_300x194":false,"td_300x194_retina":false,"td_300x350":false,"td_300x350_retina":false,"td_341x220":false,"td_341x220_retina":false,"td_341x400":false,"td_341x400_retina":false,"td_511x400":false,"td_511x400_retina":false,"td_537x360":false,"td_537x360_retina":false,"td_640x0":false,"td_640x0_retina":false,"td_640x350":false,"td_640x350_retina":false,"td_681x0":false,"td_681x0_retina":false,"td_681x400":false,"td_681x400_retina":false,"td_741x486":false,"td_741x486_retina":false,"td_1021x580":false,"td_1021x580_retina":false},"uagb_author_info":{"display_name":"InformanteMX","author_link":"https:\/\/informante.mx\/?author=1"},"uagb_comment_info":0,"uagb_excerpt":"Durante este a\u00f1o, m\u00e1s de 30 mil boque\u00f1os recibieron alg\u00fan apoyo social de manera directa","_links":{"self":[{"href":"https:\/\/informante.mx\/index.php?rest_route=\/wp\/v2\/posts\/26853","targetHints":{"allow":["GET"]}}],"collection":[{"href":"https:\/\/informante.mx\/index.php?rest_route=\/wp\/v2\/posts"}],"about":[{"href":"https:\/\/informante.mx\/index.php?rest_route=\/wp\/v2\/types\/post"}],"author":[{"embeddable":true,"href":"https:\/\/informante.mx\/index.php?rest_route=\/wp\/v2\/users\/1"}],"replies":[{"embeddable":true,"href":"https:\/\/informante.mx\/index.php?rest_route=%2Fwp%2Fv2%2Fcomments&post=26853"}],"version-history":[{"count":1,"href":"https:\/\/informante.mx\/index.php?rest_route=\/wp\/v2\/posts\/26853\/revisions"}],"predecessor-version":[{"id":26855,"href":"https:\/\/informante.mx\/index.php?rest_route=\/wp\/v2\/posts\/26853\/revisions\/26855"}],"wp:attachment":[{"href":"https:\/\/informante.mx\/index.php?rest_route=%2Fwp%2Fv2%2Fmedia&parent=26853"}],"wp:term":[{"taxonomy":"category","embeddable":true,"href":"https:\/\/informante.mx\/index.php?rest_route=%2Fwp%2Fv2%2Fcategories&post=26853"},{"taxonomy":"post_tag","embeddable":true,"href":"https:\/\/informante.mx\/index.php?rest_route=%2Fwp%2Fv2%2Ftags&post=26853"}],"curies":[{"name":"wp","href":"https:\/\/api.w.org\/{rel}","templated":true}]}}