{"id":26220,"date":"2023-11-15T13:56:19","date_gmt":"2023-11-15T19:56:19","guid":{"rendered":"https:\/\/informante.mx\/?p=26220"},"modified":"2023-11-15T13:56:23","modified_gmt":"2023-11-15T19:56:23","slug":"niegan-jubilados-cancelacion-a-poliza-de-seguro-de-vida-de-docentes-jubilados-o-pensionados","status":"publish","type":"post","link":"https:\/\/informante.mx\/?p=26220","title":{"rendered":"Niegan jubilados\u00a0cancelaci\u00f3n a P\u00f3liza de Seguro de Vida de docentes jubilados o pensionados"},"content":{"rendered":"\n<p><strong>Ana Lilia Vel\u00e1zquez<\/strong><\/p>\n\n\n\n<p class=\"has-text-align-justify\">La organizaci\u00f3n \u00abJubilados por la Verdad\u00bb a trav\u00e9s de una carta abierta, rechaz\u00f3\u00a0 que el gobierno del estado\u00a0haya cancelado la p\u00f3liza de Seguro de Vida de pensionados de la Secretar\u00eda de Educaci\u00f3n de Veracruz (SEV), toda\u00a0 vez que la n\u00f3mina de docentes jubilados y pensionados pasa al ISSSTE.<\/p>\n\n\n\n<p class=\"has-text-align-justify\">En la\u00a0carta, se establece\u00a0 que las aportaciones o retenciones referidas ya no tienen ninguna intervenci\u00f3n del gobierno del Estado, porque los importes de pago son depositados directamente a la aseguradora por el ISSSTE y en su caso por la Secretar\u00eda de Hacienda y Cr\u00e9dito P\u00fablico Federal (SHCP).<\/p>\n\n\n\n<p class=\"has-text-align-justify\">Lo anterior, agregaron, quiere decir que es mentira que el gobierno estatal desv\u00ede dichos recursos; toda vez que en ning\u00fan momento ingresan a las arcas estatales.<\/p>\n\n\n\n<p class=\"has-text-align-justify\">\u201cCabe aclarar que dicha p\u00f3liza es pagada de dos fuentes de financiamiento, la primera es por las retenciones del 0.7 % de las pensiones de los docentes jubilados cuyo dep\u00f3sito lo realiza directamente el ISSSTE a la aseguradora; y el segundo, de ser el caso, la SHCP aporta diferencias a la Aseguradora en cuesti\u00f3n\u201d.<\/p>\n\n\n\n<p class=\"has-text-align-justify\">Debido a que el estado tiene una gran cantidad de docentes jubilados (la 3\u00aa m\u00e1s grande del pa\u00eds) los montos asegurados fueron excedidos en los a\u00f1os de 2021 y 2022 a causa de la pandemia por Covid-19, ya que hubo un considerable incremento desafortunado de siniestros por cubrir en toda la entidad, desmintiendo que haya quedado sin cobertura de la p\u00f3liza.<\/p>\n\n\n\n<p class=\"has-text-align-justify\">Concluyeron destacando que \u201cel Gobierno del Estado ha realizado, y seguir\u00e1 realizando, constantes gestiones y solicitudes ante la SHCP as\u00ed como con el ISSSTE y la aseguradora Grupo Nacional Provincial (GNP) a fin de que sea regularizada la p\u00f3liza, toda vez que la pandemia por Covid 19 ha pasado\u201d.<\/p>\n\n\n\n<hr class=\"wp-block-separator has-alpha-channel-opacity\"\/>\n\n\n\n<p class=\"has-text-align-center\" style=\"font-size:17px\"><strong><i>Toda la informaci\u00f3n que necesitas saber la encuentras en nuestras <\/i><strong style=\"\"><em style=\"font-style: italic;\">redes sociales y canal de <\/em><\/strong><\/strong><a href=\"https:\/\/t.me\/informantemx\" target=\"_blank\" rel=\"noreferrer noopener\"><strong><em>Telegram<\/em><\/strong><\/a>. <\/p>\n\n\n\n<p class=\"has-text-align-center\" style=\"font-size:17px\"><strong><em>!\u00danete!<\/em><\/strong><\/p>\n\n\n\n<div class=\"wp-block-uagb-image aligncenter uagb-block-3acd28e8 wp-block-uagb-image--layout-default wp-block-uagb-image--effect-zoomin wp-block-uagb-image--align-center\"><figure class=\"wp-block-uagb-image__figure\"><a class=\"\" href=\"https:\/\/t.me\/informantemx\" target=\"\" rel=\"noopener\"><img decoding=\"async\" srcset=\"https:\/\/informante.mx\/wp-content\/uploads\/2023\/08\/Banner-Telegram-Verde-800x60-1.png ,https:\/\/informante.mx\/wp-content\/uploads\/2023\/08\/Banner-Telegram-Verde-800x60-1.png 780w, https:\/\/informante.mx\/wp-content\/uploads\/2023\/08\/Banner-Telegram-Verde-800x60-1.png 360w\" sizes=\"auto, (max-width: 480px) 150px\" src=\"https:\/\/informante.mx\/wp-content\/uploads\/2023\/08\/Banner-Telegram-Verde-800x60-1.png\" alt=\"\" class=\"uag-image-23275\" width=\"800\" height=\"60\" title=\"\" loading=\"lazy\" role=\"img\"\/><\/a><\/figure><\/div>\n\n\n\n<div class=\"wp-block-uagb-image aligncenter uagb-block-45ea2b31 wp-block-uagb-image--layout-default wp-block-uagb-image--effect-zoomin wp-block-uagb-image--align-center\"><figure class=\"wp-block-uagb-image__figure\"><a class=\"\" href=\"https:\/\/www.facebook.com\/MX.Informante\" target=\"\" rel=\"noopener\"><img decoding=\"async\" srcset=\"https:\/\/informante.mx\/wp-content\/uploads\/2023\/08\/Banner-Facebook-Verde-800x60-1.png ,https:\/\/informante.mx\/wp-content\/uploads\/2023\/08\/Banner-Facebook-Verde-800x60-1.png 780w, https:\/\/informante.mx\/wp-content\/uploads\/2023\/08\/Banner-Facebook-Verde-800x60-1.png 360w\" sizes=\"auto, (max-width: 480px) 150px\" src=\"https:\/\/informante.mx\/wp-content\/uploads\/2023\/08\/Banner-Facebook-Verde-800x60-1.png\" alt=\"\" class=\"uag-image-23274\" width=\"800\" height=\"60\" title=\"\" loading=\"lazy\" role=\"img\"\/><\/a><\/figure><\/div>\n\n\n\n<div class=\"wp-block-uagb-image aligncenter uagb-block-2ce4c51b wp-block-uagb-image--layout-default wp-block-uagb-image--effect-zoomin wp-block-uagb-image--align-center\"><figure class=\"wp-block-uagb-image__figure\"><a class=\"\" href=\"https:\/\/twitter.com\/mx_informante\" target=\"\" rel=\"noopener\"><img decoding=\"async\" srcset=\"https:\/\/informante.mx\/wp-content\/uploads\/2023\/08\/Banner-Twitter-Verde-800x60-1.png ,https:\/\/informante.mx\/wp-content\/uploads\/2023\/08\/Banner-Twitter-Verde-800x60-1.png 780w, https:\/\/informante.mx\/wp-content\/uploads\/2023\/08\/Banner-Twitter-Verde-800x60-1.png 360w\" sizes=\"auto, (max-width: 480px) 150px\" src=\"https:\/\/informante.mx\/wp-content\/uploads\/2023\/08\/Banner-Twitter-Verde-800x60-1.png\" alt=\"\" class=\"uag-image-23273\" width=\"800\" height=\"60\" title=\"\" loading=\"lazy\" role=\"img\"\/><\/a><\/figure><\/div>\n\n\n\n<div style=\"height:50px\" aria-hidden=\"true\" class=\"wp-block-spacer\"><\/div>\n","protected":false},"excerpt":{"rendered":"<p>Ana Lilia Vel\u00e1zquez La organizaci\u00f3n \u00abJubilados por la Verdad\u00bb a trav\u00e9s de una carta abierta, rechaz\u00f3\u00a0 que el gobierno del estado\u00a0haya cancelado la p\u00f3liza de Seguro de Vida de pensionados de la Secretar\u00eda de Educaci\u00f3n de Veracruz (SEV), toda\u00a0 vez que la n\u00f3mina de docentes jubilados y pensionados pasa al ISSSTE. En la\u00a0carta, se establece\u00a0 [&hellip;]<\/p>\n","protected":false},"author":1,"featured_media":0,"comment_status":"open","ping_status":"closed","sticky":false,"template":"","format":"standard","meta":{"_uag_custom_page_level_css":"","jetpack_post_was_ever_published":false,"footnotes":""},"categories":[8],"tags":[37,46],"class_list":["post-26220","post","type-post","status-publish","format-standard","hentry","category-local","tag-local","tag-xalapa"],"yoast_head":"<!-- This site is optimized with the Yoast SEO plugin v27.3 - https:\/\/yoast.com\/product\/yoast-seo-wordpress\/ -->\n<title>Niegan jubilados\u00a0cancelaci\u00f3n a P\u00f3liza de Seguro de Vida de docentes jubilados o pensionados - Informante.mx<\/title>\n<meta name=\"robots\" content=\"index, follow, max-snippet:-1, max-image-preview:large, max-video-preview:-1\" \/>\n<link rel=\"canonical\" href=\"https:\/\/informante.mx\/?p=26220\" \/>\n<meta property=\"og:locale\" content=\"es_ES\" \/>\n<meta property=\"og:type\" content=\"article\" \/>\n<meta property=\"og:title\" content=\"Niegan jubilados\u00a0cancelaci\u00f3n a P\u00f3liza de Seguro de Vida de docentes jubilados o pensionados - Informante.mx\" \/>\n<meta property=\"og:description\" content=\"Ana Lilia Vel\u00e1zquez La organizaci\u00f3n \u00abJubilados por la Verdad\u00bb a trav\u00e9s de una carta abierta, rechaz\u00f3\u00a0 que el gobierno del estado\u00a0haya cancelado la p\u00f3liza de Seguro de Vida de pensionados de la Secretar\u00eda de Educaci\u00f3n de Veracruz (SEV), toda\u00a0 vez que la n\u00f3mina de docentes jubilados y pensionados pasa al ISSSTE. En la\u00a0carta, se establece\u00a0 [&hellip;]\" \/>\n<meta property=\"og:url\" content=\"https:\/\/informante.mx\/?p=26220\" \/>\n<meta property=\"og:site_name\" content=\"Informante.mx\" \/>\n<meta property=\"article:publisher\" content=\"https:\/\/www.facebook.com\/MX.Informante\" \/>\n<meta property=\"article:published_time\" content=\"2023-11-15T19:56:19+00:00\" \/>\n<meta property=\"article:modified_time\" content=\"2023-11-15T19:56:23+00:00\" \/>\n<meta property=\"og:image\" content=\"https:\/\/informante.mx\/wp-content\/uploads\/2023\/11\/69bd254c-5445-4e48-b964-3df37aedc524.jpg\" \/>\n\t<meta property=\"og:image:width\" content=\"998\" \/>\n\t<meta property=\"og:image:height\" content=\"437\" \/>\n\t<meta property=\"og:image:type\" content=\"image\/jpeg\" \/>\n<meta name=\"author\" content=\"InformanteMX\" \/>\n<meta name=\"twitter:card\" content=\"summary_large_image\" \/>\n<meta name=\"twitter:creator\" content=\"@mx_informante\" \/>\n<meta name=\"twitter:site\" content=\"@mx_informante\" \/>\n<meta name=\"twitter:label1\" content=\"Escrito por\" \/>\n\t<meta name=\"twitter:data1\" content=\"InformanteMX\" \/>\n\t<meta name=\"twitter:label2\" content=\"Tiempo de lectura\" \/>\n\t<meta name=\"twitter:data2\" content=\"2 minutos\" \/>\n<script type=\"application\/ld+json\" class=\"yoast-schema-graph\">{\"@context\":\"https:\\\/\\\/schema.org\",\"@graph\":[{\"@type\":\"NewsArticle\",\"@id\":\"https:\\\/\\\/informante.mx\\\/?p=26220#article\",\"isPartOf\":{\"@id\":\"https:\\\/\\\/informante.mx\\\/?p=26220\"},\"author\":{\"name\":\"InformanteMX\",\"@id\":\"https:\\\/\\\/informante.mx\\\/#\\\/schema\\\/person\\\/3eff91989d2ea76b0a330b416325946c\"},\"headline\":\"Niegan jubilados\u00a0cancelaci\u00f3n a P\u00f3liza de Seguro de Vida de docentes jubilados o pensionados\",\"datePublished\":\"2023-11-15T19:56:19+00:00\",\"dateModified\":\"2023-11-15T19:56:23+00:00\",\"mainEntityOfPage\":{\"@id\":\"https:\\\/\\\/informante.mx\\\/?p=26220\"},\"wordCount\":321,\"commentCount\":0,\"publisher\":{\"@id\":\"https:\\\/\\\/informante.mx\\\/#organization\"},\"keywords\":[\"Local\",\"Xalapa\"],\"articleSection\":[\"Local\"],\"inLanguage\":\"es\",\"potentialAction\":[{\"@type\":\"CommentAction\",\"name\":\"Comment\",\"target\":[\"https:\\\/\\\/informante.mx\\\/?p=26220#respond\"]}]},{\"@type\":\"WebPage\",\"@id\":\"https:\\\/\\\/informante.mx\\\/?p=26220\",\"url\":\"https:\\\/\\\/informante.mx\\\/?p=26220\",\"name\":\"Niegan jubilados\u00a0cancelaci\u00f3n a P\u00f3liza de Seguro de Vida de docentes jubilados o pensionados - Informante.mx\",\"isPartOf\":{\"@id\":\"https:\\\/\\\/informante.mx\\\/#website\"},\"datePublished\":\"2023-11-15T19:56:19+00:00\",\"dateModified\":\"2023-11-15T19:56:23+00:00\",\"breadcrumb\":{\"@id\":\"https:\\\/\\\/informante.mx\\\/?p=26220#breadcrumb\"},\"inLanguage\":\"es\",\"potentialAction\":[{\"@type\":\"ReadAction\",\"target\":[\"https:\\\/\\\/informante.mx\\\/?p=26220\"]}]},{\"@type\":\"BreadcrumbList\",\"@id\":\"https:\\\/\\\/informante.mx\\\/?p=26220#breadcrumb\",\"itemListElement\":[{\"@type\":\"ListItem\",\"position\":1,\"name\":\"Portada\",\"item\":\"https:\\\/\\\/informante.mx\\\/\"},{\"@type\":\"ListItem\",\"position\":2,\"name\":\"Niegan jubilados\u00a0cancelaci\u00f3n a P\u00f3liza de Seguro de Vida de docentes jubilados o pensionados\"}]},{\"@type\":\"WebSite\",\"@id\":\"https:\\\/\\\/informante.mx\\\/#website\",\"url\":\"https:\\\/\\\/informante.mx\\\/\",\"name\":\"Informante.mx\",\"description\":\"\",\"publisher\":{\"@id\":\"https:\\\/\\\/informante.mx\\\/#organization\"},\"potentialAction\":[{\"@type\":\"SearchAction\",\"target\":{\"@type\":\"EntryPoint\",\"urlTemplate\":\"https:\\\/\\\/informante.mx\\\/?s={search_term_string}\"},\"query-input\":{\"@type\":\"PropertyValueSpecification\",\"valueRequired\":true,\"valueName\":\"search_term_string\"}}],\"inLanguage\":\"es\"},{\"@type\":\"Organization\",\"@id\":\"https:\\\/\\\/informante.mx\\\/#organization\",\"name\":\"Informante.mx\",\"url\":\"https:\\\/\\\/informante.mx\\\/\",\"logo\":{\"@type\":\"ImageObject\",\"inLanguage\":\"es\",\"@id\":\"https:\\\/\\\/informante.mx\\\/#\\\/schema\\\/logo\\\/image\\\/\",\"url\":\"https:\\\/\\\/informante.mx\\\/wp-content\\\/uploads\\\/2019\\\/12\\\/cropped-LOGO-Verde-Apaisado-1024x360O-1.png\",\"contentUrl\":\"https:\\\/\\\/informante.mx\\\/wp-content\\\/uploads\\\/2019\\\/12\\\/cropped-LOGO-Verde-Apaisado-1024x360O-1.png\",\"width\":923,\"height\":180,\"caption\":\"Informante.mx\"},\"image\":{\"@id\":\"https:\\\/\\\/informante.mx\\\/#\\\/schema\\\/logo\\\/image\\\/\"},\"sameAs\":[\"https:\\\/\\\/www.facebook.com\\\/MX.Informante\",\"https:\\\/\\\/x.com\\\/mx_informante\"]},{\"@type\":\"Person\",\"@id\":\"https:\\\/\\\/informante.mx\\\/#\\\/schema\\\/person\\\/3eff91989d2ea76b0a330b416325946c\",\"name\":\"InformanteMX\",\"image\":{\"@type\":\"ImageObject\",\"inLanguage\":\"es\",\"@id\":\"https:\\\/\\\/secure.gravatar.com\\\/avatar\\\/10d802aa739e832aedd2f3fd8544d878871eb22e6ca86fe9a548573e34a28f0e?s=96&d=mm&r=g\",\"url\":\"https:\\\/\\\/secure.gravatar.com\\\/avatar\\\/10d802aa739e832aedd2f3fd8544d878871eb22e6ca86fe9a548573e34a28f0e?s=96&d=mm&r=g\",\"contentUrl\":\"https:\\\/\\\/secure.gravatar.com\\\/avatar\\\/10d802aa739e832aedd2f3fd8544d878871eb22e6ca86fe9a548573e34a28f0e?s=96&d=mm&r=g\",\"caption\":\"InformanteMX\"},\"url\":\"https:\\\/\\\/informante.mx\\\/?author=1\"}]}<\/script>\n<!-- \/ Yoast SEO plugin. -->","yoast_head_json":{"title":"Niegan jubilados\u00a0cancelaci\u00f3n a P\u00f3liza de Seguro de Vida de docentes jubilados o pensionados - Informante.mx","robots":{"index":"index","follow":"follow","max-snippet":"max-snippet:-1","max-image-preview":"max-image-preview:large","max-video-preview":"max-video-preview:-1"},"canonical":"https:\/\/informante.mx\/?p=26220","og_locale":"es_ES","og_type":"article","og_title":"Niegan jubilados\u00a0cancelaci\u00f3n a P\u00f3liza de Seguro de Vida de docentes jubilados o pensionados - Informante.mx","og_description":"Ana Lilia Vel\u00e1zquez La organizaci\u00f3n \u00abJubilados por la Verdad\u00bb a trav\u00e9s de una carta abierta, rechaz\u00f3\u00a0 que el gobierno del estado\u00a0haya cancelado la p\u00f3liza de Seguro de Vida de pensionados de la Secretar\u00eda de Educaci\u00f3n de Veracruz (SEV), toda\u00a0 vez que la n\u00f3mina de docentes jubilados y pensionados pasa al ISSSTE. En la\u00a0carta, se establece\u00a0 [&hellip;]","og_url":"https:\/\/informante.mx\/?p=26220","og_site_name":"Informante.mx","article_publisher":"https:\/\/www.facebook.com\/MX.Informante","article_published_time":"2023-11-15T19:56:19+00:00","article_modified_time":"2023-11-15T19:56:23+00:00","og_image":[{"width":998,"height":437,"url":"https:\/\/informante.mx\/wp-content\/uploads\/2023\/11\/69bd254c-5445-4e48-b964-3df37aedc524.jpg","type":"image\/jpeg"}],"author":"InformanteMX","twitter_card":"summary_large_image","twitter_creator":"@mx_informante","twitter_site":"@mx_informante","twitter_misc":{"Escrito por":"InformanteMX","Tiempo de lectura":"2 minutos"},"schema":{"@context":"https:\/\/schema.org","@graph":[{"@type":"NewsArticle","@id":"https:\/\/informante.mx\/?p=26220#article","isPartOf":{"@id":"https:\/\/informante.mx\/?p=26220"},"author":{"name":"InformanteMX","@id":"https:\/\/informante.mx\/#\/schema\/person\/3eff91989d2ea76b0a330b416325946c"},"headline":"Niegan jubilados\u00a0cancelaci\u00f3n a P\u00f3liza de Seguro de Vida de docentes jubilados o pensionados","datePublished":"2023-11-15T19:56:19+00:00","dateModified":"2023-11-15T19:56:23+00:00","mainEntityOfPage":{"@id":"https:\/\/informante.mx\/?p=26220"},"wordCount":321,"commentCount":0,"publisher":{"@id":"https:\/\/informante.mx\/#organization"},"keywords":["Local","Xalapa"],"articleSection":["Local"],"inLanguage":"es","potentialAction":[{"@type":"CommentAction","name":"Comment","target":["https:\/\/informante.mx\/?p=26220#respond"]}]},{"@type":"WebPage","@id":"https:\/\/informante.mx\/?p=26220","url":"https:\/\/informante.mx\/?p=26220","name":"Niegan jubilados\u00a0cancelaci\u00f3n a P\u00f3liza de Seguro de Vida de docentes jubilados o pensionados - Informante.mx","isPartOf":{"@id":"https:\/\/informante.mx\/#website"},"datePublished":"2023-11-15T19:56:19+00:00","dateModified":"2023-11-15T19:56:23+00:00","breadcrumb":{"@id":"https:\/\/informante.mx\/?p=26220#breadcrumb"},"inLanguage":"es","potentialAction":[{"@type":"ReadAction","target":["https:\/\/informante.mx\/?p=26220"]}]},{"@type":"BreadcrumbList","@id":"https:\/\/informante.mx\/?p=26220#breadcrumb","itemListElement":[{"@type":"ListItem","position":1,"name":"Portada","item":"https:\/\/informante.mx\/"},{"@type":"ListItem","position":2,"name":"Niegan jubilados\u00a0cancelaci\u00f3n a P\u00f3liza de Seguro de Vida de docentes jubilados o pensionados"}]},{"@type":"WebSite","@id":"https:\/\/informante.mx\/#website","url":"https:\/\/informante.mx\/","name":"Informante.mx","description":"","publisher":{"@id":"https:\/\/informante.mx\/#organization"},"potentialAction":[{"@type":"SearchAction","target":{"@type":"EntryPoint","urlTemplate":"https:\/\/informante.mx\/?s={search_term_string}"},"query-input":{"@type":"PropertyValueSpecification","valueRequired":true,"valueName":"search_term_string"}}],"inLanguage":"es"},{"@type":"Organization","@id":"https:\/\/informante.mx\/#organization","name":"Informante.mx","url":"https:\/\/informante.mx\/","logo":{"@type":"ImageObject","inLanguage":"es","@id":"https:\/\/informante.mx\/#\/schema\/logo\/image\/","url":"https:\/\/informante.mx\/wp-content\/uploads\/2019\/12\/cropped-LOGO-Verde-Apaisado-1024x360O-1.png","contentUrl":"https:\/\/informante.mx\/wp-content\/uploads\/2019\/12\/cropped-LOGO-Verde-Apaisado-1024x360O-1.png","width":923,"height":180,"caption":"Informante.mx"},"image":{"@id":"https:\/\/informante.mx\/#\/schema\/logo\/image\/"},"sameAs":["https:\/\/www.facebook.com\/MX.Informante","https:\/\/x.com\/mx_informante"]},{"@type":"Person","@id":"https:\/\/informante.mx\/#\/schema\/person\/3eff91989d2ea76b0a330b416325946c","name":"InformanteMX","image":{"@type":"ImageObject","inLanguage":"es","@id":"https:\/\/secure.gravatar.com\/avatar\/10d802aa739e832aedd2f3fd8544d878871eb22e6ca86fe9a548573e34a28f0e?s=96&d=mm&r=g","url":"https:\/\/secure.gravatar.com\/avatar\/10d802aa739e832aedd2f3fd8544d878871eb22e6ca86fe9a548573e34a28f0e?s=96&d=mm&r=g","contentUrl":"https:\/\/secure.gravatar.com\/avatar\/10d802aa739e832aedd2f3fd8544d878871eb22e6ca86fe9a548573e34a28f0e?s=96&d=mm&r=g","caption":"InformanteMX"},"url":"https:\/\/informante.mx\/?author=1"}]}},"jetpack_featured_media_url":"","uagb_featured_image_src":{"full":false,"thumbnail":false,"medium":false,"medium_large":false,"large":false,"1536x1536":false,"2048x2048":false,"td_0x420":false,"td_0x420_retina":false,"td_80x60":false,"td_80x60_retina":false,"td_100x75":false,"td_100x75_retina":false,"td_180x135":false,"td_180x135_retina":false,"td_238x178":false,"td_238x178_retina":false,"td_265x198":false,"td_265x198_retina":false,"td_300x160":false,"td_300x160_retina":false,"td_300x194":false,"td_300x194_retina":false,"td_300x350":false,"td_300x350_retina":false,"td_341x220":false,"td_341x220_retina":false,"td_341x400":false,"td_341x400_retina":false,"td_511x400":false,"td_511x400_retina":false,"td_537x360":false,"td_537x360_retina":false,"td_640x0":false,"td_640x0_retina":false,"td_640x350":false,"td_640x350_retina":false,"td_681x0":false,"td_681x0_retina":false,"td_681x400":false,"td_681x400_retina":false,"td_741x486":false,"td_741x486_retina":false,"td_1021x580":false,"td_1021x580_retina":false},"uagb_author_info":{"display_name":"InformanteMX","author_link":"https:\/\/informante.mx\/?author=1"},"uagb_comment_info":0,"uagb_excerpt":"Ana Lilia Vel\u00e1zquez La organizaci\u00f3n \u00abJubilados por la Verdad\u00bb a trav\u00e9s de una carta abierta, rechaz\u00f3\u00a0 que el gobierno del estado\u00a0haya cancelado la p\u00f3liza de Seguro de Vida de pensionados de la Secretar\u00eda de Educaci\u00f3n de Veracruz (SEV), toda\u00a0 vez que la n\u00f3mina de docentes jubilados y pensionados pasa al ISSSTE. En la\u00a0carta, se establece\u00a0&hellip;","_links":{"self":[{"href":"https:\/\/informante.mx\/index.php?rest_route=\/wp\/v2\/posts\/26220","targetHints":{"allow":["GET"]}}],"collection":[{"href":"https:\/\/informante.mx\/index.php?rest_route=\/wp\/v2\/posts"}],"about":[{"href":"https:\/\/informante.mx\/index.php?rest_route=\/wp\/v2\/types\/post"}],"author":[{"embeddable":true,"href":"https:\/\/informante.mx\/index.php?rest_route=\/wp\/v2\/users\/1"}],"replies":[{"embeddable":true,"href":"https:\/\/informante.mx\/index.php?rest_route=%2Fwp%2Fv2%2Fcomments&post=26220"}],"version-history":[{"count":1,"href":"https:\/\/informante.mx\/index.php?rest_route=\/wp\/v2\/posts\/26220\/revisions"}],"predecessor-version":[{"id":26222,"href":"https:\/\/informante.mx\/index.php?rest_route=\/wp\/v2\/posts\/26220\/revisions\/26222"}],"wp:attachment":[{"href":"https:\/\/informante.mx\/index.php?rest_route=%2Fwp%2Fv2%2Fmedia&parent=26220"}],"wp:term":[{"taxonomy":"category","embeddable":true,"href":"https:\/\/informante.mx\/index.php?rest_route=%2Fwp%2Fv2%2Fcategories&post=26220"},{"taxonomy":"post_tag","embeddable":true,"href":"https:\/\/informante.mx\/index.php?rest_route=%2Fwp%2Fv2%2Ftags&post=26220"}],"curies":[{"name":"wp","href":"https:\/\/api.w.org\/{rel}","templated":true}]}}