{"id":25593,"date":"2023-10-30T18:14:23","date_gmt":"2023-10-31T00:14:23","guid":{"rendered":"https:\/\/informante.mx\/?p=25593"},"modified":"2023-10-30T18:14:28","modified_gmt":"2023-10-31T00:14:28","slug":"estamos-listos-para-recordar-a-nuestros-difuntos-en-estos-dias-de-muertos-alcalde-jm-unanue","status":"publish","type":"post","link":"https:\/\/informante.mx\/?p=25593","title":{"rendered":"Estamos listos para recordar a nuestros difuntos en estos D\u00edas de Muertos: Alcalde JM Un\u00e1nue"},"content":{"rendered":"\n<h2 class=\"wp-block-heading\">\u2022 El Ayuntamiento de Boca del R\u00edo ha preparado un programa de actividades para estos primeros d\u00edas de noviembre en el \u201ccoraz\u00f3n de Boca\u201d, en el marco del D\u00eda de Muertos<\/h2>\n\n\n\n<p><strong>Redacci\u00f3n Informante<\/strong><\/p>\n\n\n\n<p class=\"has-text-align-justify\">Como cada a\u00f1o y recordando nuestras tradiciones, este 1 y 2 de noviembre los boque\u00f1os celebrar\u00e1n y honrar\u00e1n a sus familiares fallecidos, quienes retornar\u00e1n al mundo de los vivos para que nuevamente convivan con sus seres amados.<\/p>\n\n\n\n<p class=\"has-text-align-justify\">Por ello, el Ayuntamiento de Boca del R\u00edo que preside Juan Manuel Un\u00e1nue Abascal, ha preparado un programa de actividades para estos primeros d\u00edas de noviembre en el \u201ccoraz\u00f3n de Boca\u201d en el marco del D\u00eda de Muertos.<\/p>\n\n\n\n<p class=\"has-text-align-justify\">\u201cRealizamos un programa muy bonito con la gente de la cabecera municipal y ciudadanos de otras partes de la ciudad, mismo que nos permitir\u00e1 recordar a todos nuestros difuntos, principalmente a los boque\u00f1os de origen\u201d, coment\u00f3 el alcalde.<\/p>\n\n\n\n<p class=\"has-text-align-justify\">Asimismo, Un\u00e1nue Abascal inform\u00f3 que el Gobierno Municipal implement\u00f3 un operativo preventivo en los panteones de San Jos\u00e9 Novillero y en el de la cabecera municipal a trav\u00e9s de las direcciones de Mantenimiento Urbano, Limpia P\u00fablica y DIF municipal, realizando una rehabilitaci\u00f3n de estos espacios as\u00ed como los trabajos de fumigaci\u00f3n para que los visitantes los encuentren limpios, ordenados y seguros.<\/p>\n\n\n\n<p class=\"has-text-align-justify\">\u201cEl operativo Boca contra el Dengue sigue recorriendo la ciudad para prevenir el contagio de esta enfermedad, ya se fumigaron los panteones para cuidar la integridad de quienes los visiten, mismos que estar\u00e1n abiertos de 8 de la ma\u00f1ana a 5 de la tarde\u201d, detall\u00f3 el alcalde.<\/p>\n\n\n\n<p class=\"has-text-align-justify\">Cabe recordar que como cada a\u00f1o, se implementa un operativo integrado por la Polic\u00eda Municipal, Protecci\u00f3n Civil Municipal, Tr\u00e1nsito Municipal, Gobernaci\u00f3n y Comercio.<\/p>\n\n\n\n<h2 class=\"wp-block-heading\">PROGRAMA DE ACTIVIDADES<\/h2>\n\n\n\n<p>1 de Noviembre \/ Plaza C\u00edvica de Boca del R\u00edo<\/p>\n\n\n\n<p>10:00 am. &#8211; Inauguraci\u00f3n del Altar Institucional<br>10:45 am. &#8211; Muestra de Altares 2023 y Entrega de Reconocimientos a Participantes<br>05:00 pm a 10:00 pm. &#8211; Muestra Gastron\u00f3mica.<br>6:00 pm. &#8211; Presentaciones Art\u00edsticas.<br>7:00 pm. Enciende la vela a tu difunto.<\/p>\n\n\n\n<p>2 de Noviembre<\/p>\n\n\n\n<p>8:00 am. &#8211; Misa de Muertos en el Pante\u00f3n Municipal (Colonia Rio Jamapa).<br>10:00 am. Bendici\u00f3n del Altar de Muertos \u00abBoque\u00f1os de Origen\u00bb (Paseo de Avenida Revoluci\u00f3n).<br>5:00 pm. &#8211; 10:00 pm. Muestra Gastron\u00f3mica (Plaza C\u00edvica)<br>5:00 p. &#8211; 10:00 pm. Muestra de Altares 2023.<br>7:00 pm. Desfile de D\u00eda de Muertos (Inicia Hotel Costa Sol, concluye en Plaza C\u00edvica).<br>8:00 pm. Presentaciones Art\u00edsticas.<\/p>\n\n\n\n<div class=\"wp-block-uagb-image aligncenter uagb-block-556ecd04 wp-block-uagb-image--layout-default wp-block-uagb-image--effect-zoomin wp-block-uagb-image--align-center\"><figure class=\"wp-block-uagb-image__figure\"><img decoding=\"async\" srcset=\"https:\/\/informante.mx\/wp-content\/uploads\/2023\/10\/Estado-5-1022x1024.jpg ,https:\/\/informante.mx\/wp-content\/uploads\/2023\/10\/Estado-5.jpg 780w, https:\/\/informante.mx\/wp-content\/uploads\/2023\/10\/Estado-5.jpg 360w\" sizes=\"auto, (max-width: 480px) 150px\" src=\"https:\/\/informante.mx\/wp-content\/uploads\/2023\/10\/Estado-5-1022x1024.jpg\" alt=\"\" class=\"uag-image-25594\" width=\"544\" height=\"544\" title=\"\" loading=\"lazy\"\/><\/figure><\/div>\n\n\n\n<hr class=\"wp-block-separator has-alpha-channel-opacity\"\/>\n\n\n\n<p class=\"has-text-align-center\" style=\"font-size:17px\"><strong><i>Toda la informaci\u00f3n que necesitas saber la encuentras en nuestras <\/i><strong style=\"\"><em style=\"font-style: italic;\">redes sociales y canal de <\/em><\/strong><\/strong><a href=\"https:\/\/t.me\/informantemx\" target=\"_blank\" rel=\"noreferrer noopener\"><strong><em>Telegram<\/em><\/strong><\/a>. <\/p>\n\n\n\n<p class=\"has-text-align-center\" style=\"font-size:17px\"><strong><em>!\u00danete!<\/em><\/strong><\/p>\n\n\n\n<div class=\"wp-block-uagb-image aligncenter uagb-block-3acd28e8 wp-block-uagb-image--layout-default wp-block-uagb-image--effect-zoomin wp-block-uagb-image--align-center\"><figure class=\"wp-block-uagb-image__figure\"><a class=\"\" href=\"https:\/\/t.me\/informantemx\" target=\"\" rel=\"noopener\"><img decoding=\"async\" srcset=\"https:\/\/informante.mx\/wp-content\/uploads\/2023\/08\/Banner-Telegram-Verde-800x60-1.png ,https:\/\/informante.mx\/wp-content\/uploads\/2023\/08\/Banner-Telegram-Verde-800x60-1.png 780w, https:\/\/informante.mx\/wp-content\/uploads\/2023\/08\/Banner-Telegram-Verde-800x60-1.png 360w\" sizes=\"auto, (max-width: 480px) 150px\" src=\"https:\/\/informante.mx\/wp-content\/uploads\/2023\/08\/Banner-Telegram-Verde-800x60-1.png\" alt=\"\" class=\"uag-image-23275\" width=\"800\" height=\"60\" title=\"\" loading=\"lazy\" role=\"img\"\/><\/a><\/figure><\/div>\n\n\n\n<div class=\"wp-block-uagb-image aligncenter uagb-block-45ea2b31 wp-block-uagb-image--layout-default wp-block-uagb-image--effect-zoomin wp-block-uagb-image--align-center\"><figure class=\"wp-block-uagb-image__figure\"><a class=\"\" href=\"https:\/\/www.facebook.com\/MX.Informante\" target=\"\" rel=\"noopener\"><img decoding=\"async\" srcset=\"https:\/\/informante.mx\/wp-content\/uploads\/2023\/08\/Banner-Facebook-Verde-800x60-1.png ,https:\/\/informante.mx\/wp-content\/uploads\/2023\/08\/Banner-Facebook-Verde-800x60-1.png 780w, https:\/\/informante.mx\/wp-content\/uploads\/2023\/08\/Banner-Facebook-Verde-800x60-1.png 360w\" sizes=\"auto, (max-width: 480px) 150px\" src=\"https:\/\/informante.mx\/wp-content\/uploads\/2023\/08\/Banner-Facebook-Verde-800x60-1.png\" alt=\"\" class=\"uag-image-23274\" width=\"800\" height=\"60\" title=\"\" loading=\"lazy\" role=\"img\"\/><\/a><\/figure><\/div>\n\n\n\n<div class=\"wp-block-uagb-image aligncenter uagb-block-2ce4c51b wp-block-uagb-image--layout-default wp-block-uagb-image--effect-zoomin wp-block-uagb-image--align-center\"><figure class=\"wp-block-uagb-image__figure\"><a class=\"\" href=\"https:\/\/twitter.com\/mx_informante\" target=\"\" rel=\"noopener\"><img decoding=\"async\" srcset=\"https:\/\/informante.mx\/wp-content\/uploads\/2023\/08\/Banner-Twitter-Verde-800x60-1.png ,https:\/\/informante.mx\/wp-content\/uploads\/2023\/08\/Banner-Twitter-Verde-800x60-1.png 780w, https:\/\/informante.mx\/wp-content\/uploads\/2023\/08\/Banner-Twitter-Verde-800x60-1.png 360w\" sizes=\"auto, (max-width: 480px) 150px\" src=\"https:\/\/informante.mx\/wp-content\/uploads\/2023\/08\/Banner-Twitter-Verde-800x60-1.png\" alt=\"\" class=\"uag-image-23273\" width=\"800\" height=\"60\" title=\"\" loading=\"lazy\" role=\"img\"\/><\/a><\/figure><\/div>\n\n\n\n<div style=\"height:50px\" aria-hidden=\"true\" class=\"wp-block-spacer\"><\/div>\n","protected":false},"excerpt":{"rendered":"<p>El Ayuntamiento de Boca del R\u00edo ha preparado un programa de actividades para estos primeros d\u00edas de noviembre en el \u201ccoraz\u00f3n de Boca\u201d, en el marco del D\u00eda de Muertos<\/p>\n","protected":false},"author":1,"featured_media":0,"comment_status":"open","ping_status":"closed","sticky":false,"template":"","format":"standard","meta":{"_uag_custom_page_level_css":"","jetpack_post_was_ever_published":false,"footnotes":""},"categories":[4],"tags":[34,32,33],"class_list":["post-25593","post","type-post","status-publish","format-standard","hentry","category-estatal","tag-boca-del-rio","tag-estado","tag-veracruz"],"yoast_head":"<!-- This site is optimized with the Yoast SEO plugin v27.3 - https:\/\/yoast.com\/product\/yoast-seo-wordpress\/ -->\n<title>Estamos listos para recordar a nuestros difuntos en estos D\u00edas de Muertos: Alcalde JM Un\u00e1nue - Informante.mx<\/title>\n<meta name=\"robots\" content=\"index, follow, max-snippet:-1, max-image-preview:large, max-video-preview:-1\" \/>\n<link rel=\"canonical\" href=\"https:\/\/informante.mx\/?p=25593\" \/>\n<meta property=\"og:locale\" content=\"es_ES\" \/>\n<meta property=\"og:type\" content=\"article\" \/>\n<meta property=\"og:title\" content=\"Estamos listos para recordar a nuestros difuntos en estos D\u00edas de Muertos: Alcalde JM Un\u00e1nue - Informante.mx\" \/>\n<meta property=\"og:description\" content=\"El Ayuntamiento de Boca del R\u00edo ha preparado un programa de actividades para estos primeros d\u00edas de noviembre en el \u201ccoraz\u00f3n de Boca\u201d, en el marco del D\u00eda de Muertos\" \/>\n<meta property=\"og:url\" content=\"https:\/\/informante.mx\/?p=25593\" \/>\n<meta property=\"og:site_name\" content=\"Informante.mx\" \/>\n<meta property=\"article:publisher\" content=\"https:\/\/www.facebook.com\/MX.Informante\" \/>\n<meta property=\"article:published_time\" content=\"2023-10-31T00:14:23+00:00\" \/>\n<meta property=\"article:modified_time\" content=\"2023-10-31T00:14:28+00:00\" \/>\n<meta property=\"og:image\" content=\"https:\/\/informante.mx\/wp-content\/uploads\/2023\/10\/De-Unanue.jpg\" \/>\n\t<meta property=\"og:image:width\" content=\"1280\" \/>\n\t<meta property=\"og:image:height\" content=\"866\" \/>\n\t<meta property=\"og:image:type\" content=\"image\/jpeg\" \/>\n<meta name=\"author\" content=\"InformanteMX\" \/>\n<meta name=\"twitter:card\" content=\"summary_large_image\" \/>\n<meta name=\"twitter:creator\" content=\"@mx_informante\" \/>\n<meta name=\"twitter:site\" content=\"@mx_informante\" \/>\n<meta name=\"twitter:label1\" content=\"Escrito por\" \/>\n\t<meta name=\"twitter:data1\" content=\"InformanteMX\" \/>\n\t<meta name=\"twitter:label2\" content=\"Tiempo de lectura\" \/>\n\t<meta name=\"twitter:data2\" content=\"2 minutos\" \/>\n<script type=\"application\/ld+json\" class=\"yoast-schema-graph\">{\"@context\":\"https:\\\/\\\/schema.org\",\"@graph\":[{\"@type\":\"NewsArticle\",\"@id\":\"https:\\\/\\\/informante.mx\\\/?p=25593#article\",\"isPartOf\":{\"@id\":\"https:\\\/\\\/informante.mx\\\/?p=25593\"},\"author\":{\"name\":\"InformanteMX\",\"@id\":\"https:\\\/\\\/informante.mx\\\/#\\\/schema\\\/person\\\/3eff91989d2ea76b0a330b416325946c\"},\"headline\":\"Estamos listos para recordar a nuestros difuntos en estos D\u00edas de Muertos: Alcalde JM Un\u00e1nue\",\"datePublished\":\"2023-10-31T00:14:23+00:00\",\"dateModified\":\"2023-10-31T00:14:28+00:00\",\"mainEntityOfPage\":{\"@id\":\"https:\\\/\\\/informante.mx\\\/?p=25593\"},\"wordCount\":430,\"commentCount\":0,\"publisher\":{\"@id\":\"https:\\\/\\\/informante.mx\\\/#organization\"},\"image\":{\"@id\":\"https:\\\/\\\/informante.mx\\\/?p=25593#primaryimage\"},\"thumbnailUrl\":\"https:\\\/\\\/informante.mx\\\/wp-content\\\/uploads\\\/2023\\\/10\\\/Estado-5-1022x1024.jpg\",\"keywords\":[\"Boca del R\u00edo\",\"Estado\",\"Veracruz\"],\"articleSection\":[\"Estatal\"],\"inLanguage\":\"es\",\"potentialAction\":[{\"@type\":\"CommentAction\",\"name\":\"Comment\",\"target\":[\"https:\\\/\\\/informante.mx\\\/?p=25593#respond\"]}]},{\"@type\":\"WebPage\",\"@id\":\"https:\\\/\\\/informante.mx\\\/?p=25593\",\"url\":\"https:\\\/\\\/informante.mx\\\/?p=25593\",\"name\":\"Estamos listos para recordar a nuestros difuntos en estos D\u00edas de Muertos: Alcalde JM Un\u00e1nue - Informante.mx\",\"isPartOf\":{\"@id\":\"https:\\\/\\\/informante.mx\\\/#website\"},\"primaryImageOfPage\":{\"@id\":\"https:\\\/\\\/informante.mx\\\/?p=25593#primaryimage\"},\"image\":{\"@id\":\"https:\\\/\\\/informante.mx\\\/?p=25593#primaryimage\"},\"thumbnailUrl\":\"https:\\\/\\\/informante.mx\\\/wp-content\\\/uploads\\\/2023\\\/10\\\/Estado-5-1022x1024.jpg\",\"datePublished\":\"2023-10-31T00:14:23+00:00\",\"dateModified\":\"2023-10-31T00:14:28+00:00\",\"breadcrumb\":{\"@id\":\"https:\\\/\\\/informante.mx\\\/?p=25593#breadcrumb\"},\"inLanguage\":\"es\",\"potentialAction\":[{\"@type\":\"ReadAction\",\"target\":[\"https:\\\/\\\/informante.mx\\\/?p=25593\"]}]},{\"@type\":\"ImageObject\",\"inLanguage\":\"es\",\"@id\":\"https:\\\/\\\/informante.mx\\\/?p=25593#primaryimage\",\"url\":\"\",\"contentUrl\":\"\"},{\"@type\":\"BreadcrumbList\",\"@id\":\"https:\\\/\\\/informante.mx\\\/?p=25593#breadcrumb\",\"itemListElement\":[{\"@type\":\"ListItem\",\"position\":1,\"name\":\"Portada\",\"item\":\"https:\\\/\\\/informante.mx\\\/\"},{\"@type\":\"ListItem\",\"position\":2,\"name\":\"Estamos listos para recordar a nuestros difuntos en estos D\u00edas de Muertos: Alcalde JM Un\u00e1nue\"}]},{\"@type\":\"WebSite\",\"@id\":\"https:\\\/\\\/informante.mx\\\/#website\",\"url\":\"https:\\\/\\\/informante.mx\\\/\",\"name\":\"Informante.mx\",\"description\":\"\",\"publisher\":{\"@id\":\"https:\\\/\\\/informante.mx\\\/#organization\"},\"potentialAction\":[{\"@type\":\"SearchAction\",\"target\":{\"@type\":\"EntryPoint\",\"urlTemplate\":\"https:\\\/\\\/informante.mx\\\/?s={search_term_string}\"},\"query-input\":{\"@type\":\"PropertyValueSpecification\",\"valueRequired\":true,\"valueName\":\"search_term_string\"}}],\"inLanguage\":\"es\"},{\"@type\":\"Organization\",\"@id\":\"https:\\\/\\\/informante.mx\\\/#organization\",\"name\":\"Informante.mx\",\"url\":\"https:\\\/\\\/informante.mx\\\/\",\"logo\":{\"@type\":\"ImageObject\",\"inLanguage\":\"es\",\"@id\":\"https:\\\/\\\/informante.mx\\\/#\\\/schema\\\/logo\\\/image\\\/\",\"url\":\"https:\\\/\\\/informante.mx\\\/wp-content\\\/uploads\\\/2019\\\/12\\\/cropped-LOGO-Verde-Apaisado-1024x360O-1.png\",\"contentUrl\":\"https:\\\/\\\/informante.mx\\\/wp-content\\\/uploads\\\/2019\\\/12\\\/cropped-LOGO-Verde-Apaisado-1024x360O-1.png\",\"width\":923,\"height\":180,\"caption\":\"Informante.mx\"},\"image\":{\"@id\":\"https:\\\/\\\/informante.mx\\\/#\\\/schema\\\/logo\\\/image\\\/\"},\"sameAs\":[\"https:\\\/\\\/www.facebook.com\\\/MX.Informante\",\"https:\\\/\\\/x.com\\\/mx_informante\"]},{\"@type\":\"Person\",\"@id\":\"https:\\\/\\\/informante.mx\\\/#\\\/schema\\\/person\\\/3eff91989d2ea76b0a330b416325946c\",\"name\":\"InformanteMX\",\"image\":{\"@type\":\"ImageObject\",\"inLanguage\":\"es\",\"@id\":\"https:\\\/\\\/secure.gravatar.com\\\/avatar\\\/10d802aa739e832aedd2f3fd8544d878871eb22e6ca86fe9a548573e34a28f0e?s=96&d=mm&r=g\",\"url\":\"https:\\\/\\\/secure.gravatar.com\\\/avatar\\\/10d802aa739e832aedd2f3fd8544d878871eb22e6ca86fe9a548573e34a28f0e?s=96&d=mm&r=g\",\"contentUrl\":\"https:\\\/\\\/secure.gravatar.com\\\/avatar\\\/10d802aa739e832aedd2f3fd8544d878871eb22e6ca86fe9a548573e34a28f0e?s=96&d=mm&r=g\",\"caption\":\"InformanteMX\"},\"url\":\"https:\\\/\\\/informante.mx\\\/?author=1\"}]}<\/script>\n<!-- \/ Yoast SEO plugin. -->","yoast_head_json":{"title":"Estamos listos para recordar a nuestros difuntos en estos D\u00edas de Muertos: Alcalde JM Un\u00e1nue - Informante.mx","robots":{"index":"index","follow":"follow","max-snippet":"max-snippet:-1","max-image-preview":"max-image-preview:large","max-video-preview":"max-video-preview:-1"},"canonical":"https:\/\/informante.mx\/?p=25593","og_locale":"es_ES","og_type":"article","og_title":"Estamos listos para recordar a nuestros difuntos en estos D\u00edas de Muertos: Alcalde JM Un\u00e1nue - Informante.mx","og_description":"El Ayuntamiento de Boca del R\u00edo ha preparado un programa de actividades para estos primeros d\u00edas de noviembre en el \u201ccoraz\u00f3n de Boca\u201d, en el marco del D\u00eda de Muertos","og_url":"https:\/\/informante.mx\/?p=25593","og_site_name":"Informante.mx","article_publisher":"https:\/\/www.facebook.com\/MX.Informante","article_published_time":"2023-10-31T00:14:23+00:00","article_modified_time":"2023-10-31T00:14:28+00:00","og_image":[{"width":1280,"height":866,"url":"https:\/\/informante.mx\/wp-content\/uploads\/2023\/10\/De-Unanue.jpg","type":"image\/jpeg"}],"author":"InformanteMX","twitter_card":"summary_large_image","twitter_creator":"@mx_informante","twitter_site":"@mx_informante","twitter_misc":{"Escrito por":"InformanteMX","Tiempo de lectura":"2 minutos"},"schema":{"@context":"https:\/\/schema.org","@graph":[{"@type":"NewsArticle","@id":"https:\/\/informante.mx\/?p=25593#article","isPartOf":{"@id":"https:\/\/informante.mx\/?p=25593"},"author":{"name":"InformanteMX","@id":"https:\/\/informante.mx\/#\/schema\/person\/3eff91989d2ea76b0a330b416325946c"},"headline":"Estamos listos para recordar a nuestros difuntos en estos D\u00edas de Muertos: Alcalde JM Un\u00e1nue","datePublished":"2023-10-31T00:14:23+00:00","dateModified":"2023-10-31T00:14:28+00:00","mainEntityOfPage":{"@id":"https:\/\/informante.mx\/?p=25593"},"wordCount":430,"commentCount":0,"publisher":{"@id":"https:\/\/informante.mx\/#organization"},"image":{"@id":"https:\/\/informante.mx\/?p=25593#primaryimage"},"thumbnailUrl":"https:\/\/informante.mx\/wp-content\/uploads\/2023\/10\/Estado-5-1022x1024.jpg","keywords":["Boca del R\u00edo","Estado","Veracruz"],"articleSection":["Estatal"],"inLanguage":"es","potentialAction":[{"@type":"CommentAction","name":"Comment","target":["https:\/\/informante.mx\/?p=25593#respond"]}]},{"@type":"WebPage","@id":"https:\/\/informante.mx\/?p=25593","url":"https:\/\/informante.mx\/?p=25593","name":"Estamos listos para recordar a nuestros difuntos en estos D\u00edas de Muertos: Alcalde JM Un\u00e1nue - Informante.mx","isPartOf":{"@id":"https:\/\/informante.mx\/#website"},"primaryImageOfPage":{"@id":"https:\/\/informante.mx\/?p=25593#primaryimage"},"image":{"@id":"https:\/\/informante.mx\/?p=25593#primaryimage"},"thumbnailUrl":"https:\/\/informante.mx\/wp-content\/uploads\/2023\/10\/Estado-5-1022x1024.jpg","datePublished":"2023-10-31T00:14:23+00:00","dateModified":"2023-10-31T00:14:28+00:00","breadcrumb":{"@id":"https:\/\/informante.mx\/?p=25593#breadcrumb"},"inLanguage":"es","potentialAction":[{"@type":"ReadAction","target":["https:\/\/informante.mx\/?p=25593"]}]},{"@type":"ImageObject","inLanguage":"es","@id":"https:\/\/informante.mx\/?p=25593#primaryimage","url":"","contentUrl":""},{"@type":"BreadcrumbList","@id":"https:\/\/informante.mx\/?p=25593#breadcrumb","itemListElement":[{"@type":"ListItem","position":1,"name":"Portada","item":"https:\/\/informante.mx\/"},{"@type":"ListItem","position":2,"name":"Estamos listos para recordar a nuestros difuntos en estos D\u00edas de Muertos: Alcalde JM Un\u00e1nue"}]},{"@type":"WebSite","@id":"https:\/\/informante.mx\/#website","url":"https:\/\/informante.mx\/","name":"Informante.mx","description":"","publisher":{"@id":"https:\/\/informante.mx\/#organization"},"potentialAction":[{"@type":"SearchAction","target":{"@type":"EntryPoint","urlTemplate":"https:\/\/informante.mx\/?s={search_term_string}"},"query-input":{"@type":"PropertyValueSpecification","valueRequired":true,"valueName":"search_term_string"}}],"inLanguage":"es"},{"@type":"Organization","@id":"https:\/\/informante.mx\/#organization","name":"Informante.mx","url":"https:\/\/informante.mx\/","logo":{"@type":"ImageObject","inLanguage":"es","@id":"https:\/\/informante.mx\/#\/schema\/logo\/image\/","url":"https:\/\/informante.mx\/wp-content\/uploads\/2019\/12\/cropped-LOGO-Verde-Apaisado-1024x360O-1.png","contentUrl":"https:\/\/informante.mx\/wp-content\/uploads\/2019\/12\/cropped-LOGO-Verde-Apaisado-1024x360O-1.png","width":923,"height":180,"caption":"Informante.mx"},"image":{"@id":"https:\/\/informante.mx\/#\/schema\/logo\/image\/"},"sameAs":["https:\/\/www.facebook.com\/MX.Informante","https:\/\/x.com\/mx_informante"]},{"@type":"Person","@id":"https:\/\/informante.mx\/#\/schema\/person\/3eff91989d2ea76b0a330b416325946c","name":"InformanteMX","image":{"@type":"ImageObject","inLanguage":"es","@id":"https:\/\/secure.gravatar.com\/avatar\/10d802aa739e832aedd2f3fd8544d878871eb22e6ca86fe9a548573e34a28f0e?s=96&d=mm&r=g","url":"https:\/\/secure.gravatar.com\/avatar\/10d802aa739e832aedd2f3fd8544d878871eb22e6ca86fe9a548573e34a28f0e?s=96&d=mm&r=g","contentUrl":"https:\/\/secure.gravatar.com\/avatar\/10d802aa739e832aedd2f3fd8544d878871eb22e6ca86fe9a548573e34a28f0e?s=96&d=mm&r=g","caption":"InformanteMX"},"url":"https:\/\/informante.mx\/?author=1"}]}},"jetpack_featured_media_url":"","uagb_featured_image_src":{"full":false,"thumbnail":false,"medium":false,"medium_large":false,"large":false,"1536x1536":false,"2048x2048":false,"td_0x420":false,"td_0x420_retina":false,"td_80x60":false,"td_80x60_retina":false,"td_100x75":false,"td_100x75_retina":false,"td_180x135":false,"td_180x135_retina":false,"td_238x178":false,"td_238x178_retina":false,"td_265x198":false,"td_265x198_retina":false,"td_300x160":false,"td_300x160_retina":false,"td_300x194":false,"td_300x194_retina":false,"td_300x350":false,"td_300x350_retina":false,"td_341x220":false,"td_341x220_retina":false,"td_341x400":false,"td_341x400_retina":false,"td_511x400":false,"td_511x400_retina":false,"td_537x360":false,"td_537x360_retina":false,"td_640x0":false,"td_640x0_retina":false,"td_640x350":false,"td_640x350_retina":false,"td_681x0":false,"td_681x0_retina":false,"td_681x400":false,"td_681x400_retina":false,"td_741x486":false,"td_741x486_retina":false,"td_1021x580":false,"td_1021x580_retina":false},"uagb_author_info":{"display_name":"InformanteMX","author_link":"https:\/\/informante.mx\/?author=1"},"uagb_comment_info":0,"uagb_excerpt":"El Ayuntamiento de Boca del R\u00edo ha preparado un programa de actividades para estos primeros d\u00edas de noviembre en el \u201ccoraz\u00f3n de Boca\u201d, en el marco del D\u00eda de Muertos","_links":{"self":[{"href":"https:\/\/informante.mx\/index.php?rest_route=\/wp\/v2\/posts\/25593","targetHints":{"allow":["GET"]}}],"collection":[{"href":"https:\/\/informante.mx\/index.php?rest_route=\/wp\/v2\/posts"}],"about":[{"href":"https:\/\/informante.mx\/index.php?rest_route=\/wp\/v2\/types\/post"}],"author":[{"embeddable":true,"href":"https:\/\/informante.mx\/index.php?rest_route=\/wp\/v2\/users\/1"}],"replies":[{"embeddable":true,"href":"https:\/\/informante.mx\/index.php?rest_route=%2Fwp%2Fv2%2Fcomments&post=25593"}],"version-history":[{"count":1,"href":"https:\/\/informante.mx\/index.php?rest_route=\/wp\/v2\/posts\/25593\/revisions"}],"predecessor-version":[{"id":25596,"href":"https:\/\/informante.mx\/index.php?rest_route=\/wp\/v2\/posts\/25593\/revisions\/25596"}],"wp:attachment":[{"href":"https:\/\/informante.mx\/index.php?rest_route=%2Fwp%2Fv2%2Fmedia&parent=25593"}],"wp:term":[{"taxonomy":"category","embeddable":true,"href":"https:\/\/informante.mx\/index.php?rest_route=%2Fwp%2Fv2%2Fcategories&post=25593"},{"taxonomy":"post_tag","embeddable":true,"href":"https:\/\/informante.mx\/index.php?rest_route=%2Fwp%2Fv2%2Ftags&post=25593"}],"curies":[{"name":"wp","href":"https:\/\/api.w.org\/{rel}","templated":true}]}}