{"id":25586,"date":"2023-10-30T14:57:47","date_gmt":"2023-10-30T20:57:47","guid":{"rendered":"https:\/\/informante.mx\/?p=25586"},"modified":"2023-10-30T14:57:50","modified_gmt":"2023-10-30T20:57:50","slug":"se-remedia-antiguo-basurero-del-puerto-de-veracruz-pma","status":"publish","type":"post","link":"https:\/\/informante.mx\/?p=25586","title":{"rendered":"Se remedia antiguo basurero del puerto de Veracruz: PMA"},"content":{"rendered":"\n<h2 class=\"wp-block-heading\">\u2022 Ya no seguir\u00e1 contaminando el Sistema Arrecifal Veracruzano<\/h2>\n\n\n\n<p><strong>Ana Lilia Vel\u00e1zquez<\/strong><\/p>\n\n\n\n<p class=\"has-text-align-justify\">El Procurador del Medio Ambiente (PMA), Sergio Rodr\u00edguez Cort\u00e9s, inform\u00f3 que con la clausura y saneamiento del basurero antiguo de la ciudad de Veracruz ya no se seguir\u00e1 contaminando con lixiviados -sustancia que produce mal olor- el Sistema Arrecifal Veracruzano.<\/p>\n\n\n\n<p class=\"has-text-align-justify\">A trav\u00e9s de un video en sus redes sociales, record\u00f3 que cuando inici\u00f3 el sexenio\u00a0 \u00abnos encontramos con uno de los pasivos ambientales m\u00e1s grandes del estado. En el Puerto de Veracruz,\u00a0 permanec\u00edan acumuladas 2.5 millones de metros c\u00fabicos de basura manejada de manera inadecuada\u00bb.<\/p>\n\n\n\n<p class=\"has-text-align-justify\">En ese sentido, el titular de la PMA, Sergio Rodr\u00edguez precis\u00f3 que la instrucci\u00f3n del gobernador Cuitl\u00e1huac Garc\u00eda Jim\u00e9nez fue precisa el de hacer justicia\u00a0 ambiental.<\/p>\n\n\n\n<p class=\"has-text-align-justify\">\u00abEste sitio se clausur\u00f3 y ahora estamos remediando un problema que en 26 a\u00f1os no se hab\u00eda solucionado; esa es la diferencia entre una autoridad inoperable y una verdadera Procuraduria\u00bb.<\/p>\n\n\n\n<p class=\"has-text-align-justify\">Rodr\u00edguez Cort\u00e9s, resalt\u00f3 que \u00abnosotros nos dedicamos a hacer nuestro trabajo, clausuramos este lugar, mandamos a las empresas y municipios a depositar en un lugar adecuado y logramos despu\u00e9s de muchos a\u00f1os que el municipio y la Administraci\u00f3n del Sistema Portuario Nacional nos donaron\u00a0 los terrenos\u00bb.<\/p>\n\n\n\n<p class=\"has-text-align-justify\">Por lo que la PMA se comprometi\u00f3 a realizar la\u00a0 infraestructura para que los residuos no se sigan exponiendo y quemando.<\/p>\n\n\n\n<hr class=\"wp-block-separator has-alpha-channel-opacity\"\/>\n\n\n\n<p class=\"has-text-align-center\" style=\"font-size:17px\"><strong><i>Toda la informaci\u00f3n que necesitas saber la encuentras en nuestras <\/i><strong style=\"\"><em style=\"font-style: italic;\">redes sociales y canal de <\/em><\/strong><\/strong><a href=\"https:\/\/t.me\/informantemx\" target=\"_blank\" rel=\"noreferrer noopener\"><strong><em>Telegram<\/em><\/strong><\/a>. <\/p>\n\n\n\n<p class=\"has-text-align-center\" style=\"font-size:17px\"><strong><em>!\u00danete!<\/em><\/strong><\/p>\n\n\n\n<div class=\"wp-block-uagb-image aligncenter uagb-block-3acd28e8 wp-block-uagb-image--layout-default wp-block-uagb-image--effect-zoomin wp-block-uagb-image--align-center\"><figure class=\"wp-block-uagb-image__figure\"><a class=\"\" href=\"https:\/\/t.me\/informantemx\" target=\"\" rel=\"noopener\"><img decoding=\"async\" srcset=\"https:\/\/informante.mx\/wp-content\/uploads\/2023\/08\/Banner-Telegram-Verde-800x60-1.png ,https:\/\/informante.mx\/wp-content\/uploads\/2023\/08\/Banner-Telegram-Verde-800x60-1.png 780w, https:\/\/informante.mx\/wp-content\/uploads\/2023\/08\/Banner-Telegram-Verde-800x60-1.png 360w\" sizes=\"auto, (max-width: 480px) 150px\" src=\"https:\/\/informante.mx\/wp-content\/uploads\/2023\/08\/Banner-Telegram-Verde-800x60-1.png\" alt=\"\" class=\"uag-image-23275\" width=\"800\" height=\"60\" title=\"\" loading=\"lazy\" role=\"img\"\/><\/a><\/figure><\/div>\n\n\n\n<div class=\"wp-block-uagb-image aligncenter uagb-block-45ea2b31 wp-block-uagb-image--layout-default wp-block-uagb-image--effect-zoomin wp-block-uagb-image--align-center\"><figure class=\"wp-block-uagb-image__figure\"><a class=\"\" href=\"https:\/\/www.facebook.com\/MX.Informante\" target=\"\" rel=\"noopener\"><img decoding=\"async\" srcset=\"https:\/\/informante.mx\/wp-content\/uploads\/2023\/08\/Banner-Facebook-Verde-800x60-1.png ,https:\/\/informante.mx\/wp-content\/uploads\/2023\/08\/Banner-Facebook-Verde-800x60-1.png 780w, https:\/\/informante.mx\/wp-content\/uploads\/2023\/08\/Banner-Facebook-Verde-800x60-1.png 360w\" sizes=\"auto, (max-width: 480px) 150px\" src=\"https:\/\/informante.mx\/wp-content\/uploads\/2023\/08\/Banner-Facebook-Verde-800x60-1.png\" alt=\"\" class=\"uag-image-23274\" width=\"800\" height=\"60\" title=\"\" loading=\"lazy\" role=\"img\"\/><\/a><\/figure><\/div>\n\n\n\n<div class=\"wp-block-uagb-image aligncenter uagb-block-2ce4c51b wp-block-uagb-image--layout-default wp-block-uagb-image--effect-zoomin wp-block-uagb-image--align-center\"><figure class=\"wp-block-uagb-image__figure\"><a class=\"\" href=\"https:\/\/twitter.com\/mx_informante\" target=\"\" rel=\"noopener\"><img decoding=\"async\" srcset=\"https:\/\/informante.mx\/wp-content\/uploads\/2023\/08\/Banner-Twitter-Verde-800x60-1.png ,https:\/\/informante.mx\/wp-content\/uploads\/2023\/08\/Banner-Twitter-Verde-800x60-1.png 780w, https:\/\/informante.mx\/wp-content\/uploads\/2023\/08\/Banner-Twitter-Verde-800x60-1.png 360w\" sizes=\"auto, (max-width: 480px) 150px\" src=\"https:\/\/informante.mx\/wp-content\/uploads\/2023\/08\/Banner-Twitter-Verde-800x60-1.png\" alt=\"\" class=\"uag-image-23273\" width=\"800\" height=\"60\" title=\"\" loading=\"lazy\" role=\"img\"\/><\/a><\/figure><\/div>\n\n\n\n<div style=\"height:50px\" aria-hidden=\"true\" class=\"wp-block-spacer\"><\/div>\n","protected":false},"excerpt":{"rendered":"<p>Ya no seguir\u00e1 contaminando el Sistema Arrecifal Veracruzano<\/p>\n","protected":false},"author":1,"featured_media":24091,"comment_status":"open","ping_status":"closed","sticky":false,"template":"","format":"standard","meta":{"_uag_custom_page_level_css":"","jetpack_post_was_ever_published":false,"footnotes":""},"categories":[6],"tags":[32,43,33],"class_list":["post-25586","post","type-post","status-publish","format-standard","has-post-thumbnail","hentry","category-gobierno","tag-estado","tag-gobierno","tag-veracruz"],"yoast_head":"<!-- This site is optimized with the Yoast SEO plugin v27.3 - https:\/\/yoast.com\/product\/yoast-seo-wordpress\/ -->\n<title>Se remedia antiguo basurero del puerto de Veracruz: PMA - Informante.mx<\/title>\n<meta name=\"robots\" content=\"index, follow, max-snippet:-1, max-image-preview:large, max-video-preview:-1\" \/>\n<link rel=\"canonical\" href=\"https:\/\/informante.mx\/?p=25586\" \/>\n<meta property=\"og:locale\" content=\"es_ES\" \/>\n<meta property=\"og:type\" content=\"article\" \/>\n<meta property=\"og:title\" content=\"Se remedia antiguo basurero del puerto de Veracruz: PMA - Informante.mx\" \/>\n<meta property=\"og:description\" content=\"Ya no seguir\u00e1 contaminando el Sistema Arrecifal Veracruzano\" \/>\n<meta property=\"og:url\" content=\"https:\/\/informante.mx\/?p=25586\" \/>\n<meta property=\"og:site_name\" content=\"Informante.mx\" \/>\n<meta property=\"article:publisher\" content=\"https:\/\/www.facebook.com\/MX.Informante\" \/>\n<meta property=\"article:published_time\" content=\"2023-10-30T20:57:47+00:00\" \/>\n<meta property=\"article:modified_time\" content=\"2023-10-30T20:57:50+00:00\" \/>\n<meta property=\"og:image\" content=\"https:\/\/informante.mx\/wp-content\/uploads\/2023\/09\/Basurero.jpg\" \/>\n\t<meta property=\"og:image:width\" content=\"1280\" \/>\n\t<meta property=\"og:image:height\" content=\"720\" \/>\n\t<meta property=\"og:image:type\" content=\"image\/jpeg\" \/>\n<meta name=\"author\" content=\"InformanteMX\" \/>\n<meta name=\"twitter:card\" content=\"summary_large_image\" \/>\n<meta name=\"twitter:creator\" content=\"@mx_informante\" \/>\n<meta name=\"twitter:site\" content=\"@mx_informante\" \/>\n<meta name=\"twitter:label1\" content=\"Escrito por\" \/>\n\t<meta name=\"twitter:data1\" content=\"InformanteMX\" \/>\n\t<meta name=\"twitter:label2\" content=\"Tiempo de lectura\" \/>\n\t<meta name=\"twitter:data2\" content=\"1 minuto\" \/>\n<script type=\"application\/ld+json\" class=\"yoast-schema-graph\">{\"@context\":\"https:\\\/\\\/schema.org\",\"@graph\":[{\"@type\":\"NewsArticle\",\"@id\":\"https:\\\/\\\/informante.mx\\\/?p=25586#article\",\"isPartOf\":{\"@id\":\"https:\\\/\\\/informante.mx\\\/?p=25586\"},\"author\":{\"name\":\"InformanteMX\",\"@id\":\"https:\\\/\\\/informante.mx\\\/#\\\/schema\\\/person\\\/3eff91989d2ea76b0a330b416325946c\"},\"headline\":\"Se remedia antiguo basurero del puerto de Veracruz: PMA\",\"datePublished\":\"2023-10-30T20:57:47+00:00\",\"dateModified\":\"2023-10-30T20:57:50+00:00\",\"mainEntityOfPage\":{\"@id\":\"https:\\\/\\\/informante.mx\\\/?p=25586\"},\"wordCount\":245,\"commentCount\":0,\"publisher\":{\"@id\":\"https:\\\/\\\/informante.mx\\\/#organization\"},\"image\":{\"@id\":\"https:\\\/\\\/informante.mx\\\/?p=25586#primaryimage\"},\"thumbnailUrl\":\"https:\\\/\\\/informante.mx\\\/wp-content\\\/uploads\\\/2023\\\/09\\\/Basurero.jpg\",\"keywords\":[\"Estado\",\"Gobierno\",\"Veracruz\"],\"articleSection\":[\"Gobierno\"],\"inLanguage\":\"es\",\"potentialAction\":[{\"@type\":\"CommentAction\",\"name\":\"Comment\",\"target\":[\"https:\\\/\\\/informante.mx\\\/?p=25586#respond\"]}]},{\"@type\":\"WebPage\",\"@id\":\"https:\\\/\\\/informante.mx\\\/?p=25586\",\"url\":\"https:\\\/\\\/informante.mx\\\/?p=25586\",\"name\":\"Se remedia antiguo basurero del puerto de Veracruz: PMA - Informante.mx\",\"isPartOf\":{\"@id\":\"https:\\\/\\\/informante.mx\\\/#website\"},\"primaryImageOfPage\":{\"@id\":\"https:\\\/\\\/informante.mx\\\/?p=25586#primaryimage\"},\"image\":{\"@id\":\"https:\\\/\\\/informante.mx\\\/?p=25586#primaryimage\"},\"thumbnailUrl\":\"https:\\\/\\\/informante.mx\\\/wp-content\\\/uploads\\\/2023\\\/09\\\/Basurero.jpg\",\"datePublished\":\"2023-10-30T20:57:47+00:00\",\"dateModified\":\"2023-10-30T20:57:50+00:00\",\"breadcrumb\":{\"@id\":\"https:\\\/\\\/informante.mx\\\/?p=25586#breadcrumb\"},\"inLanguage\":\"es\",\"potentialAction\":[{\"@type\":\"ReadAction\",\"target\":[\"https:\\\/\\\/informante.mx\\\/?p=25586\"]}]},{\"@type\":\"ImageObject\",\"inLanguage\":\"es\",\"@id\":\"https:\\\/\\\/informante.mx\\\/?p=25586#primaryimage\",\"url\":\"https:\\\/\\\/informante.mx\\\/wp-content\\\/uploads\\\/2023\\\/09\\\/Basurero.jpg\",\"contentUrl\":\"https:\\\/\\\/informante.mx\\\/wp-content\\\/uploads\\\/2023\\\/09\\\/Basurero.jpg\",\"width\":1280,\"height\":720},{\"@type\":\"BreadcrumbList\",\"@id\":\"https:\\\/\\\/informante.mx\\\/?p=25586#breadcrumb\",\"itemListElement\":[{\"@type\":\"ListItem\",\"position\":1,\"name\":\"Portada\",\"item\":\"https:\\\/\\\/informante.mx\\\/\"},{\"@type\":\"ListItem\",\"position\":2,\"name\":\"Se remedia antiguo basurero del puerto de Veracruz: PMA\"}]},{\"@type\":\"WebSite\",\"@id\":\"https:\\\/\\\/informante.mx\\\/#website\",\"url\":\"https:\\\/\\\/informante.mx\\\/\",\"name\":\"Informante.mx\",\"description\":\"\",\"publisher\":{\"@id\":\"https:\\\/\\\/informante.mx\\\/#organization\"},\"potentialAction\":[{\"@type\":\"SearchAction\",\"target\":{\"@type\":\"EntryPoint\",\"urlTemplate\":\"https:\\\/\\\/informante.mx\\\/?s={search_term_string}\"},\"query-input\":{\"@type\":\"PropertyValueSpecification\",\"valueRequired\":true,\"valueName\":\"search_term_string\"}}],\"inLanguage\":\"es\"},{\"@type\":\"Organization\",\"@id\":\"https:\\\/\\\/informante.mx\\\/#organization\",\"name\":\"Informante.mx\",\"url\":\"https:\\\/\\\/informante.mx\\\/\",\"logo\":{\"@type\":\"ImageObject\",\"inLanguage\":\"es\",\"@id\":\"https:\\\/\\\/informante.mx\\\/#\\\/schema\\\/logo\\\/image\\\/\",\"url\":\"https:\\\/\\\/informante.mx\\\/wp-content\\\/uploads\\\/2019\\\/12\\\/cropped-LOGO-Verde-Apaisado-1024x360O-1.png\",\"contentUrl\":\"https:\\\/\\\/informante.mx\\\/wp-content\\\/uploads\\\/2019\\\/12\\\/cropped-LOGO-Verde-Apaisado-1024x360O-1.png\",\"width\":923,\"height\":180,\"caption\":\"Informante.mx\"},\"image\":{\"@id\":\"https:\\\/\\\/informante.mx\\\/#\\\/schema\\\/logo\\\/image\\\/\"},\"sameAs\":[\"https:\\\/\\\/www.facebook.com\\\/MX.Informante\",\"https:\\\/\\\/x.com\\\/mx_informante\"]},{\"@type\":\"Person\",\"@id\":\"https:\\\/\\\/informante.mx\\\/#\\\/schema\\\/person\\\/3eff91989d2ea76b0a330b416325946c\",\"name\":\"InformanteMX\",\"image\":{\"@type\":\"ImageObject\",\"inLanguage\":\"es\",\"@id\":\"https:\\\/\\\/secure.gravatar.com\\\/avatar\\\/10d802aa739e832aedd2f3fd8544d878871eb22e6ca86fe9a548573e34a28f0e?s=96&d=mm&r=g\",\"url\":\"https:\\\/\\\/secure.gravatar.com\\\/avatar\\\/10d802aa739e832aedd2f3fd8544d878871eb22e6ca86fe9a548573e34a28f0e?s=96&d=mm&r=g\",\"contentUrl\":\"https:\\\/\\\/secure.gravatar.com\\\/avatar\\\/10d802aa739e832aedd2f3fd8544d878871eb22e6ca86fe9a548573e34a28f0e?s=96&d=mm&r=g\",\"caption\":\"InformanteMX\"},\"url\":\"https:\\\/\\\/informante.mx\\\/?author=1\"}]}<\/script>\n<!-- \/ Yoast SEO plugin. -->","yoast_head_json":{"title":"Se remedia antiguo basurero del puerto de Veracruz: PMA - Informante.mx","robots":{"index":"index","follow":"follow","max-snippet":"max-snippet:-1","max-image-preview":"max-image-preview:large","max-video-preview":"max-video-preview:-1"},"canonical":"https:\/\/informante.mx\/?p=25586","og_locale":"es_ES","og_type":"article","og_title":"Se remedia antiguo basurero del puerto de Veracruz: PMA - Informante.mx","og_description":"Ya no seguir\u00e1 contaminando el Sistema Arrecifal Veracruzano","og_url":"https:\/\/informante.mx\/?p=25586","og_site_name":"Informante.mx","article_publisher":"https:\/\/www.facebook.com\/MX.Informante","article_published_time":"2023-10-30T20:57:47+00:00","article_modified_time":"2023-10-30T20:57:50+00:00","og_image":[{"width":1280,"height":720,"url":"https:\/\/informante.mx\/wp-content\/uploads\/2023\/09\/Basurero.jpg","type":"image\/jpeg"}],"author":"InformanteMX","twitter_card":"summary_large_image","twitter_creator":"@mx_informante","twitter_site":"@mx_informante","twitter_misc":{"Escrito por":"InformanteMX","Tiempo de lectura":"1 minuto"},"schema":{"@context":"https:\/\/schema.org","@graph":[{"@type":"NewsArticle","@id":"https:\/\/informante.mx\/?p=25586#article","isPartOf":{"@id":"https:\/\/informante.mx\/?p=25586"},"author":{"name":"InformanteMX","@id":"https:\/\/informante.mx\/#\/schema\/person\/3eff91989d2ea76b0a330b416325946c"},"headline":"Se remedia antiguo basurero del puerto de Veracruz: PMA","datePublished":"2023-10-30T20:57:47+00:00","dateModified":"2023-10-30T20:57:50+00:00","mainEntityOfPage":{"@id":"https:\/\/informante.mx\/?p=25586"},"wordCount":245,"commentCount":0,"publisher":{"@id":"https:\/\/informante.mx\/#organization"},"image":{"@id":"https:\/\/informante.mx\/?p=25586#primaryimage"},"thumbnailUrl":"https:\/\/informante.mx\/wp-content\/uploads\/2023\/09\/Basurero.jpg","keywords":["Estado","Gobierno","Veracruz"],"articleSection":["Gobierno"],"inLanguage":"es","potentialAction":[{"@type":"CommentAction","name":"Comment","target":["https:\/\/informante.mx\/?p=25586#respond"]}]},{"@type":"WebPage","@id":"https:\/\/informante.mx\/?p=25586","url":"https:\/\/informante.mx\/?p=25586","name":"Se remedia antiguo basurero del puerto de Veracruz: PMA - Informante.mx","isPartOf":{"@id":"https:\/\/informante.mx\/#website"},"primaryImageOfPage":{"@id":"https:\/\/informante.mx\/?p=25586#primaryimage"},"image":{"@id":"https:\/\/informante.mx\/?p=25586#primaryimage"},"thumbnailUrl":"https:\/\/informante.mx\/wp-content\/uploads\/2023\/09\/Basurero.jpg","datePublished":"2023-10-30T20:57:47+00:00","dateModified":"2023-10-30T20:57:50+00:00","breadcrumb":{"@id":"https:\/\/informante.mx\/?p=25586#breadcrumb"},"inLanguage":"es","potentialAction":[{"@type":"ReadAction","target":["https:\/\/informante.mx\/?p=25586"]}]},{"@type":"ImageObject","inLanguage":"es","@id":"https:\/\/informante.mx\/?p=25586#primaryimage","url":"https:\/\/informante.mx\/wp-content\/uploads\/2023\/09\/Basurero.jpg","contentUrl":"https:\/\/informante.mx\/wp-content\/uploads\/2023\/09\/Basurero.jpg","width":1280,"height":720},{"@type":"BreadcrumbList","@id":"https:\/\/informante.mx\/?p=25586#breadcrumb","itemListElement":[{"@type":"ListItem","position":1,"name":"Portada","item":"https:\/\/informante.mx\/"},{"@type":"ListItem","position":2,"name":"Se remedia antiguo basurero del puerto de Veracruz: PMA"}]},{"@type":"WebSite","@id":"https:\/\/informante.mx\/#website","url":"https:\/\/informante.mx\/","name":"Informante.mx","description":"","publisher":{"@id":"https:\/\/informante.mx\/#organization"},"potentialAction":[{"@type":"SearchAction","target":{"@type":"EntryPoint","urlTemplate":"https:\/\/informante.mx\/?s={search_term_string}"},"query-input":{"@type":"PropertyValueSpecification","valueRequired":true,"valueName":"search_term_string"}}],"inLanguage":"es"},{"@type":"Organization","@id":"https:\/\/informante.mx\/#organization","name":"Informante.mx","url":"https:\/\/informante.mx\/","logo":{"@type":"ImageObject","inLanguage":"es","@id":"https:\/\/informante.mx\/#\/schema\/logo\/image\/","url":"https:\/\/informante.mx\/wp-content\/uploads\/2019\/12\/cropped-LOGO-Verde-Apaisado-1024x360O-1.png","contentUrl":"https:\/\/informante.mx\/wp-content\/uploads\/2019\/12\/cropped-LOGO-Verde-Apaisado-1024x360O-1.png","width":923,"height":180,"caption":"Informante.mx"},"image":{"@id":"https:\/\/informante.mx\/#\/schema\/logo\/image\/"},"sameAs":["https:\/\/www.facebook.com\/MX.Informante","https:\/\/x.com\/mx_informante"]},{"@type":"Person","@id":"https:\/\/informante.mx\/#\/schema\/person\/3eff91989d2ea76b0a330b416325946c","name":"InformanteMX","image":{"@type":"ImageObject","inLanguage":"es","@id":"https:\/\/secure.gravatar.com\/avatar\/10d802aa739e832aedd2f3fd8544d878871eb22e6ca86fe9a548573e34a28f0e?s=96&d=mm&r=g","url":"https:\/\/secure.gravatar.com\/avatar\/10d802aa739e832aedd2f3fd8544d878871eb22e6ca86fe9a548573e34a28f0e?s=96&d=mm&r=g","contentUrl":"https:\/\/secure.gravatar.com\/avatar\/10d802aa739e832aedd2f3fd8544d878871eb22e6ca86fe9a548573e34a28f0e?s=96&d=mm&r=g","caption":"InformanteMX"},"url":"https:\/\/informante.mx\/?author=1"}]}},"jetpack_featured_media_url":"https:\/\/informante.mx\/wp-content\/uploads\/2023\/09\/Basurero.jpg","uagb_featured_image_src":{"full":["https:\/\/informante.mx\/wp-content\/uploads\/2023\/09\/Basurero.jpg",1280,720,false],"thumbnail":["https:\/\/informante.mx\/wp-content\/uploads\/2023\/09\/Basurero-150x84.jpg",150,84,true],"medium":["https:\/\/informante.mx\/wp-content\/uploads\/2023\/09\/Basurero-300x169.jpg",300,169,true],"medium_large":["https:\/\/informante.mx\/wp-content\/uploads\/2023\/09\/Basurero-768x432.jpg",640,360,true],"large":["https:\/\/informante.mx\/wp-content\/uploads\/2023\/09\/Basurero-1024x576.jpg",640,360,true],"1536x1536":["https:\/\/informante.mx\/wp-content\/uploads\/2023\/09\/Basurero.jpg",1280,720,false],"2048x2048":["https:\/\/informante.mx\/wp-content\/uploads\/2023\/09\/Basurero.jpg",1280,720,false],"td_0x420":["https:\/\/informante.mx\/wp-content\/uploads\/2023\/09\/Basurero-747x420.jpg",747,420,true],"td_0x420_retina":["https:\/\/informante.mx\/wp-content\/uploads\/2023\/09\/Basurero.jpg",1280,720,false],"td_80x60":["https:\/\/informante.mx\/wp-content\/uploads\/2023\/09\/Basurero-80x60.jpg",80,60,true],"td_80x60_retina":["https:\/\/informante.mx\/wp-content\/uploads\/2023\/09\/Basurero-160x120.jpg",160,120,true],"td_100x75":["https:\/\/informante.mx\/wp-content\/uploads\/2023\/09\/Basurero-100x75.jpg",100,75,true],"td_100x75_retina":["https:\/\/informante.mx\/wp-content\/uploads\/2023\/09\/Basurero-200x150.jpg",200,150,true],"td_180x135":["https:\/\/informante.mx\/wp-content\/uploads\/2023\/09\/Basurero-180x135.jpg",180,135,true],"td_180x135_retina":["https:\/\/informante.mx\/wp-content\/uploads\/2023\/09\/Basurero-360x270.jpg",360,270,true],"td_238x178":["https:\/\/informante.mx\/wp-content\/uploads\/2023\/09\/Basurero-238x178.jpg",238,178,true],"td_238x178_retina":["https:\/\/informante.mx\/wp-content\/uploads\/2023\/09\/Basurero-476x356.jpg",476,356,true],"td_265x198":["https:\/\/informante.mx\/wp-content\/uploads\/2023\/09\/Basurero-265x198.jpg",265,198,true],"td_265x198_retina":["https:\/\/informante.mx\/wp-content\/uploads\/2023\/09\/Basurero-530x396.jpg",530,396,true],"td_300x160":["https:\/\/informante.mx\/wp-content\/uploads\/2023\/09\/Basurero-300x160.jpg",300,160,true],"td_300x160_retina":["https:\/\/informante.mx\/wp-content\/uploads\/2023\/09\/Basurero-600x320.jpg",600,320,true],"td_300x194":["https:\/\/informante.mx\/wp-content\/uploads\/2023\/09\/Basurero-300x194.jpg",300,194,true],"td_300x194_retina":["https:\/\/informante.mx\/wp-content\/uploads\/2023\/09\/Basurero-600x388.jpg",600,388,true],"td_300x350":["https:\/\/informante.mx\/wp-content\/uploads\/2023\/09\/Basurero-300x350.jpg",300,350,true],"td_300x350_retina":["https:\/\/informante.mx\/wp-content\/uploads\/2023\/09\/Basurero-600x700.jpg",600,700,true],"td_341x220":["https:\/\/informante.mx\/wp-content\/uploads\/2023\/09\/Basurero-341x220.jpg",341,220,true],"td_341x220_retina":["https:\/\/informante.mx\/wp-content\/uploads\/2023\/09\/Basurero-682x440.jpg",682,440,true],"td_341x400":["https:\/\/informante.mx\/wp-content\/uploads\/2023\/09\/Basurero-341x400.jpg",341,400,true],"td_341x400_retina":["https:\/\/informante.mx\/wp-content\/uploads\/2023\/09\/Basurero-682x720.jpg",682,720,true],"td_511x400":["https:\/\/informante.mx\/wp-content\/uploads\/2023\/09\/Basurero-511x400.jpg",511,400,true],"td_511x400_retina":["https:\/\/informante.mx\/wp-content\/uploads\/2023\/09\/Basurero-1022x720.jpg",1022,720,true],"td_537x360":["https:\/\/informante.mx\/wp-content\/uploads\/2023\/09\/Basurero-537x360.jpg",537,360,true],"td_537x360_retina":["https:\/\/informante.mx\/wp-content\/uploads\/2023\/09\/Basurero-1074x720.jpg",1074,720,true],"td_640x0":["https:\/\/informante.mx\/wp-content\/uploads\/2023\/09\/Basurero-640x360.jpg",640,360,true],"td_640x0_retina":["https:\/\/informante.mx\/wp-content\/uploads\/2023\/09\/Basurero.jpg",1280,720,false],"td_640x350":["https:\/\/informante.mx\/wp-content\/uploads\/2023\/09\/Basurero-640x350.jpg",640,350,true],"td_640x350_retina":["https:\/\/informante.mx\/wp-content\/uploads\/2023\/09\/Basurero-1280x700.jpg",1280,700,true],"td_681x0":["https:\/\/informante.mx\/wp-content\/uploads\/2023\/09\/Basurero-681x383.jpg",681,383,true],"td_681x0_retina":["https:\/\/informante.mx\/wp-content\/uploads\/2023\/09\/Basurero.jpg",1280,720,false],"td_681x400":["https:\/\/informante.mx\/wp-content\/uploads\/2023\/09\/Basurero-681x400.jpg",681,400,true],"td_681x400_retina":["https:\/\/informante.mx\/wp-content\/uploads\/2023\/09\/Basurero.jpg",1280,720,false],"td_741x486":["https:\/\/informante.mx\/wp-content\/uploads\/2023\/09\/Basurero-741x486.jpg",741,486,true],"td_741x486_retina":["https:\/\/informante.mx\/wp-content\/uploads\/2023\/09\/Basurero.jpg",1280,720,false],"td_1021x580":["https:\/\/informante.mx\/wp-content\/uploads\/2023\/09\/Basurero-1021x580.jpg",1021,580,true],"td_1021x580_retina":["https:\/\/informante.mx\/wp-content\/uploads\/2023\/09\/Basurero.jpg",1280,720,false]},"uagb_author_info":{"display_name":"InformanteMX","author_link":"https:\/\/informante.mx\/?author=1"},"uagb_comment_info":0,"uagb_excerpt":"Ya no seguir\u00e1 contaminando el Sistema Arrecifal Veracruzano","_links":{"self":[{"href":"https:\/\/informante.mx\/index.php?rest_route=\/wp\/v2\/posts\/25586","targetHints":{"allow":["GET"]}}],"collection":[{"href":"https:\/\/informante.mx\/index.php?rest_route=\/wp\/v2\/posts"}],"about":[{"href":"https:\/\/informante.mx\/index.php?rest_route=\/wp\/v2\/types\/post"}],"author":[{"embeddable":true,"href":"https:\/\/informante.mx\/index.php?rest_route=\/wp\/v2\/users\/1"}],"replies":[{"embeddable":true,"href":"https:\/\/informante.mx\/index.php?rest_route=%2Fwp%2Fv2%2Fcomments&post=25586"}],"version-history":[{"count":1,"href":"https:\/\/informante.mx\/index.php?rest_route=\/wp\/v2\/posts\/25586\/revisions"}],"predecessor-version":[{"id":25590,"href":"https:\/\/informante.mx\/index.php?rest_route=\/wp\/v2\/posts\/25586\/revisions\/25590"}],"wp:featuredmedia":[{"embeddable":true,"href":"https:\/\/informante.mx\/index.php?rest_route=\/wp\/v2\/media\/24091"}],"wp:attachment":[{"href":"https:\/\/informante.mx\/index.php?rest_route=%2Fwp%2Fv2%2Fmedia&parent=25586"}],"wp:term":[{"taxonomy":"category","embeddable":true,"href":"https:\/\/informante.mx\/index.php?rest_route=%2Fwp%2Fv2%2Fcategories&post=25586"},{"taxonomy":"post_tag","embeddable":true,"href":"https:\/\/informante.mx\/index.php?rest_route=%2Fwp%2Fv2%2Ftags&post=25586"}],"curies":[{"name":"wp","href":"https:\/\/api.w.org\/{rel}","templated":true}]}}