{"id":25577,"date":"2023-10-30T13:39:09","date_gmt":"2023-10-30T19:39:09","guid":{"rendered":"https:\/\/informante.mx\/?p=25577"},"modified":"2023-10-30T13:39:13","modified_gmt":"2023-10-30T19:39:13","slug":"en-veracruz-afrodescendientes-quieren-a-un-gobernador-de-su-color","status":"publish","type":"post","link":"https:\/\/informante.mx\/?p=25577","title":{"rendered":"En Veracruz, afrodescendientes quieren a un gobernador de su color"},"content":{"rendered":"\n<h2 class=\"wp-block-heading\">\u2022 Defienden la victoria del pol\u00edtico cuenque\u00f1o Eric Cisneros en las encuestas internas de Morena<\/h2>\n\n\n\n<p><strong>Ana Lilia Vel\u00e1zquez<\/strong><\/p>\n\n\n\n<p class=\"has-text-align-justify\">Representantes de comunidades afrodescendientes de las regiones, aseguraron que el exSecretario de Gobierno, Eric Cisneros Burgos, gan\u00f3 la encuesta como aspirante a coordinador de los comit\u00e9s de defensa de la cuarta transformaci\u00f3n en Veracruz.<\/p>\n\n\n\n<p class=\"has-text-align-justify\">Luis Antonio Rodr\u00edguez Pulido, dijo que existe una diferencia de 30 puntos sobre el segundo lugar.<\/p>\n\n\n\n<p class=\"has-text-align-justify\">\u201cNo hay duda de los n\u00fameros, ya que la diferencia entre el primero y el segundo lugar es al dos por uno, esto es, m\u00e1s de 30 puntos para el puntero Eric Cisneros Burgos y menos de 20 para su m\u00e1s cercana competidora\u201d, sostuvo Luis Antonio Rodr\u00edguez Pulido.<\/p>\n\n\n\n<p class=\"has-text-align-justify\">En ese sentido, dijo que los afrojarochos y afrodescendientes del estado, respaldaron al ex secretario de Gobierno al considerar que la encuesta es el mecanismo id\u00f3neo para que el pueblo decida soberanamente quien debe representarlo.<\/p>\n\n\n\n<p class=\"has-text-align-justify\">Rodr\u00edguez Pulido \u2014galardonado en 2021 con la Medalla y Diploma \u201cAdolfo Ruiz Cortines\u201d por su destacada trayectoria en la b\u00fasqueda del reconocimiento al pueblo afromexicano\u2014, mencion\u00f3 que desde el fin de semana divulgaron una carta abierta dirigida al Presidente de la Rep\u00fablica Andr\u00e9s Manuel L\u00f3pez Obrador; al Movimiento Nacional Afromexicano; a la Coordinadora Nacional de la Cuarta Transformaci\u00f3n, Claudia Sheinbaum Pardo, y al pueblo de M\u00e9xico, para hacerles un puntual llamado para dejar al racismo atr\u00e1s, para no caer en imposiciones, respetar la voluntad popular y sobre todo, honrar la palabra.<\/p>\n\n\n\n<p class=\"has-text-align-justify\">\u201cEric Cisneros es uno de nosotros, en su persona las comunidades afroveracruzanas nos sentimos plenamente representadas porque lo vincula una larga trayectoria de servicio, es un afrodescendiente universal, acad\u00e9mico, profesor universitario y persona con visi\u00f3n de futuro, que sostiene a diario una lucha permanente con la exclusi\u00f3n, el clasismo, la corrupci\u00f3n y el racismo\u201d, puntualiz\u00f3.<\/p>\n\n\n\n<p class=\"has-text-align-justify\">La dirigencia nacional de MORENA anunci\u00f3 que este pr\u00f3ximo 10 de noviembre se dar\u00e1n a conocer las encuestas de los resultados en las 9 gubernaturas que se disputar\u00e1n el pr\u00f3ximo a\u00f1o.<\/p>\n\n\n\n<hr class=\"wp-block-separator has-alpha-channel-opacity\"\/>\n\n\n\n<p class=\"has-text-align-center\" style=\"font-size:17px\"><strong><i>Toda la informaci\u00f3n que necesitas saber la encuentras en nuestras <\/i><strong style=\"\"><em style=\"font-style: italic;\">redes sociales y canal de <\/em><\/strong><\/strong><a href=\"https:\/\/t.me\/informantemx\" target=\"_blank\" rel=\"noreferrer noopener\"><strong><em>Telegram<\/em><\/strong><\/a>. <\/p>\n\n\n\n<p class=\"has-text-align-center\" style=\"font-size:17px\"><strong><em>!\u00danete!<\/em><\/strong><\/p>\n\n\n\n<div class=\"wp-block-uagb-image aligncenter uagb-block-3acd28e8 wp-block-uagb-image--layout-default wp-block-uagb-image--effect-zoomin wp-block-uagb-image--align-center\"><figure class=\"wp-block-uagb-image__figure\"><a class=\"\" href=\"https:\/\/t.me\/informantemx\" target=\"\" rel=\"noopener\"><img decoding=\"async\" srcset=\"https:\/\/informante.mx\/wp-content\/uploads\/2023\/08\/Banner-Telegram-Verde-800x60-1.png ,https:\/\/informante.mx\/wp-content\/uploads\/2023\/08\/Banner-Telegram-Verde-800x60-1.png 780w, https:\/\/informante.mx\/wp-content\/uploads\/2023\/08\/Banner-Telegram-Verde-800x60-1.png 360w\" sizes=\"auto, (max-width: 480px) 150px\" src=\"https:\/\/informante.mx\/wp-content\/uploads\/2023\/08\/Banner-Telegram-Verde-800x60-1.png\" alt=\"\" class=\"uag-image-23275\" width=\"800\" height=\"60\" title=\"\" loading=\"lazy\" role=\"img\"\/><\/a><\/figure><\/div>\n\n\n\n<div class=\"wp-block-uagb-image aligncenter uagb-block-45ea2b31 wp-block-uagb-image--layout-default wp-block-uagb-image--effect-zoomin wp-block-uagb-image--align-center\"><figure class=\"wp-block-uagb-image__figure\"><a class=\"\" href=\"https:\/\/www.facebook.com\/MX.Informante\" target=\"\" rel=\"noopener\"><img decoding=\"async\" srcset=\"https:\/\/informante.mx\/wp-content\/uploads\/2023\/08\/Banner-Facebook-Verde-800x60-1.png ,https:\/\/informante.mx\/wp-content\/uploads\/2023\/08\/Banner-Facebook-Verde-800x60-1.png 780w, https:\/\/informante.mx\/wp-content\/uploads\/2023\/08\/Banner-Facebook-Verde-800x60-1.png 360w\" sizes=\"auto, (max-width: 480px) 150px\" src=\"https:\/\/informante.mx\/wp-content\/uploads\/2023\/08\/Banner-Facebook-Verde-800x60-1.png\" alt=\"\" class=\"uag-image-23274\" width=\"800\" height=\"60\" title=\"\" loading=\"lazy\" role=\"img\"\/><\/a><\/figure><\/div>\n\n\n\n<div class=\"wp-block-uagb-image aligncenter uagb-block-2ce4c51b wp-block-uagb-image--layout-default wp-block-uagb-image--effect-zoomin wp-block-uagb-image--align-center\"><figure class=\"wp-block-uagb-image__figure\"><a class=\"\" href=\"https:\/\/twitter.com\/mx_informante\" target=\"\" rel=\"noopener\"><img decoding=\"async\" srcset=\"https:\/\/informante.mx\/wp-content\/uploads\/2023\/08\/Banner-Twitter-Verde-800x60-1.png ,https:\/\/informante.mx\/wp-content\/uploads\/2023\/08\/Banner-Twitter-Verde-800x60-1.png 780w, https:\/\/informante.mx\/wp-content\/uploads\/2023\/08\/Banner-Twitter-Verde-800x60-1.png 360w\" sizes=\"auto, (max-width: 480px) 150px\" src=\"https:\/\/informante.mx\/wp-content\/uploads\/2023\/08\/Banner-Twitter-Verde-800x60-1.png\" alt=\"\" class=\"uag-image-23273\" width=\"800\" height=\"60\" title=\"\" loading=\"lazy\" role=\"img\"\/><\/a><\/figure><\/div>\n\n\n\n<div style=\"height:50px\" aria-hidden=\"true\" class=\"wp-block-spacer\"><\/div>\n","protected":false},"excerpt":{"rendered":"<p>Defienden la victoria del pol\u00edtico cuenque\u00f1o Eric Cisneros en las encuestas internas de Morena<\/p>\n","protected":false},"author":1,"featured_media":0,"comment_status":"open","ping_status":"closed","sticky":false,"template":"","format":"standard","meta":{"_uag_custom_page_level_css":"","jetpack_post_was_ever_published":false,"footnotes":""},"categories":[4],"tags":[32,43,33],"class_list":["post-25577","post","type-post","status-publish","format-standard","hentry","category-estatal","tag-estado","tag-gobierno","tag-veracruz"],"yoast_head":"<!-- This site is optimized with the Yoast SEO plugin v27.3 - https:\/\/yoast.com\/product\/yoast-seo-wordpress\/ -->\n<title>En Veracruz, afrodescendientes quieren a un gobernador de su color - Informante.mx<\/title>\n<meta name=\"robots\" content=\"index, follow, max-snippet:-1, max-image-preview:large, max-video-preview:-1\" \/>\n<link rel=\"canonical\" href=\"https:\/\/informante.mx\/?p=25577\" \/>\n<meta property=\"og:locale\" content=\"es_ES\" \/>\n<meta property=\"og:type\" content=\"article\" \/>\n<meta property=\"og:title\" content=\"En Veracruz, afrodescendientes quieren a un gobernador de su color - Informante.mx\" \/>\n<meta property=\"og:description\" content=\"Defienden la victoria del pol\u00edtico cuenque\u00f1o Eric Cisneros en las encuestas internas de Morena\" \/>\n<meta property=\"og:url\" content=\"https:\/\/informante.mx\/?p=25577\" \/>\n<meta property=\"og:site_name\" content=\"Informante.mx\" \/>\n<meta property=\"article:publisher\" content=\"https:\/\/www.facebook.com\/MX.Informante\" \/>\n<meta property=\"article:published_time\" content=\"2023-10-30T19:39:09+00:00\" \/>\n<meta property=\"article:modified_time\" content=\"2023-10-30T19:39:13+00:00\" \/>\n<meta property=\"og:image\" content=\"https:\/\/informante.mx\/wp-content\/uploads\/2023\/10\/Afrodecendientes.jpg\" \/>\n\t<meta property=\"og:image:width\" content=\"1280\" \/>\n\t<meta property=\"og:image:height\" content=\"960\" \/>\n\t<meta property=\"og:image:type\" content=\"image\/jpeg\" \/>\n<meta name=\"author\" content=\"InformanteMX\" \/>\n<meta name=\"twitter:card\" content=\"summary_large_image\" \/>\n<meta name=\"twitter:creator\" content=\"@mx_informante\" \/>\n<meta name=\"twitter:site\" content=\"@mx_informante\" \/>\n<meta name=\"twitter:label1\" content=\"Escrito por\" \/>\n\t<meta name=\"twitter:data1\" content=\"InformanteMX\" \/>\n\t<meta name=\"twitter:label2\" content=\"Tiempo de lectura\" \/>\n\t<meta name=\"twitter:data2\" content=\"2 minutos\" \/>\n<script type=\"application\/ld+json\" class=\"yoast-schema-graph\">{\"@context\":\"https:\\\/\\\/schema.org\",\"@graph\":[{\"@type\":\"NewsArticle\",\"@id\":\"https:\\\/\\\/informante.mx\\\/?p=25577#article\",\"isPartOf\":{\"@id\":\"https:\\\/\\\/informante.mx\\\/?p=25577\"},\"author\":{\"name\":\"InformanteMX\",\"@id\":\"https:\\\/\\\/informante.mx\\\/#\\\/schema\\\/person\\\/3eff91989d2ea76b0a330b416325946c\"},\"headline\":\"En Veracruz, afrodescendientes quieren a un gobernador de su color\",\"datePublished\":\"2023-10-30T19:39:09+00:00\",\"dateModified\":\"2023-10-30T19:39:13+00:00\",\"mainEntityOfPage\":{\"@id\":\"https:\\\/\\\/informante.mx\\\/?p=25577\"},\"wordCount\":359,\"commentCount\":0,\"publisher\":{\"@id\":\"https:\\\/\\\/informante.mx\\\/#organization\"},\"keywords\":[\"Estado\",\"Gobierno\",\"Veracruz\"],\"articleSection\":[\"Estatal\"],\"inLanguage\":\"es\",\"potentialAction\":[{\"@type\":\"CommentAction\",\"name\":\"Comment\",\"target\":[\"https:\\\/\\\/informante.mx\\\/?p=25577#respond\"]}]},{\"@type\":\"WebPage\",\"@id\":\"https:\\\/\\\/informante.mx\\\/?p=25577\",\"url\":\"https:\\\/\\\/informante.mx\\\/?p=25577\",\"name\":\"En Veracruz, afrodescendientes quieren a un gobernador de su color - Informante.mx\",\"isPartOf\":{\"@id\":\"https:\\\/\\\/informante.mx\\\/#website\"},\"datePublished\":\"2023-10-30T19:39:09+00:00\",\"dateModified\":\"2023-10-30T19:39:13+00:00\",\"breadcrumb\":{\"@id\":\"https:\\\/\\\/informante.mx\\\/?p=25577#breadcrumb\"},\"inLanguage\":\"es\",\"potentialAction\":[{\"@type\":\"ReadAction\",\"target\":[\"https:\\\/\\\/informante.mx\\\/?p=25577\"]}]},{\"@type\":\"BreadcrumbList\",\"@id\":\"https:\\\/\\\/informante.mx\\\/?p=25577#breadcrumb\",\"itemListElement\":[{\"@type\":\"ListItem\",\"position\":1,\"name\":\"Portada\",\"item\":\"https:\\\/\\\/informante.mx\\\/\"},{\"@type\":\"ListItem\",\"position\":2,\"name\":\"En Veracruz, afrodescendientes quieren a un gobernador de su color\"}]},{\"@type\":\"WebSite\",\"@id\":\"https:\\\/\\\/informante.mx\\\/#website\",\"url\":\"https:\\\/\\\/informante.mx\\\/\",\"name\":\"Informante.mx\",\"description\":\"\",\"publisher\":{\"@id\":\"https:\\\/\\\/informante.mx\\\/#organization\"},\"potentialAction\":[{\"@type\":\"SearchAction\",\"target\":{\"@type\":\"EntryPoint\",\"urlTemplate\":\"https:\\\/\\\/informante.mx\\\/?s={search_term_string}\"},\"query-input\":{\"@type\":\"PropertyValueSpecification\",\"valueRequired\":true,\"valueName\":\"search_term_string\"}}],\"inLanguage\":\"es\"},{\"@type\":\"Organization\",\"@id\":\"https:\\\/\\\/informante.mx\\\/#organization\",\"name\":\"Informante.mx\",\"url\":\"https:\\\/\\\/informante.mx\\\/\",\"logo\":{\"@type\":\"ImageObject\",\"inLanguage\":\"es\",\"@id\":\"https:\\\/\\\/informante.mx\\\/#\\\/schema\\\/logo\\\/image\\\/\",\"url\":\"https:\\\/\\\/informante.mx\\\/wp-content\\\/uploads\\\/2019\\\/12\\\/cropped-LOGO-Verde-Apaisado-1024x360O-1.png\",\"contentUrl\":\"https:\\\/\\\/informante.mx\\\/wp-content\\\/uploads\\\/2019\\\/12\\\/cropped-LOGO-Verde-Apaisado-1024x360O-1.png\",\"width\":923,\"height\":180,\"caption\":\"Informante.mx\"},\"image\":{\"@id\":\"https:\\\/\\\/informante.mx\\\/#\\\/schema\\\/logo\\\/image\\\/\"},\"sameAs\":[\"https:\\\/\\\/www.facebook.com\\\/MX.Informante\",\"https:\\\/\\\/x.com\\\/mx_informante\"]},{\"@type\":\"Person\",\"@id\":\"https:\\\/\\\/informante.mx\\\/#\\\/schema\\\/person\\\/3eff91989d2ea76b0a330b416325946c\",\"name\":\"InformanteMX\",\"image\":{\"@type\":\"ImageObject\",\"inLanguage\":\"es\",\"@id\":\"https:\\\/\\\/secure.gravatar.com\\\/avatar\\\/10d802aa739e832aedd2f3fd8544d878871eb22e6ca86fe9a548573e34a28f0e?s=96&d=mm&r=g\",\"url\":\"https:\\\/\\\/secure.gravatar.com\\\/avatar\\\/10d802aa739e832aedd2f3fd8544d878871eb22e6ca86fe9a548573e34a28f0e?s=96&d=mm&r=g\",\"contentUrl\":\"https:\\\/\\\/secure.gravatar.com\\\/avatar\\\/10d802aa739e832aedd2f3fd8544d878871eb22e6ca86fe9a548573e34a28f0e?s=96&d=mm&r=g\",\"caption\":\"InformanteMX\"},\"url\":\"https:\\\/\\\/informante.mx\\\/?author=1\"}]}<\/script>\n<!-- \/ Yoast SEO plugin. -->","yoast_head_json":{"title":"En Veracruz, afrodescendientes quieren a un gobernador de su color - Informante.mx","robots":{"index":"index","follow":"follow","max-snippet":"max-snippet:-1","max-image-preview":"max-image-preview:large","max-video-preview":"max-video-preview:-1"},"canonical":"https:\/\/informante.mx\/?p=25577","og_locale":"es_ES","og_type":"article","og_title":"En Veracruz, afrodescendientes quieren a un gobernador de su color - Informante.mx","og_description":"Defienden la victoria del pol\u00edtico cuenque\u00f1o Eric Cisneros en las encuestas internas de Morena","og_url":"https:\/\/informante.mx\/?p=25577","og_site_name":"Informante.mx","article_publisher":"https:\/\/www.facebook.com\/MX.Informante","article_published_time":"2023-10-30T19:39:09+00:00","article_modified_time":"2023-10-30T19:39:13+00:00","og_image":[{"width":1280,"height":960,"url":"https:\/\/informante.mx\/wp-content\/uploads\/2023\/10\/Afrodecendientes.jpg","type":"image\/jpeg"}],"author":"InformanteMX","twitter_card":"summary_large_image","twitter_creator":"@mx_informante","twitter_site":"@mx_informante","twitter_misc":{"Escrito por":"InformanteMX","Tiempo de lectura":"2 minutos"},"schema":{"@context":"https:\/\/schema.org","@graph":[{"@type":"NewsArticle","@id":"https:\/\/informante.mx\/?p=25577#article","isPartOf":{"@id":"https:\/\/informante.mx\/?p=25577"},"author":{"name":"InformanteMX","@id":"https:\/\/informante.mx\/#\/schema\/person\/3eff91989d2ea76b0a330b416325946c"},"headline":"En Veracruz, afrodescendientes quieren a un gobernador de su color","datePublished":"2023-10-30T19:39:09+00:00","dateModified":"2023-10-30T19:39:13+00:00","mainEntityOfPage":{"@id":"https:\/\/informante.mx\/?p=25577"},"wordCount":359,"commentCount":0,"publisher":{"@id":"https:\/\/informante.mx\/#organization"},"keywords":["Estado","Gobierno","Veracruz"],"articleSection":["Estatal"],"inLanguage":"es","potentialAction":[{"@type":"CommentAction","name":"Comment","target":["https:\/\/informante.mx\/?p=25577#respond"]}]},{"@type":"WebPage","@id":"https:\/\/informante.mx\/?p=25577","url":"https:\/\/informante.mx\/?p=25577","name":"En Veracruz, afrodescendientes quieren a un gobernador de su color - Informante.mx","isPartOf":{"@id":"https:\/\/informante.mx\/#website"},"datePublished":"2023-10-30T19:39:09+00:00","dateModified":"2023-10-30T19:39:13+00:00","breadcrumb":{"@id":"https:\/\/informante.mx\/?p=25577#breadcrumb"},"inLanguage":"es","potentialAction":[{"@type":"ReadAction","target":["https:\/\/informante.mx\/?p=25577"]}]},{"@type":"BreadcrumbList","@id":"https:\/\/informante.mx\/?p=25577#breadcrumb","itemListElement":[{"@type":"ListItem","position":1,"name":"Portada","item":"https:\/\/informante.mx\/"},{"@type":"ListItem","position":2,"name":"En Veracruz, afrodescendientes quieren a un gobernador de su color"}]},{"@type":"WebSite","@id":"https:\/\/informante.mx\/#website","url":"https:\/\/informante.mx\/","name":"Informante.mx","description":"","publisher":{"@id":"https:\/\/informante.mx\/#organization"},"potentialAction":[{"@type":"SearchAction","target":{"@type":"EntryPoint","urlTemplate":"https:\/\/informante.mx\/?s={search_term_string}"},"query-input":{"@type":"PropertyValueSpecification","valueRequired":true,"valueName":"search_term_string"}}],"inLanguage":"es"},{"@type":"Organization","@id":"https:\/\/informante.mx\/#organization","name":"Informante.mx","url":"https:\/\/informante.mx\/","logo":{"@type":"ImageObject","inLanguage":"es","@id":"https:\/\/informante.mx\/#\/schema\/logo\/image\/","url":"https:\/\/informante.mx\/wp-content\/uploads\/2019\/12\/cropped-LOGO-Verde-Apaisado-1024x360O-1.png","contentUrl":"https:\/\/informante.mx\/wp-content\/uploads\/2019\/12\/cropped-LOGO-Verde-Apaisado-1024x360O-1.png","width":923,"height":180,"caption":"Informante.mx"},"image":{"@id":"https:\/\/informante.mx\/#\/schema\/logo\/image\/"},"sameAs":["https:\/\/www.facebook.com\/MX.Informante","https:\/\/x.com\/mx_informante"]},{"@type":"Person","@id":"https:\/\/informante.mx\/#\/schema\/person\/3eff91989d2ea76b0a330b416325946c","name":"InformanteMX","image":{"@type":"ImageObject","inLanguage":"es","@id":"https:\/\/secure.gravatar.com\/avatar\/10d802aa739e832aedd2f3fd8544d878871eb22e6ca86fe9a548573e34a28f0e?s=96&d=mm&r=g","url":"https:\/\/secure.gravatar.com\/avatar\/10d802aa739e832aedd2f3fd8544d878871eb22e6ca86fe9a548573e34a28f0e?s=96&d=mm&r=g","contentUrl":"https:\/\/secure.gravatar.com\/avatar\/10d802aa739e832aedd2f3fd8544d878871eb22e6ca86fe9a548573e34a28f0e?s=96&d=mm&r=g","caption":"InformanteMX"},"url":"https:\/\/informante.mx\/?author=1"}]}},"jetpack_featured_media_url":"","uagb_featured_image_src":{"full":false,"thumbnail":false,"medium":false,"medium_large":false,"large":false,"1536x1536":false,"2048x2048":false,"td_0x420":false,"td_0x420_retina":false,"td_80x60":false,"td_80x60_retina":false,"td_100x75":false,"td_100x75_retina":false,"td_180x135":false,"td_180x135_retina":false,"td_238x178":false,"td_238x178_retina":false,"td_265x198":false,"td_265x198_retina":false,"td_300x160":false,"td_300x160_retina":false,"td_300x194":false,"td_300x194_retina":false,"td_300x350":false,"td_300x350_retina":false,"td_341x220":false,"td_341x220_retina":false,"td_341x400":false,"td_341x400_retina":false,"td_511x400":false,"td_511x400_retina":false,"td_537x360":false,"td_537x360_retina":false,"td_640x0":false,"td_640x0_retina":false,"td_640x350":false,"td_640x350_retina":false,"td_681x0":false,"td_681x0_retina":false,"td_681x400":false,"td_681x400_retina":false,"td_741x486":false,"td_741x486_retina":false,"td_1021x580":false,"td_1021x580_retina":false},"uagb_author_info":{"display_name":"InformanteMX","author_link":"https:\/\/informante.mx\/?author=1"},"uagb_comment_info":0,"uagb_excerpt":"Defienden la victoria del pol\u00edtico cuenque\u00f1o Eric Cisneros en las encuestas internas de Morena","_links":{"self":[{"href":"https:\/\/informante.mx\/index.php?rest_route=\/wp\/v2\/posts\/25577","targetHints":{"allow":["GET"]}}],"collection":[{"href":"https:\/\/informante.mx\/index.php?rest_route=\/wp\/v2\/posts"}],"about":[{"href":"https:\/\/informante.mx\/index.php?rest_route=\/wp\/v2\/types\/post"}],"author":[{"embeddable":true,"href":"https:\/\/informante.mx\/index.php?rest_route=\/wp\/v2\/users\/1"}],"replies":[{"embeddable":true,"href":"https:\/\/informante.mx\/index.php?rest_route=%2Fwp%2Fv2%2Fcomments&post=25577"}],"version-history":[{"count":1,"href":"https:\/\/informante.mx\/index.php?rest_route=\/wp\/v2\/posts\/25577\/revisions"}],"predecessor-version":[{"id":25579,"href":"https:\/\/informante.mx\/index.php?rest_route=\/wp\/v2\/posts\/25577\/revisions\/25579"}],"wp:attachment":[{"href":"https:\/\/informante.mx\/index.php?rest_route=%2Fwp%2Fv2%2Fmedia&parent=25577"}],"wp:term":[{"taxonomy":"category","embeddable":true,"href":"https:\/\/informante.mx\/index.php?rest_route=%2Fwp%2Fv2%2Fcategories&post=25577"},{"taxonomy":"post_tag","embeddable":true,"href":"https:\/\/informante.mx\/index.php?rest_route=%2Fwp%2Fv2%2Ftags&post=25577"}],"curies":[{"name":"wp","href":"https:\/\/api.w.org\/{rel}","templated":true}]}}