{"id":25537,"date":"2023-10-28T14:37:10","date_gmt":"2023-10-28T20:37:10","guid":{"rendered":"https:\/\/informante.mx\/?p=25537"},"modified":"2023-10-28T14:37:14","modified_gmt":"2023-10-28T20:37:14","slug":"presidencia-confirma-extincion-de-fideicomisos-del-poder-judicial-y-publica-decreto","status":"publish","type":"post","link":"https:\/\/informante.mx\/?p=25537","title":{"rendered":"Presidencia confirma extinci\u00f3n de fideicomisos del Poder Judicial y publica decreto"},"content":{"rendered":"\n<h2 class=\"wp-block-heading\">\u2022\u00a0En el Diario Oficial de la Federaci\u00f3n el primer mandatario del pa\u00eds public\u00f3 el decreto para la extinci\u00f3n de 13 de los 14 fideicomisos del Poder Judicial<\/h2>\n\n\n\n<p><strong>Redacci\u00f3n Informante<\/strong><\/p>\n\n\n\n<p class=\"has-text-align-justify\">El&nbsp;<strong>Gobierno Federal hizo oficial la&nbsp;desaparici\u00f3n de 13 de los 14 fideicomisos<\/strong>&nbsp;en control del&nbsp;<strong>Poder Judicial de la Federaci\u00f3n<\/strong>&nbsp;(<strong>PJF<\/strong>) por lo que ahora sus&nbsp;recursos&nbsp;tendr\u00e1n que transferirse a la&nbsp;Secretar\u00eda de Hacienda.<\/p>\n\n\n\n<p class=\"has-text-align-justify\">En la edici\u00f3n vespertina del&nbsp;<strong>Diario Oficial de la Federaci\u00f3n (DOF),<\/strong>&nbsp;el primer mandatario del pa\u00eds<strong>&nbsp;public\u00f3 el decreto<\/strong>&nbsp;para la extinci\u00f3n de estos instrumentos en los que se manejaban m\u00e1s de&nbsp;<strong>15 mil millones de pesos<\/strong>&nbsp;que eran utilizados para, entre otras cosas, el&nbsp;pago de prestaciones.<\/p>\n\n\n<div class=\"wp-block-image is-style-default\">\n<figure class=\"aligncenter\"><img decoding=\"async\" src=\"https:\/\/d22jn00zjrk7sl.cloudfront.net\/wp-content\/uploads\/2023\/10\/DOF-676x1024.jpg\" alt=\"\" class=\"wp-image-298405\"\/><\/figure>\n<\/div>\n\n\n<p class=\"has-text-align-justify\">El pasado 25 de octubre el Senado de la Rep\u00fablica aprob\u00f3 en lo general y en lo particular,\u00a0<strong>las reformas al Art\u00edculo 224 de la Ley Org\u00e1nica del Poder Judicial de la Federaci\u00f3n (PJF)\u00a0<\/strong>que elimina 13 de los 14 fideicomisos de ese sector, con un monto de m\u00e1s de 15 mil millones de pesos.<\/p>\n\n\n\n<blockquote class=\"wp-block-quote is-layout-flow wp-block-quote-is-layout-flow\">\n<p>\u201cEst\u00e1 aprobado en lo general y en lo particular el decreto por el que se adiciona un segundo p\u00e1rrafo al Art\u00edculo 224 de la Ley Org\u00e1nica del Poder Judicial de la Federaci\u00f3n, en materia de fideicomisos. Se remite al Ejecutivo Federal para los efectos del Art\u00edculo 72 constitucional\u201d, expuso Ana Lilia Rivera Rivera, presidenta de la Mesa Directiva del Senado.<\/p>\n<\/blockquote>\n\n\n\n<p class=\"has-text-align-justify\">Luego de una sorda y prolongada discusi\u00f3n tanto en comisiones como el Pleno, la bancada mayoritaria defendi\u00f3 que los fideicomisos son la caja de privilegios de jueces, ministros y magistrados.<\/p>\n\n\n\n<blockquote class=\"wp-block-quote is-layout-flow wp-block-quote-is-layout-flow\">\n<p>\u201cEl objetivo de este dictamen es desaparecer los fideicomisos que no cuentan con base legal suficiente para subsistir, con lo anterior contribuimos a la transparencia y a la austeridad pues se busca justicia al eliminar el dispendio y la opacidad con la que se manejan\u201d, dijo Ovidio Salvador Peralta Su\u00e1rez, senador de Morena.<\/p>\n<\/blockquote>\n\n\n\n<p class=\"has-text-align-justify\">El proyecto de decreto aprobado, con 67 votos a favor y 49 en contra, establece que no podr\u00e1n crearse ni mantenerse fondos y fideicomisos que no est\u00e9n expresamente previstos en la ley.<\/p>\n\n\n\n<h2 class=\"wp-block-heading\"><strong>Estos son los 13 fideicomisos que desaparecieron<\/strong><\/h2>\n\n\n\n<p>1.- Uno para pensiones de jueces y magistrados, al que se destinan casi 5 mil millones de pesos en jubilaciones.<\/p>\n\n\n\n<p>2.- Para el mantenimiento de casa habitaci\u00f3n de los jueces y magistrados; es decir, les pagamos \u00a1la remodelaci\u00f3n de su casa! pues el fideicomiso es de casi 77 mil millones de pesos.<\/p>\n\n\n\n<p>3.- Fideicomiso para el \u201capoyo\u201d de gastos m\u00e9dicos y de apoyo econ\u00f3mico extraordinario para servidores p\u00fablicos del Poder Judicial, los gastos ascienden a 69 mil millones.<\/p>\n\n\n\n<p>4.- Para el desarrollo de infraestructura, al cual se destinan m\u00e1s de 4 mil 300 millones de pesos. De este fideicomiso hay versiones period\u00edsticas que se\u00f1alan desvi\u00f3 de fondos.<\/p>\n\n\n\n<p>5.- Fondo para la administraci\u00f3n de los recursos provenientes de sentencias, el cual se reporta tiene un peso, pero ojo, nadie, ninguna instituci\u00f3n externa ha comprobado que ese sea el monto real.<\/p>\n\n\n\n<p>6.- Uno para pensiones complementarias para altos mandos, que asciende a 832 millones de pesos.<\/p>\n\n\n\n<p>7.- Pensiones para mandos medios y personal operativo, equivalentes a casi 3 mil millones de pesos.<\/p>\n\n\n\n<p>8.- Uno para prestaciones m\u00e9dicas, de casi 146 millones de pesos.<\/p>\n\n\n\n<p>9.- Otro para las publicaciones de proyectos, libros o CDs, al cual se destinan m\u00e1s de 177 millones de pesos.<\/p>\n\n\n\n<p>10.- El fideicomiso para remanentes presupuestales es de mil 300 millones de pesos.<\/p>\n\n\n\n<p>11.- Y tambi\u00e9n hay un fondo nacional para el fortalecimiento y modernizaci\u00f3n de la impartici\u00f3n de justicia, al que se destinan m\u00e1s de 727 millones de pesos.<\/p>\n\n\n\n<p><strong>El Tribunal Electoral del Poder Judicial de la Federaci\u00f3n cuenta con:<\/strong><\/p>\n\n\n\n<p>12.- Un fondo mixto de cooperaci\u00f3n t\u00e9cnica y cient\u00edfica entre M\u00e9xico y Espa\u00f1a, cuyo presupuesto es de m\u00e1s de 15 millones de pesos, aunque en realidad nadie nunca nos ha dicho de qu\u00e9 trata esa \u201ccooperaci\u00f3n\u201d.<\/p>\n\n\n\n<p>13.- Un fideicomiso de apoyos m\u00e9dicos complementarios, con casi 16 millones de pesos.<\/p>\n\n\n\n<hr class=\"wp-block-separator has-alpha-channel-opacity\"\/>\n\n\n\n<p class=\"has-text-align-center\" style=\"font-size:17px\"><strong><i>Toda la informaci\u00f3n que necesitas saber la encuentras en nuestras <\/i><strong style=\"\"><em style=\"font-style: italic;\">redes sociales y canal de <\/em><\/strong><\/strong><a href=\"https:\/\/t.me\/informantemx\" target=\"_blank\" rel=\"noreferrer noopener\"><strong><em>Telegram<\/em><\/strong><\/a>. <\/p>\n\n\n\n<p class=\"has-text-align-center\" style=\"font-size:17px\"><strong><em>!\u00danete!<\/em><\/strong><\/p>\n\n\n\n<div class=\"wp-block-uagb-image aligncenter uagb-block-3acd28e8 wp-block-uagb-image--layout-default wp-block-uagb-image--effect-zoomin wp-block-uagb-image--align-center\"><figure class=\"wp-block-uagb-image__figure\"><a class=\"\" href=\"https:\/\/t.me\/informantemx\" target=\"\" rel=\"noopener\"><img decoding=\"async\" srcset=\"https:\/\/informante.mx\/wp-content\/uploads\/2023\/08\/Banner-Telegram-Verde-800x60-1.png ,https:\/\/informante.mx\/wp-content\/uploads\/2023\/08\/Banner-Telegram-Verde-800x60-1.png 780w, https:\/\/informante.mx\/wp-content\/uploads\/2023\/08\/Banner-Telegram-Verde-800x60-1.png 360w\" sizes=\"auto, (max-width: 480px) 150px\" src=\"https:\/\/informante.mx\/wp-content\/uploads\/2023\/08\/Banner-Telegram-Verde-800x60-1.png\" alt=\"\" class=\"uag-image-23275\" width=\"800\" height=\"60\" title=\"\" loading=\"lazy\" role=\"img\"\/><\/a><\/figure><\/div>\n\n\n\n<div class=\"wp-block-uagb-image aligncenter uagb-block-45ea2b31 wp-block-uagb-image--layout-default wp-block-uagb-image--effect-zoomin wp-block-uagb-image--align-center\"><figure class=\"wp-block-uagb-image__figure\"><a class=\"\" href=\"https:\/\/www.facebook.com\/MX.Informante\" target=\"\" rel=\"noopener\"><img decoding=\"async\" srcset=\"https:\/\/informante.mx\/wp-content\/uploads\/2023\/08\/Banner-Facebook-Verde-800x60-1.png ,https:\/\/informante.mx\/wp-content\/uploads\/2023\/08\/Banner-Facebook-Verde-800x60-1.png 780w, https:\/\/informante.mx\/wp-content\/uploads\/2023\/08\/Banner-Facebook-Verde-800x60-1.png 360w\" sizes=\"auto, (max-width: 480px) 150px\" src=\"https:\/\/informante.mx\/wp-content\/uploads\/2023\/08\/Banner-Facebook-Verde-800x60-1.png\" alt=\"\" class=\"uag-image-23274\" width=\"800\" height=\"60\" title=\"\" loading=\"lazy\" role=\"img\"\/><\/a><\/figure><\/div>\n\n\n\n<div class=\"wp-block-uagb-image aligncenter uagb-block-2ce4c51b wp-block-uagb-image--layout-default wp-block-uagb-image--effect-zoomin wp-block-uagb-image--align-center\"><figure class=\"wp-block-uagb-image__figure\"><a class=\"\" href=\"https:\/\/twitter.com\/mx_informante\" target=\"\" rel=\"noopener\"><img decoding=\"async\" srcset=\"https:\/\/informante.mx\/wp-content\/uploads\/2023\/08\/Banner-Twitter-Verde-800x60-1.png ,https:\/\/informante.mx\/wp-content\/uploads\/2023\/08\/Banner-Twitter-Verde-800x60-1.png 780w, https:\/\/informante.mx\/wp-content\/uploads\/2023\/08\/Banner-Twitter-Verde-800x60-1.png 360w\" sizes=\"auto, (max-width: 480px) 150px\" src=\"https:\/\/informante.mx\/wp-content\/uploads\/2023\/08\/Banner-Twitter-Verde-800x60-1.png\" alt=\"\" class=\"uag-image-23273\" width=\"800\" height=\"60\" title=\"\" loading=\"lazy\" role=\"img\"\/><\/a><\/figure><\/div>\n\n\n\n<div style=\"height:50px\" aria-hidden=\"true\" class=\"wp-block-spacer\"><\/div>\n","protected":false},"excerpt":{"rendered":"<p>En el Diario Oficial de la Federaci\u00f3n el primer mandatario del pa\u00eds public\u00f3 el decreto para la extinci\u00f3n de 13 de los 14 fideicomisos del Poder Judicial.<\/p>\n","protected":false},"author":1,"featured_media":0,"comment_status":"open","ping_status":"closed","sticky":false,"template":"","format":"standard","meta":{"_uag_custom_page_level_css":"","jetpack_post_was_ever_published":false,"footnotes":""},"categories":[9],"tags":[43,31],"class_list":["post-25537","post","type-post","status-publish","format-standard","hentry","category-nacional","tag-gobierno","tag-nacional"],"yoast_head":"<!-- This site is optimized with the Yoast SEO plugin v27.3 - https:\/\/yoast.com\/product\/yoast-seo-wordpress\/ -->\n<title>Presidencia confirma extinci\u00f3n de fideicomisos del Poder Judicial y publica decreto - Informante.mx<\/title>\n<meta name=\"robots\" content=\"index, follow, max-snippet:-1, max-image-preview:large, max-video-preview:-1\" \/>\n<link rel=\"canonical\" href=\"https:\/\/informante.mx\/?p=25537\" \/>\n<meta property=\"og:locale\" content=\"es_ES\" \/>\n<meta property=\"og:type\" content=\"article\" \/>\n<meta property=\"og:title\" content=\"Presidencia confirma extinci\u00f3n de fideicomisos del Poder Judicial y publica decreto - Informante.mx\" \/>\n<meta property=\"og:description\" content=\"En el Diario Oficial de la Federaci\u00f3n el primer mandatario del pa\u00eds public\u00f3 el decreto para la extinci\u00f3n de 13 de los 14 fideicomisos del Poder Judicial.\" \/>\n<meta property=\"og:url\" content=\"https:\/\/informante.mx\/?p=25537\" \/>\n<meta property=\"og:site_name\" content=\"Informante.mx\" \/>\n<meta property=\"article:publisher\" content=\"https:\/\/www.facebook.com\/MX.Informante\" \/>\n<meta property=\"article:published_time\" content=\"2023-10-28T20:37:10+00:00\" \/>\n<meta property=\"article:modified_time\" content=\"2023-10-28T20:37:14+00:00\" \/>\n<meta property=\"og:image\" content=\"https:\/\/informante.mx\/wp-content\/uploads\/2023\/10\/PJF-Poder-Judicial-de-la-Federacion.jpg\" \/>\n\t<meta property=\"og:image:width\" content=\"986\" \/>\n\t<meta property=\"og:image:height\" content=\"590\" \/>\n\t<meta property=\"og:image:type\" content=\"image\/jpeg\" \/>\n<meta name=\"author\" content=\"InformanteMX\" \/>\n<meta name=\"twitter:card\" content=\"summary_large_image\" \/>\n<meta name=\"twitter:creator\" content=\"@mx_informante\" \/>\n<meta name=\"twitter:site\" content=\"@mx_informante\" \/>\n<meta name=\"twitter:label1\" content=\"Escrito por\" \/>\n\t<meta name=\"twitter:data1\" content=\"InformanteMX\" \/>\n\t<meta name=\"twitter:label2\" content=\"Tiempo de lectura\" \/>\n\t<meta name=\"twitter:data2\" content=\"3 minutos\" \/>\n<script type=\"application\/ld+json\" class=\"yoast-schema-graph\">{\"@context\":\"https:\\\/\\\/schema.org\",\"@graph\":[{\"@type\":\"NewsArticle\",\"@id\":\"https:\\\/\\\/informante.mx\\\/?p=25537#article\",\"isPartOf\":{\"@id\":\"https:\\\/\\\/informante.mx\\\/?p=25537\"},\"author\":{\"name\":\"InformanteMX\",\"@id\":\"https:\\\/\\\/informante.mx\\\/#\\\/schema\\\/person\\\/3eff91989d2ea76b0a330b416325946c\"},\"headline\":\"Presidencia confirma extinci\u00f3n de fideicomisos del Poder Judicial y publica decreto\",\"datePublished\":\"2023-10-28T20:37:10+00:00\",\"dateModified\":\"2023-10-28T20:37:14+00:00\",\"mainEntityOfPage\":{\"@id\":\"https:\\\/\\\/informante.mx\\\/?p=25537\"},\"wordCount\":699,\"commentCount\":0,\"publisher\":{\"@id\":\"https:\\\/\\\/informante.mx\\\/#organization\"},\"image\":{\"@id\":\"https:\\\/\\\/informante.mx\\\/?p=25537#primaryimage\"},\"thumbnailUrl\":\"https:\\\/\\\/d22jn00zjrk7sl.cloudfront.net\\\/wp-content\\\/uploads\\\/2023\\\/10\\\/DOF-676x1024.jpg\",\"keywords\":[\"Gobierno\",\"Nacional\"],\"articleSection\":[\"Nacional\"],\"inLanguage\":\"es\",\"potentialAction\":[{\"@type\":\"CommentAction\",\"name\":\"Comment\",\"target\":[\"https:\\\/\\\/informante.mx\\\/?p=25537#respond\"]}]},{\"@type\":\"WebPage\",\"@id\":\"https:\\\/\\\/informante.mx\\\/?p=25537\",\"url\":\"https:\\\/\\\/informante.mx\\\/?p=25537\",\"name\":\"Presidencia confirma extinci\u00f3n de fideicomisos del Poder Judicial y publica decreto - Informante.mx\",\"isPartOf\":{\"@id\":\"https:\\\/\\\/informante.mx\\\/#website\"},\"primaryImageOfPage\":{\"@id\":\"https:\\\/\\\/informante.mx\\\/?p=25537#primaryimage\"},\"image\":{\"@id\":\"https:\\\/\\\/informante.mx\\\/?p=25537#primaryimage\"},\"thumbnailUrl\":\"https:\\\/\\\/d22jn00zjrk7sl.cloudfront.net\\\/wp-content\\\/uploads\\\/2023\\\/10\\\/DOF-676x1024.jpg\",\"datePublished\":\"2023-10-28T20:37:10+00:00\",\"dateModified\":\"2023-10-28T20:37:14+00:00\",\"breadcrumb\":{\"@id\":\"https:\\\/\\\/informante.mx\\\/?p=25537#breadcrumb\"},\"inLanguage\":\"es\",\"potentialAction\":[{\"@type\":\"ReadAction\",\"target\":[\"https:\\\/\\\/informante.mx\\\/?p=25537\"]}]},{\"@type\":\"ImageObject\",\"inLanguage\":\"es\",\"@id\":\"https:\\\/\\\/informante.mx\\\/?p=25537#primaryimage\",\"url\":\"https:\\\/\\\/d22jn00zjrk7sl.cloudfront.net\\\/wp-content\\\/uploads\\\/2023\\\/10\\\/DOF-676x1024.jpg\",\"contentUrl\":\"https:\\\/\\\/d22jn00zjrk7sl.cloudfront.net\\\/wp-content\\\/uploads\\\/2023\\\/10\\\/DOF-676x1024.jpg\"},{\"@type\":\"BreadcrumbList\",\"@id\":\"https:\\\/\\\/informante.mx\\\/?p=25537#breadcrumb\",\"itemListElement\":[{\"@type\":\"ListItem\",\"position\":1,\"name\":\"Portada\",\"item\":\"https:\\\/\\\/informante.mx\\\/\"},{\"@type\":\"ListItem\",\"position\":2,\"name\":\"Presidencia confirma extinci\u00f3n de fideicomisos del Poder Judicial y publica decreto\"}]},{\"@type\":\"WebSite\",\"@id\":\"https:\\\/\\\/informante.mx\\\/#website\",\"url\":\"https:\\\/\\\/informante.mx\\\/\",\"name\":\"Informante.mx\",\"description\":\"\",\"publisher\":{\"@id\":\"https:\\\/\\\/informante.mx\\\/#organization\"},\"potentialAction\":[{\"@type\":\"SearchAction\",\"target\":{\"@type\":\"EntryPoint\",\"urlTemplate\":\"https:\\\/\\\/informante.mx\\\/?s={search_term_string}\"},\"query-input\":{\"@type\":\"PropertyValueSpecification\",\"valueRequired\":true,\"valueName\":\"search_term_string\"}}],\"inLanguage\":\"es\"},{\"@type\":\"Organization\",\"@id\":\"https:\\\/\\\/informante.mx\\\/#organization\",\"name\":\"Informante.mx\",\"url\":\"https:\\\/\\\/informante.mx\\\/\",\"logo\":{\"@type\":\"ImageObject\",\"inLanguage\":\"es\",\"@id\":\"https:\\\/\\\/informante.mx\\\/#\\\/schema\\\/logo\\\/image\\\/\",\"url\":\"https:\\\/\\\/informante.mx\\\/wp-content\\\/uploads\\\/2019\\\/12\\\/cropped-LOGO-Verde-Apaisado-1024x360O-1.png\",\"contentUrl\":\"https:\\\/\\\/informante.mx\\\/wp-content\\\/uploads\\\/2019\\\/12\\\/cropped-LOGO-Verde-Apaisado-1024x360O-1.png\",\"width\":923,\"height\":180,\"caption\":\"Informante.mx\"},\"image\":{\"@id\":\"https:\\\/\\\/informante.mx\\\/#\\\/schema\\\/logo\\\/image\\\/\"},\"sameAs\":[\"https:\\\/\\\/www.facebook.com\\\/MX.Informante\",\"https:\\\/\\\/x.com\\\/mx_informante\"]},{\"@type\":\"Person\",\"@id\":\"https:\\\/\\\/informante.mx\\\/#\\\/schema\\\/person\\\/3eff91989d2ea76b0a330b416325946c\",\"name\":\"InformanteMX\",\"image\":{\"@type\":\"ImageObject\",\"inLanguage\":\"es\",\"@id\":\"https:\\\/\\\/secure.gravatar.com\\\/avatar\\\/10d802aa739e832aedd2f3fd8544d878871eb22e6ca86fe9a548573e34a28f0e?s=96&d=mm&r=g\",\"url\":\"https:\\\/\\\/secure.gravatar.com\\\/avatar\\\/10d802aa739e832aedd2f3fd8544d878871eb22e6ca86fe9a548573e34a28f0e?s=96&d=mm&r=g\",\"contentUrl\":\"https:\\\/\\\/secure.gravatar.com\\\/avatar\\\/10d802aa739e832aedd2f3fd8544d878871eb22e6ca86fe9a548573e34a28f0e?s=96&d=mm&r=g\",\"caption\":\"InformanteMX\"},\"url\":\"https:\\\/\\\/informante.mx\\\/?author=1\"}]}<\/script>\n<!-- \/ Yoast SEO plugin. -->","yoast_head_json":{"title":"Presidencia confirma extinci\u00f3n de fideicomisos del Poder Judicial y publica decreto - Informante.mx","robots":{"index":"index","follow":"follow","max-snippet":"max-snippet:-1","max-image-preview":"max-image-preview:large","max-video-preview":"max-video-preview:-1"},"canonical":"https:\/\/informante.mx\/?p=25537","og_locale":"es_ES","og_type":"article","og_title":"Presidencia confirma extinci\u00f3n de fideicomisos del Poder Judicial y publica decreto - Informante.mx","og_description":"En el Diario Oficial de la Federaci\u00f3n el primer mandatario del pa\u00eds public\u00f3 el decreto para la extinci\u00f3n de 13 de los 14 fideicomisos del Poder Judicial.","og_url":"https:\/\/informante.mx\/?p=25537","og_site_name":"Informante.mx","article_publisher":"https:\/\/www.facebook.com\/MX.Informante","article_published_time":"2023-10-28T20:37:10+00:00","article_modified_time":"2023-10-28T20:37:14+00:00","og_image":[{"width":986,"height":590,"url":"https:\/\/informante.mx\/wp-content\/uploads\/2023\/10\/PJF-Poder-Judicial-de-la-Federacion.jpg","type":"image\/jpeg"}],"author":"InformanteMX","twitter_card":"summary_large_image","twitter_creator":"@mx_informante","twitter_site":"@mx_informante","twitter_misc":{"Escrito por":"InformanteMX","Tiempo de lectura":"3 minutos"},"schema":{"@context":"https:\/\/schema.org","@graph":[{"@type":"NewsArticle","@id":"https:\/\/informante.mx\/?p=25537#article","isPartOf":{"@id":"https:\/\/informante.mx\/?p=25537"},"author":{"name":"InformanteMX","@id":"https:\/\/informante.mx\/#\/schema\/person\/3eff91989d2ea76b0a330b416325946c"},"headline":"Presidencia confirma extinci\u00f3n de fideicomisos del Poder Judicial y publica decreto","datePublished":"2023-10-28T20:37:10+00:00","dateModified":"2023-10-28T20:37:14+00:00","mainEntityOfPage":{"@id":"https:\/\/informante.mx\/?p=25537"},"wordCount":699,"commentCount":0,"publisher":{"@id":"https:\/\/informante.mx\/#organization"},"image":{"@id":"https:\/\/informante.mx\/?p=25537#primaryimage"},"thumbnailUrl":"https:\/\/d22jn00zjrk7sl.cloudfront.net\/wp-content\/uploads\/2023\/10\/DOF-676x1024.jpg","keywords":["Gobierno","Nacional"],"articleSection":["Nacional"],"inLanguage":"es","potentialAction":[{"@type":"CommentAction","name":"Comment","target":["https:\/\/informante.mx\/?p=25537#respond"]}]},{"@type":"WebPage","@id":"https:\/\/informante.mx\/?p=25537","url":"https:\/\/informante.mx\/?p=25537","name":"Presidencia confirma extinci\u00f3n de fideicomisos del Poder Judicial y publica decreto - Informante.mx","isPartOf":{"@id":"https:\/\/informante.mx\/#website"},"primaryImageOfPage":{"@id":"https:\/\/informante.mx\/?p=25537#primaryimage"},"image":{"@id":"https:\/\/informante.mx\/?p=25537#primaryimage"},"thumbnailUrl":"https:\/\/d22jn00zjrk7sl.cloudfront.net\/wp-content\/uploads\/2023\/10\/DOF-676x1024.jpg","datePublished":"2023-10-28T20:37:10+00:00","dateModified":"2023-10-28T20:37:14+00:00","breadcrumb":{"@id":"https:\/\/informante.mx\/?p=25537#breadcrumb"},"inLanguage":"es","potentialAction":[{"@type":"ReadAction","target":["https:\/\/informante.mx\/?p=25537"]}]},{"@type":"ImageObject","inLanguage":"es","@id":"https:\/\/informante.mx\/?p=25537#primaryimage","url":"https:\/\/d22jn00zjrk7sl.cloudfront.net\/wp-content\/uploads\/2023\/10\/DOF-676x1024.jpg","contentUrl":"https:\/\/d22jn00zjrk7sl.cloudfront.net\/wp-content\/uploads\/2023\/10\/DOF-676x1024.jpg"},{"@type":"BreadcrumbList","@id":"https:\/\/informante.mx\/?p=25537#breadcrumb","itemListElement":[{"@type":"ListItem","position":1,"name":"Portada","item":"https:\/\/informante.mx\/"},{"@type":"ListItem","position":2,"name":"Presidencia confirma extinci\u00f3n de fideicomisos del Poder Judicial y publica decreto"}]},{"@type":"WebSite","@id":"https:\/\/informante.mx\/#website","url":"https:\/\/informante.mx\/","name":"Informante.mx","description":"","publisher":{"@id":"https:\/\/informante.mx\/#organization"},"potentialAction":[{"@type":"SearchAction","target":{"@type":"EntryPoint","urlTemplate":"https:\/\/informante.mx\/?s={search_term_string}"},"query-input":{"@type":"PropertyValueSpecification","valueRequired":true,"valueName":"search_term_string"}}],"inLanguage":"es"},{"@type":"Organization","@id":"https:\/\/informante.mx\/#organization","name":"Informante.mx","url":"https:\/\/informante.mx\/","logo":{"@type":"ImageObject","inLanguage":"es","@id":"https:\/\/informante.mx\/#\/schema\/logo\/image\/","url":"https:\/\/informante.mx\/wp-content\/uploads\/2019\/12\/cropped-LOGO-Verde-Apaisado-1024x360O-1.png","contentUrl":"https:\/\/informante.mx\/wp-content\/uploads\/2019\/12\/cropped-LOGO-Verde-Apaisado-1024x360O-1.png","width":923,"height":180,"caption":"Informante.mx"},"image":{"@id":"https:\/\/informante.mx\/#\/schema\/logo\/image\/"},"sameAs":["https:\/\/www.facebook.com\/MX.Informante","https:\/\/x.com\/mx_informante"]},{"@type":"Person","@id":"https:\/\/informante.mx\/#\/schema\/person\/3eff91989d2ea76b0a330b416325946c","name":"InformanteMX","image":{"@type":"ImageObject","inLanguage":"es","@id":"https:\/\/secure.gravatar.com\/avatar\/10d802aa739e832aedd2f3fd8544d878871eb22e6ca86fe9a548573e34a28f0e?s=96&d=mm&r=g","url":"https:\/\/secure.gravatar.com\/avatar\/10d802aa739e832aedd2f3fd8544d878871eb22e6ca86fe9a548573e34a28f0e?s=96&d=mm&r=g","contentUrl":"https:\/\/secure.gravatar.com\/avatar\/10d802aa739e832aedd2f3fd8544d878871eb22e6ca86fe9a548573e34a28f0e?s=96&d=mm&r=g","caption":"InformanteMX"},"url":"https:\/\/informante.mx\/?author=1"}]}},"jetpack_featured_media_url":"","uagb_featured_image_src":{"full":false,"thumbnail":false,"medium":false,"medium_large":false,"large":false,"1536x1536":false,"2048x2048":false,"td_0x420":false,"td_0x420_retina":false,"td_80x60":false,"td_80x60_retina":false,"td_100x75":false,"td_100x75_retina":false,"td_180x135":false,"td_180x135_retina":false,"td_238x178":false,"td_238x178_retina":false,"td_265x198":false,"td_265x198_retina":false,"td_300x160":false,"td_300x160_retina":false,"td_300x194":false,"td_300x194_retina":false,"td_300x350":false,"td_300x350_retina":false,"td_341x220":false,"td_341x220_retina":false,"td_341x400":false,"td_341x400_retina":false,"td_511x400":false,"td_511x400_retina":false,"td_537x360":false,"td_537x360_retina":false,"td_640x0":false,"td_640x0_retina":false,"td_640x350":false,"td_640x350_retina":false,"td_681x0":false,"td_681x0_retina":false,"td_681x400":false,"td_681x400_retina":false,"td_741x486":false,"td_741x486_retina":false,"td_1021x580":false,"td_1021x580_retina":false},"uagb_author_info":{"display_name":"InformanteMX","author_link":"https:\/\/informante.mx\/?author=1"},"uagb_comment_info":0,"uagb_excerpt":"En el Diario Oficial de la Federaci\u00f3n el primer mandatario del pa\u00eds public\u00f3 el decreto para la extinci\u00f3n de 13 de los 14 fideicomisos del Poder Judicial.","_links":{"self":[{"href":"https:\/\/informante.mx\/index.php?rest_route=\/wp\/v2\/posts\/25537","targetHints":{"allow":["GET"]}}],"collection":[{"href":"https:\/\/informante.mx\/index.php?rest_route=\/wp\/v2\/posts"}],"about":[{"href":"https:\/\/informante.mx\/index.php?rest_route=\/wp\/v2\/types\/post"}],"author":[{"embeddable":true,"href":"https:\/\/informante.mx\/index.php?rest_route=\/wp\/v2\/users\/1"}],"replies":[{"embeddable":true,"href":"https:\/\/informante.mx\/index.php?rest_route=%2Fwp%2Fv2%2Fcomments&post=25537"}],"version-history":[{"count":1,"href":"https:\/\/informante.mx\/index.php?rest_route=\/wp\/v2\/posts\/25537\/revisions"}],"predecessor-version":[{"id":25539,"href":"https:\/\/informante.mx\/index.php?rest_route=\/wp\/v2\/posts\/25537\/revisions\/25539"}],"wp:attachment":[{"href":"https:\/\/informante.mx\/index.php?rest_route=%2Fwp%2Fv2%2Fmedia&parent=25537"}],"wp:term":[{"taxonomy":"category","embeddable":true,"href":"https:\/\/informante.mx\/index.php?rest_route=%2Fwp%2Fv2%2Fcategories&post=25537"},{"taxonomy":"post_tag","embeddable":true,"href":"https:\/\/informante.mx\/index.php?rest_route=%2Fwp%2Fv2%2Ftags&post=25537"}],"curies":[{"name":"wp","href":"https:\/\/api.w.org\/{rel}","templated":true}]}}