{"id":23423,"date":"2023-09-05T11:17:10","date_gmt":"2023-09-05T17:17:10","guid":{"rendered":"https:\/\/informante.mx\/?p=23423"},"modified":"2023-09-05T11:17:13","modified_gmt":"2023-09-05T17:17:13","slug":"no-he-inclinado-la-balanza-amlo-entregara-baston-de-mando-de-4t","status":"publish","type":"post","link":"https:\/\/informante.mx\/?p=23423","title":{"rendered":"\u2018No he inclinado la balanza\u2019: AMLO entregar\u00e1 bast\u00f3n de mando de 4T"},"content":{"rendered":"\n<h2 class=\"wp-block-heading\">\u25cf El Presidente afirm\u00f3 que se termin\u00f3 con el \u201cdedazo\u201d, pues ahora la ciudadan\u00eda particip\u00f3 para elegir a quien coordine la Defensa de la 4T.<\/h2>\n\n\n\n\n\n<p>El presidente Andr\u00e9s Manuel L\u00f3pez Obrador afirm\u00f3 que ma\u00f1ana entregar\u00e1 el bast\u00f3n de mando a la ganadora o ganador de la encuesta para&nbsp;<strong>coordinar la Defensa de la Cuarta Transformaci\u00f3n.<\/strong><\/p>\n\n\n\n<blockquote class=\"wp-block-quote is-layout-flow wp-block-quote-is-layout-flow\">\n<p>\u201cVoy a apoyar al que gane la encuesta como miembro dirigente del Movimiento de Transformaci\u00f3n y le voy a entregar el bast\u00f3n de mano, no la banda presidencial, para la conducci\u00f3n del movimiento de transformaci\u00f3n\u201d, indic\u00f3 el mandatario.<\/p>\n<\/blockquote>\n\n\n\n<p>Y es que hoy, Morena inici\u00f3 el conteo de resultados de la encuesta para&nbsp;<strong>elegir al coordinador en Defensa de la 4T.<\/strong>&nbsp;A las 4 de la tarde de este martes iniciar\u00e1 la apertura de paquetes para que se revise boleta por boleta en presencia de los representantes de los aspirantes.<\/p>\n\n\n\n<p>En Conferencia Ma\u00f1anera, L\u00f3pez Obrador asegur\u00f3 que&nbsp;<strong>no ha inclinado la balanza<\/strong>&nbsp;y termin\u00f3 con el \u201cdedazo\u201d para elegir a los candidatos electorales.<\/p>\n\n\n\n<blockquote class=\"wp-block-quote is-layout-flow wp-block-quote-is-layout-flow\">\n<p>\u201cLa formalidad de entregar el bast\u00f3n de mando, vamos a ver c\u00f3mo le hacemos, porque tambi\u00e9n tengo que viajar el viernes a Colombia y Chile, quisiera hacerlo antes, puede ser el mismo mi\u00e9rcoles por la tarde, no lo puedo hacer aqu\u00ed, o el jueves\u201d.<\/p>\n<\/blockquote>\n\n\n\n<p>Al cuestionarle c\u00f3mo ser\u00eda la entrega, L\u00f3pez Obrador detall\u00f3:<\/p>\n\n\n\n<blockquote class=\"wp-block-quote is-layout-flow wp-block-quote-is-layout-flow\">\n<p>\u201cLo que quiero decir es \u2018aqu\u00ed te entrego este bast\u00f3n que representa los deseos de cambio y transformaci\u00f3n de millones de mexicanos, de quienes son los protagonistas de esta historia. Yo he venido conduciendo el proceso, ahora te toca a ti seguir adelante\u2019. No s\u00e9 exactamente c\u00f3mo va a ser, hay que ver qu\u00e9 opina quien resulte ganadora o ganador\u201d.<\/p>\n\n\n\n<hr class=\"wp-block-separator has-alpha-channel-opacity\"\/>\n<\/blockquote>\n","protected":false},"excerpt":{"rendered":"<p>\u25cf El Presidente afirm\u00f3 que se termin\u00f3 con el \u201cdedazo\u201d, pues ahora la ciudadan\u00eda particip\u00f3 para elegir a quien coordine la Defensa de la 4T.<\/p>\n","protected":false},"author":1,"featured_media":0,"comment_status":"open","ping_status":"closed","sticky":false,"template":"","format":"standard","meta":{"_uag_custom_page_level_css":"","jetpack_post_was_ever_published":false,"footnotes":""},"categories":[16,9],"tags":[31],"class_list":["post-23423","post","type-post","status-publish","format-standard","hentry","category-enterate","category-nacional","tag-nacional"],"yoast_head":"<!-- This site is optimized with the Yoast SEO plugin v27.3 - https:\/\/yoast.com\/product\/yoast-seo-wordpress\/ -->\n<title>\u2018No he inclinado la balanza\u2019: AMLO entregar\u00e1 bast\u00f3n de mando de 4T - Informante.mx<\/title>\n<meta name=\"robots\" content=\"index, follow, max-snippet:-1, max-image-preview:large, max-video-preview:-1\" \/>\n<link rel=\"canonical\" href=\"https:\/\/informante.mx\/?p=23423\" \/>\n<meta property=\"og:locale\" content=\"es_ES\" \/>\n<meta property=\"og:type\" content=\"article\" \/>\n<meta property=\"og:title\" content=\"\u2018No he inclinado la balanza\u2019: AMLO entregar\u00e1 bast\u00f3n de mando de 4T - Informante.mx\" \/>\n<meta property=\"og:description\" content=\"\u25cf El Presidente afirm\u00f3 que se termin\u00f3 con el \u201cdedazo\u201d, pues ahora la ciudadan\u00eda particip\u00f3 para elegir a quien coordine la Defensa de la 4T.\" \/>\n<meta property=\"og:url\" content=\"https:\/\/informante.mx\/?p=23423\" \/>\n<meta property=\"og:site_name\" content=\"Informante.mx\" \/>\n<meta property=\"article:publisher\" content=\"https:\/\/www.facebook.com\/MX.Informante\" \/>\n<meta property=\"article:published_time\" content=\"2023-09-05T17:17:10+00:00\" \/>\n<meta property=\"article:modified_time\" content=\"2023-09-05T17:17:13+00:00\" \/>\n<meta property=\"og:image\" content=\"https:\/\/i0.wp.com\/informante.mx\/wp-content\/uploads\/2020\/07\/amlooo.jpg?fit=804%2C455&ssl=1\" \/>\n\t<meta property=\"og:image:width\" content=\"804\" \/>\n\t<meta property=\"og:image:height\" content=\"455\" \/>\n\t<meta property=\"og:image:type\" content=\"image\/jpeg\" \/>\n<meta name=\"author\" content=\"InformanteMX\" \/>\n<meta name=\"twitter:card\" content=\"summary_large_image\" \/>\n<meta name=\"twitter:creator\" content=\"@mx_informante\" \/>\n<meta name=\"twitter:site\" content=\"@mx_informante\" \/>\n<meta name=\"twitter:label1\" content=\"Escrito por\" \/>\n\t<meta name=\"twitter:data1\" content=\"InformanteMX\" \/>\n\t<meta name=\"twitter:label2\" content=\"Tiempo de lectura\" \/>\n\t<meta name=\"twitter:data2\" content=\"1 minuto\" \/>\n<script type=\"application\/ld+json\" class=\"yoast-schema-graph\">{\"@context\":\"https:\\\/\\\/schema.org\",\"@graph\":[{\"@type\":\"NewsArticle\",\"@id\":\"https:\\\/\\\/informante.mx\\\/?p=23423#article\",\"isPartOf\":{\"@id\":\"https:\\\/\\\/informante.mx\\\/?p=23423\"},\"author\":{\"name\":\"InformanteMX\",\"@id\":\"https:\\\/\\\/informante.mx\\\/#\\\/schema\\\/person\\\/3eff91989d2ea76b0a330b416325946c\"},\"headline\":\"\u2018No he inclinado la balanza\u2019: AMLO entregar\u00e1 bast\u00f3n de mando de 4T\",\"datePublished\":\"2023-09-05T17:17:10+00:00\",\"dateModified\":\"2023-09-05T17:17:13+00:00\",\"mainEntityOfPage\":{\"@id\":\"https:\\\/\\\/informante.mx\\\/?p=23423\"},\"wordCount\":318,\"commentCount\":0,\"publisher\":{\"@id\":\"https:\\\/\\\/informante.mx\\\/#organization\"},\"keywords\":[\"Nacional\"],\"articleSection\":[\"Ent\u00e9rate\",\"Nacional\"],\"inLanguage\":\"es\",\"potentialAction\":[{\"@type\":\"CommentAction\",\"name\":\"Comment\",\"target\":[\"https:\\\/\\\/informante.mx\\\/?p=23423#respond\"]}]},{\"@type\":\"WebPage\",\"@id\":\"https:\\\/\\\/informante.mx\\\/?p=23423\",\"url\":\"https:\\\/\\\/informante.mx\\\/?p=23423\",\"name\":\"\u2018No he inclinado la balanza\u2019: AMLO entregar\u00e1 bast\u00f3n de mando de 4T - Informante.mx\",\"isPartOf\":{\"@id\":\"https:\\\/\\\/informante.mx\\\/#website\"},\"datePublished\":\"2023-09-05T17:17:10+00:00\",\"dateModified\":\"2023-09-05T17:17:13+00:00\",\"breadcrumb\":{\"@id\":\"https:\\\/\\\/informante.mx\\\/?p=23423#breadcrumb\"},\"inLanguage\":\"es\",\"potentialAction\":[{\"@type\":\"ReadAction\",\"target\":[\"https:\\\/\\\/informante.mx\\\/?p=23423\"]}]},{\"@type\":\"BreadcrumbList\",\"@id\":\"https:\\\/\\\/informante.mx\\\/?p=23423#breadcrumb\",\"itemListElement\":[{\"@type\":\"ListItem\",\"position\":1,\"name\":\"Portada\",\"item\":\"https:\\\/\\\/informante.mx\\\/\"},{\"@type\":\"ListItem\",\"position\":2,\"name\":\"\u2018No he inclinado la balanza\u2019: AMLO entregar\u00e1 bast\u00f3n de mando de 4T\"}]},{\"@type\":\"WebSite\",\"@id\":\"https:\\\/\\\/informante.mx\\\/#website\",\"url\":\"https:\\\/\\\/informante.mx\\\/\",\"name\":\"Informante.mx\",\"description\":\"\",\"publisher\":{\"@id\":\"https:\\\/\\\/informante.mx\\\/#organization\"},\"potentialAction\":[{\"@type\":\"SearchAction\",\"target\":{\"@type\":\"EntryPoint\",\"urlTemplate\":\"https:\\\/\\\/informante.mx\\\/?s={search_term_string}\"},\"query-input\":{\"@type\":\"PropertyValueSpecification\",\"valueRequired\":true,\"valueName\":\"search_term_string\"}}],\"inLanguage\":\"es\"},{\"@type\":\"Organization\",\"@id\":\"https:\\\/\\\/informante.mx\\\/#organization\",\"name\":\"Informante.mx\",\"url\":\"https:\\\/\\\/informante.mx\\\/\",\"logo\":{\"@type\":\"ImageObject\",\"inLanguage\":\"es\",\"@id\":\"https:\\\/\\\/informante.mx\\\/#\\\/schema\\\/logo\\\/image\\\/\",\"url\":\"https:\\\/\\\/informante.mx\\\/wp-content\\\/uploads\\\/2019\\\/12\\\/cropped-LOGO-Verde-Apaisado-1024x360O-1.png\",\"contentUrl\":\"https:\\\/\\\/informante.mx\\\/wp-content\\\/uploads\\\/2019\\\/12\\\/cropped-LOGO-Verde-Apaisado-1024x360O-1.png\",\"width\":923,\"height\":180,\"caption\":\"Informante.mx\"},\"image\":{\"@id\":\"https:\\\/\\\/informante.mx\\\/#\\\/schema\\\/logo\\\/image\\\/\"},\"sameAs\":[\"https:\\\/\\\/www.facebook.com\\\/MX.Informante\",\"https:\\\/\\\/x.com\\\/mx_informante\"]},{\"@type\":\"Person\",\"@id\":\"https:\\\/\\\/informante.mx\\\/#\\\/schema\\\/person\\\/3eff91989d2ea76b0a330b416325946c\",\"name\":\"InformanteMX\",\"image\":{\"@type\":\"ImageObject\",\"inLanguage\":\"es\",\"@id\":\"https:\\\/\\\/secure.gravatar.com\\\/avatar\\\/10d802aa739e832aedd2f3fd8544d878871eb22e6ca86fe9a548573e34a28f0e?s=96&d=mm&r=g\",\"url\":\"https:\\\/\\\/secure.gravatar.com\\\/avatar\\\/10d802aa739e832aedd2f3fd8544d878871eb22e6ca86fe9a548573e34a28f0e?s=96&d=mm&r=g\",\"contentUrl\":\"https:\\\/\\\/secure.gravatar.com\\\/avatar\\\/10d802aa739e832aedd2f3fd8544d878871eb22e6ca86fe9a548573e34a28f0e?s=96&d=mm&r=g\",\"caption\":\"InformanteMX\"},\"url\":\"https:\\\/\\\/informante.mx\\\/?author=1\"}]}<\/script>\n<!-- \/ Yoast SEO plugin. -->","yoast_head_json":{"title":"\u2018No he inclinado la balanza\u2019: AMLO entregar\u00e1 bast\u00f3n de mando de 4T - Informante.mx","robots":{"index":"index","follow":"follow","max-snippet":"max-snippet:-1","max-image-preview":"max-image-preview:large","max-video-preview":"max-video-preview:-1"},"canonical":"https:\/\/informante.mx\/?p=23423","og_locale":"es_ES","og_type":"article","og_title":"\u2018No he inclinado la balanza\u2019: AMLO entregar\u00e1 bast\u00f3n de mando de 4T - Informante.mx","og_description":"\u25cf El Presidente afirm\u00f3 que se termin\u00f3 con el \u201cdedazo\u201d, pues ahora la ciudadan\u00eda particip\u00f3 para elegir a quien coordine la Defensa de la 4T.","og_url":"https:\/\/informante.mx\/?p=23423","og_site_name":"Informante.mx","article_publisher":"https:\/\/www.facebook.com\/MX.Informante","article_published_time":"2023-09-05T17:17:10+00:00","article_modified_time":"2023-09-05T17:17:13+00:00","og_image":[{"width":804,"height":455,"url":"https:\/\/i0.wp.com\/informante.mx\/wp-content\/uploads\/2020\/07\/amlooo.jpg?fit=804%2C455&ssl=1","type":"image\/jpeg"}],"author":"InformanteMX","twitter_card":"summary_large_image","twitter_creator":"@mx_informante","twitter_site":"@mx_informante","twitter_misc":{"Escrito por":"InformanteMX","Tiempo de lectura":"1 minuto"},"schema":{"@context":"https:\/\/schema.org","@graph":[{"@type":"NewsArticle","@id":"https:\/\/informante.mx\/?p=23423#article","isPartOf":{"@id":"https:\/\/informante.mx\/?p=23423"},"author":{"name":"InformanteMX","@id":"https:\/\/informante.mx\/#\/schema\/person\/3eff91989d2ea76b0a330b416325946c"},"headline":"\u2018No he inclinado la balanza\u2019: AMLO entregar\u00e1 bast\u00f3n de mando de 4T","datePublished":"2023-09-05T17:17:10+00:00","dateModified":"2023-09-05T17:17:13+00:00","mainEntityOfPage":{"@id":"https:\/\/informante.mx\/?p=23423"},"wordCount":318,"commentCount":0,"publisher":{"@id":"https:\/\/informante.mx\/#organization"},"keywords":["Nacional"],"articleSection":["Ent\u00e9rate","Nacional"],"inLanguage":"es","potentialAction":[{"@type":"CommentAction","name":"Comment","target":["https:\/\/informante.mx\/?p=23423#respond"]}]},{"@type":"WebPage","@id":"https:\/\/informante.mx\/?p=23423","url":"https:\/\/informante.mx\/?p=23423","name":"\u2018No he inclinado la balanza\u2019: AMLO entregar\u00e1 bast\u00f3n de mando de 4T - Informante.mx","isPartOf":{"@id":"https:\/\/informante.mx\/#website"},"datePublished":"2023-09-05T17:17:10+00:00","dateModified":"2023-09-05T17:17:13+00:00","breadcrumb":{"@id":"https:\/\/informante.mx\/?p=23423#breadcrumb"},"inLanguage":"es","potentialAction":[{"@type":"ReadAction","target":["https:\/\/informante.mx\/?p=23423"]}]},{"@type":"BreadcrumbList","@id":"https:\/\/informante.mx\/?p=23423#breadcrumb","itemListElement":[{"@type":"ListItem","position":1,"name":"Portada","item":"https:\/\/informante.mx\/"},{"@type":"ListItem","position":2,"name":"\u2018No he inclinado la balanza\u2019: AMLO entregar\u00e1 bast\u00f3n de mando de 4T"}]},{"@type":"WebSite","@id":"https:\/\/informante.mx\/#website","url":"https:\/\/informante.mx\/","name":"Informante.mx","description":"","publisher":{"@id":"https:\/\/informante.mx\/#organization"},"potentialAction":[{"@type":"SearchAction","target":{"@type":"EntryPoint","urlTemplate":"https:\/\/informante.mx\/?s={search_term_string}"},"query-input":{"@type":"PropertyValueSpecification","valueRequired":true,"valueName":"search_term_string"}}],"inLanguage":"es"},{"@type":"Organization","@id":"https:\/\/informante.mx\/#organization","name":"Informante.mx","url":"https:\/\/informante.mx\/","logo":{"@type":"ImageObject","inLanguage":"es","@id":"https:\/\/informante.mx\/#\/schema\/logo\/image\/","url":"https:\/\/informante.mx\/wp-content\/uploads\/2019\/12\/cropped-LOGO-Verde-Apaisado-1024x360O-1.png","contentUrl":"https:\/\/informante.mx\/wp-content\/uploads\/2019\/12\/cropped-LOGO-Verde-Apaisado-1024x360O-1.png","width":923,"height":180,"caption":"Informante.mx"},"image":{"@id":"https:\/\/informante.mx\/#\/schema\/logo\/image\/"},"sameAs":["https:\/\/www.facebook.com\/MX.Informante","https:\/\/x.com\/mx_informante"]},{"@type":"Person","@id":"https:\/\/informante.mx\/#\/schema\/person\/3eff91989d2ea76b0a330b416325946c","name":"InformanteMX","image":{"@type":"ImageObject","inLanguage":"es","@id":"https:\/\/secure.gravatar.com\/avatar\/10d802aa739e832aedd2f3fd8544d878871eb22e6ca86fe9a548573e34a28f0e?s=96&d=mm&r=g","url":"https:\/\/secure.gravatar.com\/avatar\/10d802aa739e832aedd2f3fd8544d878871eb22e6ca86fe9a548573e34a28f0e?s=96&d=mm&r=g","contentUrl":"https:\/\/secure.gravatar.com\/avatar\/10d802aa739e832aedd2f3fd8544d878871eb22e6ca86fe9a548573e34a28f0e?s=96&d=mm&r=g","caption":"InformanteMX"},"url":"https:\/\/informante.mx\/?author=1"}]}},"jetpack_featured_media_url":"","uagb_featured_image_src":{"full":false,"thumbnail":false,"medium":false,"medium_large":false,"large":false,"1536x1536":false,"2048x2048":false,"td_0x420":false,"td_0x420_retina":false,"td_80x60":false,"td_80x60_retina":false,"td_100x75":false,"td_100x75_retina":false,"td_180x135":false,"td_180x135_retina":false,"td_238x178":false,"td_238x178_retina":false,"td_265x198":false,"td_265x198_retina":false,"td_300x160":false,"td_300x160_retina":false,"td_300x194":false,"td_300x194_retina":false,"td_300x350":false,"td_300x350_retina":false,"td_341x220":false,"td_341x220_retina":false,"td_341x400":false,"td_341x400_retina":false,"td_511x400":false,"td_511x400_retina":false,"td_537x360":false,"td_537x360_retina":false,"td_640x0":false,"td_640x0_retina":false,"td_640x350":false,"td_640x350_retina":false,"td_681x0":false,"td_681x0_retina":false,"td_681x400":false,"td_681x400_retina":false,"td_741x486":false,"td_741x486_retina":false,"td_1021x580":false,"td_1021x580_retina":false},"uagb_author_info":{"display_name":"InformanteMX","author_link":"https:\/\/informante.mx\/?author=1"},"uagb_comment_info":0,"uagb_excerpt":"\u25cf El Presidente afirm\u00f3 que se termin\u00f3 con el \u201cdedazo\u201d, pues ahora la ciudadan\u00eda particip\u00f3 para elegir a quien coordine la Defensa de la 4T.","_links":{"self":[{"href":"https:\/\/informante.mx\/index.php?rest_route=\/wp\/v2\/posts\/23423","targetHints":{"allow":["GET"]}}],"collection":[{"href":"https:\/\/informante.mx\/index.php?rest_route=\/wp\/v2\/posts"}],"about":[{"href":"https:\/\/informante.mx\/index.php?rest_route=\/wp\/v2\/types\/post"}],"author":[{"embeddable":true,"href":"https:\/\/informante.mx\/index.php?rest_route=\/wp\/v2\/users\/1"}],"replies":[{"embeddable":true,"href":"https:\/\/informante.mx\/index.php?rest_route=%2Fwp%2Fv2%2Fcomments&post=23423"}],"version-history":[{"count":1,"href":"https:\/\/informante.mx\/index.php?rest_route=\/wp\/v2\/posts\/23423\/revisions"}],"predecessor-version":[{"id":23424,"href":"https:\/\/informante.mx\/index.php?rest_route=\/wp\/v2\/posts\/23423\/revisions\/23424"}],"wp:attachment":[{"href":"https:\/\/informante.mx\/index.php?rest_route=%2Fwp%2Fv2%2Fmedia&parent=23423"}],"wp:term":[{"taxonomy":"category","embeddable":true,"href":"https:\/\/informante.mx\/index.php?rest_route=%2Fwp%2Fv2%2Fcategories&post=23423"},{"taxonomy":"post_tag","embeddable":true,"href":"https:\/\/informante.mx\/index.php?rest_route=%2Fwp%2Fv2%2Ftags&post=23423"}],"curies":[{"name":"wp","href":"https:\/\/api.w.org\/{rel}","templated":true}]}}