{"id":21676,"date":"2023-07-12T23:10:00","date_gmt":"2023-07-13T04:10:00","guid":{"rendered":"http:\/\/informante.mx\/?p=21676"},"modified":"2023-08-03T00:09:39","modified_gmt":"2023-08-03T05:09:39","slug":"ordena-alcalde-jm-unanue-separacion-del-elemento-de-transito-involucrado-en-incidente-con-particulares","status":"publish","type":"post","link":"https:\/\/informante.mx\/?p=21676","title":{"rendered":"Ordena Alcalde JM Un\u00e1nue separaci\u00f3n del elemento de tr\u00e1nsito involucrado en incidente con particulares"},"content":{"rendered":"\n<p>Con relaci\u00f3n al incidente en el que se vio involucrado un elemento de Tr\u00e1nsito Municipal la noche de este martes contra un ciudadano en un centro comercial de Boca del Rio, el Alcalde Juan Manuel Un\u00e1nue dio su postura al respecto.<\/p>\n\n\n\n<p>\u201cLes informo que he ordenado su separaci\u00f3n del cargo mientras se realiza una exhaustiva investigaci\u00f3n del caso, para deslindar responsabilidades, tanto del funcionario p\u00fablico como de los particulares involucrados.<\/p>\n\n\n\n<p>\u201cMi comportamiento siempre ha estado regido por la legalidad e institucionalidad y no tolerar\u00e9 acci\u00f3n alguna al margen de la ley\u201d, expres\u00f3 el edil.<\/p>\n\n\n\n<p>Asimismo, el alcalde lament\u00f3 la inadecuada conducta del elemento de tr\u00e1nsito involucrado.<\/p>\n\n\n\n<p>\u201cA los ciudadanos involucrados les ofrezco una disculpa por el proceder de dicho elemento, que no representa los valores de mi gobierno en el que todos estamos obligados a acatarlos\u201d, concluy\u00f3.<\/p>\n","protected":false},"excerpt":{"rendered":"<p>Con relaci\u00f3n al incidente en el que se vio involucrado un elemento de Tr\u00e1nsito Municipal la noche de este martes contra un ciudadano en un centro comercial de Boca del Rio, el Alcalde Juan Manuel Un\u00e1nue dio su postura al respecto. \u201cLes informo que he ordenado su separaci\u00f3n del cargo mientras se realiza una exhaustiva [&hellip;]<\/p>\n","protected":false},"author":1,"featured_media":0,"comment_status":"open","ping_status":"closed","sticky":false,"template":"","format":"standard","meta":{"_uag_custom_page_level_css":"","jetpack_post_was_ever_published":false,"footnotes":""},"categories":[4],"tags":[],"class_list":["post-21676","post","type-post","status-publish","format-standard","hentry","category-estatal"],"yoast_head":"<!-- This site is optimized with the Yoast SEO plugin v27.3 - https:\/\/yoast.com\/product\/yoast-seo-wordpress\/ -->\n<title>Ordena Alcalde JM Un\u00e1nue separaci\u00f3n del elemento de tr\u00e1nsito involucrado en incidente con particulares - Informante.mx<\/title>\n<meta name=\"robots\" content=\"index, follow, max-snippet:-1, max-image-preview:large, max-video-preview:-1\" \/>\n<link rel=\"canonical\" href=\"https:\/\/informante.mx\/?p=21676\" \/>\n<meta property=\"og:locale\" content=\"es_ES\" \/>\n<meta property=\"og:type\" content=\"article\" \/>\n<meta property=\"og:title\" content=\"Ordena Alcalde JM Un\u00e1nue separaci\u00f3n del elemento de tr\u00e1nsito involucrado en incidente con particulares - Informante.mx\" \/>\n<meta property=\"og:description\" content=\"Con relaci\u00f3n al incidente en el que se vio involucrado un elemento de Tr\u00e1nsito Municipal la noche de este martes contra un ciudadano en un centro comercial de Boca del Rio, el Alcalde Juan Manuel Un\u00e1nue dio su postura al respecto. \u201cLes informo que he ordenado su separaci\u00f3n del cargo mientras se realiza una exhaustiva [&hellip;]\" \/>\n<meta property=\"og:url\" content=\"https:\/\/informante.mx\/?p=21676\" \/>\n<meta property=\"og:site_name\" content=\"Informante.mx\" \/>\n<meta property=\"article:publisher\" content=\"https:\/\/www.facebook.com\/MX.Informante\" \/>\n<meta property=\"article:published_time\" content=\"2023-07-13T04:10:00+00:00\" \/>\n<meta property=\"article:modified_time\" content=\"2023-08-03T05:09:39+00:00\" \/>\n<meta property=\"og:image\" content=\"https:\/\/i0.wp.com\/informante.mx\/wp-content\/uploads\/2023\/08\/Boca-del-Rio-Juan-Manuel-Unanue.jpg?fit=1024%2C682&ssl=1\" \/>\n\t<meta property=\"og:image:width\" content=\"1024\" \/>\n\t<meta property=\"og:image:height\" content=\"682\" \/>\n\t<meta property=\"og:image:type\" content=\"image\/jpeg\" \/>\n<meta name=\"author\" content=\"InformanteMX\" \/>\n<meta name=\"twitter:card\" content=\"summary_large_image\" \/>\n<meta name=\"twitter:creator\" content=\"@mx_informante\" \/>\n<meta name=\"twitter:site\" content=\"@mx_informante\" \/>\n<meta name=\"twitter:label1\" content=\"Escrito por\" \/>\n\t<meta name=\"twitter:data1\" content=\"InformanteMX\" \/>\n\t<meta name=\"twitter:label2\" content=\"Tiempo de lectura\" \/>\n\t<meta name=\"twitter:data2\" content=\"1 minuto\" \/>\n<script type=\"application\/ld+json\" class=\"yoast-schema-graph\">{\"@context\":\"https:\\\/\\\/schema.org\",\"@graph\":[{\"@type\":\"NewsArticle\",\"@id\":\"https:\\\/\\\/informante.mx\\\/?p=21676#article\",\"isPartOf\":{\"@id\":\"https:\\\/\\\/informante.mx\\\/?p=21676\"},\"author\":{\"name\":\"InformanteMX\",\"@id\":\"https:\\\/\\\/informante.mx\\\/#\\\/schema\\\/person\\\/3eff91989d2ea76b0a330b416325946c\"},\"headline\":\"Ordena Alcalde JM Un\u00e1nue separaci\u00f3n del elemento de tr\u00e1nsito involucrado en incidente con particulares\",\"datePublished\":\"2023-07-13T04:10:00+00:00\",\"dateModified\":\"2023-08-03T05:09:39+00:00\",\"mainEntityOfPage\":{\"@id\":\"https:\\\/\\\/informante.mx\\\/?p=21676\"},\"wordCount\":162,\"commentCount\":0,\"publisher\":{\"@id\":\"https:\\\/\\\/informante.mx\\\/#organization\"},\"articleSection\":[\"Estatal\"],\"inLanguage\":\"es\",\"potentialAction\":[{\"@type\":\"CommentAction\",\"name\":\"Comment\",\"target\":[\"https:\\\/\\\/informante.mx\\\/?p=21676#respond\"]}]},{\"@type\":\"WebPage\",\"@id\":\"https:\\\/\\\/informante.mx\\\/?p=21676\",\"url\":\"https:\\\/\\\/informante.mx\\\/?p=21676\",\"name\":\"Ordena Alcalde JM Un\u00e1nue separaci\u00f3n del elemento de tr\u00e1nsito involucrado en incidente con particulares - Informante.mx\",\"isPartOf\":{\"@id\":\"https:\\\/\\\/informante.mx\\\/#website\"},\"datePublished\":\"2023-07-13T04:10:00+00:00\",\"dateModified\":\"2023-08-03T05:09:39+00:00\",\"breadcrumb\":{\"@id\":\"https:\\\/\\\/informante.mx\\\/?p=21676#breadcrumb\"},\"inLanguage\":\"es\",\"potentialAction\":[{\"@type\":\"ReadAction\",\"target\":[\"https:\\\/\\\/informante.mx\\\/?p=21676\"]}]},{\"@type\":\"BreadcrumbList\",\"@id\":\"https:\\\/\\\/informante.mx\\\/?p=21676#breadcrumb\",\"itemListElement\":[{\"@type\":\"ListItem\",\"position\":1,\"name\":\"Portada\",\"item\":\"https:\\\/\\\/informante.mx\\\/\"},{\"@type\":\"ListItem\",\"position\":2,\"name\":\"Ordena Alcalde JM Un\u00e1nue separaci\u00f3n del elemento de tr\u00e1nsito involucrado en incidente con particulares\"}]},{\"@type\":\"WebSite\",\"@id\":\"https:\\\/\\\/informante.mx\\\/#website\",\"url\":\"https:\\\/\\\/informante.mx\\\/\",\"name\":\"Informante.mx\",\"description\":\"\",\"publisher\":{\"@id\":\"https:\\\/\\\/informante.mx\\\/#organization\"},\"potentialAction\":[{\"@type\":\"SearchAction\",\"target\":{\"@type\":\"EntryPoint\",\"urlTemplate\":\"https:\\\/\\\/informante.mx\\\/?s={search_term_string}\"},\"query-input\":{\"@type\":\"PropertyValueSpecification\",\"valueRequired\":true,\"valueName\":\"search_term_string\"}}],\"inLanguage\":\"es\"},{\"@type\":\"Organization\",\"@id\":\"https:\\\/\\\/informante.mx\\\/#organization\",\"name\":\"Informante.mx\",\"url\":\"https:\\\/\\\/informante.mx\\\/\",\"logo\":{\"@type\":\"ImageObject\",\"inLanguage\":\"es\",\"@id\":\"https:\\\/\\\/informante.mx\\\/#\\\/schema\\\/logo\\\/image\\\/\",\"url\":\"https:\\\/\\\/informante.mx\\\/wp-content\\\/uploads\\\/2019\\\/12\\\/cropped-LOGO-Verde-Apaisado-1024x360O-1.png\",\"contentUrl\":\"https:\\\/\\\/informante.mx\\\/wp-content\\\/uploads\\\/2019\\\/12\\\/cropped-LOGO-Verde-Apaisado-1024x360O-1.png\",\"width\":923,\"height\":180,\"caption\":\"Informante.mx\"},\"image\":{\"@id\":\"https:\\\/\\\/informante.mx\\\/#\\\/schema\\\/logo\\\/image\\\/\"},\"sameAs\":[\"https:\\\/\\\/www.facebook.com\\\/MX.Informante\",\"https:\\\/\\\/x.com\\\/mx_informante\"]},{\"@type\":\"Person\",\"@id\":\"https:\\\/\\\/informante.mx\\\/#\\\/schema\\\/person\\\/3eff91989d2ea76b0a330b416325946c\",\"name\":\"InformanteMX\",\"image\":{\"@type\":\"ImageObject\",\"inLanguage\":\"es\",\"@id\":\"https:\\\/\\\/secure.gravatar.com\\\/avatar\\\/10d802aa739e832aedd2f3fd8544d878871eb22e6ca86fe9a548573e34a28f0e?s=96&d=mm&r=g\",\"url\":\"https:\\\/\\\/secure.gravatar.com\\\/avatar\\\/10d802aa739e832aedd2f3fd8544d878871eb22e6ca86fe9a548573e34a28f0e?s=96&d=mm&r=g\",\"contentUrl\":\"https:\\\/\\\/secure.gravatar.com\\\/avatar\\\/10d802aa739e832aedd2f3fd8544d878871eb22e6ca86fe9a548573e34a28f0e?s=96&d=mm&r=g\",\"caption\":\"InformanteMX\"},\"url\":\"https:\\\/\\\/informante.mx\\\/?author=1\"}]}<\/script>\n<!-- \/ Yoast SEO plugin. -->","yoast_head_json":{"title":"Ordena Alcalde JM Un\u00e1nue separaci\u00f3n del elemento de tr\u00e1nsito involucrado en incidente con particulares - Informante.mx","robots":{"index":"index","follow":"follow","max-snippet":"max-snippet:-1","max-image-preview":"max-image-preview:large","max-video-preview":"max-video-preview:-1"},"canonical":"https:\/\/informante.mx\/?p=21676","og_locale":"es_ES","og_type":"article","og_title":"Ordena Alcalde JM Un\u00e1nue separaci\u00f3n del elemento de tr\u00e1nsito involucrado en incidente con particulares - Informante.mx","og_description":"Con relaci\u00f3n al incidente en el que se vio involucrado un elemento de Tr\u00e1nsito Municipal la noche de este martes contra un ciudadano en un centro comercial de Boca del Rio, el Alcalde Juan Manuel Un\u00e1nue dio su postura al respecto. \u201cLes informo que he ordenado su separaci\u00f3n del cargo mientras se realiza una exhaustiva [&hellip;]","og_url":"https:\/\/informante.mx\/?p=21676","og_site_name":"Informante.mx","article_publisher":"https:\/\/www.facebook.com\/MX.Informante","article_published_time":"2023-07-13T04:10:00+00:00","article_modified_time":"2023-08-03T05:09:39+00:00","og_image":[{"width":1024,"height":682,"url":"https:\/\/i0.wp.com\/informante.mx\/wp-content\/uploads\/2023\/08\/Boca-del-Rio-Juan-Manuel-Unanue.jpg?fit=1024%2C682&ssl=1","type":"image\/jpeg"}],"author":"InformanteMX","twitter_card":"summary_large_image","twitter_creator":"@mx_informante","twitter_site":"@mx_informante","twitter_misc":{"Escrito por":"InformanteMX","Tiempo de lectura":"1 minuto"},"schema":{"@context":"https:\/\/schema.org","@graph":[{"@type":"NewsArticle","@id":"https:\/\/informante.mx\/?p=21676#article","isPartOf":{"@id":"https:\/\/informante.mx\/?p=21676"},"author":{"name":"InformanteMX","@id":"https:\/\/informante.mx\/#\/schema\/person\/3eff91989d2ea76b0a330b416325946c"},"headline":"Ordena Alcalde JM Un\u00e1nue separaci\u00f3n del elemento de tr\u00e1nsito involucrado en incidente con particulares","datePublished":"2023-07-13T04:10:00+00:00","dateModified":"2023-08-03T05:09:39+00:00","mainEntityOfPage":{"@id":"https:\/\/informante.mx\/?p=21676"},"wordCount":162,"commentCount":0,"publisher":{"@id":"https:\/\/informante.mx\/#organization"},"articleSection":["Estatal"],"inLanguage":"es","potentialAction":[{"@type":"CommentAction","name":"Comment","target":["https:\/\/informante.mx\/?p=21676#respond"]}]},{"@type":"WebPage","@id":"https:\/\/informante.mx\/?p=21676","url":"https:\/\/informante.mx\/?p=21676","name":"Ordena Alcalde JM Un\u00e1nue separaci\u00f3n del elemento de tr\u00e1nsito involucrado en incidente con particulares - Informante.mx","isPartOf":{"@id":"https:\/\/informante.mx\/#website"},"datePublished":"2023-07-13T04:10:00+00:00","dateModified":"2023-08-03T05:09:39+00:00","breadcrumb":{"@id":"https:\/\/informante.mx\/?p=21676#breadcrumb"},"inLanguage":"es","potentialAction":[{"@type":"ReadAction","target":["https:\/\/informante.mx\/?p=21676"]}]},{"@type":"BreadcrumbList","@id":"https:\/\/informante.mx\/?p=21676#breadcrumb","itemListElement":[{"@type":"ListItem","position":1,"name":"Portada","item":"https:\/\/informante.mx\/"},{"@type":"ListItem","position":2,"name":"Ordena Alcalde JM Un\u00e1nue separaci\u00f3n del elemento de tr\u00e1nsito involucrado en incidente con particulares"}]},{"@type":"WebSite","@id":"https:\/\/informante.mx\/#website","url":"https:\/\/informante.mx\/","name":"Informante.mx","description":"","publisher":{"@id":"https:\/\/informante.mx\/#organization"},"potentialAction":[{"@type":"SearchAction","target":{"@type":"EntryPoint","urlTemplate":"https:\/\/informante.mx\/?s={search_term_string}"},"query-input":{"@type":"PropertyValueSpecification","valueRequired":true,"valueName":"search_term_string"}}],"inLanguage":"es"},{"@type":"Organization","@id":"https:\/\/informante.mx\/#organization","name":"Informante.mx","url":"https:\/\/informante.mx\/","logo":{"@type":"ImageObject","inLanguage":"es","@id":"https:\/\/informante.mx\/#\/schema\/logo\/image\/","url":"https:\/\/informante.mx\/wp-content\/uploads\/2019\/12\/cropped-LOGO-Verde-Apaisado-1024x360O-1.png","contentUrl":"https:\/\/informante.mx\/wp-content\/uploads\/2019\/12\/cropped-LOGO-Verde-Apaisado-1024x360O-1.png","width":923,"height":180,"caption":"Informante.mx"},"image":{"@id":"https:\/\/informante.mx\/#\/schema\/logo\/image\/"},"sameAs":["https:\/\/www.facebook.com\/MX.Informante","https:\/\/x.com\/mx_informante"]},{"@type":"Person","@id":"https:\/\/informante.mx\/#\/schema\/person\/3eff91989d2ea76b0a330b416325946c","name":"InformanteMX","image":{"@type":"ImageObject","inLanguage":"es","@id":"https:\/\/secure.gravatar.com\/avatar\/10d802aa739e832aedd2f3fd8544d878871eb22e6ca86fe9a548573e34a28f0e?s=96&d=mm&r=g","url":"https:\/\/secure.gravatar.com\/avatar\/10d802aa739e832aedd2f3fd8544d878871eb22e6ca86fe9a548573e34a28f0e?s=96&d=mm&r=g","contentUrl":"https:\/\/secure.gravatar.com\/avatar\/10d802aa739e832aedd2f3fd8544d878871eb22e6ca86fe9a548573e34a28f0e?s=96&d=mm&r=g","caption":"InformanteMX"},"url":"https:\/\/informante.mx\/?author=1"}]}},"jetpack_featured_media_url":"","uagb_featured_image_src":{"full":false,"thumbnail":false,"medium":false,"medium_large":false,"large":false,"1536x1536":false,"2048x2048":false,"td_0x420":false,"td_0x420_retina":false,"td_80x60":false,"td_80x60_retina":false,"td_100x75":false,"td_100x75_retina":false,"td_180x135":false,"td_180x135_retina":false,"td_238x178":false,"td_238x178_retina":false,"td_265x198":false,"td_265x198_retina":false,"td_300x160":false,"td_300x160_retina":false,"td_300x194":false,"td_300x194_retina":false,"td_300x350":false,"td_300x350_retina":false,"td_341x220":false,"td_341x220_retina":false,"td_341x400":false,"td_341x400_retina":false,"td_511x400":false,"td_511x400_retina":false,"td_537x360":false,"td_537x360_retina":false,"td_640x0":false,"td_640x0_retina":false,"td_640x350":false,"td_640x350_retina":false,"td_681x0":false,"td_681x0_retina":false,"td_681x400":false,"td_681x400_retina":false,"td_741x486":false,"td_741x486_retina":false,"td_1021x580":false,"td_1021x580_retina":false},"uagb_author_info":{"display_name":"InformanteMX","author_link":"https:\/\/informante.mx\/?author=1"},"uagb_comment_info":0,"uagb_excerpt":"Con relaci\u00f3n al incidente en el que se vio involucrado un elemento de Tr\u00e1nsito Municipal la noche de este martes contra un ciudadano en un centro comercial de Boca del Rio, el Alcalde Juan Manuel Un\u00e1nue dio su postura al respecto. \u201cLes informo que he ordenado su separaci\u00f3n del cargo mientras se realiza una exhaustiva&hellip;","_links":{"self":[{"href":"https:\/\/informante.mx\/index.php?rest_route=\/wp\/v2\/posts\/21676","targetHints":{"allow":["GET"]}}],"collection":[{"href":"https:\/\/informante.mx\/index.php?rest_route=\/wp\/v2\/posts"}],"about":[{"href":"https:\/\/informante.mx\/index.php?rest_route=\/wp\/v2\/types\/post"}],"author":[{"embeddable":true,"href":"https:\/\/informante.mx\/index.php?rest_route=\/wp\/v2\/users\/1"}],"replies":[{"embeddable":true,"href":"https:\/\/informante.mx\/index.php?rest_route=%2Fwp%2Fv2%2Fcomments&post=21676"}],"version-history":[{"count":1,"href":"https:\/\/informante.mx\/index.php?rest_route=\/wp\/v2\/posts\/21676\/revisions"}],"predecessor-version":[{"id":21678,"href":"https:\/\/informante.mx\/index.php?rest_route=\/wp\/v2\/posts\/21676\/revisions\/21678"}],"wp:attachment":[{"href":"https:\/\/informante.mx\/index.php?rest_route=%2Fwp%2Fv2%2Fmedia&parent=21676"}],"wp:term":[{"taxonomy":"category","embeddable":true,"href":"https:\/\/informante.mx\/index.php?rest_route=%2Fwp%2Fv2%2Fcategories&post=21676"},{"taxonomy":"post_tag","embeddable":true,"href":"https:\/\/informante.mx\/index.php?rest_route=%2Fwp%2Fv2%2Ftags&post=21676"}],"curies":[{"name":"wp","href":"https:\/\/api.w.org\/{rel}","templated":true}]}}