{"id":21588,"date":"2023-07-12T21:40:05","date_gmt":"2023-07-13T02:40:05","guid":{"rendered":"http:\/\/informante.mx\/?p=21588"},"modified":"2023-08-02T21:41:24","modified_gmt":"2023-08-03T02:41:24","slug":"en-veracruz-rocio-nahle-sabe-tejer-fino-y-sumar-en-morena","status":"publish","type":"post","link":"https:\/\/informante.mx\/?p=21588","title":{"rendered":"En Veracruz, Roc\u00edo Nahle sabe tejer fino y sumar en Morena"},"content":{"rendered":"\n<p>Xalapa, Ver.- Mientras algunos suspirantes al 2024 se pelean hasta con su sombra, Roc\u00edo Nahle Garc\u00eda, secretaria de Energ\u00eda, teje fino y suma a la unidad en Morena, sabedora que el reto en el 2024 es garantizar la continuidad de la 4T en Veracruz y M\u00e9xico.<\/p>\n\n\n\n<p>El proyecto transformador es m\u00e1s importante que el personal, as\u00ed lo ha expresado y, con hechos, demuestra que su papel es contribuir a que Morena en Veracruz llegue fortalecido y con la suma de todos sus actores pol\u00edticos, por lo que muchos ya esperaban con ansias el encuentro entre Roc\u00edo Nahle y Ricardo Ahued, actual presidente municipal de Xalapa, ocurrido este mi\u00e9rcoles en conocido restaurante de Boca del R\u00edo.<\/p>\n\n\n\n<p>Ahued Bardahuil es considerado el segundo morenista mejor posicionado rumbo a la sucesi\u00f3n del 2024, poseedor de un capital pol\u00edtico importante aunque por debajo del nivel de respaldo que tiene la secretaria de Energ\u00eda, Roc\u00edo Nahle.<\/p>\n\n\n\n<p>Un caf\u00e9 y una charla constructiva se dio en esa mesa, entre dos pol\u00edticos con altura de miras y la suficiente madurez pol\u00edtica para dejar de lado sus proyectos personales y dialogar sobre los retos pol\u00edtico-electorales que vive Veracruz rumbo al 2024; cualquiera puede ser el abanderado morenista pero, sin duda, esta dupla ser\u00e1 determinante para la continuidad de la 4T.<\/p>\n\n\n\n<p>Cabe recordar que el pasado fin de semana, en el sur, Roc\u00edo Nahle se reuni\u00f3 con cuatro l\u00edderes morenistas como lo son Juan Javier G\u00f3mez Cazar\u00edn, diputado local y l\u00edder parlamentario, as\u00ed como con Zenyazen Escobar Garc\u00eda, Jos\u00e9 Lima Franco y Eleazar Guerrero, cercanos al actual gobernador Cuitl\u00e1huac Garc\u00eda Jim\u00e9nez.<\/p>\n\n\n\n<p>El mensaje de ese encuentro es muy claro: hay unidad, hay rumbo y el destino est\u00e1 definido. Con Roc\u00edo Nahle todos importan y todos suman, a diferencia de otras \u201ccorcholatas\u201d jarochas que son factor de divisi\u00f3n, se pelean con todos y derrochan recursos p\u00fablicos para promover su imagen; sin embargo, el electorado respalda a Ch\u00edo.<\/p>\n","protected":false},"excerpt":{"rendered":"<p>La titular de la SENER desayun\u00f3 con Ricardo Ahued en Boca del R\u00edo, el segundo morenista mejor posicionado rumbo al 2024<\/p>\n","protected":false},"author":1,"featured_media":0,"comment_status":"open","ping_status":"closed","sticky":false,"template":"","format":"standard","meta":{"_uag_custom_page_level_css":"","jetpack_post_was_ever_published":false,"footnotes":""},"categories":[7],"tags":[],"class_list":["post-21588","post","type-post","status-publish","format-standard","hentry","category-legislatura"],"yoast_head":"<!-- This site is optimized with the Yoast SEO plugin v27.3 - https:\/\/yoast.com\/product\/yoast-seo-wordpress\/ -->\n<title>En Veracruz, Roc\u00edo Nahle sabe tejer fino y sumar en Morena - Informante.mx<\/title>\n<meta name=\"robots\" content=\"index, follow, max-snippet:-1, max-image-preview:large, max-video-preview:-1\" \/>\n<link rel=\"canonical\" href=\"https:\/\/informante.mx\/?p=21588\" \/>\n<meta property=\"og:locale\" content=\"es_ES\" \/>\n<meta property=\"og:type\" content=\"article\" \/>\n<meta property=\"og:title\" content=\"En Veracruz, Roc\u00edo Nahle sabe tejer fino y sumar en Morena - Informante.mx\" \/>\n<meta property=\"og:description\" content=\"La titular de la SENER desayun\u00f3 con Ricardo Ahued en Boca del R\u00edo, el segundo morenista mejor posicionado rumbo al 2024\" \/>\n<meta property=\"og:url\" content=\"https:\/\/informante.mx\/?p=21588\" \/>\n<meta property=\"og:site_name\" content=\"Informante.mx\" \/>\n<meta property=\"article:publisher\" content=\"https:\/\/www.facebook.com\/MX.Informante\" \/>\n<meta property=\"article:published_time\" content=\"2023-07-13T02:40:05+00:00\" \/>\n<meta property=\"article:modified_time\" content=\"2023-08-03T02:41:24+00:00\" \/>\n<meta property=\"og:image\" content=\"https:\/\/i0.wp.com\/informante.mx\/wp-content\/uploads\/2023\/08\/Captura-de-Pantalla-2023-08-02-a-las-20.40.59.png?fit=304%2C164&ssl=1\" \/>\n\t<meta property=\"og:image:width\" content=\"304\" \/>\n\t<meta property=\"og:image:height\" content=\"164\" \/>\n\t<meta property=\"og:image:type\" content=\"image\/png\" \/>\n<meta name=\"author\" content=\"InformanteMX\" \/>\n<meta name=\"twitter:card\" content=\"summary_large_image\" \/>\n<meta name=\"twitter:creator\" content=\"@mx_informante\" \/>\n<meta name=\"twitter:site\" content=\"@mx_informante\" \/>\n<meta name=\"twitter:label1\" content=\"Escrito por\" \/>\n\t<meta name=\"twitter:data1\" content=\"InformanteMX\" \/>\n\t<meta name=\"twitter:label2\" content=\"Tiempo de lectura\" \/>\n\t<meta name=\"twitter:data2\" content=\"2 minutos\" \/>\n<script type=\"application\/ld+json\" class=\"yoast-schema-graph\">{\"@context\":\"https:\\\/\\\/schema.org\",\"@graph\":[{\"@type\":\"NewsArticle\",\"@id\":\"https:\\\/\\\/informante.mx\\\/?p=21588#article\",\"isPartOf\":{\"@id\":\"https:\\\/\\\/informante.mx\\\/?p=21588\"},\"author\":{\"name\":\"InformanteMX\",\"@id\":\"https:\\\/\\\/informante.mx\\\/#\\\/schema\\\/person\\\/3eff91989d2ea76b0a330b416325946c\"},\"headline\":\"En Veracruz, Roc\u00edo Nahle sabe tejer fino y sumar en Morena\",\"datePublished\":\"2023-07-13T02:40:05+00:00\",\"dateModified\":\"2023-08-03T02:41:24+00:00\",\"mainEntityOfPage\":{\"@id\":\"https:\\\/\\\/informante.mx\\\/?p=21588\"},\"wordCount\":355,\"commentCount\":0,\"publisher\":{\"@id\":\"https:\\\/\\\/informante.mx\\\/#organization\"},\"articleSection\":[\"Legislatura\"],\"inLanguage\":\"es\",\"potentialAction\":[{\"@type\":\"CommentAction\",\"name\":\"Comment\",\"target\":[\"https:\\\/\\\/informante.mx\\\/?p=21588#respond\"]}]},{\"@type\":\"WebPage\",\"@id\":\"https:\\\/\\\/informante.mx\\\/?p=21588\",\"url\":\"https:\\\/\\\/informante.mx\\\/?p=21588\",\"name\":\"En Veracruz, Roc\u00edo Nahle sabe tejer fino y sumar en Morena - Informante.mx\",\"isPartOf\":{\"@id\":\"https:\\\/\\\/informante.mx\\\/#website\"},\"datePublished\":\"2023-07-13T02:40:05+00:00\",\"dateModified\":\"2023-08-03T02:41:24+00:00\",\"breadcrumb\":{\"@id\":\"https:\\\/\\\/informante.mx\\\/?p=21588#breadcrumb\"},\"inLanguage\":\"es\",\"potentialAction\":[{\"@type\":\"ReadAction\",\"target\":[\"https:\\\/\\\/informante.mx\\\/?p=21588\"]}]},{\"@type\":\"BreadcrumbList\",\"@id\":\"https:\\\/\\\/informante.mx\\\/?p=21588#breadcrumb\",\"itemListElement\":[{\"@type\":\"ListItem\",\"position\":1,\"name\":\"Portada\",\"item\":\"https:\\\/\\\/informante.mx\\\/\"},{\"@type\":\"ListItem\",\"position\":2,\"name\":\"En Veracruz, Roc\u00edo Nahle sabe tejer fino y sumar en Morena\"}]},{\"@type\":\"WebSite\",\"@id\":\"https:\\\/\\\/informante.mx\\\/#website\",\"url\":\"https:\\\/\\\/informante.mx\\\/\",\"name\":\"Informante.mx\",\"description\":\"\",\"publisher\":{\"@id\":\"https:\\\/\\\/informante.mx\\\/#organization\"},\"potentialAction\":[{\"@type\":\"SearchAction\",\"target\":{\"@type\":\"EntryPoint\",\"urlTemplate\":\"https:\\\/\\\/informante.mx\\\/?s={search_term_string}\"},\"query-input\":{\"@type\":\"PropertyValueSpecification\",\"valueRequired\":true,\"valueName\":\"search_term_string\"}}],\"inLanguage\":\"es\"},{\"@type\":\"Organization\",\"@id\":\"https:\\\/\\\/informante.mx\\\/#organization\",\"name\":\"Informante.mx\",\"url\":\"https:\\\/\\\/informante.mx\\\/\",\"logo\":{\"@type\":\"ImageObject\",\"inLanguage\":\"es\",\"@id\":\"https:\\\/\\\/informante.mx\\\/#\\\/schema\\\/logo\\\/image\\\/\",\"url\":\"https:\\\/\\\/informante.mx\\\/wp-content\\\/uploads\\\/2019\\\/12\\\/cropped-LOGO-Verde-Apaisado-1024x360O-1.png\",\"contentUrl\":\"https:\\\/\\\/informante.mx\\\/wp-content\\\/uploads\\\/2019\\\/12\\\/cropped-LOGO-Verde-Apaisado-1024x360O-1.png\",\"width\":923,\"height\":180,\"caption\":\"Informante.mx\"},\"image\":{\"@id\":\"https:\\\/\\\/informante.mx\\\/#\\\/schema\\\/logo\\\/image\\\/\"},\"sameAs\":[\"https:\\\/\\\/www.facebook.com\\\/MX.Informante\",\"https:\\\/\\\/x.com\\\/mx_informante\"]},{\"@type\":\"Person\",\"@id\":\"https:\\\/\\\/informante.mx\\\/#\\\/schema\\\/person\\\/3eff91989d2ea76b0a330b416325946c\",\"name\":\"InformanteMX\",\"image\":{\"@type\":\"ImageObject\",\"inLanguage\":\"es\",\"@id\":\"https:\\\/\\\/secure.gravatar.com\\\/avatar\\\/10d802aa739e832aedd2f3fd8544d878871eb22e6ca86fe9a548573e34a28f0e?s=96&d=mm&r=g\",\"url\":\"https:\\\/\\\/secure.gravatar.com\\\/avatar\\\/10d802aa739e832aedd2f3fd8544d878871eb22e6ca86fe9a548573e34a28f0e?s=96&d=mm&r=g\",\"contentUrl\":\"https:\\\/\\\/secure.gravatar.com\\\/avatar\\\/10d802aa739e832aedd2f3fd8544d878871eb22e6ca86fe9a548573e34a28f0e?s=96&d=mm&r=g\",\"caption\":\"InformanteMX\"},\"url\":\"https:\\\/\\\/informante.mx\\\/?author=1\"}]}<\/script>\n<!-- \/ Yoast SEO plugin. -->","yoast_head_json":{"title":"En Veracruz, Roc\u00edo Nahle sabe tejer fino y sumar en Morena - Informante.mx","robots":{"index":"index","follow":"follow","max-snippet":"max-snippet:-1","max-image-preview":"max-image-preview:large","max-video-preview":"max-video-preview:-1"},"canonical":"https:\/\/informante.mx\/?p=21588","og_locale":"es_ES","og_type":"article","og_title":"En Veracruz, Roc\u00edo Nahle sabe tejer fino y sumar en Morena - Informante.mx","og_description":"La titular de la SENER desayun\u00f3 con Ricardo Ahued en Boca del R\u00edo, el segundo morenista mejor posicionado rumbo al 2024","og_url":"https:\/\/informante.mx\/?p=21588","og_site_name":"Informante.mx","article_publisher":"https:\/\/www.facebook.com\/MX.Informante","article_published_time":"2023-07-13T02:40:05+00:00","article_modified_time":"2023-08-03T02:41:24+00:00","og_image":[{"width":304,"height":164,"url":"https:\/\/i0.wp.com\/informante.mx\/wp-content\/uploads\/2023\/08\/Captura-de-Pantalla-2023-08-02-a-las-20.40.59.png?fit=304%2C164&ssl=1","type":"image\/png"}],"author":"InformanteMX","twitter_card":"summary_large_image","twitter_creator":"@mx_informante","twitter_site":"@mx_informante","twitter_misc":{"Escrito por":"InformanteMX","Tiempo de lectura":"2 minutos"},"schema":{"@context":"https:\/\/schema.org","@graph":[{"@type":"NewsArticle","@id":"https:\/\/informante.mx\/?p=21588#article","isPartOf":{"@id":"https:\/\/informante.mx\/?p=21588"},"author":{"name":"InformanteMX","@id":"https:\/\/informante.mx\/#\/schema\/person\/3eff91989d2ea76b0a330b416325946c"},"headline":"En Veracruz, Roc\u00edo Nahle sabe tejer fino y sumar en Morena","datePublished":"2023-07-13T02:40:05+00:00","dateModified":"2023-08-03T02:41:24+00:00","mainEntityOfPage":{"@id":"https:\/\/informante.mx\/?p=21588"},"wordCount":355,"commentCount":0,"publisher":{"@id":"https:\/\/informante.mx\/#organization"},"articleSection":["Legislatura"],"inLanguage":"es","potentialAction":[{"@type":"CommentAction","name":"Comment","target":["https:\/\/informante.mx\/?p=21588#respond"]}]},{"@type":"WebPage","@id":"https:\/\/informante.mx\/?p=21588","url":"https:\/\/informante.mx\/?p=21588","name":"En Veracruz, Roc\u00edo Nahle sabe tejer fino y sumar en Morena - Informante.mx","isPartOf":{"@id":"https:\/\/informante.mx\/#website"},"datePublished":"2023-07-13T02:40:05+00:00","dateModified":"2023-08-03T02:41:24+00:00","breadcrumb":{"@id":"https:\/\/informante.mx\/?p=21588#breadcrumb"},"inLanguage":"es","potentialAction":[{"@type":"ReadAction","target":["https:\/\/informante.mx\/?p=21588"]}]},{"@type":"BreadcrumbList","@id":"https:\/\/informante.mx\/?p=21588#breadcrumb","itemListElement":[{"@type":"ListItem","position":1,"name":"Portada","item":"https:\/\/informante.mx\/"},{"@type":"ListItem","position":2,"name":"En Veracruz, Roc\u00edo Nahle sabe tejer fino y sumar en Morena"}]},{"@type":"WebSite","@id":"https:\/\/informante.mx\/#website","url":"https:\/\/informante.mx\/","name":"Informante.mx","description":"","publisher":{"@id":"https:\/\/informante.mx\/#organization"},"potentialAction":[{"@type":"SearchAction","target":{"@type":"EntryPoint","urlTemplate":"https:\/\/informante.mx\/?s={search_term_string}"},"query-input":{"@type":"PropertyValueSpecification","valueRequired":true,"valueName":"search_term_string"}}],"inLanguage":"es"},{"@type":"Organization","@id":"https:\/\/informante.mx\/#organization","name":"Informante.mx","url":"https:\/\/informante.mx\/","logo":{"@type":"ImageObject","inLanguage":"es","@id":"https:\/\/informante.mx\/#\/schema\/logo\/image\/","url":"https:\/\/informante.mx\/wp-content\/uploads\/2019\/12\/cropped-LOGO-Verde-Apaisado-1024x360O-1.png","contentUrl":"https:\/\/informante.mx\/wp-content\/uploads\/2019\/12\/cropped-LOGO-Verde-Apaisado-1024x360O-1.png","width":923,"height":180,"caption":"Informante.mx"},"image":{"@id":"https:\/\/informante.mx\/#\/schema\/logo\/image\/"},"sameAs":["https:\/\/www.facebook.com\/MX.Informante","https:\/\/x.com\/mx_informante"]},{"@type":"Person","@id":"https:\/\/informante.mx\/#\/schema\/person\/3eff91989d2ea76b0a330b416325946c","name":"InformanteMX","image":{"@type":"ImageObject","inLanguage":"es","@id":"https:\/\/secure.gravatar.com\/avatar\/10d802aa739e832aedd2f3fd8544d878871eb22e6ca86fe9a548573e34a28f0e?s=96&d=mm&r=g","url":"https:\/\/secure.gravatar.com\/avatar\/10d802aa739e832aedd2f3fd8544d878871eb22e6ca86fe9a548573e34a28f0e?s=96&d=mm&r=g","contentUrl":"https:\/\/secure.gravatar.com\/avatar\/10d802aa739e832aedd2f3fd8544d878871eb22e6ca86fe9a548573e34a28f0e?s=96&d=mm&r=g","caption":"InformanteMX"},"url":"https:\/\/informante.mx\/?author=1"}]}},"jetpack_featured_media_url":"","uagb_featured_image_src":{"full":false,"thumbnail":false,"medium":false,"medium_large":false,"large":false,"1536x1536":false,"2048x2048":false,"td_0x420":false,"td_0x420_retina":false,"td_80x60":false,"td_80x60_retina":false,"td_100x75":false,"td_100x75_retina":false,"td_180x135":false,"td_180x135_retina":false,"td_238x178":false,"td_238x178_retina":false,"td_265x198":false,"td_265x198_retina":false,"td_300x160":false,"td_300x160_retina":false,"td_300x194":false,"td_300x194_retina":false,"td_300x350":false,"td_300x350_retina":false,"td_341x220":false,"td_341x220_retina":false,"td_341x400":false,"td_341x400_retina":false,"td_511x400":false,"td_511x400_retina":false,"td_537x360":false,"td_537x360_retina":false,"td_640x0":false,"td_640x0_retina":false,"td_640x350":false,"td_640x350_retina":false,"td_681x0":false,"td_681x0_retina":false,"td_681x400":false,"td_681x400_retina":false,"td_741x486":false,"td_741x486_retina":false,"td_1021x580":false,"td_1021x580_retina":false},"uagb_author_info":{"display_name":"InformanteMX","author_link":"https:\/\/informante.mx\/?author=1"},"uagb_comment_info":0,"uagb_excerpt":"La titular de la SENER desayun\u00f3 con Ricardo Ahued en Boca del R\u00edo, el segundo morenista mejor posicionado rumbo al 2024","_links":{"self":[{"href":"https:\/\/informante.mx\/index.php?rest_route=\/wp\/v2\/posts\/21588","targetHints":{"allow":["GET"]}}],"collection":[{"href":"https:\/\/informante.mx\/index.php?rest_route=\/wp\/v2\/posts"}],"about":[{"href":"https:\/\/informante.mx\/index.php?rest_route=\/wp\/v2\/types\/post"}],"author":[{"embeddable":true,"href":"https:\/\/informante.mx\/index.php?rest_route=\/wp\/v2\/users\/1"}],"replies":[{"embeddable":true,"href":"https:\/\/informante.mx\/index.php?rest_route=%2Fwp%2Fv2%2Fcomments&post=21588"}],"version-history":[{"count":1,"href":"https:\/\/informante.mx\/index.php?rest_route=\/wp\/v2\/posts\/21588\/revisions"}],"predecessor-version":[{"id":21590,"href":"https:\/\/informante.mx\/index.php?rest_route=\/wp\/v2\/posts\/21588\/revisions\/21590"}],"wp:attachment":[{"href":"https:\/\/informante.mx\/index.php?rest_route=%2Fwp%2Fv2%2Fmedia&parent=21588"}],"wp:term":[{"taxonomy":"category","embeddable":true,"href":"https:\/\/informante.mx\/index.php?rest_route=%2Fwp%2Fv2%2Fcategories&post=21588"},{"taxonomy":"post_tag","embeddable":true,"href":"https:\/\/informante.mx\/index.php?rest_route=%2Fwp%2Fv2%2Ftags&post=21588"}],"curies":[{"name":"wp","href":"https:\/\/api.w.org\/{rel}","templated":true}]}}