{"id":21499,"date":"2020-08-12T19:15:49","date_gmt":"2020-08-13T00:15:49","guid":{"rendered":"http:\/\/informante.mx\/?p=21499"},"modified":"2020-08-12T19:15:59","modified_gmt":"2020-08-13T00:15:59","slug":"mexico-junto-a-argentina-produciran-la-vacuna-de-oxford-y-astrazeneca-contra-covid-19","status":"publish","type":"post","link":"https:\/\/informante.mx\/?p=21499","title":{"rendered":"M\u00e9xico junto a Argentina producir\u00e1n la vacuna de Oxford y AstraZeneca contra COVID-19"},"content":{"rendered":"\n<p>M\u00e9xico ser\u00e1 uno de los pa\u00edses en Am\u00e9rica Latina encargado de producir la vacuna de Oxford y AstraZeneca, a trav\u00e9s de un acuerdo entre el laboratorio y la Fundaci\u00f3n Slim.<\/p>\n\n\n\n<p>As\u00ed lo inform\u00f3 este mi\u00e9rcoles el presidente Alberto Fern\u00e1ndez al se\u00f1alar que Argentina ser\u00e1 el otro pa\u00eds responsable de llevar la vacuna a las naciones de la regi\u00f3n, con excepci\u00f3n de Brasil.<\/p>\n\n\n\n<p>\u00abEso permitir\u00e1 un acceso oportuno y suficiente de la potencial vacuna para los pa\u00edses de la regi\u00f3n\u00bb, afirm\u00f3 Fern\u00e1ndez en conferencia de prensa.&nbsp;<\/p>\n\n\n\n<p>El laboratorio de AstraZeneca -con muchos a\u00f1os radicando en Argentina- firm\u00f3 un acuerdo con la Fundaci\u00f3n Slim para producir entre 150 y 250 millones de vacunas destinadas para toda Latinoam\u00e9rica.<\/p>\n\n\n\n<p>\u00abEl aporte, lo que ha hecho la Fundaci\u00f3n Slim es que podamos acceder a esta vacuna a precios mucho m\u00e1s razonables. El precio se calcula que estar\u00e1 entre 3 y 4 d\u00f3lares la dosis, lo que resulta muy importante para Am\u00e9rica Latina para poder acceder a ella\u00bb, dijo.<\/p>\n\n\n\n<p>Las vacunas estar\u00e1n disponibles para el primer semestre de 2021 y se distribuir\u00e1n equitativamente entre los pa\u00edses que as\u00ed lo demanden, dijo el presidente de Argentina.&nbsp;<\/p>\n\n\n\n<p>\u00abEste acuerdo lo que le permite a Latinoam\u00e9rica, y a Argentina particularmente es poder acceder entre 6 y 12 meses antes a la vacuna, tiempo en el que no hubi\u00e9ramos podido acceder si no hubi\u00e9ramos podido desarrollar este acuerdo\u00bb, agreg\u00f3.<\/p>\n\n\n\n<p>Fern\u00e1ndez dijo que espera poder hablar m\u00e1s tarde con su hom\u00f3logo de M\u00e9xico, L\u00f3pez Obrador, \u00ablo que para nosotros es una gran alegr\u00eda\u00bb.<\/p>\n\n\n\n<p>AstraZeneca eligi\u00f3 a un laboratorio en Argentina para producir la sustancia activa de la vacuna, \u00ablo que es un inmenso desaf\u00edo para la industria nacional\u00bb, mientras que M\u00e9xico ser\u00e1 el encargado de envasar la vacuna y completar el proceso de producci\u00f3n, de acuerdo con lo dado a conocer por el presidente argentino.<\/p>\n\n\n\n<p>Alberto Fern\u00e1ndez celebr\u00f3 que M\u00e9xico y Argentina sean los puntos referenciales para esta producci\u00f3n, \u00aby que podamos de este modo traer una soluci\u00f3n al continente\u00bb.<\/p>\n","protected":false},"excerpt":{"rendered":"<p>La vacuna estar\u00e1 disponible para el primer semestre de 2021 y ser\u00e1 distribuida equitativamente entre los pa\u00edses que as\u00ed lo demanden, dijo el presidente de Argentina.<\/p>\n","protected":false},"author":1,"featured_media":0,"comment_status":"open","ping_status":"closed","sticky":false,"template":"","format":"standard","meta":{"_uag_custom_page_level_css":"","jetpack_post_was_ever_published":false,"footnotes":""},"categories":[9],"tags":[],"class_list":["post-21499","post","type-post","status-publish","format-standard","hentry","category-nacional"],"yoast_head":"<!-- This site is optimized with the Yoast SEO plugin v27.3 - https:\/\/yoast.com\/product\/yoast-seo-wordpress\/ -->\n<title>M\u00e9xico junto a Argentina producir\u00e1n la vacuna de Oxford y AstraZeneca contra COVID-19 - Informante.mx<\/title>\n<meta name=\"robots\" content=\"index, follow, max-snippet:-1, max-image-preview:large, max-video-preview:-1\" \/>\n<link rel=\"canonical\" href=\"https:\/\/informante.mx\/?p=21499\" \/>\n<meta property=\"og:locale\" content=\"es_ES\" \/>\n<meta property=\"og:type\" content=\"article\" \/>\n<meta property=\"og:title\" content=\"M\u00e9xico junto a Argentina producir\u00e1n la vacuna de Oxford y AstraZeneca contra COVID-19 - Informante.mx\" \/>\n<meta property=\"og:description\" content=\"La vacuna estar\u00e1 disponible para el primer semestre de 2021 y ser\u00e1 distribuida equitativamente entre los pa\u00edses que as\u00ed lo demanden, dijo el presidente de Argentina.\" \/>\n<meta property=\"og:url\" content=\"https:\/\/informante.mx\/?p=21499\" \/>\n<meta property=\"og:site_name\" content=\"Informante.mx\" \/>\n<meta property=\"article:publisher\" content=\"https:\/\/www.facebook.com\/MX.Informante\" \/>\n<meta property=\"article:published_time\" content=\"2020-08-13T00:15:49+00:00\" \/>\n<meta property=\"article:modified_time\" content=\"2020-08-13T00:15:59+00:00\" \/>\n<meta property=\"og:image\" content=\"https:\/\/i0.wp.com\/informante.mx\/wp-content\/uploads\/2020\/08\/descargar-4.jpeg?fit=968%2C645&ssl=1\" \/>\n\t<meta property=\"og:image:width\" content=\"968\" \/>\n\t<meta property=\"og:image:height\" content=\"645\" \/>\n\t<meta property=\"og:image:type\" content=\"image\/jpeg\" \/>\n<meta name=\"author\" content=\"InformanteMX\" \/>\n<meta name=\"twitter:card\" content=\"summary_large_image\" \/>\n<meta name=\"twitter:creator\" content=\"@mx_informante\" \/>\n<meta name=\"twitter:site\" content=\"@mx_informante\" \/>\n<meta name=\"twitter:label1\" content=\"Escrito por\" \/>\n\t<meta name=\"twitter:data1\" content=\"InformanteMX\" \/>\n\t<meta name=\"twitter:label2\" content=\"Tiempo de lectura\" \/>\n\t<meta name=\"twitter:data2\" content=\"2 minutos\" \/>\n<script type=\"application\/ld+json\" class=\"yoast-schema-graph\">{\"@context\":\"https:\\\/\\\/schema.org\",\"@graph\":[{\"@type\":\"NewsArticle\",\"@id\":\"https:\\\/\\\/informante.mx\\\/?p=21499#article\",\"isPartOf\":{\"@id\":\"https:\\\/\\\/informante.mx\\\/?p=21499\"},\"author\":{\"name\":\"InformanteMX\",\"@id\":\"https:\\\/\\\/informante.mx\\\/#\\\/schema\\\/person\\\/3eff91989d2ea76b0a330b416325946c\"},\"headline\":\"M\u00e9xico junto a Argentina producir\u00e1n la vacuna de Oxford y AstraZeneca contra COVID-19\",\"datePublished\":\"2020-08-13T00:15:49+00:00\",\"dateModified\":\"2020-08-13T00:15:59+00:00\",\"mainEntityOfPage\":{\"@id\":\"https:\\\/\\\/informante.mx\\\/?p=21499\"},\"wordCount\":379,\"commentCount\":0,\"publisher\":{\"@id\":\"https:\\\/\\\/informante.mx\\\/#organization\"},\"articleSection\":[\"Nacional\"],\"inLanguage\":\"es\",\"potentialAction\":[{\"@type\":\"CommentAction\",\"name\":\"Comment\",\"target\":[\"https:\\\/\\\/informante.mx\\\/?p=21499#respond\"]}]},{\"@type\":\"WebPage\",\"@id\":\"https:\\\/\\\/informante.mx\\\/?p=21499\",\"url\":\"https:\\\/\\\/informante.mx\\\/?p=21499\",\"name\":\"M\u00e9xico junto a Argentina producir\u00e1n la vacuna de Oxford y AstraZeneca contra COVID-19 - Informante.mx\",\"isPartOf\":{\"@id\":\"https:\\\/\\\/informante.mx\\\/#website\"},\"datePublished\":\"2020-08-13T00:15:49+00:00\",\"dateModified\":\"2020-08-13T00:15:59+00:00\",\"breadcrumb\":{\"@id\":\"https:\\\/\\\/informante.mx\\\/?p=21499#breadcrumb\"},\"inLanguage\":\"es\",\"potentialAction\":[{\"@type\":\"ReadAction\",\"target\":[\"https:\\\/\\\/informante.mx\\\/?p=21499\"]}]},{\"@type\":\"BreadcrumbList\",\"@id\":\"https:\\\/\\\/informante.mx\\\/?p=21499#breadcrumb\",\"itemListElement\":[{\"@type\":\"ListItem\",\"position\":1,\"name\":\"Portada\",\"item\":\"https:\\\/\\\/informante.mx\\\/\"},{\"@type\":\"ListItem\",\"position\":2,\"name\":\"M\u00e9xico junto a Argentina producir\u00e1n la vacuna de Oxford y AstraZeneca contra COVID-19\"}]},{\"@type\":\"WebSite\",\"@id\":\"https:\\\/\\\/informante.mx\\\/#website\",\"url\":\"https:\\\/\\\/informante.mx\\\/\",\"name\":\"Informante.mx\",\"description\":\"\",\"publisher\":{\"@id\":\"https:\\\/\\\/informante.mx\\\/#organization\"},\"potentialAction\":[{\"@type\":\"SearchAction\",\"target\":{\"@type\":\"EntryPoint\",\"urlTemplate\":\"https:\\\/\\\/informante.mx\\\/?s={search_term_string}\"},\"query-input\":{\"@type\":\"PropertyValueSpecification\",\"valueRequired\":true,\"valueName\":\"search_term_string\"}}],\"inLanguage\":\"es\"},{\"@type\":\"Organization\",\"@id\":\"https:\\\/\\\/informante.mx\\\/#organization\",\"name\":\"Informante.mx\",\"url\":\"https:\\\/\\\/informante.mx\\\/\",\"logo\":{\"@type\":\"ImageObject\",\"inLanguage\":\"es\",\"@id\":\"https:\\\/\\\/informante.mx\\\/#\\\/schema\\\/logo\\\/image\\\/\",\"url\":\"https:\\\/\\\/informante.mx\\\/wp-content\\\/uploads\\\/2019\\\/12\\\/cropped-LOGO-Verde-Apaisado-1024x360O-1.png\",\"contentUrl\":\"https:\\\/\\\/informante.mx\\\/wp-content\\\/uploads\\\/2019\\\/12\\\/cropped-LOGO-Verde-Apaisado-1024x360O-1.png\",\"width\":923,\"height\":180,\"caption\":\"Informante.mx\"},\"image\":{\"@id\":\"https:\\\/\\\/informante.mx\\\/#\\\/schema\\\/logo\\\/image\\\/\"},\"sameAs\":[\"https:\\\/\\\/www.facebook.com\\\/MX.Informante\",\"https:\\\/\\\/x.com\\\/mx_informante\"]},{\"@type\":\"Person\",\"@id\":\"https:\\\/\\\/informante.mx\\\/#\\\/schema\\\/person\\\/3eff91989d2ea76b0a330b416325946c\",\"name\":\"InformanteMX\",\"image\":{\"@type\":\"ImageObject\",\"inLanguage\":\"es\",\"@id\":\"https:\\\/\\\/secure.gravatar.com\\\/avatar\\\/10d802aa739e832aedd2f3fd8544d878871eb22e6ca86fe9a548573e34a28f0e?s=96&d=mm&r=g\",\"url\":\"https:\\\/\\\/secure.gravatar.com\\\/avatar\\\/10d802aa739e832aedd2f3fd8544d878871eb22e6ca86fe9a548573e34a28f0e?s=96&d=mm&r=g\",\"contentUrl\":\"https:\\\/\\\/secure.gravatar.com\\\/avatar\\\/10d802aa739e832aedd2f3fd8544d878871eb22e6ca86fe9a548573e34a28f0e?s=96&d=mm&r=g\",\"caption\":\"InformanteMX\"},\"url\":\"https:\\\/\\\/informante.mx\\\/?author=1\"}]}<\/script>\n<!-- \/ Yoast SEO plugin. -->","yoast_head_json":{"title":"M\u00e9xico junto a Argentina producir\u00e1n la vacuna de Oxford y AstraZeneca contra COVID-19 - Informante.mx","robots":{"index":"index","follow":"follow","max-snippet":"max-snippet:-1","max-image-preview":"max-image-preview:large","max-video-preview":"max-video-preview:-1"},"canonical":"https:\/\/informante.mx\/?p=21499","og_locale":"es_ES","og_type":"article","og_title":"M\u00e9xico junto a Argentina producir\u00e1n la vacuna de Oxford y AstraZeneca contra COVID-19 - Informante.mx","og_description":"La vacuna estar\u00e1 disponible para el primer semestre de 2021 y ser\u00e1 distribuida equitativamente entre los pa\u00edses que as\u00ed lo demanden, dijo el presidente de Argentina.","og_url":"https:\/\/informante.mx\/?p=21499","og_site_name":"Informante.mx","article_publisher":"https:\/\/www.facebook.com\/MX.Informante","article_published_time":"2020-08-13T00:15:49+00:00","article_modified_time":"2020-08-13T00:15:59+00:00","og_image":[{"width":968,"height":645,"url":"https:\/\/i0.wp.com\/informante.mx\/wp-content\/uploads\/2020\/08\/descargar-4.jpeg?fit=968%2C645&ssl=1","type":"image\/jpeg"}],"author":"InformanteMX","twitter_card":"summary_large_image","twitter_creator":"@mx_informante","twitter_site":"@mx_informante","twitter_misc":{"Escrito por":"InformanteMX","Tiempo de lectura":"2 minutos"},"schema":{"@context":"https:\/\/schema.org","@graph":[{"@type":"NewsArticle","@id":"https:\/\/informante.mx\/?p=21499#article","isPartOf":{"@id":"https:\/\/informante.mx\/?p=21499"},"author":{"name":"InformanteMX","@id":"https:\/\/informante.mx\/#\/schema\/person\/3eff91989d2ea76b0a330b416325946c"},"headline":"M\u00e9xico junto a Argentina producir\u00e1n la vacuna de Oxford y AstraZeneca contra COVID-19","datePublished":"2020-08-13T00:15:49+00:00","dateModified":"2020-08-13T00:15:59+00:00","mainEntityOfPage":{"@id":"https:\/\/informante.mx\/?p=21499"},"wordCount":379,"commentCount":0,"publisher":{"@id":"https:\/\/informante.mx\/#organization"},"articleSection":["Nacional"],"inLanguage":"es","potentialAction":[{"@type":"CommentAction","name":"Comment","target":["https:\/\/informante.mx\/?p=21499#respond"]}]},{"@type":"WebPage","@id":"https:\/\/informante.mx\/?p=21499","url":"https:\/\/informante.mx\/?p=21499","name":"M\u00e9xico junto a Argentina producir\u00e1n la vacuna de Oxford y AstraZeneca contra COVID-19 - Informante.mx","isPartOf":{"@id":"https:\/\/informante.mx\/#website"},"datePublished":"2020-08-13T00:15:49+00:00","dateModified":"2020-08-13T00:15:59+00:00","breadcrumb":{"@id":"https:\/\/informante.mx\/?p=21499#breadcrumb"},"inLanguage":"es","potentialAction":[{"@type":"ReadAction","target":["https:\/\/informante.mx\/?p=21499"]}]},{"@type":"BreadcrumbList","@id":"https:\/\/informante.mx\/?p=21499#breadcrumb","itemListElement":[{"@type":"ListItem","position":1,"name":"Portada","item":"https:\/\/informante.mx\/"},{"@type":"ListItem","position":2,"name":"M\u00e9xico junto a Argentina producir\u00e1n la vacuna de Oxford y AstraZeneca contra COVID-19"}]},{"@type":"WebSite","@id":"https:\/\/informante.mx\/#website","url":"https:\/\/informante.mx\/","name":"Informante.mx","description":"","publisher":{"@id":"https:\/\/informante.mx\/#organization"},"potentialAction":[{"@type":"SearchAction","target":{"@type":"EntryPoint","urlTemplate":"https:\/\/informante.mx\/?s={search_term_string}"},"query-input":{"@type":"PropertyValueSpecification","valueRequired":true,"valueName":"search_term_string"}}],"inLanguage":"es"},{"@type":"Organization","@id":"https:\/\/informante.mx\/#organization","name":"Informante.mx","url":"https:\/\/informante.mx\/","logo":{"@type":"ImageObject","inLanguage":"es","@id":"https:\/\/informante.mx\/#\/schema\/logo\/image\/","url":"https:\/\/informante.mx\/wp-content\/uploads\/2019\/12\/cropped-LOGO-Verde-Apaisado-1024x360O-1.png","contentUrl":"https:\/\/informante.mx\/wp-content\/uploads\/2019\/12\/cropped-LOGO-Verde-Apaisado-1024x360O-1.png","width":923,"height":180,"caption":"Informante.mx"},"image":{"@id":"https:\/\/informante.mx\/#\/schema\/logo\/image\/"},"sameAs":["https:\/\/www.facebook.com\/MX.Informante","https:\/\/x.com\/mx_informante"]},{"@type":"Person","@id":"https:\/\/informante.mx\/#\/schema\/person\/3eff91989d2ea76b0a330b416325946c","name":"InformanteMX","image":{"@type":"ImageObject","inLanguage":"es","@id":"https:\/\/secure.gravatar.com\/avatar\/10d802aa739e832aedd2f3fd8544d878871eb22e6ca86fe9a548573e34a28f0e?s=96&d=mm&r=g","url":"https:\/\/secure.gravatar.com\/avatar\/10d802aa739e832aedd2f3fd8544d878871eb22e6ca86fe9a548573e34a28f0e?s=96&d=mm&r=g","contentUrl":"https:\/\/secure.gravatar.com\/avatar\/10d802aa739e832aedd2f3fd8544d878871eb22e6ca86fe9a548573e34a28f0e?s=96&d=mm&r=g","caption":"InformanteMX"},"url":"https:\/\/informante.mx\/?author=1"}]}},"jetpack_featured_media_url":"","uagb_featured_image_src":{"full":false,"thumbnail":false,"medium":false,"medium_large":false,"large":false,"1536x1536":false,"2048x2048":false,"td_0x420":false,"td_0x420_retina":false,"td_80x60":false,"td_80x60_retina":false,"td_100x75":false,"td_100x75_retina":false,"td_180x135":false,"td_180x135_retina":false,"td_238x178":false,"td_238x178_retina":false,"td_265x198":false,"td_265x198_retina":false,"td_300x160":false,"td_300x160_retina":false,"td_300x194":false,"td_300x194_retina":false,"td_300x350":false,"td_300x350_retina":false,"td_341x220":false,"td_341x220_retina":false,"td_341x400":false,"td_341x400_retina":false,"td_511x400":false,"td_511x400_retina":false,"td_537x360":false,"td_537x360_retina":false,"td_640x0":false,"td_640x0_retina":false,"td_640x350":false,"td_640x350_retina":false,"td_681x0":false,"td_681x0_retina":false,"td_681x400":false,"td_681x400_retina":false,"td_741x486":false,"td_741x486_retina":false,"td_1021x580":false,"td_1021x580_retina":false},"uagb_author_info":{"display_name":"InformanteMX","author_link":"https:\/\/informante.mx\/?author=1"},"uagb_comment_info":0,"uagb_excerpt":"La vacuna estar\u00e1 disponible para el primer semestre de 2021 y ser\u00e1 distribuida equitativamente entre los pa\u00edses que as\u00ed lo demanden, dijo el presidente de Argentina.","_links":{"self":[{"href":"https:\/\/informante.mx\/index.php?rest_route=\/wp\/v2\/posts\/21499","targetHints":{"allow":["GET"]}}],"collection":[{"href":"https:\/\/informante.mx\/index.php?rest_route=\/wp\/v2\/posts"}],"about":[{"href":"https:\/\/informante.mx\/index.php?rest_route=\/wp\/v2\/types\/post"}],"author":[{"embeddable":true,"href":"https:\/\/informante.mx\/index.php?rest_route=\/wp\/v2\/users\/1"}],"replies":[{"embeddable":true,"href":"https:\/\/informante.mx\/index.php?rest_route=%2Fwp%2Fv2%2Fcomments&post=21499"}],"version-history":[{"count":1,"href":"https:\/\/informante.mx\/index.php?rest_route=\/wp\/v2\/posts\/21499\/revisions"}],"predecessor-version":[{"id":21500,"href":"https:\/\/informante.mx\/index.php?rest_route=\/wp\/v2\/posts\/21499\/revisions\/21500"}],"wp:attachment":[{"href":"https:\/\/informante.mx\/index.php?rest_route=%2Fwp%2Fv2%2Fmedia&parent=21499"}],"wp:term":[{"taxonomy":"category","embeddable":true,"href":"https:\/\/informante.mx\/index.php?rest_route=%2Fwp%2Fv2%2Fcategories&post=21499"},{"taxonomy":"post_tag","embeddable":true,"href":"https:\/\/informante.mx\/index.php?rest_route=%2Fwp%2Fv2%2Ftags&post=21499"}],"curies":[{"name":"wp","href":"https:\/\/api.w.org\/{rel}","templated":true}]}}