{"id":21166,"date":"2020-08-05T09:30:47","date_gmt":"2020-08-05T14:30:47","guid":{"rendered":"http:\/\/informante.mx\/?p=21166"},"modified":"2020-08-05T09:30:53","modified_gmt":"2020-08-05T14:30:53","slug":"unas-10-mil-escuelas-privadas-estan-en-riesgo-de-cerrar-por-la-pandemia","status":"publish","type":"post","link":"https:\/\/informante.mx\/?p=21166","title":{"rendered":"Unas 10 mil escuelas privadas est\u00e1n en riesgo de cerrar por la pandemia"},"content":{"rendered":"\n<ul class=\"wp-block-list\"><li><em>A partir del lunes, muchos alumnos empezaron a abandonar las escuelas particulares<\/em><\/li><\/ul>\n\n\n\n<p class=\"has-text-align-justify\"><strong>Redacci\u00f3n Informante.-<\/strong> Alfredo Villar, presidente de la Asociaci\u00f3n de<strong>\u00a0Escuelas Particulares<\/strong>, revel\u00f3 que en M\u00e9xico est\u00e1n en riesgo de cerrar cerca de 10 mil colegios privados por la pandemia del coronavirus.<\/p>\n\n\n\n<p class=\"has-text-align-justify\">\u201cEst\u00e1 en riesgo entre el 20 y 25 por ciento de las 47 mil&nbsp;<strong>escuelas particulares<\/strong>&nbsp;que hay a nivel nacional en todos los niveles\u201d, detall\u00f3 el presidente de la Asociaci\u00f3n de<strong>&nbsp;Escuelas Particulares&nbsp;<\/strong>en entrevista con Ciro G\u00f3mez Leyva para \u201cPor la ma\u00f1ana\u201d de Radio F\u00f3rmula.<\/p>\n\n\n\n<p class=\"has-text-align-justify\">Se\u00f1al\u00f3 que, hasta el momento, se desconoce cu\u00e1ntas&nbsp;<strong>escuelas privadas<\/strong>&nbsp;cerrar\u00e1n definitivamente y cu\u00e1ntas van a suspender solo el ciclo escolar 2020-2021, para reiniciar actividades hasta el siguiente ciclo escolar.<\/p>\n\n\n\n<p class=\"has-text-align-justify\">Sobre el n\u00famero de alumnos que est\u00e1n abandonando los&nbsp;<strong>colegios particulares<\/strong>&nbsp;para inscribirse a escuelas p\u00fablicas, manifest\u00f3 que todav\u00eda no hay un n\u00famero definido; sin embargo, dijo, \u201ca partir del lunes empezaron a salir muchos estudiantes\u201d.<\/p>\n\n\n\n<p class=\"has-text-align-justify\">\u201cA partir del lunes, que se dio la noticia de que se van a dar por televisi\u00f3n las clases, est\u00e1 habiendo m\u00e1s deserci\u00f3n, porque se est\u00e1n yendo a las escuelas oficiales los estudiantes\u201d, detall\u00f3.<\/p>\n\n\n\n<p><em>Fuente: RadioF\u00f3rmula<\/em><\/p>\n","protected":false},"excerpt":{"rendered":"<p>A partir del lunes, muchos alumnos empezaron a abandonar las escuelas particulares.<\/p>\n","protected":false},"author":1,"featured_media":21167,"comment_status":"open","ping_status":"closed","sticky":false,"template":"","format":"standard","meta":{"_uag_custom_page_level_css":"","jetpack_post_was_ever_published":false,"footnotes":""},"categories":[9],"tags":[],"class_list":["post-21166","post","type-post","status-publish","format-standard","has-post-thumbnail","hentry","category-nacional"],"yoast_head":"<!-- This site is optimized with the Yoast SEO plugin v27.3 - https:\/\/yoast.com\/product\/yoast-seo-wordpress\/ -->\n<title>Unas 10 mil escuelas privadas est\u00e1n en riesgo de cerrar por la pandemia - Informante.mx<\/title>\n<meta name=\"robots\" content=\"index, follow, max-snippet:-1, max-image-preview:large, max-video-preview:-1\" \/>\n<link rel=\"canonical\" href=\"https:\/\/informante.mx\/?p=21166\" \/>\n<meta property=\"og:locale\" content=\"es_ES\" \/>\n<meta property=\"og:type\" content=\"article\" \/>\n<meta property=\"og:title\" content=\"Unas 10 mil escuelas privadas est\u00e1n en riesgo de cerrar por la pandemia - Informante.mx\" \/>\n<meta property=\"og:description\" content=\"A partir del lunes, muchos alumnos empezaron a abandonar las escuelas particulares.\" \/>\n<meta property=\"og:url\" content=\"https:\/\/informante.mx\/?p=21166\" \/>\n<meta property=\"og:site_name\" content=\"Informante.mx\" \/>\n<meta property=\"article:publisher\" content=\"https:\/\/www.facebook.com\/MX.Informante\" \/>\n<meta property=\"article:published_time\" content=\"2020-08-05T14:30:47+00:00\" \/>\n<meta property=\"article:modified_time\" content=\"2020-08-05T14:30:53+00:00\" \/>\n<meta property=\"og:image\" content=\"https:\/\/i0.wp.com\/informante.mx\/wp-content\/uploads\/2020\/08\/escuelas-particulares-cerraran-780x470-1.jpg?fit=780%2C470&ssl=1\" \/>\n\t<meta property=\"og:image:width\" content=\"780\" \/>\n\t<meta property=\"og:image:height\" content=\"470\" \/>\n\t<meta property=\"og:image:type\" content=\"image\/jpeg\" \/>\n<meta name=\"author\" content=\"InformanteMX\" \/>\n<meta name=\"twitter:card\" content=\"summary_large_image\" \/>\n<meta name=\"twitter:creator\" content=\"@mx_informante\" \/>\n<meta name=\"twitter:site\" content=\"@mx_informante\" \/>\n<meta name=\"twitter:label1\" content=\"Escrito por\" \/>\n\t<meta name=\"twitter:data1\" content=\"InformanteMX\" \/>\n\t<meta name=\"twitter:label2\" content=\"Tiempo de lectura\" \/>\n\t<meta name=\"twitter:data2\" content=\"1 minuto\" \/>\n<script type=\"application\/ld+json\" class=\"yoast-schema-graph\">{\"@context\":\"https:\\\/\\\/schema.org\",\"@graph\":[{\"@type\":\"NewsArticle\",\"@id\":\"https:\\\/\\\/informante.mx\\\/?p=21166#article\",\"isPartOf\":{\"@id\":\"https:\\\/\\\/informante.mx\\\/?p=21166\"},\"author\":{\"name\":\"InformanteMX\",\"@id\":\"https:\\\/\\\/informante.mx\\\/#\\\/schema\\\/person\\\/3eff91989d2ea76b0a330b416325946c\"},\"headline\":\"Unas 10 mil escuelas privadas est\u00e1n en riesgo de cerrar por la pandemia\",\"datePublished\":\"2020-08-05T14:30:47+00:00\",\"dateModified\":\"2020-08-05T14:30:53+00:00\",\"mainEntityOfPage\":{\"@id\":\"https:\\\/\\\/informante.mx\\\/?p=21166\"},\"wordCount\":232,\"commentCount\":0,\"publisher\":{\"@id\":\"https:\\\/\\\/informante.mx\\\/#organization\"},\"image\":{\"@id\":\"https:\\\/\\\/informante.mx\\\/?p=21166#primaryimage\"},\"thumbnailUrl\":\"https:\\\/\\\/informante.mx\\\/wp-content\\\/uploads\\\/2020\\\/08\\\/escuelas-particulares-cerraran-780x470-1.jpg\",\"articleSection\":[\"Nacional\"],\"inLanguage\":\"es\",\"potentialAction\":[{\"@type\":\"CommentAction\",\"name\":\"Comment\",\"target\":[\"https:\\\/\\\/informante.mx\\\/?p=21166#respond\"]}]},{\"@type\":\"WebPage\",\"@id\":\"https:\\\/\\\/informante.mx\\\/?p=21166\",\"url\":\"https:\\\/\\\/informante.mx\\\/?p=21166\",\"name\":\"Unas 10 mil escuelas privadas est\u00e1n en riesgo de cerrar por la pandemia - Informante.mx\",\"isPartOf\":{\"@id\":\"https:\\\/\\\/informante.mx\\\/#website\"},\"primaryImageOfPage\":{\"@id\":\"https:\\\/\\\/informante.mx\\\/?p=21166#primaryimage\"},\"image\":{\"@id\":\"https:\\\/\\\/informante.mx\\\/?p=21166#primaryimage\"},\"thumbnailUrl\":\"https:\\\/\\\/informante.mx\\\/wp-content\\\/uploads\\\/2020\\\/08\\\/escuelas-particulares-cerraran-780x470-1.jpg\",\"datePublished\":\"2020-08-05T14:30:47+00:00\",\"dateModified\":\"2020-08-05T14:30:53+00:00\",\"breadcrumb\":{\"@id\":\"https:\\\/\\\/informante.mx\\\/?p=21166#breadcrumb\"},\"inLanguage\":\"es\",\"potentialAction\":[{\"@type\":\"ReadAction\",\"target\":[\"https:\\\/\\\/informante.mx\\\/?p=21166\"]}]},{\"@type\":\"ImageObject\",\"inLanguage\":\"es\",\"@id\":\"https:\\\/\\\/informante.mx\\\/?p=21166#primaryimage\",\"url\":\"https:\\\/\\\/informante.mx\\\/wp-content\\\/uploads\\\/2020\\\/08\\\/escuelas-particulares-cerraran-780x470-1.jpg\",\"contentUrl\":\"https:\\\/\\\/informante.mx\\\/wp-content\\\/uploads\\\/2020\\\/08\\\/escuelas-particulares-cerraran-780x470-1.jpg\",\"width\":780,\"height\":470},{\"@type\":\"BreadcrumbList\",\"@id\":\"https:\\\/\\\/informante.mx\\\/?p=21166#breadcrumb\",\"itemListElement\":[{\"@type\":\"ListItem\",\"position\":1,\"name\":\"Portada\",\"item\":\"https:\\\/\\\/informante.mx\\\/\"},{\"@type\":\"ListItem\",\"position\":2,\"name\":\"Unas 10 mil escuelas privadas est\u00e1n en riesgo de cerrar por la pandemia\"}]},{\"@type\":\"WebSite\",\"@id\":\"https:\\\/\\\/informante.mx\\\/#website\",\"url\":\"https:\\\/\\\/informante.mx\\\/\",\"name\":\"Informante.mx\",\"description\":\"\",\"publisher\":{\"@id\":\"https:\\\/\\\/informante.mx\\\/#organization\"},\"potentialAction\":[{\"@type\":\"SearchAction\",\"target\":{\"@type\":\"EntryPoint\",\"urlTemplate\":\"https:\\\/\\\/informante.mx\\\/?s={search_term_string}\"},\"query-input\":{\"@type\":\"PropertyValueSpecification\",\"valueRequired\":true,\"valueName\":\"search_term_string\"}}],\"inLanguage\":\"es\"},{\"@type\":\"Organization\",\"@id\":\"https:\\\/\\\/informante.mx\\\/#organization\",\"name\":\"Informante.mx\",\"url\":\"https:\\\/\\\/informante.mx\\\/\",\"logo\":{\"@type\":\"ImageObject\",\"inLanguage\":\"es\",\"@id\":\"https:\\\/\\\/informante.mx\\\/#\\\/schema\\\/logo\\\/image\\\/\",\"url\":\"https:\\\/\\\/informante.mx\\\/wp-content\\\/uploads\\\/2019\\\/12\\\/cropped-LOGO-Verde-Apaisado-1024x360O-1.png\",\"contentUrl\":\"https:\\\/\\\/informante.mx\\\/wp-content\\\/uploads\\\/2019\\\/12\\\/cropped-LOGO-Verde-Apaisado-1024x360O-1.png\",\"width\":923,\"height\":180,\"caption\":\"Informante.mx\"},\"image\":{\"@id\":\"https:\\\/\\\/informante.mx\\\/#\\\/schema\\\/logo\\\/image\\\/\"},\"sameAs\":[\"https:\\\/\\\/www.facebook.com\\\/MX.Informante\",\"https:\\\/\\\/x.com\\\/mx_informante\"]},{\"@type\":\"Person\",\"@id\":\"https:\\\/\\\/informante.mx\\\/#\\\/schema\\\/person\\\/3eff91989d2ea76b0a330b416325946c\",\"name\":\"InformanteMX\",\"image\":{\"@type\":\"ImageObject\",\"inLanguage\":\"es\",\"@id\":\"https:\\\/\\\/secure.gravatar.com\\\/avatar\\\/10d802aa739e832aedd2f3fd8544d878871eb22e6ca86fe9a548573e34a28f0e?s=96&d=mm&r=g\",\"url\":\"https:\\\/\\\/secure.gravatar.com\\\/avatar\\\/10d802aa739e832aedd2f3fd8544d878871eb22e6ca86fe9a548573e34a28f0e?s=96&d=mm&r=g\",\"contentUrl\":\"https:\\\/\\\/secure.gravatar.com\\\/avatar\\\/10d802aa739e832aedd2f3fd8544d878871eb22e6ca86fe9a548573e34a28f0e?s=96&d=mm&r=g\",\"caption\":\"InformanteMX\"},\"url\":\"https:\\\/\\\/informante.mx\\\/?author=1\"}]}<\/script>\n<!-- \/ Yoast SEO plugin. -->","yoast_head_json":{"title":"Unas 10 mil escuelas privadas est\u00e1n en riesgo de cerrar por la pandemia - Informante.mx","robots":{"index":"index","follow":"follow","max-snippet":"max-snippet:-1","max-image-preview":"max-image-preview:large","max-video-preview":"max-video-preview:-1"},"canonical":"https:\/\/informante.mx\/?p=21166","og_locale":"es_ES","og_type":"article","og_title":"Unas 10 mil escuelas privadas est\u00e1n en riesgo de cerrar por la pandemia - Informante.mx","og_description":"A partir del lunes, muchos alumnos empezaron a abandonar las escuelas particulares.","og_url":"https:\/\/informante.mx\/?p=21166","og_site_name":"Informante.mx","article_publisher":"https:\/\/www.facebook.com\/MX.Informante","article_published_time":"2020-08-05T14:30:47+00:00","article_modified_time":"2020-08-05T14:30:53+00:00","og_image":[{"width":780,"height":470,"url":"https:\/\/i0.wp.com\/informante.mx\/wp-content\/uploads\/2020\/08\/escuelas-particulares-cerraran-780x470-1.jpg?fit=780%2C470&ssl=1","type":"image\/jpeg"}],"author":"InformanteMX","twitter_card":"summary_large_image","twitter_creator":"@mx_informante","twitter_site":"@mx_informante","twitter_misc":{"Escrito por":"InformanteMX","Tiempo de lectura":"1 minuto"},"schema":{"@context":"https:\/\/schema.org","@graph":[{"@type":"NewsArticle","@id":"https:\/\/informante.mx\/?p=21166#article","isPartOf":{"@id":"https:\/\/informante.mx\/?p=21166"},"author":{"name":"InformanteMX","@id":"https:\/\/informante.mx\/#\/schema\/person\/3eff91989d2ea76b0a330b416325946c"},"headline":"Unas 10 mil escuelas privadas est\u00e1n en riesgo de cerrar por la pandemia","datePublished":"2020-08-05T14:30:47+00:00","dateModified":"2020-08-05T14:30:53+00:00","mainEntityOfPage":{"@id":"https:\/\/informante.mx\/?p=21166"},"wordCount":232,"commentCount":0,"publisher":{"@id":"https:\/\/informante.mx\/#organization"},"image":{"@id":"https:\/\/informante.mx\/?p=21166#primaryimage"},"thumbnailUrl":"https:\/\/informante.mx\/wp-content\/uploads\/2020\/08\/escuelas-particulares-cerraran-780x470-1.jpg","articleSection":["Nacional"],"inLanguage":"es","potentialAction":[{"@type":"CommentAction","name":"Comment","target":["https:\/\/informante.mx\/?p=21166#respond"]}]},{"@type":"WebPage","@id":"https:\/\/informante.mx\/?p=21166","url":"https:\/\/informante.mx\/?p=21166","name":"Unas 10 mil escuelas privadas est\u00e1n en riesgo de cerrar por la pandemia - Informante.mx","isPartOf":{"@id":"https:\/\/informante.mx\/#website"},"primaryImageOfPage":{"@id":"https:\/\/informante.mx\/?p=21166#primaryimage"},"image":{"@id":"https:\/\/informante.mx\/?p=21166#primaryimage"},"thumbnailUrl":"https:\/\/informante.mx\/wp-content\/uploads\/2020\/08\/escuelas-particulares-cerraran-780x470-1.jpg","datePublished":"2020-08-05T14:30:47+00:00","dateModified":"2020-08-05T14:30:53+00:00","breadcrumb":{"@id":"https:\/\/informante.mx\/?p=21166#breadcrumb"},"inLanguage":"es","potentialAction":[{"@type":"ReadAction","target":["https:\/\/informante.mx\/?p=21166"]}]},{"@type":"ImageObject","inLanguage":"es","@id":"https:\/\/informante.mx\/?p=21166#primaryimage","url":"https:\/\/informante.mx\/wp-content\/uploads\/2020\/08\/escuelas-particulares-cerraran-780x470-1.jpg","contentUrl":"https:\/\/informante.mx\/wp-content\/uploads\/2020\/08\/escuelas-particulares-cerraran-780x470-1.jpg","width":780,"height":470},{"@type":"BreadcrumbList","@id":"https:\/\/informante.mx\/?p=21166#breadcrumb","itemListElement":[{"@type":"ListItem","position":1,"name":"Portada","item":"https:\/\/informante.mx\/"},{"@type":"ListItem","position":2,"name":"Unas 10 mil escuelas privadas est\u00e1n en riesgo de cerrar por la pandemia"}]},{"@type":"WebSite","@id":"https:\/\/informante.mx\/#website","url":"https:\/\/informante.mx\/","name":"Informante.mx","description":"","publisher":{"@id":"https:\/\/informante.mx\/#organization"},"potentialAction":[{"@type":"SearchAction","target":{"@type":"EntryPoint","urlTemplate":"https:\/\/informante.mx\/?s={search_term_string}"},"query-input":{"@type":"PropertyValueSpecification","valueRequired":true,"valueName":"search_term_string"}}],"inLanguage":"es"},{"@type":"Organization","@id":"https:\/\/informante.mx\/#organization","name":"Informante.mx","url":"https:\/\/informante.mx\/","logo":{"@type":"ImageObject","inLanguage":"es","@id":"https:\/\/informante.mx\/#\/schema\/logo\/image\/","url":"https:\/\/informante.mx\/wp-content\/uploads\/2019\/12\/cropped-LOGO-Verde-Apaisado-1024x360O-1.png","contentUrl":"https:\/\/informante.mx\/wp-content\/uploads\/2019\/12\/cropped-LOGO-Verde-Apaisado-1024x360O-1.png","width":923,"height":180,"caption":"Informante.mx"},"image":{"@id":"https:\/\/informante.mx\/#\/schema\/logo\/image\/"},"sameAs":["https:\/\/www.facebook.com\/MX.Informante","https:\/\/x.com\/mx_informante"]},{"@type":"Person","@id":"https:\/\/informante.mx\/#\/schema\/person\/3eff91989d2ea76b0a330b416325946c","name":"InformanteMX","image":{"@type":"ImageObject","inLanguage":"es","@id":"https:\/\/secure.gravatar.com\/avatar\/10d802aa739e832aedd2f3fd8544d878871eb22e6ca86fe9a548573e34a28f0e?s=96&d=mm&r=g","url":"https:\/\/secure.gravatar.com\/avatar\/10d802aa739e832aedd2f3fd8544d878871eb22e6ca86fe9a548573e34a28f0e?s=96&d=mm&r=g","contentUrl":"https:\/\/secure.gravatar.com\/avatar\/10d802aa739e832aedd2f3fd8544d878871eb22e6ca86fe9a548573e34a28f0e?s=96&d=mm&r=g","caption":"InformanteMX"},"url":"https:\/\/informante.mx\/?author=1"}]}},"jetpack_featured_media_url":"https:\/\/informante.mx\/wp-content\/uploads\/2020\/08\/escuelas-particulares-cerraran-780x470-1.jpg","uagb_featured_image_src":{"full":["https:\/\/informante.mx\/wp-content\/uploads\/2020\/08\/escuelas-particulares-cerraran-780x470-1.jpg",780,470,false],"thumbnail":["https:\/\/informante.mx\/wp-content\/uploads\/2020\/08\/escuelas-particulares-cerraran-780x470-1-150x90.jpg",150,90,true],"medium":["https:\/\/informante.mx\/wp-content\/uploads\/2020\/08\/escuelas-particulares-cerraran-780x470-1-300x181.jpg",300,181,true],"medium_large":["https:\/\/informante.mx\/wp-content\/uploads\/2020\/08\/escuelas-particulares-cerraran-780x470-1-768x463.jpg",640,386,true],"large":["https:\/\/informante.mx\/wp-content\/uploads\/2020\/08\/escuelas-particulares-cerraran-780x470-1.jpg",640,386,false],"1536x1536":["https:\/\/informante.mx\/wp-content\/uploads\/2020\/08\/escuelas-particulares-cerraran-780x470-1.jpg",780,470,false],"2048x2048":["https:\/\/informante.mx\/wp-content\/uploads\/2020\/08\/escuelas-particulares-cerraran-780x470-1.jpg",780,470,false],"td_0x420":["https:\/\/informante.mx\/wp-content\/uploads\/2020\/08\/escuelas-particulares-cerraran-780x470-1-697x420.jpg",697,420,true],"td_0x420_retina":["https:\/\/informante.mx\/wp-content\/uploads\/2020\/08\/escuelas-particulares-cerraran-780x470-1.jpg",780,470,false],"td_80x60":["https:\/\/informante.mx\/wp-content\/uploads\/2020\/08\/escuelas-particulares-cerraran-780x470-1-80x60.jpg",80,60,true],"td_80x60_retina":["https:\/\/informante.mx\/wp-content\/uploads\/2020\/08\/escuelas-particulares-cerraran-780x470-1-160x120.jpg",160,120,true],"td_100x75":["https:\/\/informante.mx\/wp-content\/uploads\/2020\/08\/escuelas-particulares-cerraran-780x470-1-100x75.jpg",100,75,true],"td_100x75_retina":["https:\/\/informante.mx\/wp-content\/uploads\/2020\/08\/escuelas-particulares-cerraran-780x470-1-200x150.jpg",200,150,true],"td_180x135":["https:\/\/informante.mx\/wp-content\/uploads\/2020\/08\/escuelas-particulares-cerraran-780x470-1-180x135.jpg",180,135,true],"td_180x135_retina":["https:\/\/informante.mx\/wp-content\/uploads\/2020\/08\/escuelas-particulares-cerraran-780x470-1-360x270.jpg",360,270,true],"td_238x178":["https:\/\/informante.mx\/wp-content\/uploads\/2020\/08\/escuelas-particulares-cerraran-780x470-1-238x178.jpg",238,178,true],"td_238x178_retina":["https:\/\/informante.mx\/wp-content\/uploads\/2020\/08\/escuelas-particulares-cerraran-780x470-1-476x356.jpg",476,356,true],"td_265x198":["https:\/\/informante.mx\/wp-content\/uploads\/2020\/08\/escuelas-particulares-cerraran-780x470-1-265x198.jpg",265,198,true],"td_265x198_retina":["https:\/\/informante.mx\/wp-content\/uploads\/2020\/08\/escuelas-particulares-cerraran-780x470-1-530x396.jpg",530,396,true],"td_300x160":["https:\/\/informante.mx\/wp-content\/uploads\/2020\/08\/escuelas-particulares-cerraran-780x470-1-300x160.jpg",300,160,true],"td_300x160_retina":["https:\/\/informante.mx\/wp-content\/uploads\/2020\/08\/escuelas-particulares-cerraran-780x470-1-600x320.jpg",600,320,true],"td_300x194":["https:\/\/informante.mx\/wp-content\/uploads\/2020\/08\/escuelas-particulares-cerraran-780x470-1-300x194.jpg",300,194,true],"td_300x194_retina":["https:\/\/informante.mx\/wp-content\/uploads\/2020\/08\/escuelas-particulares-cerraran-780x470-1-600x388.jpg",600,388,true],"td_300x350":["https:\/\/informante.mx\/wp-content\/uploads\/2020\/08\/escuelas-particulares-cerraran-780x470-1-300x350.jpg",300,350,true],"td_300x350_retina":["https:\/\/informante.mx\/wp-content\/uploads\/2020\/08\/escuelas-particulares-cerraran-780x470-1-600x470.jpg",600,470,true],"td_341x220":["https:\/\/informante.mx\/wp-content\/uploads\/2020\/08\/escuelas-particulares-cerraran-780x470-1-341x220.jpg",341,220,true],"td_341x220_retina":["https:\/\/informante.mx\/wp-content\/uploads\/2020\/08\/escuelas-particulares-cerraran-780x470-1-682x440.jpg",682,440,true],"td_341x400":["https:\/\/informante.mx\/wp-content\/uploads\/2020\/08\/escuelas-particulares-cerraran-780x470-1-341x400.jpg",341,400,true],"td_341x400_retina":["https:\/\/informante.mx\/wp-content\/uploads\/2020\/08\/escuelas-particulares-cerraran-780x470-1-682x470.jpg",682,470,true],"td_511x400":["https:\/\/informante.mx\/wp-content\/uploads\/2020\/08\/escuelas-particulares-cerraran-780x470-1-511x400.jpg",511,400,true],"td_511x400_retina":["https:\/\/informante.mx\/wp-content\/uploads\/2020\/08\/escuelas-particulares-cerraran-780x470-1.jpg",780,470,false],"td_537x360":["https:\/\/informante.mx\/wp-content\/uploads\/2020\/08\/escuelas-particulares-cerraran-780x470-1-537x360.jpg",537,360,true],"td_537x360_retina":["https:\/\/informante.mx\/wp-content\/uploads\/2020\/08\/escuelas-particulares-cerraran-780x470-1.jpg",780,470,false],"td_640x0":["https:\/\/informante.mx\/wp-content\/uploads\/2020\/08\/escuelas-particulares-cerraran-780x470-1-640x386.jpg",640,386,true],"td_640x0_retina":["https:\/\/informante.mx\/wp-content\/uploads\/2020\/08\/escuelas-particulares-cerraran-780x470-1.jpg",780,470,false],"td_640x350":["https:\/\/informante.mx\/wp-content\/uploads\/2020\/08\/escuelas-particulares-cerraran-780x470-1-640x350.jpg",640,350,true],"td_640x350_retina":["https:\/\/informante.mx\/wp-content\/uploads\/2020\/08\/escuelas-particulares-cerraran-780x470-1.jpg",780,470,false],"td_681x0":["https:\/\/informante.mx\/wp-content\/uploads\/2020\/08\/escuelas-particulares-cerraran-780x470-1-681x410.jpg",681,410,true],"td_681x0_retina":["https:\/\/informante.mx\/wp-content\/uploads\/2020\/08\/escuelas-particulares-cerraran-780x470-1.jpg",780,470,false],"td_681x400":["https:\/\/informante.mx\/wp-content\/uploads\/2020\/08\/escuelas-particulares-cerraran-780x470-1-681x400.jpg",681,400,true],"td_681x400_retina":["https:\/\/informante.mx\/wp-content\/uploads\/2020\/08\/escuelas-particulares-cerraran-780x470-1.jpg",780,470,false],"td_741x486":["https:\/\/informante.mx\/wp-content\/uploads\/2020\/08\/escuelas-particulares-cerraran-780x470-1-741x470.jpg",741,470,true],"td_741x486_retina":["https:\/\/informante.mx\/wp-content\/uploads\/2020\/08\/escuelas-particulares-cerraran-780x470-1.jpg",780,470,false],"td_1021x580":["https:\/\/informante.mx\/wp-content\/uploads\/2020\/08\/escuelas-particulares-cerraran-780x470-1.jpg",780,470,false],"td_1021x580_retina":["https:\/\/informante.mx\/wp-content\/uploads\/2020\/08\/escuelas-particulares-cerraran-780x470-1.jpg",780,470,false]},"uagb_author_info":{"display_name":"InformanteMX","author_link":"https:\/\/informante.mx\/?author=1"},"uagb_comment_info":0,"uagb_excerpt":"A partir del lunes, muchos alumnos empezaron a abandonar las escuelas particulares.","_links":{"self":[{"href":"https:\/\/informante.mx\/index.php?rest_route=\/wp\/v2\/posts\/21166","targetHints":{"allow":["GET"]}}],"collection":[{"href":"https:\/\/informante.mx\/index.php?rest_route=\/wp\/v2\/posts"}],"about":[{"href":"https:\/\/informante.mx\/index.php?rest_route=\/wp\/v2\/types\/post"}],"author":[{"embeddable":true,"href":"https:\/\/informante.mx\/index.php?rest_route=\/wp\/v2\/users\/1"}],"replies":[{"embeddable":true,"href":"https:\/\/informante.mx\/index.php?rest_route=%2Fwp%2Fv2%2Fcomments&post=21166"}],"version-history":[{"count":1,"href":"https:\/\/informante.mx\/index.php?rest_route=\/wp\/v2\/posts\/21166\/revisions"}],"predecessor-version":[{"id":21168,"href":"https:\/\/informante.mx\/index.php?rest_route=\/wp\/v2\/posts\/21166\/revisions\/21168"}],"wp:featuredmedia":[{"embeddable":true,"href":"https:\/\/informante.mx\/index.php?rest_route=\/wp\/v2\/media\/21167"}],"wp:attachment":[{"href":"https:\/\/informante.mx\/index.php?rest_route=%2Fwp%2Fv2%2Fmedia&parent=21166"}],"wp:term":[{"taxonomy":"category","embeddable":true,"href":"https:\/\/informante.mx\/index.php?rest_route=%2Fwp%2Fv2%2Fcategories&post=21166"},{"taxonomy":"post_tag","embeddable":true,"href":"https:\/\/informante.mx\/index.php?rest_route=%2Fwp%2Fv2%2Ftags&post=21166"}],"curies":[{"name":"wp","href":"https:\/\/api.w.org\/{rel}","templated":true}]}}