{"id":20781,"date":"2020-07-28T08:51:58","date_gmt":"2020-07-28T13:51:58","guid":{"rendered":"http:\/\/informante.mx\/?p=20781"},"modified":"2020-07-28T08:52:03","modified_gmt":"2020-07-28T13:52:03","slug":"emilio-lozoya-tendra-audiencia-virtual-desde-el-hospital-este-martes","status":"publish","type":"post","link":"https:\/\/informante.mx\/?p=20781","title":{"rendered":"Emilio Lozoya tendr\u00e1 audiencia virtual desde el hospital este martes"},"content":{"rendered":"\n<p>Se espera que desde una suite de las 26 qu\u00e9 hay en en el\u00a0Hospital\u00a0\u00c1ngeles del Pedregal\u00a0Emilio Lozoya\u00a0Austin tenga la\u00a0audiencia\u00a0inicial por\u00a0videoconferencia\u00a0de formulaci\u00f3n de imputaci\u00f3n en su contra luego de que\u00a0\u00a0el Juez Federal de Control del Reclusorio Norte, Jos\u00e9 Artemio Z\u00fa\u00f1iga Mendoza, determin\u00f3, en la causa penal del caso\u00a0\u201cAgronitrogenados\u201d, fijarla a las 09:00 horas de este martes.<\/p>\n\n\n\n<p>Se espera que acompa\u00f1ando a\u00a0Emilio\u00a0Lozoya, se encuentre su abogado Miguel Ontiveros para asesorarlo en torno a las etapas de la\u00a0audiencia\u00a0y c\u00f3mo debe contestar a los cuestionamientos del impartidor de justicia del Ministerio Publico Federal.<\/p>\n\n\n\n<p>A\u00a0Lozoya\u00a0lo cuida personal especial, al menos\u00a0tres enfermeros que son los \u00fanicos que pueden entrar y salir de su habitaci\u00f3n adem\u00e1s de un m\u00e9dico que se encarga de revisar su problema g\u00e1strico.<\/p>\n\n\n\n<h3 class=\"wp-block-heading\">Operativo de seguridad<\/h3>\n\n\n\n<p>A las afueras del\u00a0hospital\u00a0se encuentran dos camionetas de la Guardia Nacional y al interior hay un discreto operativo de seguridad con elementos de la Agencia de Investigaci\u00f3n Criminal.<\/p>\n\n\n\n<p>En otra entrada de autos que se encuentra en Perif\u00e9rico, hay otras dos unidades de la Guardia Nacional resguardando el lugar, el acceso no est\u00e1 restringido al p\u00fablico en general. Es un d\u00eda de atenci\u00f3n normal para todos los pacientes.<\/p>\n\n\n\n<p>La FGR inform\u00f3 que mientras\u00a0Lozoya\u00a0est\u00e1 en el nosocomio, las otras partes involucradas, podr\u00e1n acudir al centro de justicia, de manera personal, a intervenir en la\u00a0audiencia; o si lo prefieren, a trav\u00e9s del sistema de\u00a0videoconferencia, atendiendo a los lineamientos establecidos por el Consejo de la Judicatura Federal, por el tema de la pandemia del COVID-19 que azota a nuestro pa\u00eds.\u00a0<\/p>\n\n\n\n<p>El extitular de Pemex, quien fue extraditado de Espa\u00f1a el pasado viernes 17 de julio, es acusado de asociaci\u00f3n delictuosa, operaciones con recursos de procedencia il\u00edcita y cohecho.<\/p>\n","protected":false},"excerpt":{"rendered":"<p>Se espera que desde una suite del hospital, Emilio Lozoya Austin tenga la audiencia inicial por videoconferencia<\/p>\n","protected":false},"author":1,"featured_media":20782,"comment_status":"open","ping_status":"closed","sticky":false,"template":"","format":"standard","meta":{"_uag_custom_page_level_css":"","jetpack_post_was_ever_published":false,"footnotes":""},"categories":[9],"tags":[],"class_list":["post-20781","post","type-post","status-publish","format-standard","has-post-thumbnail","hentry","category-nacional"],"yoast_head":"<!-- This site is optimized with the Yoast SEO plugin v27.3 - https:\/\/yoast.com\/product\/yoast-seo-wordpress\/ -->\n<title>Emilio Lozoya tendr\u00e1 audiencia virtual desde el hospital este martes - Informante.mx<\/title>\n<meta name=\"robots\" content=\"index, follow, max-snippet:-1, max-image-preview:large, max-video-preview:-1\" \/>\n<link rel=\"canonical\" href=\"https:\/\/informante.mx\/?p=20781\" \/>\n<meta property=\"og:locale\" content=\"es_ES\" \/>\n<meta property=\"og:type\" content=\"article\" \/>\n<meta property=\"og:title\" content=\"Emilio Lozoya tendr\u00e1 audiencia virtual desde el hospital este martes - Informante.mx\" \/>\n<meta property=\"og:description\" content=\"Se espera que desde una suite del hospital, Emilio Lozoya Austin tenga la audiencia inicial por videoconferencia\" \/>\n<meta property=\"og:url\" content=\"https:\/\/informante.mx\/?p=20781\" \/>\n<meta property=\"og:site_name\" content=\"Informante.mx\" \/>\n<meta property=\"article:publisher\" content=\"https:\/\/www.facebook.com\/MX.Informante\" \/>\n<meta property=\"article:published_time\" content=\"2020-07-28T13:51:58+00:00\" \/>\n<meta property=\"article:modified_time\" content=\"2020-07-28T13:52:03+00:00\" \/>\n<meta property=\"og:image\" content=\"https:\/\/i0.wp.com\/informante.mx\/wp-content\/uploads\/2020\/07\/EMILOO.jpg?fit=1200%2C675&ssl=1\" \/>\n\t<meta property=\"og:image:width\" content=\"1200\" \/>\n\t<meta property=\"og:image:height\" content=\"675\" \/>\n\t<meta property=\"og:image:type\" content=\"image\/jpeg\" \/>\n<meta name=\"author\" content=\"InformanteMX\" \/>\n<meta name=\"twitter:card\" content=\"summary_large_image\" \/>\n<meta name=\"twitter:creator\" content=\"@mx_informante\" \/>\n<meta name=\"twitter:site\" content=\"@mx_informante\" \/>\n<meta name=\"twitter:label1\" content=\"Escrito por\" \/>\n\t<meta name=\"twitter:data1\" content=\"InformanteMX\" \/>\n\t<meta name=\"twitter:label2\" content=\"Tiempo de lectura\" \/>\n\t<meta name=\"twitter:data2\" content=\"2 minutos\" \/>\n<script type=\"application\/ld+json\" class=\"yoast-schema-graph\">{\"@context\":\"https:\\\/\\\/schema.org\",\"@graph\":[{\"@type\":\"NewsArticle\",\"@id\":\"https:\\\/\\\/informante.mx\\\/?p=20781#article\",\"isPartOf\":{\"@id\":\"https:\\\/\\\/informante.mx\\\/?p=20781\"},\"author\":{\"name\":\"InformanteMX\",\"@id\":\"https:\\\/\\\/informante.mx\\\/#\\\/schema\\\/person\\\/3eff91989d2ea76b0a330b416325946c\"},\"headline\":\"Emilio Lozoya tendr\u00e1 audiencia virtual desde el hospital este martes\",\"datePublished\":\"2020-07-28T13:51:58+00:00\",\"dateModified\":\"2020-07-28T13:52:03+00:00\",\"mainEntityOfPage\":{\"@id\":\"https:\\\/\\\/informante.mx\\\/?p=20781\"},\"wordCount\":328,\"commentCount\":0,\"publisher\":{\"@id\":\"https:\\\/\\\/informante.mx\\\/#organization\"},\"image\":{\"@id\":\"https:\\\/\\\/informante.mx\\\/?p=20781#primaryimage\"},\"thumbnailUrl\":\"https:\\\/\\\/informante.mx\\\/wp-content\\\/uploads\\\/2020\\\/07\\\/EMILOO.jpg\",\"articleSection\":[\"Nacional\"],\"inLanguage\":\"es\",\"potentialAction\":[{\"@type\":\"CommentAction\",\"name\":\"Comment\",\"target\":[\"https:\\\/\\\/informante.mx\\\/?p=20781#respond\"]}]},{\"@type\":\"WebPage\",\"@id\":\"https:\\\/\\\/informante.mx\\\/?p=20781\",\"url\":\"https:\\\/\\\/informante.mx\\\/?p=20781\",\"name\":\"Emilio Lozoya tendr\u00e1 audiencia virtual desde el hospital este martes - Informante.mx\",\"isPartOf\":{\"@id\":\"https:\\\/\\\/informante.mx\\\/#website\"},\"primaryImageOfPage\":{\"@id\":\"https:\\\/\\\/informante.mx\\\/?p=20781#primaryimage\"},\"image\":{\"@id\":\"https:\\\/\\\/informante.mx\\\/?p=20781#primaryimage\"},\"thumbnailUrl\":\"https:\\\/\\\/informante.mx\\\/wp-content\\\/uploads\\\/2020\\\/07\\\/EMILOO.jpg\",\"datePublished\":\"2020-07-28T13:51:58+00:00\",\"dateModified\":\"2020-07-28T13:52:03+00:00\",\"breadcrumb\":{\"@id\":\"https:\\\/\\\/informante.mx\\\/?p=20781#breadcrumb\"},\"inLanguage\":\"es\",\"potentialAction\":[{\"@type\":\"ReadAction\",\"target\":[\"https:\\\/\\\/informante.mx\\\/?p=20781\"]}]},{\"@type\":\"ImageObject\",\"inLanguage\":\"es\",\"@id\":\"https:\\\/\\\/informante.mx\\\/?p=20781#primaryimage\",\"url\":\"https:\\\/\\\/informante.mx\\\/wp-content\\\/uploads\\\/2020\\\/07\\\/EMILOO.jpg\",\"contentUrl\":\"https:\\\/\\\/informante.mx\\\/wp-content\\\/uploads\\\/2020\\\/07\\\/EMILOO.jpg\",\"width\":1200,\"height\":675},{\"@type\":\"BreadcrumbList\",\"@id\":\"https:\\\/\\\/informante.mx\\\/?p=20781#breadcrumb\",\"itemListElement\":[{\"@type\":\"ListItem\",\"position\":1,\"name\":\"Portada\",\"item\":\"https:\\\/\\\/informante.mx\\\/\"},{\"@type\":\"ListItem\",\"position\":2,\"name\":\"Emilio Lozoya tendr\u00e1 audiencia virtual desde el hospital este martes\"}]},{\"@type\":\"WebSite\",\"@id\":\"https:\\\/\\\/informante.mx\\\/#website\",\"url\":\"https:\\\/\\\/informante.mx\\\/\",\"name\":\"Informante.mx\",\"description\":\"\",\"publisher\":{\"@id\":\"https:\\\/\\\/informante.mx\\\/#organization\"},\"potentialAction\":[{\"@type\":\"SearchAction\",\"target\":{\"@type\":\"EntryPoint\",\"urlTemplate\":\"https:\\\/\\\/informante.mx\\\/?s={search_term_string}\"},\"query-input\":{\"@type\":\"PropertyValueSpecification\",\"valueRequired\":true,\"valueName\":\"search_term_string\"}}],\"inLanguage\":\"es\"},{\"@type\":\"Organization\",\"@id\":\"https:\\\/\\\/informante.mx\\\/#organization\",\"name\":\"Informante.mx\",\"url\":\"https:\\\/\\\/informante.mx\\\/\",\"logo\":{\"@type\":\"ImageObject\",\"inLanguage\":\"es\",\"@id\":\"https:\\\/\\\/informante.mx\\\/#\\\/schema\\\/logo\\\/image\\\/\",\"url\":\"https:\\\/\\\/informante.mx\\\/wp-content\\\/uploads\\\/2019\\\/12\\\/cropped-LOGO-Verde-Apaisado-1024x360O-1.png\",\"contentUrl\":\"https:\\\/\\\/informante.mx\\\/wp-content\\\/uploads\\\/2019\\\/12\\\/cropped-LOGO-Verde-Apaisado-1024x360O-1.png\",\"width\":923,\"height\":180,\"caption\":\"Informante.mx\"},\"image\":{\"@id\":\"https:\\\/\\\/informante.mx\\\/#\\\/schema\\\/logo\\\/image\\\/\"},\"sameAs\":[\"https:\\\/\\\/www.facebook.com\\\/MX.Informante\",\"https:\\\/\\\/x.com\\\/mx_informante\"]},{\"@type\":\"Person\",\"@id\":\"https:\\\/\\\/informante.mx\\\/#\\\/schema\\\/person\\\/3eff91989d2ea76b0a330b416325946c\",\"name\":\"InformanteMX\",\"image\":{\"@type\":\"ImageObject\",\"inLanguage\":\"es\",\"@id\":\"https:\\\/\\\/secure.gravatar.com\\\/avatar\\\/10d802aa739e832aedd2f3fd8544d878871eb22e6ca86fe9a548573e34a28f0e?s=96&d=mm&r=g\",\"url\":\"https:\\\/\\\/secure.gravatar.com\\\/avatar\\\/10d802aa739e832aedd2f3fd8544d878871eb22e6ca86fe9a548573e34a28f0e?s=96&d=mm&r=g\",\"contentUrl\":\"https:\\\/\\\/secure.gravatar.com\\\/avatar\\\/10d802aa739e832aedd2f3fd8544d878871eb22e6ca86fe9a548573e34a28f0e?s=96&d=mm&r=g\",\"caption\":\"InformanteMX\"},\"url\":\"https:\\\/\\\/informante.mx\\\/?author=1\"}]}<\/script>\n<!-- \/ Yoast SEO plugin. -->","yoast_head_json":{"title":"Emilio Lozoya tendr\u00e1 audiencia virtual desde el hospital este martes - Informante.mx","robots":{"index":"index","follow":"follow","max-snippet":"max-snippet:-1","max-image-preview":"max-image-preview:large","max-video-preview":"max-video-preview:-1"},"canonical":"https:\/\/informante.mx\/?p=20781","og_locale":"es_ES","og_type":"article","og_title":"Emilio Lozoya tendr\u00e1 audiencia virtual desde el hospital este martes - Informante.mx","og_description":"Se espera que desde una suite del hospital, Emilio Lozoya Austin tenga la audiencia inicial por videoconferencia","og_url":"https:\/\/informante.mx\/?p=20781","og_site_name":"Informante.mx","article_publisher":"https:\/\/www.facebook.com\/MX.Informante","article_published_time":"2020-07-28T13:51:58+00:00","article_modified_time":"2020-07-28T13:52:03+00:00","og_image":[{"width":1200,"height":675,"url":"https:\/\/i0.wp.com\/informante.mx\/wp-content\/uploads\/2020\/07\/EMILOO.jpg?fit=1200%2C675&ssl=1","type":"image\/jpeg"}],"author":"InformanteMX","twitter_card":"summary_large_image","twitter_creator":"@mx_informante","twitter_site":"@mx_informante","twitter_misc":{"Escrito por":"InformanteMX","Tiempo de lectura":"2 minutos"},"schema":{"@context":"https:\/\/schema.org","@graph":[{"@type":"NewsArticle","@id":"https:\/\/informante.mx\/?p=20781#article","isPartOf":{"@id":"https:\/\/informante.mx\/?p=20781"},"author":{"name":"InformanteMX","@id":"https:\/\/informante.mx\/#\/schema\/person\/3eff91989d2ea76b0a330b416325946c"},"headline":"Emilio Lozoya tendr\u00e1 audiencia virtual desde el hospital este martes","datePublished":"2020-07-28T13:51:58+00:00","dateModified":"2020-07-28T13:52:03+00:00","mainEntityOfPage":{"@id":"https:\/\/informante.mx\/?p=20781"},"wordCount":328,"commentCount":0,"publisher":{"@id":"https:\/\/informante.mx\/#organization"},"image":{"@id":"https:\/\/informante.mx\/?p=20781#primaryimage"},"thumbnailUrl":"https:\/\/informante.mx\/wp-content\/uploads\/2020\/07\/EMILOO.jpg","articleSection":["Nacional"],"inLanguage":"es","potentialAction":[{"@type":"CommentAction","name":"Comment","target":["https:\/\/informante.mx\/?p=20781#respond"]}]},{"@type":"WebPage","@id":"https:\/\/informante.mx\/?p=20781","url":"https:\/\/informante.mx\/?p=20781","name":"Emilio Lozoya tendr\u00e1 audiencia virtual desde el hospital este martes - Informante.mx","isPartOf":{"@id":"https:\/\/informante.mx\/#website"},"primaryImageOfPage":{"@id":"https:\/\/informante.mx\/?p=20781#primaryimage"},"image":{"@id":"https:\/\/informante.mx\/?p=20781#primaryimage"},"thumbnailUrl":"https:\/\/informante.mx\/wp-content\/uploads\/2020\/07\/EMILOO.jpg","datePublished":"2020-07-28T13:51:58+00:00","dateModified":"2020-07-28T13:52:03+00:00","breadcrumb":{"@id":"https:\/\/informante.mx\/?p=20781#breadcrumb"},"inLanguage":"es","potentialAction":[{"@type":"ReadAction","target":["https:\/\/informante.mx\/?p=20781"]}]},{"@type":"ImageObject","inLanguage":"es","@id":"https:\/\/informante.mx\/?p=20781#primaryimage","url":"https:\/\/informante.mx\/wp-content\/uploads\/2020\/07\/EMILOO.jpg","contentUrl":"https:\/\/informante.mx\/wp-content\/uploads\/2020\/07\/EMILOO.jpg","width":1200,"height":675},{"@type":"BreadcrumbList","@id":"https:\/\/informante.mx\/?p=20781#breadcrumb","itemListElement":[{"@type":"ListItem","position":1,"name":"Portada","item":"https:\/\/informante.mx\/"},{"@type":"ListItem","position":2,"name":"Emilio Lozoya tendr\u00e1 audiencia virtual desde el hospital este martes"}]},{"@type":"WebSite","@id":"https:\/\/informante.mx\/#website","url":"https:\/\/informante.mx\/","name":"Informante.mx","description":"","publisher":{"@id":"https:\/\/informante.mx\/#organization"},"potentialAction":[{"@type":"SearchAction","target":{"@type":"EntryPoint","urlTemplate":"https:\/\/informante.mx\/?s={search_term_string}"},"query-input":{"@type":"PropertyValueSpecification","valueRequired":true,"valueName":"search_term_string"}}],"inLanguage":"es"},{"@type":"Organization","@id":"https:\/\/informante.mx\/#organization","name":"Informante.mx","url":"https:\/\/informante.mx\/","logo":{"@type":"ImageObject","inLanguage":"es","@id":"https:\/\/informante.mx\/#\/schema\/logo\/image\/","url":"https:\/\/informante.mx\/wp-content\/uploads\/2019\/12\/cropped-LOGO-Verde-Apaisado-1024x360O-1.png","contentUrl":"https:\/\/informante.mx\/wp-content\/uploads\/2019\/12\/cropped-LOGO-Verde-Apaisado-1024x360O-1.png","width":923,"height":180,"caption":"Informante.mx"},"image":{"@id":"https:\/\/informante.mx\/#\/schema\/logo\/image\/"},"sameAs":["https:\/\/www.facebook.com\/MX.Informante","https:\/\/x.com\/mx_informante"]},{"@type":"Person","@id":"https:\/\/informante.mx\/#\/schema\/person\/3eff91989d2ea76b0a330b416325946c","name":"InformanteMX","image":{"@type":"ImageObject","inLanguage":"es","@id":"https:\/\/secure.gravatar.com\/avatar\/10d802aa739e832aedd2f3fd8544d878871eb22e6ca86fe9a548573e34a28f0e?s=96&d=mm&r=g","url":"https:\/\/secure.gravatar.com\/avatar\/10d802aa739e832aedd2f3fd8544d878871eb22e6ca86fe9a548573e34a28f0e?s=96&d=mm&r=g","contentUrl":"https:\/\/secure.gravatar.com\/avatar\/10d802aa739e832aedd2f3fd8544d878871eb22e6ca86fe9a548573e34a28f0e?s=96&d=mm&r=g","caption":"InformanteMX"},"url":"https:\/\/informante.mx\/?author=1"}]}},"jetpack_featured_media_url":"https:\/\/informante.mx\/wp-content\/uploads\/2020\/07\/EMILOO.jpg","uagb_featured_image_src":{"full":["https:\/\/informante.mx\/wp-content\/uploads\/2020\/07\/EMILOO.jpg",1200,675,false],"thumbnail":["https:\/\/informante.mx\/wp-content\/uploads\/2020\/07\/EMILOO-150x84.jpg",150,84,true],"medium":["https:\/\/informante.mx\/wp-content\/uploads\/2020\/07\/EMILOO-300x169.jpg",300,169,true],"medium_large":["https:\/\/informante.mx\/wp-content\/uploads\/2020\/07\/EMILOO-768x432.jpg",640,360,true],"large":["https:\/\/informante.mx\/wp-content\/uploads\/2020\/07\/EMILOO-1024x576.jpg",640,360,true],"1536x1536":["https:\/\/informante.mx\/wp-content\/uploads\/2020\/07\/EMILOO.jpg",1200,675,false],"2048x2048":["https:\/\/informante.mx\/wp-content\/uploads\/2020\/07\/EMILOO.jpg",1200,675,false],"td_0x420":["https:\/\/informante.mx\/wp-content\/uploads\/2020\/07\/EMILOO-747x420.jpg",747,420,true],"td_0x420_retina":["https:\/\/informante.mx\/wp-content\/uploads\/2020\/07\/EMILOO.jpg",1200,675,false],"td_80x60":["https:\/\/informante.mx\/wp-content\/uploads\/2020\/07\/EMILOO-80x60.jpg",80,60,true],"td_80x60_retina":["https:\/\/informante.mx\/wp-content\/uploads\/2020\/07\/EMILOO-160x120.jpg",160,120,true],"td_100x75":["https:\/\/informante.mx\/wp-content\/uploads\/2020\/07\/EMILOO-100x75.jpg",100,75,true],"td_100x75_retina":["https:\/\/informante.mx\/wp-content\/uploads\/2020\/07\/EMILOO-200x150.jpg",200,150,true],"td_180x135":["https:\/\/informante.mx\/wp-content\/uploads\/2020\/07\/EMILOO-180x135.jpg",180,135,true],"td_180x135_retina":["https:\/\/informante.mx\/wp-content\/uploads\/2020\/07\/EMILOO-360x270.jpg",360,270,true],"td_238x178":["https:\/\/informante.mx\/wp-content\/uploads\/2020\/07\/EMILOO-238x178.jpg",238,178,true],"td_238x178_retina":["https:\/\/informante.mx\/wp-content\/uploads\/2020\/07\/EMILOO-476x356.jpg",476,356,true],"td_265x198":["https:\/\/informante.mx\/wp-content\/uploads\/2020\/07\/EMILOO-265x198.jpg",265,198,true],"td_265x198_retina":["https:\/\/informante.mx\/wp-content\/uploads\/2020\/07\/EMILOO-530x396.jpg",530,396,true],"td_300x160":["https:\/\/informante.mx\/wp-content\/uploads\/2020\/07\/EMILOO-300x160.jpg",300,160,true],"td_300x160_retina":["https:\/\/informante.mx\/wp-content\/uploads\/2020\/07\/EMILOO-600x320.jpg",600,320,true],"td_300x194":["https:\/\/informante.mx\/wp-content\/uploads\/2020\/07\/EMILOO-300x194.jpg",300,194,true],"td_300x194_retina":["https:\/\/informante.mx\/wp-content\/uploads\/2020\/07\/EMILOO-600x388.jpg",600,388,true],"td_300x350":["https:\/\/informante.mx\/wp-content\/uploads\/2020\/07\/EMILOO-300x350.jpg",300,350,true],"td_300x350_retina":["https:\/\/informante.mx\/wp-content\/uploads\/2020\/07\/EMILOO-600x675.jpg",600,675,true],"td_341x220":["https:\/\/informante.mx\/wp-content\/uploads\/2020\/07\/EMILOO-341x220.jpg",341,220,true],"td_341x220_retina":["https:\/\/informante.mx\/wp-content\/uploads\/2020\/07\/EMILOO-682x440.jpg",682,440,true],"td_341x400":["https:\/\/informante.mx\/wp-content\/uploads\/2020\/07\/EMILOO-341x400.jpg",341,400,true],"td_341x400_retina":["https:\/\/informante.mx\/wp-content\/uploads\/2020\/07\/EMILOO-682x675.jpg",682,675,true],"td_511x400":["https:\/\/informante.mx\/wp-content\/uploads\/2020\/07\/EMILOO-511x400.jpg",511,400,true],"td_511x400_retina":["https:\/\/informante.mx\/wp-content\/uploads\/2020\/07\/EMILOO-1022x675.jpg",1022,675,true],"td_537x360":["https:\/\/informante.mx\/wp-content\/uploads\/2020\/07\/EMILOO-537x360.jpg",537,360,true],"td_537x360_retina":["https:\/\/informante.mx\/wp-content\/uploads\/2020\/07\/EMILOO-1074x675.jpg",1074,675,true],"td_640x0":["https:\/\/informante.mx\/wp-content\/uploads\/2020\/07\/EMILOO-640x360.jpg",640,360,true],"td_640x0_retina":["https:\/\/informante.mx\/wp-content\/uploads\/2020\/07\/EMILOO.jpg",1200,675,false],"td_640x350":["https:\/\/informante.mx\/wp-content\/uploads\/2020\/07\/EMILOO-640x350.jpg",640,350,true],"td_640x350_retina":["https:\/\/informante.mx\/wp-content\/uploads\/2020\/07\/EMILOO.jpg",1200,675,false],"td_681x0":["https:\/\/informante.mx\/wp-content\/uploads\/2020\/07\/EMILOO-681x383.jpg",681,383,true],"td_681x0_retina":["https:\/\/informante.mx\/wp-content\/uploads\/2020\/07\/EMILOO.jpg",1200,675,false],"td_681x400":["https:\/\/informante.mx\/wp-content\/uploads\/2020\/07\/EMILOO-681x400.jpg",681,400,true],"td_681x400_retina":["https:\/\/informante.mx\/wp-content\/uploads\/2020\/07\/EMILOO.jpg",1200,675,false],"td_741x486":["https:\/\/informante.mx\/wp-content\/uploads\/2020\/07\/EMILOO-741x486.jpg",741,486,true],"td_741x486_retina":["https:\/\/informante.mx\/wp-content\/uploads\/2020\/07\/EMILOO.jpg",1200,675,false],"td_1021x580":["https:\/\/informante.mx\/wp-content\/uploads\/2020\/07\/EMILOO-1021x580.jpg",1021,580,true],"td_1021x580_retina":["https:\/\/informante.mx\/wp-content\/uploads\/2020\/07\/EMILOO.jpg",1200,675,false]},"uagb_author_info":{"display_name":"InformanteMX","author_link":"https:\/\/informante.mx\/?author=1"},"uagb_comment_info":0,"uagb_excerpt":"Se espera que desde una suite del hospital, Emilio Lozoya Austin tenga la audiencia inicial por videoconferencia","_links":{"self":[{"href":"https:\/\/informante.mx\/index.php?rest_route=\/wp\/v2\/posts\/20781","targetHints":{"allow":["GET"]}}],"collection":[{"href":"https:\/\/informante.mx\/index.php?rest_route=\/wp\/v2\/posts"}],"about":[{"href":"https:\/\/informante.mx\/index.php?rest_route=\/wp\/v2\/types\/post"}],"author":[{"embeddable":true,"href":"https:\/\/informante.mx\/index.php?rest_route=\/wp\/v2\/users\/1"}],"replies":[{"embeddable":true,"href":"https:\/\/informante.mx\/index.php?rest_route=%2Fwp%2Fv2%2Fcomments&post=20781"}],"version-history":[{"count":1,"href":"https:\/\/informante.mx\/index.php?rest_route=\/wp\/v2\/posts\/20781\/revisions"}],"predecessor-version":[{"id":20783,"href":"https:\/\/informante.mx\/index.php?rest_route=\/wp\/v2\/posts\/20781\/revisions\/20783"}],"wp:featuredmedia":[{"embeddable":true,"href":"https:\/\/informante.mx\/index.php?rest_route=\/wp\/v2\/media\/20782"}],"wp:attachment":[{"href":"https:\/\/informante.mx\/index.php?rest_route=%2Fwp%2Fv2%2Fmedia&parent=20781"}],"wp:term":[{"taxonomy":"category","embeddable":true,"href":"https:\/\/informante.mx\/index.php?rest_route=%2Fwp%2Fv2%2Fcategories&post=20781"},{"taxonomy":"post_tag","embeddable":true,"href":"https:\/\/informante.mx\/index.php?rest_route=%2Fwp%2Fv2%2Ftags&post=20781"}],"curies":[{"name":"wp","href":"https:\/\/api.w.org\/{rel}","templated":true}]}}