{"id":19952,"date":"2020-07-09T09:11:12","date_gmt":"2020-07-09T14:11:12","guid":{"rendered":"http:\/\/informante.mx\/?p=19952"},"modified":"2020-07-09T09:11:17","modified_gmt":"2020-07-09T14:11:17","slug":"imss-aplaza-reapertura-de-guarderias-hasta-el-proximo-20-de-julio","status":"publish","type":"post","link":"https:\/\/informante.mx\/?p=19952","title":{"rendered":"IMSS aplaza reapertura de guarder\u00edas hasta el pr\u00f3ximo 20 de julio"},"content":{"rendered":"\n<p>El\u00a0Instituto Mexicano del Seguro Social (IMSS)\u00a0aplaz\u00f3 la apertura de sus guarder\u00edas hasta el pr\u00f3ximo 20 de julio a fin de hacer una exhaustiva revisi\u00f3n de protocolos sanitarios y actividades de capacitaci\u00f3n, inform\u00f3 el director de Prestaciones Econ\u00f3micas y Sociales, Mauricio Hern\u00e1ndez \u00c1vila.<\/p>\n\n\n\n<p>Durante su participaci\u00f3n en la conferencia nocturna, Hern\u00e1ndez \u00c1vila coment\u00f3 que el jueves se abrir\u00e1n estos espacios \u201csin la presencia\u201d de menores, con la finalidad de reforzar los preparativos para el retorno.&nbsp;<\/p>\n\n\n\n<p>Record\u00f3 que las Guarder\u00edas fueron consideradas por el Gobierno federal como un servicio esencial, \u201ccomo tal estamos tratando de regresar para dar este servicio a los trabajadores que lo requieren\u201d.<\/p>\n\n\n\n<p>Dijo que el IMSS cuenta con mil 411 Guarder\u00edas a nivel nacional que tienen capacidad instalada para 253 mil ni\u00f1os. \u201cActualmente tenemos inscritos 210 mil 714 en todos los estados del pa\u00eds\u201d.<\/p>\n\n\n\n<p>Explic\u00f3 que el IMSS se dio a la tarea de establecer contacto con los usuarios para conocer la necesidad que se tienen con respecto a este servicio.&nbsp;<\/p>\n\n\n\n<p>\u201cDe los 210 mil padres y madres que contestaron, 73 mil de ellos realizan una actividad esencial y este es el universo a quienes se les dar\u00eda esta prestaci\u00f3n\u201d, expuso.<\/p>\n\n\n\n<p>Refiri\u00f3 que alrededor de 35 mil ni\u00f1os de los 32 estados de la Rep\u00fablica regresar\u00edan de manera segura a las estancias infantiles; mientras que el 48% de los encuestados dijo que retornar\u00e1 cuando el\u00a0sem\u00e1foro epidemiol\u00f3gico\u00a0est\u00e9 en verde y 12% respondi\u00f3 que lo har\u00eda en agosto.<\/p>\n\n\n\n<p>Mauricio Hern\u00e1ndez \u00c1vila coment\u00f3 que las Guarder\u00edas del Instituto est\u00e1n acostumbradas a trabajar con protocolos, \u201csaben c\u00f3mo operar y tienen muy bien establecidos sus filtros y procedimientos\u201d.<\/p>\n\n\n\n<p>\u201cM\u00e1s de 70 mil trabajadores han tomado los cursos de regreso a la normalidad. Esto quiere decir que est\u00e1n familiarizados con el filtro de ingreso, con la sanitizaci\u00f3n que debe de haber al ingresar a la Guarder\u00eda\u201d, indic\u00f3.<\/p>\n\n\n\n<p>Subray\u00f3 que todos los trabajadores est\u00e1n muy bien capacitados del material de Equipo de Protecci\u00f3n Personal que deben de usar para protegerse ellos y a los ni\u00f1os.<\/p>\n\n\n\n<p>Se\u00f1al\u00f3 que las Guarder\u00edas son un derecho consagrado por la Ley del Seguro Social y se busca que \u00e9stas permanezcan abiertas para aquellas madres y padres que deseen enviar a sus hijos y ejercer ese derecho.<\/p>\n\n\n\n<p>El director de Prestaciones Econ\u00f3micas y Sociales asegur\u00f3 que al abrir las guarder\u00edas, el IMSS lo hace de manera responsable y bajo medidas estrictas de seguridad que incluye\u00a0filtros sanitarios\u00a0y detecci\u00f3n de posibles casos.<\/p>\n","protected":false},"excerpt":{"rendered":"<p>Se abrir\u00e1n espacios \u00absin la presencia\u00bb de menores, con la finalidad de reforzar los protocolos sanitarios para el retorno<\/p>\n","protected":false},"author":1,"featured_media":0,"comment_status":"open","ping_status":"closed","sticky":false,"template":"","format":"standard","meta":{"_uag_custom_page_level_css":"","jetpack_post_was_ever_published":false,"footnotes":""},"categories":[8],"tags":[],"class_list":["post-19952","post","type-post","status-publish","format-standard","hentry","category-local"],"yoast_head":"<!-- This site is optimized with the Yoast SEO plugin v27.3 - https:\/\/yoast.com\/product\/yoast-seo-wordpress\/ -->\n<title>IMSS aplaza reapertura de guarder\u00edas hasta el pr\u00f3ximo 20 de julio - Informante.mx<\/title>\n<meta name=\"robots\" content=\"index, follow, max-snippet:-1, max-image-preview:large, max-video-preview:-1\" \/>\n<link rel=\"canonical\" href=\"https:\/\/informante.mx\/?p=19952\" \/>\n<meta property=\"og:locale\" content=\"es_ES\" \/>\n<meta property=\"og:type\" content=\"article\" \/>\n<meta property=\"og:title\" content=\"IMSS aplaza reapertura de guarder\u00edas hasta el pr\u00f3ximo 20 de julio - Informante.mx\" \/>\n<meta property=\"og:description\" content=\"Se abrir\u00e1n espacios &quot;sin la presencia&quot; de menores, con la finalidad de reforzar los protocolos sanitarios para el retorno\" \/>\n<meta property=\"og:url\" content=\"https:\/\/informante.mx\/?p=19952\" \/>\n<meta property=\"og:site_name\" content=\"Informante.mx\" \/>\n<meta property=\"article:publisher\" content=\"https:\/\/www.facebook.com\/MX.Informante\" \/>\n<meta property=\"article:published_time\" content=\"2020-07-09T14:11:12+00:00\" \/>\n<meta property=\"article:modified_time\" content=\"2020-07-09T14:11:17+00:00\" \/>\n<meta property=\"og:image\" content=\"https:\/\/i0.wp.com\/informante.mx\/wp-content\/uploads\/2020\/07\/IMSS-1.jpg?fit=651%2C400&ssl=1\" \/>\n\t<meta property=\"og:image:width\" content=\"651\" \/>\n\t<meta property=\"og:image:height\" content=\"400\" \/>\n\t<meta property=\"og:image:type\" content=\"image\/jpeg\" \/>\n<meta name=\"author\" content=\"InformanteMX\" \/>\n<meta name=\"twitter:card\" content=\"summary_large_image\" \/>\n<meta name=\"twitter:creator\" content=\"@mx_informante\" \/>\n<meta name=\"twitter:site\" content=\"@mx_informante\" \/>\n<meta name=\"twitter:label1\" content=\"Escrito por\" \/>\n\t<meta name=\"twitter:data1\" content=\"InformanteMX\" \/>\n\t<meta name=\"twitter:label2\" content=\"Tiempo de lectura\" \/>\n\t<meta name=\"twitter:data2\" content=\"2 minutos\" \/>\n<script type=\"application\/ld+json\" class=\"yoast-schema-graph\">{\"@context\":\"https:\\\/\\\/schema.org\",\"@graph\":[{\"@type\":\"NewsArticle\",\"@id\":\"https:\\\/\\\/informante.mx\\\/?p=19952#article\",\"isPartOf\":{\"@id\":\"https:\\\/\\\/informante.mx\\\/?p=19952\"},\"author\":{\"name\":\"InformanteMX\",\"@id\":\"https:\\\/\\\/informante.mx\\\/#\\\/schema\\\/person\\\/3eff91989d2ea76b0a330b416325946c\"},\"headline\":\"IMSS aplaza reapertura de guarder\u00edas hasta el pr\u00f3ximo 20 de julio\",\"datePublished\":\"2020-07-09T14:11:12+00:00\",\"dateModified\":\"2020-07-09T14:11:17+00:00\",\"mainEntityOfPage\":{\"@id\":\"https:\\\/\\\/informante.mx\\\/?p=19952\"},\"wordCount\":444,\"commentCount\":0,\"publisher\":{\"@id\":\"https:\\\/\\\/informante.mx\\\/#organization\"},\"articleSection\":[\"Local\"],\"inLanguage\":\"es\",\"potentialAction\":[{\"@type\":\"CommentAction\",\"name\":\"Comment\",\"target\":[\"https:\\\/\\\/informante.mx\\\/?p=19952#respond\"]}]},{\"@type\":\"WebPage\",\"@id\":\"https:\\\/\\\/informante.mx\\\/?p=19952\",\"url\":\"https:\\\/\\\/informante.mx\\\/?p=19952\",\"name\":\"IMSS aplaza reapertura de guarder\u00edas hasta el pr\u00f3ximo 20 de julio - Informante.mx\",\"isPartOf\":{\"@id\":\"https:\\\/\\\/informante.mx\\\/#website\"},\"datePublished\":\"2020-07-09T14:11:12+00:00\",\"dateModified\":\"2020-07-09T14:11:17+00:00\",\"breadcrumb\":{\"@id\":\"https:\\\/\\\/informante.mx\\\/?p=19952#breadcrumb\"},\"inLanguage\":\"es\",\"potentialAction\":[{\"@type\":\"ReadAction\",\"target\":[\"https:\\\/\\\/informante.mx\\\/?p=19952\"]}]},{\"@type\":\"BreadcrumbList\",\"@id\":\"https:\\\/\\\/informante.mx\\\/?p=19952#breadcrumb\",\"itemListElement\":[{\"@type\":\"ListItem\",\"position\":1,\"name\":\"Portada\",\"item\":\"https:\\\/\\\/informante.mx\\\/\"},{\"@type\":\"ListItem\",\"position\":2,\"name\":\"IMSS aplaza reapertura de guarder\u00edas hasta el pr\u00f3ximo 20 de julio\"}]},{\"@type\":\"WebSite\",\"@id\":\"https:\\\/\\\/informante.mx\\\/#website\",\"url\":\"https:\\\/\\\/informante.mx\\\/\",\"name\":\"Informante.mx\",\"description\":\"\",\"publisher\":{\"@id\":\"https:\\\/\\\/informante.mx\\\/#organization\"},\"potentialAction\":[{\"@type\":\"SearchAction\",\"target\":{\"@type\":\"EntryPoint\",\"urlTemplate\":\"https:\\\/\\\/informante.mx\\\/?s={search_term_string}\"},\"query-input\":{\"@type\":\"PropertyValueSpecification\",\"valueRequired\":true,\"valueName\":\"search_term_string\"}}],\"inLanguage\":\"es\"},{\"@type\":\"Organization\",\"@id\":\"https:\\\/\\\/informante.mx\\\/#organization\",\"name\":\"Informante.mx\",\"url\":\"https:\\\/\\\/informante.mx\\\/\",\"logo\":{\"@type\":\"ImageObject\",\"inLanguage\":\"es\",\"@id\":\"https:\\\/\\\/informante.mx\\\/#\\\/schema\\\/logo\\\/image\\\/\",\"url\":\"https:\\\/\\\/informante.mx\\\/wp-content\\\/uploads\\\/2019\\\/12\\\/cropped-LOGO-Verde-Apaisado-1024x360O-1.png\",\"contentUrl\":\"https:\\\/\\\/informante.mx\\\/wp-content\\\/uploads\\\/2019\\\/12\\\/cropped-LOGO-Verde-Apaisado-1024x360O-1.png\",\"width\":923,\"height\":180,\"caption\":\"Informante.mx\"},\"image\":{\"@id\":\"https:\\\/\\\/informante.mx\\\/#\\\/schema\\\/logo\\\/image\\\/\"},\"sameAs\":[\"https:\\\/\\\/www.facebook.com\\\/MX.Informante\",\"https:\\\/\\\/x.com\\\/mx_informante\"]},{\"@type\":\"Person\",\"@id\":\"https:\\\/\\\/informante.mx\\\/#\\\/schema\\\/person\\\/3eff91989d2ea76b0a330b416325946c\",\"name\":\"InformanteMX\",\"image\":{\"@type\":\"ImageObject\",\"inLanguage\":\"es\",\"@id\":\"https:\\\/\\\/secure.gravatar.com\\\/avatar\\\/10d802aa739e832aedd2f3fd8544d878871eb22e6ca86fe9a548573e34a28f0e?s=96&d=mm&r=g\",\"url\":\"https:\\\/\\\/secure.gravatar.com\\\/avatar\\\/10d802aa739e832aedd2f3fd8544d878871eb22e6ca86fe9a548573e34a28f0e?s=96&d=mm&r=g\",\"contentUrl\":\"https:\\\/\\\/secure.gravatar.com\\\/avatar\\\/10d802aa739e832aedd2f3fd8544d878871eb22e6ca86fe9a548573e34a28f0e?s=96&d=mm&r=g\",\"caption\":\"InformanteMX\"},\"url\":\"https:\\\/\\\/informante.mx\\\/?author=1\"}]}<\/script>\n<!-- \/ Yoast SEO plugin. -->","yoast_head_json":{"title":"IMSS aplaza reapertura de guarder\u00edas hasta el pr\u00f3ximo 20 de julio - Informante.mx","robots":{"index":"index","follow":"follow","max-snippet":"max-snippet:-1","max-image-preview":"max-image-preview:large","max-video-preview":"max-video-preview:-1"},"canonical":"https:\/\/informante.mx\/?p=19952","og_locale":"es_ES","og_type":"article","og_title":"IMSS aplaza reapertura de guarder\u00edas hasta el pr\u00f3ximo 20 de julio - Informante.mx","og_description":"Se abrir\u00e1n espacios \"sin la presencia\" de menores, con la finalidad de reforzar los protocolos sanitarios para el retorno","og_url":"https:\/\/informante.mx\/?p=19952","og_site_name":"Informante.mx","article_publisher":"https:\/\/www.facebook.com\/MX.Informante","article_published_time":"2020-07-09T14:11:12+00:00","article_modified_time":"2020-07-09T14:11:17+00:00","og_image":[{"width":651,"height":400,"url":"https:\/\/i0.wp.com\/informante.mx\/wp-content\/uploads\/2020\/07\/IMSS-1.jpg?fit=651%2C400&ssl=1","type":"image\/jpeg"}],"author":"InformanteMX","twitter_card":"summary_large_image","twitter_creator":"@mx_informante","twitter_site":"@mx_informante","twitter_misc":{"Escrito por":"InformanteMX","Tiempo de lectura":"2 minutos"},"schema":{"@context":"https:\/\/schema.org","@graph":[{"@type":"NewsArticle","@id":"https:\/\/informante.mx\/?p=19952#article","isPartOf":{"@id":"https:\/\/informante.mx\/?p=19952"},"author":{"name":"InformanteMX","@id":"https:\/\/informante.mx\/#\/schema\/person\/3eff91989d2ea76b0a330b416325946c"},"headline":"IMSS aplaza reapertura de guarder\u00edas hasta el pr\u00f3ximo 20 de julio","datePublished":"2020-07-09T14:11:12+00:00","dateModified":"2020-07-09T14:11:17+00:00","mainEntityOfPage":{"@id":"https:\/\/informante.mx\/?p=19952"},"wordCount":444,"commentCount":0,"publisher":{"@id":"https:\/\/informante.mx\/#organization"},"articleSection":["Local"],"inLanguage":"es","potentialAction":[{"@type":"CommentAction","name":"Comment","target":["https:\/\/informante.mx\/?p=19952#respond"]}]},{"@type":"WebPage","@id":"https:\/\/informante.mx\/?p=19952","url":"https:\/\/informante.mx\/?p=19952","name":"IMSS aplaza reapertura de guarder\u00edas hasta el pr\u00f3ximo 20 de julio - Informante.mx","isPartOf":{"@id":"https:\/\/informante.mx\/#website"},"datePublished":"2020-07-09T14:11:12+00:00","dateModified":"2020-07-09T14:11:17+00:00","breadcrumb":{"@id":"https:\/\/informante.mx\/?p=19952#breadcrumb"},"inLanguage":"es","potentialAction":[{"@type":"ReadAction","target":["https:\/\/informante.mx\/?p=19952"]}]},{"@type":"BreadcrumbList","@id":"https:\/\/informante.mx\/?p=19952#breadcrumb","itemListElement":[{"@type":"ListItem","position":1,"name":"Portada","item":"https:\/\/informante.mx\/"},{"@type":"ListItem","position":2,"name":"IMSS aplaza reapertura de guarder\u00edas hasta el pr\u00f3ximo 20 de julio"}]},{"@type":"WebSite","@id":"https:\/\/informante.mx\/#website","url":"https:\/\/informante.mx\/","name":"Informante.mx","description":"","publisher":{"@id":"https:\/\/informante.mx\/#organization"},"potentialAction":[{"@type":"SearchAction","target":{"@type":"EntryPoint","urlTemplate":"https:\/\/informante.mx\/?s={search_term_string}"},"query-input":{"@type":"PropertyValueSpecification","valueRequired":true,"valueName":"search_term_string"}}],"inLanguage":"es"},{"@type":"Organization","@id":"https:\/\/informante.mx\/#organization","name":"Informante.mx","url":"https:\/\/informante.mx\/","logo":{"@type":"ImageObject","inLanguage":"es","@id":"https:\/\/informante.mx\/#\/schema\/logo\/image\/","url":"https:\/\/informante.mx\/wp-content\/uploads\/2019\/12\/cropped-LOGO-Verde-Apaisado-1024x360O-1.png","contentUrl":"https:\/\/informante.mx\/wp-content\/uploads\/2019\/12\/cropped-LOGO-Verde-Apaisado-1024x360O-1.png","width":923,"height":180,"caption":"Informante.mx"},"image":{"@id":"https:\/\/informante.mx\/#\/schema\/logo\/image\/"},"sameAs":["https:\/\/www.facebook.com\/MX.Informante","https:\/\/x.com\/mx_informante"]},{"@type":"Person","@id":"https:\/\/informante.mx\/#\/schema\/person\/3eff91989d2ea76b0a330b416325946c","name":"InformanteMX","image":{"@type":"ImageObject","inLanguage":"es","@id":"https:\/\/secure.gravatar.com\/avatar\/10d802aa739e832aedd2f3fd8544d878871eb22e6ca86fe9a548573e34a28f0e?s=96&d=mm&r=g","url":"https:\/\/secure.gravatar.com\/avatar\/10d802aa739e832aedd2f3fd8544d878871eb22e6ca86fe9a548573e34a28f0e?s=96&d=mm&r=g","contentUrl":"https:\/\/secure.gravatar.com\/avatar\/10d802aa739e832aedd2f3fd8544d878871eb22e6ca86fe9a548573e34a28f0e?s=96&d=mm&r=g","caption":"InformanteMX"},"url":"https:\/\/informante.mx\/?author=1"}]}},"jetpack_featured_media_url":"","uagb_featured_image_src":{"full":false,"thumbnail":false,"medium":false,"medium_large":false,"large":false,"1536x1536":false,"2048x2048":false,"td_0x420":false,"td_0x420_retina":false,"td_80x60":false,"td_80x60_retina":false,"td_100x75":false,"td_100x75_retina":false,"td_180x135":false,"td_180x135_retina":false,"td_238x178":false,"td_238x178_retina":false,"td_265x198":false,"td_265x198_retina":false,"td_300x160":false,"td_300x160_retina":false,"td_300x194":false,"td_300x194_retina":false,"td_300x350":false,"td_300x350_retina":false,"td_341x220":false,"td_341x220_retina":false,"td_341x400":false,"td_341x400_retina":false,"td_511x400":false,"td_511x400_retina":false,"td_537x360":false,"td_537x360_retina":false,"td_640x0":false,"td_640x0_retina":false,"td_640x350":false,"td_640x350_retina":false,"td_681x0":false,"td_681x0_retina":false,"td_681x400":false,"td_681x400_retina":false,"td_741x486":false,"td_741x486_retina":false,"td_1021x580":false,"td_1021x580_retina":false},"uagb_author_info":{"display_name":"InformanteMX","author_link":"https:\/\/informante.mx\/?author=1"},"uagb_comment_info":0,"uagb_excerpt":"Se abrir\u00e1n espacios \"sin la presencia\" de menores, con la finalidad de reforzar los protocolos sanitarios para el retorno","_links":{"self":[{"href":"https:\/\/informante.mx\/index.php?rest_route=\/wp\/v2\/posts\/19952","targetHints":{"allow":["GET"]}}],"collection":[{"href":"https:\/\/informante.mx\/index.php?rest_route=\/wp\/v2\/posts"}],"about":[{"href":"https:\/\/informante.mx\/index.php?rest_route=\/wp\/v2\/types\/post"}],"author":[{"embeddable":true,"href":"https:\/\/informante.mx\/index.php?rest_route=\/wp\/v2\/users\/1"}],"replies":[{"embeddable":true,"href":"https:\/\/informante.mx\/index.php?rest_route=%2Fwp%2Fv2%2Fcomments&post=19952"}],"version-history":[{"count":1,"href":"https:\/\/informante.mx\/index.php?rest_route=\/wp\/v2\/posts\/19952\/revisions"}],"predecessor-version":[{"id":19954,"href":"https:\/\/informante.mx\/index.php?rest_route=\/wp\/v2\/posts\/19952\/revisions\/19954"}],"wp:attachment":[{"href":"https:\/\/informante.mx\/index.php?rest_route=%2Fwp%2Fv2%2Fmedia&parent=19952"}],"wp:term":[{"taxonomy":"category","embeddable":true,"href":"https:\/\/informante.mx\/index.php?rest_route=%2Fwp%2Fv2%2Fcategories&post=19952"},{"taxonomy":"post_tag","embeddable":true,"href":"https:\/\/informante.mx\/index.php?rest_route=%2Fwp%2Fv2%2Ftags&post=19952"}],"curies":[{"name":"wp","href":"https:\/\/api.w.org\/{rel}","templated":true}]}}