{"id":19899,"date":"2020-07-08T13:34:40","date_gmt":"2020-07-08T18:34:40","guid":{"rendered":"http:\/\/informante.mx\/?p=19899"},"modified":"2020-07-08T13:34:48","modified_gmt":"2020-07-08T18:34:48","slug":"protesta-union-de-sindicatos-magisteriales-en-la-sev","status":"publish","type":"post","link":"https:\/\/informante.mx\/?p=19899","title":{"rendered":"Protesta Uni\u00f3n de Sindicatos Magisteriales en la SEV"},"content":{"rendered":"\n<p>Dario Pale<\/p>\n\n\n\n<p>La Uni\u00f3n de Sindicatos Magisteriales del Estado de Veracruz (USMEV), encabezados por los siete Secretarios Generales, se manifiestan en las instalaciones de la Secretar\u00eda de Educaci\u00f3n de Veracruz (SEV), para expresar su inconformidad de excluir a los sindicatos de proceso de cambios de centros de trabajo.<\/p>\n\n\n\n<p>Entrevistados durante la manifestaci\u00f3n, exigieron un di\u00e1logo con las autoridades, debido a la exclusi\u00f3n de los sindicatos para los procesos de cambios de centros de trabajo que lleva a cabo la propia dependencia estatal.<\/p>\n\n\n\n<p>Por lo anterior, desde temprana hora arribaron a la capital del estado los l\u00edderes de los Sindicatos Liderazgo y Democracia Educativa Responsable con Acci\u00f3n del Magisterio, Sindicato Aut\u00e9ntico de Trabajadores de Telebachillerato y de la Educaci\u00f3n de Veracruz, Gremio Nacional de Trabajadores de la Educaci\u00f3n, Sindicato Independiente de Regeneraci\u00f3n Magisterial, Sindicato Integrador Alternativo de los Trabajadores de la Educaci\u00f3n en M\u00e9xico, Alternativa Sindical de Trabajadores de la Educaci\u00f3n de Veracruz y Liga Magisterial Veracruzana; para solicitar el di\u00e1logo con la Oficial Mayor, Ariadna Selene Aguilar Amaya o el secretario, Zenyazen Escobar Garc\u00eda.<\/p>\n\n\n\n<p>Tonatiuh Paredes Rangel, secretario general del Sindicato Independiente de Regeneraci\u00f3n Magisterial, se\u00f1al\u00f3, \u00abExigimos que no se pierda el derecho a la representaci\u00f3n sindical ante una actividad que nosotros llamamos cambios de adscripci\u00f3n y permutas, estos cambios normalmente los proponemos a trav\u00e9s de las necesidades de cada trabajador\u00bb.<\/p>\n\n\n\n<p>Dijo que es imposible que hoy la Secretar\u00eda quiera aplicar una norma que no ayuda y no beneficia y que est\u00e1n haciendo a trav\u00e9s de una plataforma digital que no funciona para ellos, adem\u00e1s de que dicha plataforma jam\u00e1s sustituir\u00e1 el trabajo de los comit\u00e9s y delegaciones sindicales.<\/p>\n\n\n\n<p>Detall\u00f3 que en conjunto representan a alrededor de 3 mil trabajadores de la educaci\u00f3n y las adscripciones en los diferentes niveles educativos variar\u00e1n derivado de que hay bajas y entonces se pueden generar de cuatro a cinco cambios.<\/p>\n\n\n\n<p>\u00abEso la Secretar\u00eda obviamente no lo tiene considerado, eso lo sabemos quienes caminamos d\u00eda a d\u00eda con los trabajadores. Lo que pedimos es que, al no haber armonizaci\u00f3n estatal en donde incluya la participaci\u00f3n sindical, detengan este proceso y se siga trabajando como anteriormente y se respete las propuestas sindicales\u00bb, agreg\u00f3.<\/p>\n\n\n\n<p>Por su parte, Carlos Alberto Garc\u00eda, secretario general del Lyderam, expres\u00f3 que la plataforma no ha funcionado y sostuvo que muchos de sus compa\u00f1eros tuvieron dificultades hasta para les aceptaran un documento.<\/p>\n\n\n\n<p>\u00abSolicitamos respuesta y nunca la hubo para poder solventar esto\u2026 la oficial es una persona muy atenta, el maestro Luis Arturo Dur\u00e1n, quien es el enlace ante la Oficial, pero no hay respuesta, nos dijo que no se recibir\u00e1n propuestas y que aquellos sindicatos que puedan se van a responder como negativas\u00bb, se\u00f1al\u00f3.<\/p>\n\n\n\n<p>El l\u00edder del Gremio Nacional de Trabajadores de la Educaci\u00f3n (GNTE), Avith Moctezuma Uscanga, explic\u00f3 que la armonizaci\u00f3n de la Ley de Educaci\u00f3n est\u00e1 pendiente para el caso de Veracruz y el pretexto fue la pandemia porque ellos ya estaban listos para contribuir con el Poder Legislativo y se llevara a cabo dicha armonizaci\u00f3n.<\/p>\n\n\n\n<p>\u00abYa hicimos un documento de exhorto al Poder Legislativo del Estado de que inicien los trabajos de armonizaci\u00f3n de la legislaci\u00f3n. Es un tema importante para los trabajadores y nos ayudar\u00eda mucho a resolver las problem\u00e1ticas que estamos enfrentando\u00bb, finaliz\u00f3.<\/p>\n","protected":false},"excerpt":{"rendered":"<p>Solicitan di\u00e1logo con el Secretario Zenyazen Escobar <\/p>\n","protected":false},"author":1,"featured_media":0,"comment_status":"open","ping_status":"closed","sticky":false,"template":"","format":"standard","meta":{"_uag_custom_page_level_css":"","jetpack_post_was_ever_published":false,"footnotes":""},"categories":[4],"tags":[],"class_list":["post-19899","post","type-post","status-publish","format-standard","hentry","category-estatal"],"yoast_head":"<!-- This site is optimized with the Yoast SEO plugin v27.3 - https:\/\/yoast.com\/product\/yoast-seo-wordpress\/ -->\n<title>Protesta Uni\u00f3n de Sindicatos Magisteriales en la SEV - Informante.mx<\/title>\n<meta name=\"robots\" content=\"index, follow, max-snippet:-1, max-image-preview:large, max-video-preview:-1\" \/>\n<link rel=\"canonical\" href=\"https:\/\/informante.mx\/?p=19899\" \/>\n<meta property=\"og:locale\" content=\"es_ES\" \/>\n<meta property=\"og:type\" content=\"article\" \/>\n<meta property=\"og:title\" content=\"Protesta Uni\u00f3n de Sindicatos Magisteriales en la SEV - Informante.mx\" \/>\n<meta property=\"og:description\" content=\"Solicitan di\u00e1logo con el Secretario Zenyazen Escobar\" \/>\n<meta property=\"og:url\" content=\"https:\/\/informante.mx\/?p=19899\" \/>\n<meta property=\"og:site_name\" content=\"Informante.mx\" \/>\n<meta property=\"article:publisher\" content=\"https:\/\/www.facebook.com\/MX.Informante\" \/>\n<meta property=\"article:published_time\" content=\"2020-07-08T18:34:40+00:00\" \/>\n<meta property=\"article:modified_time\" content=\"2020-07-08T18:34:48+00:00\" \/>\n<meta property=\"og:image\" content=\"https:\/\/i0.wp.com\/informante.mx\/wp-content\/uploads\/2020\/07\/sev.jpeg?fit=1280%2C960&ssl=1\" \/>\n\t<meta property=\"og:image:width\" content=\"1280\" \/>\n\t<meta property=\"og:image:height\" content=\"960\" \/>\n\t<meta property=\"og:image:type\" content=\"image\/jpeg\" \/>\n<meta name=\"author\" content=\"InformanteMX\" \/>\n<meta name=\"twitter:card\" content=\"summary_large_image\" \/>\n<meta name=\"twitter:creator\" content=\"@mx_informante\" \/>\n<meta name=\"twitter:site\" content=\"@mx_informante\" \/>\n<meta name=\"twitter:label1\" content=\"Escrito por\" \/>\n\t<meta name=\"twitter:data1\" content=\"InformanteMX\" \/>\n\t<meta name=\"twitter:label2\" content=\"Tiempo de lectura\" \/>\n\t<meta name=\"twitter:data2\" content=\"3 minutos\" \/>\n<script type=\"application\/ld+json\" class=\"yoast-schema-graph\">{\"@context\":\"https:\\\/\\\/schema.org\",\"@graph\":[{\"@type\":\"NewsArticle\",\"@id\":\"https:\\\/\\\/informante.mx\\\/?p=19899#article\",\"isPartOf\":{\"@id\":\"https:\\\/\\\/informante.mx\\\/?p=19899\"},\"author\":{\"name\":\"InformanteMX\",\"@id\":\"https:\\\/\\\/informante.mx\\\/#\\\/schema\\\/person\\\/3eff91989d2ea76b0a330b416325946c\"},\"headline\":\"Protesta Uni\u00f3n de Sindicatos Magisteriales en la SEV\",\"datePublished\":\"2020-07-08T18:34:40+00:00\",\"dateModified\":\"2020-07-08T18:34:48+00:00\",\"mainEntityOfPage\":{\"@id\":\"https:\\\/\\\/informante.mx\\\/?p=19899\"},\"wordCount\":594,\"commentCount\":0,\"publisher\":{\"@id\":\"https:\\\/\\\/informante.mx\\\/#organization\"},\"articleSection\":[\"Estatal\"],\"inLanguage\":\"es\",\"potentialAction\":[{\"@type\":\"CommentAction\",\"name\":\"Comment\",\"target\":[\"https:\\\/\\\/informante.mx\\\/?p=19899#respond\"]}]},{\"@type\":\"WebPage\",\"@id\":\"https:\\\/\\\/informante.mx\\\/?p=19899\",\"url\":\"https:\\\/\\\/informante.mx\\\/?p=19899\",\"name\":\"Protesta Uni\u00f3n de Sindicatos Magisteriales en la SEV - Informante.mx\",\"isPartOf\":{\"@id\":\"https:\\\/\\\/informante.mx\\\/#website\"},\"datePublished\":\"2020-07-08T18:34:40+00:00\",\"dateModified\":\"2020-07-08T18:34:48+00:00\",\"breadcrumb\":{\"@id\":\"https:\\\/\\\/informante.mx\\\/?p=19899#breadcrumb\"},\"inLanguage\":\"es\",\"potentialAction\":[{\"@type\":\"ReadAction\",\"target\":[\"https:\\\/\\\/informante.mx\\\/?p=19899\"]}]},{\"@type\":\"BreadcrumbList\",\"@id\":\"https:\\\/\\\/informante.mx\\\/?p=19899#breadcrumb\",\"itemListElement\":[{\"@type\":\"ListItem\",\"position\":1,\"name\":\"Portada\",\"item\":\"https:\\\/\\\/informante.mx\\\/\"},{\"@type\":\"ListItem\",\"position\":2,\"name\":\"Protesta Uni\u00f3n de Sindicatos Magisteriales en la SEV\"}]},{\"@type\":\"WebSite\",\"@id\":\"https:\\\/\\\/informante.mx\\\/#website\",\"url\":\"https:\\\/\\\/informante.mx\\\/\",\"name\":\"Informante.mx\",\"description\":\"\",\"publisher\":{\"@id\":\"https:\\\/\\\/informante.mx\\\/#organization\"},\"potentialAction\":[{\"@type\":\"SearchAction\",\"target\":{\"@type\":\"EntryPoint\",\"urlTemplate\":\"https:\\\/\\\/informante.mx\\\/?s={search_term_string}\"},\"query-input\":{\"@type\":\"PropertyValueSpecification\",\"valueRequired\":true,\"valueName\":\"search_term_string\"}}],\"inLanguage\":\"es\"},{\"@type\":\"Organization\",\"@id\":\"https:\\\/\\\/informante.mx\\\/#organization\",\"name\":\"Informante.mx\",\"url\":\"https:\\\/\\\/informante.mx\\\/\",\"logo\":{\"@type\":\"ImageObject\",\"inLanguage\":\"es\",\"@id\":\"https:\\\/\\\/informante.mx\\\/#\\\/schema\\\/logo\\\/image\\\/\",\"url\":\"https:\\\/\\\/informante.mx\\\/wp-content\\\/uploads\\\/2019\\\/12\\\/cropped-LOGO-Verde-Apaisado-1024x360O-1.png\",\"contentUrl\":\"https:\\\/\\\/informante.mx\\\/wp-content\\\/uploads\\\/2019\\\/12\\\/cropped-LOGO-Verde-Apaisado-1024x360O-1.png\",\"width\":923,\"height\":180,\"caption\":\"Informante.mx\"},\"image\":{\"@id\":\"https:\\\/\\\/informante.mx\\\/#\\\/schema\\\/logo\\\/image\\\/\"},\"sameAs\":[\"https:\\\/\\\/www.facebook.com\\\/MX.Informante\",\"https:\\\/\\\/x.com\\\/mx_informante\"]},{\"@type\":\"Person\",\"@id\":\"https:\\\/\\\/informante.mx\\\/#\\\/schema\\\/person\\\/3eff91989d2ea76b0a330b416325946c\",\"name\":\"InformanteMX\",\"image\":{\"@type\":\"ImageObject\",\"inLanguage\":\"es\",\"@id\":\"https:\\\/\\\/secure.gravatar.com\\\/avatar\\\/10d802aa739e832aedd2f3fd8544d878871eb22e6ca86fe9a548573e34a28f0e?s=96&d=mm&r=g\",\"url\":\"https:\\\/\\\/secure.gravatar.com\\\/avatar\\\/10d802aa739e832aedd2f3fd8544d878871eb22e6ca86fe9a548573e34a28f0e?s=96&d=mm&r=g\",\"contentUrl\":\"https:\\\/\\\/secure.gravatar.com\\\/avatar\\\/10d802aa739e832aedd2f3fd8544d878871eb22e6ca86fe9a548573e34a28f0e?s=96&d=mm&r=g\",\"caption\":\"InformanteMX\"},\"url\":\"https:\\\/\\\/informante.mx\\\/?author=1\"}]}<\/script>\n<!-- \/ Yoast SEO plugin. -->","yoast_head_json":{"title":"Protesta Uni\u00f3n de Sindicatos Magisteriales en la SEV - Informante.mx","robots":{"index":"index","follow":"follow","max-snippet":"max-snippet:-1","max-image-preview":"max-image-preview:large","max-video-preview":"max-video-preview:-1"},"canonical":"https:\/\/informante.mx\/?p=19899","og_locale":"es_ES","og_type":"article","og_title":"Protesta Uni\u00f3n de Sindicatos Magisteriales en la SEV - Informante.mx","og_description":"Solicitan di\u00e1logo con el Secretario Zenyazen Escobar","og_url":"https:\/\/informante.mx\/?p=19899","og_site_name":"Informante.mx","article_publisher":"https:\/\/www.facebook.com\/MX.Informante","article_published_time":"2020-07-08T18:34:40+00:00","article_modified_time":"2020-07-08T18:34:48+00:00","og_image":[{"width":1280,"height":960,"url":"https:\/\/i0.wp.com\/informante.mx\/wp-content\/uploads\/2020\/07\/sev.jpeg?fit=1280%2C960&ssl=1","type":"image\/jpeg"}],"author":"InformanteMX","twitter_card":"summary_large_image","twitter_creator":"@mx_informante","twitter_site":"@mx_informante","twitter_misc":{"Escrito por":"InformanteMX","Tiempo de lectura":"3 minutos"},"schema":{"@context":"https:\/\/schema.org","@graph":[{"@type":"NewsArticle","@id":"https:\/\/informante.mx\/?p=19899#article","isPartOf":{"@id":"https:\/\/informante.mx\/?p=19899"},"author":{"name":"InformanteMX","@id":"https:\/\/informante.mx\/#\/schema\/person\/3eff91989d2ea76b0a330b416325946c"},"headline":"Protesta Uni\u00f3n de Sindicatos Magisteriales en la SEV","datePublished":"2020-07-08T18:34:40+00:00","dateModified":"2020-07-08T18:34:48+00:00","mainEntityOfPage":{"@id":"https:\/\/informante.mx\/?p=19899"},"wordCount":594,"commentCount":0,"publisher":{"@id":"https:\/\/informante.mx\/#organization"},"articleSection":["Estatal"],"inLanguage":"es","potentialAction":[{"@type":"CommentAction","name":"Comment","target":["https:\/\/informante.mx\/?p=19899#respond"]}]},{"@type":"WebPage","@id":"https:\/\/informante.mx\/?p=19899","url":"https:\/\/informante.mx\/?p=19899","name":"Protesta Uni\u00f3n de Sindicatos Magisteriales en la SEV - Informante.mx","isPartOf":{"@id":"https:\/\/informante.mx\/#website"},"datePublished":"2020-07-08T18:34:40+00:00","dateModified":"2020-07-08T18:34:48+00:00","breadcrumb":{"@id":"https:\/\/informante.mx\/?p=19899#breadcrumb"},"inLanguage":"es","potentialAction":[{"@type":"ReadAction","target":["https:\/\/informante.mx\/?p=19899"]}]},{"@type":"BreadcrumbList","@id":"https:\/\/informante.mx\/?p=19899#breadcrumb","itemListElement":[{"@type":"ListItem","position":1,"name":"Portada","item":"https:\/\/informante.mx\/"},{"@type":"ListItem","position":2,"name":"Protesta Uni\u00f3n de Sindicatos Magisteriales en la SEV"}]},{"@type":"WebSite","@id":"https:\/\/informante.mx\/#website","url":"https:\/\/informante.mx\/","name":"Informante.mx","description":"","publisher":{"@id":"https:\/\/informante.mx\/#organization"},"potentialAction":[{"@type":"SearchAction","target":{"@type":"EntryPoint","urlTemplate":"https:\/\/informante.mx\/?s={search_term_string}"},"query-input":{"@type":"PropertyValueSpecification","valueRequired":true,"valueName":"search_term_string"}}],"inLanguage":"es"},{"@type":"Organization","@id":"https:\/\/informante.mx\/#organization","name":"Informante.mx","url":"https:\/\/informante.mx\/","logo":{"@type":"ImageObject","inLanguage":"es","@id":"https:\/\/informante.mx\/#\/schema\/logo\/image\/","url":"https:\/\/informante.mx\/wp-content\/uploads\/2019\/12\/cropped-LOGO-Verde-Apaisado-1024x360O-1.png","contentUrl":"https:\/\/informante.mx\/wp-content\/uploads\/2019\/12\/cropped-LOGO-Verde-Apaisado-1024x360O-1.png","width":923,"height":180,"caption":"Informante.mx"},"image":{"@id":"https:\/\/informante.mx\/#\/schema\/logo\/image\/"},"sameAs":["https:\/\/www.facebook.com\/MX.Informante","https:\/\/x.com\/mx_informante"]},{"@type":"Person","@id":"https:\/\/informante.mx\/#\/schema\/person\/3eff91989d2ea76b0a330b416325946c","name":"InformanteMX","image":{"@type":"ImageObject","inLanguage":"es","@id":"https:\/\/secure.gravatar.com\/avatar\/10d802aa739e832aedd2f3fd8544d878871eb22e6ca86fe9a548573e34a28f0e?s=96&d=mm&r=g","url":"https:\/\/secure.gravatar.com\/avatar\/10d802aa739e832aedd2f3fd8544d878871eb22e6ca86fe9a548573e34a28f0e?s=96&d=mm&r=g","contentUrl":"https:\/\/secure.gravatar.com\/avatar\/10d802aa739e832aedd2f3fd8544d878871eb22e6ca86fe9a548573e34a28f0e?s=96&d=mm&r=g","caption":"InformanteMX"},"url":"https:\/\/informante.mx\/?author=1"}]}},"jetpack_featured_media_url":"","uagb_featured_image_src":{"full":false,"thumbnail":false,"medium":false,"medium_large":false,"large":false,"1536x1536":false,"2048x2048":false,"td_0x420":false,"td_0x420_retina":false,"td_80x60":false,"td_80x60_retina":false,"td_100x75":false,"td_100x75_retina":false,"td_180x135":false,"td_180x135_retina":false,"td_238x178":false,"td_238x178_retina":false,"td_265x198":false,"td_265x198_retina":false,"td_300x160":false,"td_300x160_retina":false,"td_300x194":false,"td_300x194_retina":false,"td_300x350":false,"td_300x350_retina":false,"td_341x220":false,"td_341x220_retina":false,"td_341x400":false,"td_341x400_retina":false,"td_511x400":false,"td_511x400_retina":false,"td_537x360":false,"td_537x360_retina":false,"td_640x0":false,"td_640x0_retina":false,"td_640x350":false,"td_640x350_retina":false,"td_681x0":false,"td_681x0_retina":false,"td_681x400":false,"td_681x400_retina":false,"td_741x486":false,"td_741x486_retina":false,"td_1021x580":false,"td_1021x580_retina":false},"uagb_author_info":{"display_name":"InformanteMX","author_link":"https:\/\/informante.mx\/?author=1"},"uagb_comment_info":0,"uagb_excerpt":"Solicitan di\u00e1logo con el Secretario Zenyazen Escobar","_links":{"self":[{"href":"https:\/\/informante.mx\/index.php?rest_route=\/wp\/v2\/posts\/19899","targetHints":{"allow":["GET"]}}],"collection":[{"href":"https:\/\/informante.mx\/index.php?rest_route=\/wp\/v2\/posts"}],"about":[{"href":"https:\/\/informante.mx\/index.php?rest_route=\/wp\/v2\/types\/post"}],"author":[{"embeddable":true,"href":"https:\/\/informante.mx\/index.php?rest_route=\/wp\/v2\/users\/1"}],"replies":[{"embeddable":true,"href":"https:\/\/informante.mx\/index.php?rest_route=%2Fwp%2Fv2%2Fcomments&post=19899"}],"version-history":[{"count":1,"href":"https:\/\/informante.mx\/index.php?rest_route=\/wp\/v2\/posts\/19899\/revisions"}],"predecessor-version":[{"id":19901,"href":"https:\/\/informante.mx\/index.php?rest_route=\/wp\/v2\/posts\/19899\/revisions\/19901"}],"wp:attachment":[{"href":"https:\/\/informante.mx\/index.php?rest_route=%2Fwp%2Fv2%2Fmedia&parent=19899"}],"wp:term":[{"taxonomy":"category","embeddable":true,"href":"https:\/\/informante.mx\/index.php?rest_route=%2Fwp%2Fv2%2Fcategories&post=19899"},{"taxonomy":"post_tag","embeddable":true,"href":"https:\/\/informante.mx\/index.php?rest_route=%2Fwp%2Fv2%2Ftags&post=19899"}],"curies":[{"name":"wp","href":"https:\/\/api.w.org\/{rel}","templated":true}]}}