{"id":19897,"date":"2020-07-08T13:27:50","date_gmt":"2020-07-08T18:27:50","guid":{"rendered":"http:\/\/informante.mx\/?p=19897"},"modified":"2020-07-08T19:45:29","modified_gmt":"2020-07-09T00:45:29","slug":"en-veracruz-emiten-acuerdo-para-retorno-a-la-nueva-normalidad","status":"publish","type":"post","link":"https:\/\/informante.mx\/?p=19897","title":{"rendered":"En Veracruz, emiten acuerdo para retorno a la nueva normalidad"},"content":{"rendered":"\n<p><\/p>\n\n\n\n<p>Ada Reyes<\/p>\n\n\n\n<p>Xalapa, Ver.- En Veracruz, se emiti\u00f3 un acuerdo para el retorno paulatino a la \u201cnueva normalidad\u201d. Ah\u00ed se estableci\u00f3 la \u201cCampa\u00f1a de Supervisi\u00f3n por la Salud de Todas y Todos\u201d.<\/p>\n\n\n\n<p>De acuerdo con el gobernador, Cuitl\u00e1huac Garc\u00eda Jim\u00e9nez, se busca que los 212 municipios supervisen las medidas sanitarias, as\u00ed como sus lineamiento para evitar contagios por COVID-19.<\/p>\n\n\n\n<p>Adem\u00e1s se contempla el regreso de las actividades econ\u00f3micas de forma ordenada, gradual y cauta en el estado, esto de acuerdo con el sem\u00e1foro de riesgo epidemiol\u00f3gico vigente en cada municipio.<\/p>\n\n\n\n<p>Para la ejecuci\u00f3n y difusi\u00f3n efectiva del presente acuerdo, y la vigilancia del cumplimiento de la \u201cCampa\u00f1a de Supervisi\u00f3n por la Salud de Todas y Todos\u201d, estar\u00e1 a cargo la secretar\u00edas, dependencias o entidades que integran el Consejo Estatal de Salud de acuerdo a su reglamento interno y a las atribuciones propias de cada miembro.<\/p>\n\n\n\n<p>Tambi\u00e9n se da informa que, los alcaldes deben de estar coordinador con los integrantes de la Mesa de Coordinaci\u00f3n para la Construcci\u00f3n de la Paz, as\u00ed como el Sistema Estatal de Protecci\u00f3n Civil, los gobiernos de los Ayuntamientos y dependencias como la Secretar\u00eda de Trabajo, Desarrollo Econ\u00f3mico, SEDEMA, Turismo, as\u00ed como Protecci\u00f3n Civil a fin de estar al pendiente de las nuevas disposiciones y la sem\u00e1forizaci\u00f3n que se va desarrollando en las pr\u00f3ximas semanas.<\/p>\n\n\n\n<p>Es de comentar que de acuerdo al art\u00edculo segundo se exhorta a las presidentas y presidentes municipales de los 211 municipios y al presidente del Consejo municipal de Mixtla de Altamirano a coadyuvar en el cumplimiento de dicha campa\u00f1a.<\/p>\n\n\n\n<p>Cabe mencionar que es el Consejo T\u00e9cnico de Salud y la Secretar\u00eda de Salud quienes den a conocer c\u00f3mo se manejan los sem\u00e1foros semanales y, que municipios pueden ir adapt\u00e1ndose a la nueva normalidad.<\/p>\n","protected":false},"excerpt":{"rendered":"<p>Se busca que los 212 municipios supervisen las medidas sanitarias, as\u00ed como sus lineamiento para evitar contagios por COVID-19<\/p>\n","protected":false},"author":1,"featured_media":0,"comment_status":"open","ping_status":"closed","sticky":false,"template":"","format":"standard","meta":{"_uag_custom_page_level_css":"","jetpack_post_was_ever_published":false,"footnotes":""},"categories":[16],"tags":[],"class_list":["post-19897","post","type-post","status-publish","format-standard","hentry","category-enterate"],"yoast_head":"<!-- This site is optimized with the Yoast SEO plugin v27.3 - https:\/\/yoast.com\/product\/yoast-seo-wordpress\/ -->\n<title>En Veracruz, emiten acuerdo para retorno a la nueva normalidad - Informante.mx<\/title>\n<meta name=\"robots\" content=\"index, follow, max-snippet:-1, max-image-preview:large, max-video-preview:-1\" \/>\n<link rel=\"canonical\" href=\"https:\/\/informante.mx\/?p=19897\" \/>\n<meta property=\"og:locale\" content=\"es_ES\" \/>\n<meta property=\"og:type\" content=\"article\" \/>\n<meta property=\"og:title\" content=\"En Veracruz, emiten acuerdo para retorno a la nueva normalidad - Informante.mx\" \/>\n<meta property=\"og:description\" content=\"Se busca que los 212 municipios supervisen las medidas sanitarias, as\u00ed como sus lineamiento para evitar contagios por COVID-19\" \/>\n<meta property=\"og:url\" content=\"https:\/\/informante.mx\/?p=19897\" \/>\n<meta property=\"og:site_name\" content=\"Informante.mx\" \/>\n<meta property=\"article:publisher\" content=\"https:\/\/www.facebook.com\/MX.Informante\" \/>\n<meta property=\"article:published_time\" content=\"2020-07-08T18:27:50+00:00\" \/>\n<meta property=\"article:modified_time\" content=\"2020-07-09T00:45:29+00:00\" \/>\n<meta property=\"og:image\" content=\"https:\/\/i0.wp.com\/informante.mx\/wp-content\/uploads\/2020\/03\/COVID-2.jpg?fit=958%2C596&ssl=1\" \/>\n\t<meta property=\"og:image:width\" content=\"958\" \/>\n\t<meta property=\"og:image:height\" content=\"596\" \/>\n\t<meta property=\"og:image:type\" content=\"image\/jpeg\" \/>\n<meta name=\"author\" content=\"InformanteMX\" \/>\n<meta name=\"twitter:card\" content=\"summary_large_image\" \/>\n<meta name=\"twitter:creator\" content=\"@mx_informante\" \/>\n<meta name=\"twitter:site\" content=\"@mx_informante\" \/>\n<meta name=\"twitter:label1\" content=\"Escrito por\" \/>\n\t<meta name=\"twitter:data1\" content=\"InformanteMX\" \/>\n\t<meta name=\"twitter:label2\" content=\"Tiempo de lectura\" \/>\n\t<meta name=\"twitter:data2\" content=\"2 minutos\" \/>\n<script type=\"application\/ld+json\" class=\"yoast-schema-graph\">{\"@context\":\"https:\\\/\\\/schema.org\",\"@graph\":[{\"@type\":\"NewsArticle\",\"@id\":\"https:\\\/\\\/informante.mx\\\/?p=19897#article\",\"isPartOf\":{\"@id\":\"https:\\\/\\\/informante.mx\\\/?p=19897\"},\"author\":{\"name\":\"InformanteMX\",\"@id\":\"https:\\\/\\\/informante.mx\\\/#\\\/schema\\\/person\\\/3eff91989d2ea76b0a330b416325946c\"},\"headline\":\"En Veracruz, emiten acuerdo para retorno a la nueva normalidad\",\"datePublished\":\"2020-07-08T18:27:50+00:00\",\"dateModified\":\"2020-07-09T00:45:29+00:00\",\"mainEntityOfPage\":{\"@id\":\"https:\\\/\\\/informante.mx\\\/?p=19897\"},\"wordCount\":332,\"commentCount\":0,\"publisher\":{\"@id\":\"https:\\\/\\\/informante.mx\\\/#organization\"},\"articleSection\":[\"Ent\u00e9rate\"],\"inLanguage\":\"es\",\"potentialAction\":[{\"@type\":\"CommentAction\",\"name\":\"Comment\",\"target\":[\"https:\\\/\\\/informante.mx\\\/?p=19897#respond\"]}]},{\"@type\":\"WebPage\",\"@id\":\"https:\\\/\\\/informante.mx\\\/?p=19897\",\"url\":\"https:\\\/\\\/informante.mx\\\/?p=19897\",\"name\":\"En Veracruz, emiten acuerdo para retorno a la nueva normalidad - Informante.mx\",\"isPartOf\":{\"@id\":\"https:\\\/\\\/informante.mx\\\/#website\"},\"datePublished\":\"2020-07-08T18:27:50+00:00\",\"dateModified\":\"2020-07-09T00:45:29+00:00\",\"breadcrumb\":{\"@id\":\"https:\\\/\\\/informante.mx\\\/?p=19897#breadcrumb\"},\"inLanguage\":\"es\",\"potentialAction\":[{\"@type\":\"ReadAction\",\"target\":[\"https:\\\/\\\/informante.mx\\\/?p=19897\"]}]},{\"@type\":\"BreadcrumbList\",\"@id\":\"https:\\\/\\\/informante.mx\\\/?p=19897#breadcrumb\",\"itemListElement\":[{\"@type\":\"ListItem\",\"position\":1,\"name\":\"Portada\",\"item\":\"https:\\\/\\\/informante.mx\\\/\"},{\"@type\":\"ListItem\",\"position\":2,\"name\":\"En Veracruz, emiten acuerdo para retorno a la nueva normalidad\"}]},{\"@type\":\"WebSite\",\"@id\":\"https:\\\/\\\/informante.mx\\\/#website\",\"url\":\"https:\\\/\\\/informante.mx\\\/\",\"name\":\"Informante.mx\",\"description\":\"\",\"publisher\":{\"@id\":\"https:\\\/\\\/informante.mx\\\/#organization\"},\"potentialAction\":[{\"@type\":\"SearchAction\",\"target\":{\"@type\":\"EntryPoint\",\"urlTemplate\":\"https:\\\/\\\/informante.mx\\\/?s={search_term_string}\"},\"query-input\":{\"@type\":\"PropertyValueSpecification\",\"valueRequired\":true,\"valueName\":\"search_term_string\"}}],\"inLanguage\":\"es\"},{\"@type\":\"Organization\",\"@id\":\"https:\\\/\\\/informante.mx\\\/#organization\",\"name\":\"Informante.mx\",\"url\":\"https:\\\/\\\/informante.mx\\\/\",\"logo\":{\"@type\":\"ImageObject\",\"inLanguage\":\"es\",\"@id\":\"https:\\\/\\\/informante.mx\\\/#\\\/schema\\\/logo\\\/image\\\/\",\"url\":\"https:\\\/\\\/informante.mx\\\/wp-content\\\/uploads\\\/2019\\\/12\\\/cropped-LOGO-Verde-Apaisado-1024x360O-1.png\",\"contentUrl\":\"https:\\\/\\\/informante.mx\\\/wp-content\\\/uploads\\\/2019\\\/12\\\/cropped-LOGO-Verde-Apaisado-1024x360O-1.png\",\"width\":923,\"height\":180,\"caption\":\"Informante.mx\"},\"image\":{\"@id\":\"https:\\\/\\\/informante.mx\\\/#\\\/schema\\\/logo\\\/image\\\/\"},\"sameAs\":[\"https:\\\/\\\/www.facebook.com\\\/MX.Informante\",\"https:\\\/\\\/x.com\\\/mx_informante\"]},{\"@type\":\"Person\",\"@id\":\"https:\\\/\\\/informante.mx\\\/#\\\/schema\\\/person\\\/3eff91989d2ea76b0a330b416325946c\",\"name\":\"InformanteMX\",\"image\":{\"@type\":\"ImageObject\",\"inLanguage\":\"es\",\"@id\":\"https:\\\/\\\/secure.gravatar.com\\\/avatar\\\/10d802aa739e832aedd2f3fd8544d878871eb22e6ca86fe9a548573e34a28f0e?s=96&d=mm&r=g\",\"url\":\"https:\\\/\\\/secure.gravatar.com\\\/avatar\\\/10d802aa739e832aedd2f3fd8544d878871eb22e6ca86fe9a548573e34a28f0e?s=96&d=mm&r=g\",\"contentUrl\":\"https:\\\/\\\/secure.gravatar.com\\\/avatar\\\/10d802aa739e832aedd2f3fd8544d878871eb22e6ca86fe9a548573e34a28f0e?s=96&d=mm&r=g\",\"caption\":\"InformanteMX\"},\"url\":\"https:\\\/\\\/informante.mx\\\/?author=1\"}]}<\/script>\n<!-- \/ Yoast SEO plugin. -->","yoast_head_json":{"title":"En Veracruz, emiten acuerdo para retorno a la nueva normalidad - Informante.mx","robots":{"index":"index","follow":"follow","max-snippet":"max-snippet:-1","max-image-preview":"max-image-preview:large","max-video-preview":"max-video-preview:-1"},"canonical":"https:\/\/informante.mx\/?p=19897","og_locale":"es_ES","og_type":"article","og_title":"En Veracruz, emiten acuerdo para retorno a la nueva normalidad - Informante.mx","og_description":"Se busca que los 212 municipios supervisen las medidas sanitarias, as\u00ed como sus lineamiento para evitar contagios por COVID-19","og_url":"https:\/\/informante.mx\/?p=19897","og_site_name":"Informante.mx","article_publisher":"https:\/\/www.facebook.com\/MX.Informante","article_published_time":"2020-07-08T18:27:50+00:00","article_modified_time":"2020-07-09T00:45:29+00:00","og_image":[{"width":958,"height":596,"url":"https:\/\/i0.wp.com\/informante.mx\/wp-content\/uploads\/2020\/03\/COVID-2.jpg?fit=958%2C596&ssl=1","type":"image\/jpeg"}],"author":"InformanteMX","twitter_card":"summary_large_image","twitter_creator":"@mx_informante","twitter_site":"@mx_informante","twitter_misc":{"Escrito por":"InformanteMX","Tiempo de lectura":"2 minutos"},"schema":{"@context":"https:\/\/schema.org","@graph":[{"@type":"NewsArticle","@id":"https:\/\/informante.mx\/?p=19897#article","isPartOf":{"@id":"https:\/\/informante.mx\/?p=19897"},"author":{"name":"InformanteMX","@id":"https:\/\/informante.mx\/#\/schema\/person\/3eff91989d2ea76b0a330b416325946c"},"headline":"En Veracruz, emiten acuerdo para retorno a la nueva normalidad","datePublished":"2020-07-08T18:27:50+00:00","dateModified":"2020-07-09T00:45:29+00:00","mainEntityOfPage":{"@id":"https:\/\/informante.mx\/?p=19897"},"wordCount":332,"commentCount":0,"publisher":{"@id":"https:\/\/informante.mx\/#organization"},"articleSection":["Ent\u00e9rate"],"inLanguage":"es","potentialAction":[{"@type":"CommentAction","name":"Comment","target":["https:\/\/informante.mx\/?p=19897#respond"]}]},{"@type":"WebPage","@id":"https:\/\/informante.mx\/?p=19897","url":"https:\/\/informante.mx\/?p=19897","name":"En Veracruz, emiten acuerdo para retorno a la nueva normalidad - Informante.mx","isPartOf":{"@id":"https:\/\/informante.mx\/#website"},"datePublished":"2020-07-08T18:27:50+00:00","dateModified":"2020-07-09T00:45:29+00:00","breadcrumb":{"@id":"https:\/\/informante.mx\/?p=19897#breadcrumb"},"inLanguage":"es","potentialAction":[{"@type":"ReadAction","target":["https:\/\/informante.mx\/?p=19897"]}]},{"@type":"BreadcrumbList","@id":"https:\/\/informante.mx\/?p=19897#breadcrumb","itemListElement":[{"@type":"ListItem","position":1,"name":"Portada","item":"https:\/\/informante.mx\/"},{"@type":"ListItem","position":2,"name":"En Veracruz, emiten acuerdo para retorno a la nueva normalidad"}]},{"@type":"WebSite","@id":"https:\/\/informante.mx\/#website","url":"https:\/\/informante.mx\/","name":"Informante.mx","description":"","publisher":{"@id":"https:\/\/informante.mx\/#organization"},"potentialAction":[{"@type":"SearchAction","target":{"@type":"EntryPoint","urlTemplate":"https:\/\/informante.mx\/?s={search_term_string}"},"query-input":{"@type":"PropertyValueSpecification","valueRequired":true,"valueName":"search_term_string"}}],"inLanguage":"es"},{"@type":"Organization","@id":"https:\/\/informante.mx\/#organization","name":"Informante.mx","url":"https:\/\/informante.mx\/","logo":{"@type":"ImageObject","inLanguage":"es","@id":"https:\/\/informante.mx\/#\/schema\/logo\/image\/","url":"https:\/\/informante.mx\/wp-content\/uploads\/2019\/12\/cropped-LOGO-Verde-Apaisado-1024x360O-1.png","contentUrl":"https:\/\/informante.mx\/wp-content\/uploads\/2019\/12\/cropped-LOGO-Verde-Apaisado-1024x360O-1.png","width":923,"height":180,"caption":"Informante.mx"},"image":{"@id":"https:\/\/informante.mx\/#\/schema\/logo\/image\/"},"sameAs":["https:\/\/www.facebook.com\/MX.Informante","https:\/\/x.com\/mx_informante"]},{"@type":"Person","@id":"https:\/\/informante.mx\/#\/schema\/person\/3eff91989d2ea76b0a330b416325946c","name":"InformanteMX","image":{"@type":"ImageObject","inLanguage":"es","@id":"https:\/\/secure.gravatar.com\/avatar\/10d802aa739e832aedd2f3fd8544d878871eb22e6ca86fe9a548573e34a28f0e?s=96&d=mm&r=g","url":"https:\/\/secure.gravatar.com\/avatar\/10d802aa739e832aedd2f3fd8544d878871eb22e6ca86fe9a548573e34a28f0e?s=96&d=mm&r=g","contentUrl":"https:\/\/secure.gravatar.com\/avatar\/10d802aa739e832aedd2f3fd8544d878871eb22e6ca86fe9a548573e34a28f0e?s=96&d=mm&r=g","caption":"InformanteMX"},"url":"https:\/\/informante.mx\/?author=1"}]}},"jetpack_featured_media_url":"","uagb_featured_image_src":{"full":false,"thumbnail":false,"medium":false,"medium_large":false,"large":false,"1536x1536":false,"2048x2048":false,"td_0x420":false,"td_0x420_retina":false,"td_80x60":false,"td_80x60_retina":false,"td_100x75":false,"td_100x75_retina":false,"td_180x135":false,"td_180x135_retina":false,"td_238x178":false,"td_238x178_retina":false,"td_265x198":false,"td_265x198_retina":false,"td_300x160":false,"td_300x160_retina":false,"td_300x194":false,"td_300x194_retina":false,"td_300x350":false,"td_300x350_retina":false,"td_341x220":false,"td_341x220_retina":false,"td_341x400":false,"td_341x400_retina":false,"td_511x400":false,"td_511x400_retina":false,"td_537x360":false,"td_537x360_retina":false,"td_640x0":false,"td_640x0_retina":false,"td_640x350":false,"td_640x350_retina":false,"td_681x0":false,"td_681x0_retina":false,"td_681x400":false,"td_681x400_retina":false,"td_741x486":false,"td_741x486_retina":false,"td_1021x580":false,"td_1021x580_retina":false},"uagb_author_info":{"display_name":"InformanteMX","author_link":"https:\/\/informante.mx\/?author=1"},"uagb_comment_info":0,"uagb_excerpt":"Se busca que los 212 municipios supervisen las medidas sanitarias, as\u00ed como sus lineamiento para evitar contagios por COVID-19","_links":{"self":[{"href":"https:\/\/informante.mx\/index.php?rest_route=\/wp\/v2\/posts\/19897","targetHints":{"allow":["GET"]}}],"collection":[{"href":"https:\/\/informante.mx\/index.php?rest_route=\/wp\/v2\/posts"}],"about":[{"href":"https:\/\/informante.mx\/index.php?rest_route=\/wp\/v2\/types\/post"}],"author":[{"embeddable":true,"href":"https:\/\/informante.mx\/index.php?rest_route=\/wp\/v2\/users\/1"}],"replies":[{"embeddable":true,"href":"https:\/\/informante.mx\/index.php?rest_route=%2Fwp%2Fv2%2Fcomments&post=19897"}],"version-history":[{"count":1,"href":"https:\/\/informante.mx\/index.php?rest_route=\/wp\/v2\/posts\/19897\/revisions"}],"predecessor-version":[{"id":19898,"href":"https:\/\/informante.mx\/index.php?rest_route=\/wp\/v2\/posts\/19897\/revisions\/19898"}],"wp:attachment":[{"href":"https:\/\/informante.mx\/index.php?rest_route=%2Fwp%2Fv2%2Fmedia&parent=19897"}],"wp:term":[{"taxonomy":"category","embeddable":true,"href":"https:\/\/informante.mx\/index.php?rest_route=%2Fwp%2Fv2%2Fcategories&post=19897"},{"taxonomy":"post_tag","embeddable":true,"href":"https:\/\/informante.mx\/index.php?rest_route=%2Fwp%2Fv2%2Ftags&post=19897"}],"curies":[{"name":"wp","href":"https:\/\/api.w.org\/{rel}","templated":true}]}}