{"id":19661,"date":"2020-07-04T14:40:00","date_gmt":"2020-07-04T19:40:00","guid":{"rendered":"http:\/\/informante.mx\/?p=19661"},"modified":"2020-07-05T14:43:01","modified_gmt":"2020-07-05T19:43:01","slug":"cuitlahuac-garcia-el-primer-gobernador-que-trabaja-por-los-pueblos-indigenas-gomez-cazarin","status":"publish","type":"post","link":"https:\/\/informante.mx\/?p=19661","title":{"rendered":"Cuitl\u00e1huac Garc\u00eda, el primer gobernador que trabaja por los pueblos ind\u00edgenas: G\u00f3mez Cazar\u00edn"},"content":{"rendered":"\n<p><\/p>\n\n\n\n<p>Pajapan, Veracruz., 4 de Julio de 2020.- Al supervisar diferentes obras de infraestructura social en este municipio, el diputado Juan Javier G\u00f3mez Cazar\u00edn reconoci\u00f3 que el Gobernador del Estado, ingeniero Cuitl\u00e1huac Garc\u00eda Jim\u00e9nez, es el primer mandatario veracruzano que trabaja en favor de los pueblos originarios.<\/p>\n\n\n\n<p>Junto a la diputada Magaly Armenta Oliveros, G\u00f3mez Cazar\u00edn camin\u00f3 por la remodelada carretera Pajapan-Cerritos y verific\u00f3 el avance de la construcci\u00f3n del mercado municipal.<\/p>\n\n\n\n<p>El tambi\u00e9n Presidente de la Junta de Coordinaci\u00f3n Pol\u00edtica comprob\u00f3 que las acciones del Poder Ejecutivo de Veracruz han redituado en un mejor nivel de vida para las poblaciones de la regi\u00f3n.<\/p>\n\n\n\n<p>\u00abUna vez m\u00e1s, somos testigos de que las obras est\u00e1n llegando a donde se necesitan. En este caso, Pajapan es uno de los municipios con una importante presencia de personas ind\u00edgenas y nunca se les hab\u00eda volteado a ver como lo est\u00e1 haciendo la actual administraci\u00f3n\u00bb, afirm\u00f3 el legislador G\u00f3mez Cazar\u00edn.<\/p>\n\n\n\n<p>En especial, el diputado se\u00f1al\u00f3 que la rehabilitada carretera de Pajapan-Cerritos acortar\u00e1 los tiempos entre ambas localidades, favoreciendo el intercambio de mercanc\u00edas, el movimiento de las personas y, por supuesto, la producci\u00f3n agropecuaria de la zona.<\/p>\n\n\n\n<p>Por otra parte, manifest\u00f3 que la construcci\u00f3n del Mercado Municipal (que se proyecta concluya el pr\u00f3ximo mes de diciembre) significar\u00e1 un nuevo centro de oportunidades para los habitantes ind\u00edgenas de la regi\u00f3n, ya que ahora tendr\u00e1n un espacio digno para comercializar sus productos.<\/p>\n\n\n\n<p>\u00abHablamos de dos grandes acciones del Gobierno de la Cuarta Transformaci\u00f3n, obras que resultar\u00e1n en bienestar a trav\u00e9s de m\u00e1s empleos y m\u00e1s desarrollo econ\u00f3mico para nuestros pueblos ind\u00edgenas\u00bb, concluy\u00f3 el coordinador de las y los diputados por MORENA.<\/p>\n","protected":false},"excerpt":{"rendered":"<p>unto a la diputada Magaly Armenta Oliveros, G\u00f3mez Cazar\u00edn camin\u00f3 por la remodelada carretera Pajapan-Cerritos y verific\u00f3 el avance de la construcci\u00f3n del mercado municipal.<\/p>\n","protected":false},"author":1,"featured_media":0,"comment_status":"open","ping_status":"closed","sticky":false,"template":"","format":"standard","meta":{"_uag_custom_page_level_css":"","jetpack_post_was_ever_published":false,"footnotes":""},"categories":[4],"tags":[],"class_list":["post-19661","post","type-post","status-publish","format-standard","hentry","category-estatal"],"yoast_head":"<!-- This site is optimized with the Yoast SEO plugin v27.3 - https:\/\/yoast.com\/product\/yoast-seo-wordpress\/ -->\n<title>Cuitl\u00e1huac Garc\u00eda, el primer gobernador que trabaja por los pueblos ind\u00edgenas: G\u00f3mez Cazar\u00edn - Informante.mx<\/title>\n<meta name=\"robots\" content=\"index, follow, max-snippet:-1, max-image-preview:large, max-video-preview:-1\" \/>\n<link rel=\"canonical\" href=\"https:\/\/informante.mx\/?p=19661\" \/>\n<meta property=\"og:locale\" content=\"es_ES\" \/>\n<meta property=\"og:type\" content=\"article\" \/>\n<meta property=\"og:title\" content=\"Cuitl\u00e1huac Garc\u00eda, el primer gobernador que trabaja por los pueblos ind\u00edgenas: G\u00f3mez Cazar\u00edn - Informante.mx\" \/>\n<meta property=\"og:description\" content=\"unto a la diputada Magaly Armenta Oliveros, G\u00f3mez Cazar\u00edn camin\u00f3 por la remodelada carretera Pajapan-Cerritos y verific\u00f3 el avance de la construcci\u00f3n del mercado municipal.\" \/>\n<meta property=\"og:url\" content=\"https:\/\/informante.mx\/?p=19661\" \/>\n<meta property=\"og:site_name\" content=\"Informante.mx\" \/>\n<meta property=\"article:publisher\" content=\"https:\/\/www.facebook.com\/MX.Informante\" \/>\n<meta property=\"article:published_time\" content=\"2020-07-04T19:40:00+00:00\" \/>\n<meta property=\"article:modified_time\" content=\"2020-07-05T19:43:01+00:00\" \/>\n<meta property=\"og:image\" content=\"https:\/\/i0.wp.com\/informante.mx\/wp-content\/uploads\/2020\/07\/WhatsApp-Image-2020-07-04-at-20.59.40.jpeg?fit=1280%2C850&ssl=1\" \/>\n\t<meta property=\"og:image:width\" content=\"1280\" \/>\n\t<meta property=\"og:image:height\" content=\"850\" \/>\n\t<meta property=\"og:image:type\" content=\"image\/jpeg\" \/>\n<meta name=\"author\" content=\"InformanteMX\" \/>\n<meta name=\"twitter:card\" content=\"summary_large_image\" \/>\n<meta name=\"twitter:creator\" content=\"@mx_informante\" \/>\n<meta name=\"twitter:site\" content=\"@mx_informante\" \/>\n<meta name=\"twitter:label1\" content=\"Escrito por\" \/>\n\t<meta name=\"twitter:data1\" content=\"InformanteMX\" \/>\n\t<meta name=\"twitter:label2\" content=\"Tiempo de lectura\" \/>\n\t<meta name=\"twitter:data2\" content=\"2 minutos\" \/>\n<script type=\"application\/ld+json\" class=\"yoast-schema-graph\">{\"@context\":\"https:\\\/\\\/schema.org\",\"@graph\":[{\"@type\":\"NewsArticle\",\"@id\":\"https:\\\/\\\/informante.mx\\\/?p=19661#article\",\"isPartOf\":{\"@id\":\"https:\\\/\\\/informante.mx\\\/?p=19661\"},\"author\":{\"name\":\"InformanteMX\",\"@id\":\"https:\\\/\\\/informante.mx\\\/#\\\/schema\\\/person\\\/3eff91989d2ea76b0a330b416325946c\"},\"headline\":\"Cuitl\u00e1huac Garc\u00eda, el primer gobernador que trabaja por los pueblos ind\u00edgenas: G\u00f3mez Cazar\u00edn\",\"datePublished\":\"2020-07-04T19:40:00+00:00\",\"dateModified\":\"2020-07-05T19:43:01+00:00\",\"mainEntityOfPage\":{\"@id\":\"https:\\\/\\\/informante.mx\\\/?p=19661\"},\"wordCount\":323,\"commentCount\":0,\"publisher\":{\"@id\":\"https:\\\/\\\/informante.mx\\\/#organization\"},\"articleSection\":[\"Estatal\"],\"inLanguage\":\"es\",\"potentialAction\":[{\"@type\":\"CommentAction\",\"name\":\"Comment\",\"target\":[\"https:\\\/\\\/informante.mx\\\/?p=19661#respond\"]}]},{\"@type\":\"WebPage\",\"@id\":\"https:\\\/\\\/informante.mx\\\/?p=19661\",\"url\":\"https:\\\/\\\/informante.mx\\\/?p=19661\",\"name\":\"Cuitl\u00e1huac Garc\u00eda, el primer gobernador que trabaja por los pueblos ind\u00edgenas: G\u00f3mez Cazar\u00edn - Informante.mx\",\"isPartOf\":{\"@id\":\"https:\\\/\\\/informante.mx\\\/#website\"},\"datePublished\":\"2020-07-04T19:40:00+00:00\",\"dateModified\":\"2020-07-05T19:43:01+00:00\",\"breadcrumb\":{\"@id\":\"https:\\\/\\\/informante.mx\\\/?p=19661#breadcrumb\"},\"inLanguage\":\"es\",\"potentialAction\":[{\"@type\":\"ReadAction\",\"target\":[\"https:\\\/\\\/informante.mx\\\/?p=19661\"]}]},{\"@type\":\"BreadcrumbList\",\"@id\":\"https:\\\/\\\/informante.mx\\\/?p=19661#breadcrumb\",\"itemListElement\":[{\"@type\":\"ListItem\",\"position\":1,\"name\":\"Portada\",\"item\":\"https:\\\/\\\/informante.mx\\\/\"},{\"@type\":\"ListItem\",\"position\":2,\"name\":\"Cuitl\u00e1huac Garc\u00eda, el primer gobernador que trabaja por los pueblos ind\u00edgenas: G\u00f3mez Cazar\u00edn\"}]},{\"@type\":\"WebSite\",\"@id\":\"https:\\\/\\\/informante.mx\\\/#website\",\"url\":\"https:\\\/\\\/informante.mx\\\/\",\"name\":\"Informante.mx\",\"description\":\"\",\"publisher\":{\"@id\":\"https:\\\/\\\/informante.mx\\\/#organization\"},\"potentialAction\":[{\"@type\":\"SearchAction\",\"target\":{\"@type\":\"EntryPoint\",\"urlTemplate\":\"https:\\\/\\\/informante.mx\\\/?s={search_term_string}\"},\"query-input\":{\"@type\":\"PropertyValueSpecification\",\"valueRequired\":true,\"valueName\":\"search_term_string\"}}],\"inLanguage\":\"es\"},{\"@type\":\"Organization\",\"@id\":\"https:\\\/\\\/informante.mx\\\/#organization\",\"name\":\"Informante.mx\",\"url\":\"https:\\\/\\\/informante.mx\\\/\",\"logo\":{\"@type\":\"ImageObject\",\"inLanguage\":\"es\",\"@id\":\"https:\\\/\\\/informante.mx\\\/#\\\/schema\\\/logo\\\/image\\\/\",\"url\":\"https:\\\/\\\/informante.mx\\\/wp-content\\\/uploads\\\/2019\\\/12\\\/cropped-LOGO-Verde-Apaisado-1024x360O-1.png\",\"contentUrl\":\"https:\\\/\\\/informante.mx\\\/wp-content\\\/uploads\\\/2019\\\/12\\\/cropped-LOGO-Verde-Apaisado-1024x360O-1.png\",\"width\":923,\"height\":180,\"caption\":\"Informante.mx\"},\"image\":{\"@id\":\"https:\\\/\\\/informante.mx\\\/#\\\/schema\\\/logo\\\/image\\\/\"},\"sameAs\":[\"https:\\\/\\\/www.facebook.com\\\/MX.Informante\",\"https:\\\/\\\/x.com\\\/mx_informante\"]},{\"@type\":\"Person\",\"@id\":\"https:\\\/\\\/informante.mx\\\/#\\\/schema\\\/person\\\/3eff91989d2ea76b0a330b416325946c\",\"name\":\"InformanteMX\",\"image\":{\"@type\":\"ImageObject\",\"inLanguage\":\"es\",\"@id\":\"https:\\\/\\\/secure.gravatar.com\\\/avatar\\\/10d802aa739e832aedd2f3fd8544d878871eb22e6ca86fe9a548573e34a28f0e?s=96&d=mm&r=g\",\"url\":\"https:\\\/\\\/secure.gravatar.com\\\/avatar\\\/10d802aa739e832aedd2f3fd8544d878871eb22e6ca86fe9a548573e34a28f0e?s=96&d=mm&r=g\",\"contentUrl\":\"https:\\\/\\\/secure.gravatar.com\\\/avatar\\\/10d802aa739e832aedd2f3fd8544d878871eb22e6ca86fe9a548573e34a28f0e?s=96&d=mm&r=g\",\"caption\":\"InformanteMX\"},\"url\":\"https:\\\/\\\/informante.mx\\\/?author=1\"}]}<\/script>\n<!-- \/ Yoast SEO plugin. -->","yoast_head_json":{"title":"Cuitl\u00e1huac Garc\u00eda, el primer gobernador que trabaja por los pueblos ind\u00edgenas: G\u00f3mez Cazar\u00edn - Informante.mx","robots":{"index":"index","follow":"follow","max-snippet":"max-snippet:-1","max-image-preview":"max-image-preview:large","max-video-preview":"max-video-preview:-1"},"canonical":"https:\/\/informante.mx\/?p=19661","og_locale":"es_ES","og_type":"article","og_title":"Cuitl\u00e1huac Garc\u00eda, el primer gobernador que trabaja por los pueblos ind\u00edgenas: G\u00f3mez Cazar\u00edn - Informante.mx","og_description":"unto a la diputada Magaly Armenta Oliveros, G\u00f3mez Cazar\u00edn camin\u00f3 por la remodelada carretera Pajapan-Cerritos y verific\u00f3 el avance de la construcci\u00f3n del mercado municipal.","og_url":"https:\/\/informante.mx\/?p=19661","og_site_name":"Informante.mx","article_publisher":"https:\/\/www.facebook.com\/MX.Informante","article_published_time":"2020-07-04T19:40:00+00:00","article_modified_time":"2020-07-05T19:43:01+00:00","og_image":[{"width":1280,"height":850,"url":"https:\/\/i0.wp.com\/informante.mx\/wp-content\/uploads\/2020\/07\/WhatsApp-Image-2020-07-04-at-20.59.40.jpeg?fit=1280%2C850&ssl=1","type":"image\/jpeg"}],"author":"InformanteMX","twitter_card":"summary_large_image","twitter_creator":"@mx_informante","twitter_site":"@mx_informante","twitter_misc":{"Escrito por":"InformanteMX","Tiempo de lectura":"2 minutos"},"schema":{"@context":"https:\/\/schema.org","@graph":[{"@type":"NewsArticle","@id":"https:\/\/informante.mx\/?p=19661#article","isPartOf":{"@id":"https:\/\/informante.mx\/?p=19661"},"author":{"name":"InformanteMX","@id":"https:\/\/informante.mx\/#\/schema\/person\/3eff91989d2ea76b0a330b416325946c"},"headline":"Cuitl\u00e1huac Garc\u00eda, el primer gobernador que trabaja por los pueblos ind\u00edgenas: G\u00f3mez Cazar\u00edn","datePublished":"2020-07-04T19:40:00+00:00","dateModified":"2020-07-05T19:43:01+00:00","mainEntityOfPage":{"@id":"https:\/\/informante.mx\/?p=19661"},"wordCount":323,"commentCount":0,"publisher":{"@id":"https:\/\/informante.mx\/#organization"},"articleSection":["Estatal"],"inLanguage":"es","potentialAction":[{"@type":"CommentAction","name":"Comment","target":["https:\/\/informante.mx\/?p=19661#respond"]}]},{"@type":"WebPage","@id":"https:\/\/informante.mx\/?p=19661","url":"https:\/\/informante.mx\/?p=19661","name":"Cuitl\u00e1huac Garc\u00eda, el primer gobernador que trabaja por los pueblos ind\u00edgenas: G\u00f3mez Cazar\u00edn - Informante.mx","isPartOf":{"@id":"https:\/\/informante.mx\/#website"},"datePublished":"2020-07-04T19:40:00+00:00","dateModified":"2020-07-05T19:43:01+00:00","breadcrumb":{"@id":"https:\/\/informante.mx\/?p=19661#breadcrumb"},"inLanguage":"es","potentialAction":[{"@type":"ReadAction","target":["https:\/\/informante.mx\/?p=19661"]}]},{"@type":"BreadcrumbList","@id":"https:\/\/informante.mx\/?p=19661#breadcrumb","itemListElement":[{"@type":"ListItem","position":1,"name":"Portada","item":"https:\/\/informante.mx\/"},{"@type":"ListItem","position":2,"name":"Cuitl\u00e1huac Garc\u00eda, el primer gobernador que trabaja por los pueblos ind\u00edgenas: G\u00f3mez Cazar\u00edn"}]},{"@type":"WebSite","@id":"https:\/\/informante.mx\/#website","url":"https:\/\/informante.mx\/","name":"Informante.mx","description":"","publisher":{"@id":"https:\/\/informante.mx\/#organization"},"potentialAction":[{"@type":"SearchAction","target":{"@type":"EntryPoint","urlTemplate":"https:\/\/informante.mx\/?s={search_term_string}"},"query-input":{"@type":"PropertyValueSpecification","valueRequired":true,"valueName":"search_term_string"}}],"inLanguage":"es"},{"@type":"Organization","@id":"https:\/\/informante.mx\/#organization","name":"Informante.mx","url":"https:\/\/informante.mx\/","logo":{"@type":"ImageObject","inLanguage":"es","@id":"https:\/\/informante.mx\/#\/schema\/logo\/image\/","url":"https:\/\/informante.mx\/wp-content\/uploads\/2019\/12\/cropped-LOGO-Verde-Apaisado-1024x360O-1.png","contentUrl":"https:\/\/informante.mx\/wp-content\/uploads\/2019\/12\/cropped-LOGO-Verde-Apaisado-1024x360O-1.png","width":923,"height":180,"caption":"Informante.mx"},"image":{"@id":"https:\/\/informante.mx\/#\/schema\/logo\/image\/"},"sameAs":["https:\/\/www.facebook.com\/MX.Informante","https:\/\/x.com\/mx_informante"]},{"@type":"Person","@id":"https:\/\/informante.mx\/#\/schema\/person\/3eff91989d2ea76b0a330b416325946c","name":"InformanteMX","image":{"@type":"ImageObject","inLanguage":"es","@id":"https:\/\/secure.gravatar.com\/avatar\/10d802aa739e832aedd2f3fd8544d878871eb22e6ca86fe9a548573e34a28f0e?s=96&d=mm&r=g","url":"https:\/\/secure.gravatar.com\/avatar\/10d802aa739e832aedd2f3fd8544d878871eb22e6ca86fe9a548573e34a28f0e?s=96&d=mm&r=g","contentUrl":"https:\/\/secure.gravatar.com\/avatar\/10d802aa739e832aedd2f3fd8544d878871eb22e6ca86fe9a548573e34a28f0e?s=96&d=mm&r=g","caption":"InformanteMX"},"url":"https:\/\/informante.mx\/?author=1"}]}},"jetpack_featured_media_url":"","uagb_featured_image_src":{"full":false,"thumbnail":false,"medium":false,"medium_large":false,"large":false,"1536x1536":false,"2048x2048":false,"td_0x420":false,"td_0x420_retina":false,"td_80x60":false,"td_80x60_retina":false,"td_100x75":false,"td_100x75_retina":false,"td_180x135":false,"td_180x135_retina":false,"td_238x178":false,"td_238x178_retina":false,"td_265x198":false,"td_265x198_retina":false,"td_300x160":false,"td_300x160_retina":false,"td_300x194":false,"td_300x194_retina":false,"td_300x350":false,"td_300x350_retina":false,"td_341x220":false,"td_341x220_retina":false,"td_341x400":false,"td_341x400_retina":false,"td_511x400":false,"td_511x400_retina":false,"td_537x360":false,"td_537x360_retina":false,"td_640x0":false,"td_640x0_retina":false,"td_640x350":false,"td_640x350_retina":false,"td_681x0":false,"td_681x0_retina":false,"td_681x400":false,"td_681x400_retina":false,"td_741x486":false,"td_741x486_retina":false,"td_1021x580":false,"td_1021x580_retina":false},"uagb_author_info":{"display_name":"InformanteMX","author_link":"https:\/\/informante.mx\/?author=1"},"uagb_comment_info":0,"uagb_excerpt":"unto a la diputada Magaly Armenta Oliveros, G\u00f3mez Cazar\u00edn camin\u00f3 por la remodelada carretera Pajapan-Cerritos y verific\u00f3 el avance de la construcci\u00f3n del mercado municipal.","_links":{"self":[{"href":"https:\/\/informante.mx\/index.php?rest_route=\/wp\/v2\/posts\/19661","targetHints":{"allow":["GET"]}}],"collection":[{"href":"https:\/\/informante.mx\/index.php?rest_route=\/wp\/v2\/posts"}],"about":[{"href":"https:\/\/informante.mx\/index.php?rest_route=\/wp\/v2\/types\/post"}],"author":[{"embeddable":true,"href":"https:\/\/informante.mx\/index.php?rest_route=\/wp\/v2\/users\/1"}],"replies":[{"embeddable":true,"href":"https:\/\/informante.mx\/index.php?rest_route=%2Fwp%2Fv2%2Fcomments&post=19661"}],"version-history":[{"count":1,"href":"https:\/\/informante.mx\/index.php?rest_route=\/wp\/v2\/posts\/19661\/revisions"}],"predecessor-version":[{"id":19663,"href":"https:\/\/informante.mx\/index.php?rest_route=\/wp\/v2\/posts\/19661\/revisions\/19663"}],"wp:attachment":[{"href":"https:\/\/informante.mx\/index.php?rest_route=%2Fwp%2Fv2%2Fmedia&parent=19661"}],"wp:term":[{"taxonomy":"category","embeddable":true,"href":"https:\/\/informante.mx\/index.php?rest_route=%2Fwp%2Fv2%2Fcategories&post=19661"},{"taxonomy":"post_tag","embeddable":true,"href":"https:\/\/informante.mx\/index.php?rest_route=%2Fwp%2Fv2%2Ftags&post=19661"}],"curies":[{"name":"wp","href":"https:\/\/api.w.org\/{rel}","templated":true}]}}