{"id":19636,"date":"2020-07-04T10:13:10","date_gmt":"2020-07-04T15:13:10","guid":{"rendered":"http:\/\/informante.mx\/?p=19636"},"modified":"2020-07-04T10:13:16","modified_gmt":"2020-07-04T15:13:16","slug":"crece-violencia-en-estados-con-alerta-de-genero","status":"publish","type":"post","link":"https:\/\/informante.mx\/?p=19636","title":{"rendered":"Crece violencia en estados con alerta de g\u00e9nero"},"content":{"rendered":"\n<h1 class=\"wp-block-heading\"><\/h1>\n\n\n\n<p>Un a\u00f1o perdido: as\u00ed califican especialistas en g\u00e9nero la primera etapa en este sexenio de la Comisi\u00f3n Nacional para Prevenir y Erradicar la Violencia contra las Mujeres (Conavim), instituci\u00f3n que recientemente se qued\u00f3 sin su titular tras oficializarse la renuncia de Mar\u00eda Candelaria Ochoa \u00c1valos.<\/p>\n\n\n\n<p>La dimisi\u00f3n de la exfuncionaria no sorprendi\u00f3 a muchos, puesto que la Conavim no logr\u00f3 abatir las agresiones contra las mujeres con su programa estrella: las alertas de\u00a0violencia de g\u00e9nero.<\/p>\n\n\n\n<p>El Secretariado Ejecutivo del Sistema Nacional de Seguridad P\u00fablica (SESNSP) confirma esta situaci\u00f3n con sus datos, pues al menos 10 estados que tienen una\u00a0alerta de g\u00e9nero\u00a0por violencia feminicida tuvieron una mayor cantidad de estos cr\u00edmenes en 2019 respecto a 2018.<\/p>\n\n\n\n<p>Estado de M\u00e9xico, Morelos, Veracruz, San Luis Potos\u00ed, Quintana Roo, Nayarit, Campeche, Durango, Jalisco y Puebla son las entidades donde hubo un repunte de casos en el primer a\u00f1o de gobierno del presidente\u00a0Andr\u00e9s Manuel L\u00f3pez Obrador.<\/p>\n\n\n\n<p>\u201cLa verdad fue un a\u00f1o perdido (&#8230;) mucho fue por tomar una mala decisi\u00f3n de poner [en la Conavim] a una persona que no ten\u00eda sensibilidad, conocimiento, estrategia ni capacidad de dialogar con la sociedad civil\u201d, se\u00f1ala Luz Estrada, coordinadora del Observatorio Ciudadano Nacional del Feminicidio (OCNF), colectivo de 43 asociaciones con presencia en 24 estados.<\/p>\n\n\n\n<p>Entrevistadas por EL UNIVERSAL, expertas en la materia coinciden en que la falta de seguimiento y evaluaci\u00f3n a las alertas de g\u00e9nero son un motivo por el que la Conavim no ha dado resultados efectivos en \u00e9ste y en anteriores sexenios.<\/p>\n\n\n\n<p>\u201cEn 2019, la Conavim dej\u00f3 mucho que desear, [pues] se enfocaron en el an\u00e1lisis de las alertas de g\u00e9nero, pero no se revis\u00f3 la implementaci\u00f3n, no se hicieron los diagn\u00f3sticos. Ahora nos encontramos ante una nueva oportunidad de resarcir la deuda hist\u00f3rica con las mujeres\u201d, dijo Selene Gonz\u00e1lez, coordinadora de Incidencia del Centro de Derechos Humanos Fray Francisco de Vitoria.<\/p>\n\n\n\n<p>Hasta el momento, la Conavim ha decretado 21 alertas de g\u00e9nero en 18 entidades.<\/p>\n\n\n\n<p>Esos estados tienen una alerta por\u00a0violencia feminicida, pero Veracruz y Guerrero cuentan con otra por agravio comparado, mientras que el Estado de M\u00e9xico tiene una por desapariciones de mujeres.<\/p>\n\n\n\n<p>De igual forma, entre el 17 de mayo de 2019 y el 30 de junio de 2020, la Conavim recibi\u00f3 otras ocho solicitudes de alerta de g\u00e9nero para la Ciudad de M\u00e9xico, Sonora, Chihuahua, Veracruz, Zacatecas, Tlaxcala y Baja California.<\/p>\n\n\n\n<p>De estas solicitudes, tres fueron acumuladas, una desechada y cuatro se encuentran en proceso.<\/p>\n\n\n\n<figure class=\"wp-block-image\"><img decoding=\"async\" src=\"https:\/\/www.eluniversal.com.mx\/sites\/default\/files\/u39647\/03jul2020-feminicidios.gif\" alt=\"03jul2020-feminicidios.gif\"\/><\/figure>\n\n\n\n<h2 class=\"wp-block-heading\">En busca del mejor perfil<\/h2>\n\n\n\n<p>Una vez que la Conavim se qued\u00f3 ac\u00e9fala, las ONG exigen que haya un proceso abierto para buscar el mejor perfil para encabezar la dependencia. Tambi\u00e9n hacen un llamado para que esta comisi\u00f3n nacional tenga m\u00e1s apertura al di\u00e1logo con la sociedad civil y as\u00ed trabajar en conjunto las estrategias contra la violencia de g\u00e9nero.<\/p>\n\n\n\n<p>Un ejemplo de c\u00f3mo la relaci\u00f3n entre la sociedad civil y la Conavim est\u00e1 fracturada fue la discusi\u00f3n que en 2019 tuvieron en torno a la alerta de g\u00e9nero para la capital.<\/p>\n\n\n\n<p>Ante las resistencias de la Conavim para ejecutar esta medida, las ONG tuvieron que buscar a la Suprema Corte Justicia de la Naci\u00f3n (SCJN) con el fin de que interviniera y resolviera la pugna.<\/p>\n\n\n\n<p>\u201cLa Conavim tiene un papel fundamental, como [lo tienen] las instituciones dedicadas a la defensa de los derechos humanos, [por eso] tendr\u00eda que tener el compromiso y la obligaci\u00f3n de garantizar pol\u00edticas p\u00fablicas que permitan a las mujeres el acceso a una vida libre de violencia\u201d, expresa sobre el tema Wendy Figueroa, directora de la Red Nacional de Refugios (RNR).<\/p>\n\n\n\n<h2 class=\"wp-block-heading\">Millones de pesos sin resultados<\/h2>\n\n\n\n<p>Para un mejor funcionamiento de la instituci\u00f3n, las especialistas consideran indispensable transparentar el proceso con el que la Conavim transfiere recursos a los estados que tienen una alerta de g\u00e9nero. Esto porque hay entidades a las que se las han dado millones de pesos, pero que no reflejan una reducci\u00f3n en los\u00a0feminicidios.<\/p>\n\n\n\n<p>En 2019, la comisi\u00f3n transfiri\u00f3 59 millones 577 mil pesos a nueve de los 10 estados que mostraron un alza en los asesinatos de mujeres por raz\u00f3n de g\u00e9nero.<\/p>\n\n\n\n<p>Veracruz, que el a\u00f1o pasado dispuso de 6 millones de pesos para solventar el problema, registr\u00f3 el a\u00f1o pasado 56 feminicidios m\u00e1s que en 2018.<\/p>\n\n\n\n<p>Tambi\u00e9n hay casos como Campeche, que en 2019 recibi\u00f3 de la Conavim 14 millones 65 mil 756 pesos \u2014la cifra m\u00e1s alta de los subsidios que entreg\u00f3 esta comisi\u00f3n\u2014, mientras que el Estado de M\u00e9xico, que en 2018 registr\u00f3 22 veces m\u00e1s feminicidios, s\u00f3lo obtuvo 2 millones de pesos.<\/p>\n\n\n\n<p>\u201cNo hay claridad sobre la manera en que se est\u00e1 dando dinero (&#8230;) nadie sabe cu\u00e1nto dinero se da. La verdad es que en la actual administraci\u00f3n llevan a cabo las mismas pr\u00e1cticas que en sexenios anteriores\u201d, asegura Luz Estrada, coordinadora del OCNF.<\/p>\n\n\n\n<p>Aunque el dinero entregado por la Conavim parece mucho, la realidad es que la violencia de g\u00e9nero es m\u00e1s grande. Por ese motivo, organizaciones y expertas urgen a fortalecer esta dependencia, darle recursos econ\u00f3micos y humanos suficientes para hacer frente a la inseguridad que pone en riesgo la vida de millones de mujeres.<\/p>\n","protected":false},"excerpt":{"rendered":"<p>Pese a que tienen alerta de G\u00e9nero, 10 entidades registran un aumento en ataques hacia ellas<\/p>\n","protected":false},"author":1,"featured_media":0,"comment_status":"open","ping_status":"closed","sticky":false,"template":"","format":"standard","meta":{"_uag_custom_page_level_css":"","jetpack_post_was_ever_published":false,"footnotes":""},"categories":[9],"tags":[],"class_list":["post-19636","post","type-post","status-publish","format-standard","hentry","category-nacional"],"yoast_head":"<!-- This site is optimized with the Yoast SEO plugin v27.3 - https:\/\/yoast.com\/product\/yoast-seo-wordpress\/ -->\n<title>Crece violencia en estados con alerta de g\u00e9nero - Informante.mx<\/title>\n<meta name=\"robots\" content=\"index, follow, max-snippet:-1, max-image-preview:large, max-video-preview:-1\" \/>\n<link rel=\"canonical\" href=\"https:\/\/informante.mx\/?p=19636\" \/>\n<meta property=\"og:locale\" content=\"es_ES\" \/>\n<meta property=\"og:type\" content=\"article\" \/>\n<meta property=\"og:title\" content=\"Crece violencia en estados con alerta de g\u00e9nero - Informante.mx\" \/>\n<meta property=\"og:description\" content=\"Pese a que tienen alerta de G\u00e9nero, 10 entidades registran un aumento en ataques hacia ellas\" \/>\n<meta property=\"og:url\" content=\"https:\/\/informante.mx\/?p=19636\" \/>\n<meta property=\"og:site_name\" content=\"Informante.mx\" \/>\n<meta property=\"article:publisher\" content=\"https:\/\/www.facebook.com\/MX.Informante\" \/>\n<meta property=\"article:published_time\" content=\"2020-07-04T15:13:10+00:00\" \/>\n<meta property=\"article:modified_time\" content=\"2020-07-04T15:13:16+00:00\" \/>\n<meta property=\"og:image\" content=\"https:\/\/i0.wp.com\/informante.mx\/wp-content\/uploads\/2020\/07\/violencia.jpg?fit=651%2C400&ssl=1\" \/>\n\t<meta property=\"og:image:width\" content=\"651\" \/>\n\t<meta property=\"og:image:height\" content=\"400\" \/>\n\t<meta property=\"og:image:type\" content=\"image\/jpeg\" \/>\n<meta name=\"author\" content=\"InformanteMX\" \/>\n<meta name=\"twitter:card\" content=\"summary_large_image\" \/>\n<meta name=\"twitter:creator\" content=\"@mx_informante\" \/>\n<meta name=\"twitter:site\" content=\"@mx_informante\" \/>\n<meta name=\"twitter:label1\" content=\"Escrito por\" \/>\n\t<meta name=\"twitter:data1\" content=\"InformanteMX\" \/>\n\t<meta name=\"twitter:label2\" content=\"Tiempo de lectura\" \/>\n\t<meta name=\"twitter:data2\" content=\"4 minutos\" \/>\n<script type=\"application\/ld+json\" class=\"yoast-schema-graph\">{\"@context\":\"https:\\\/\\\/schema.org\",\"@graph\":[{\"@type\":\"NewsArticle\",\"@id\":\"https:\\\/\\\/informante.mx\\\/?p=19636#article\",\"isPartOf\":{\"@id\":\"https:\\\/\\\/informante.mx\\\/?p=19636\"},\"author\":{\"name\":\"InformanteMX\",\"@id\":\"https:\\\/\\\/informante.mx\\\/#\\\/schema\\\/person\\\/3eff91989d2ea76b0a330b416325946c\"},\"headline\":\"Crece violencia en estados con alerta de g\u00e9nero\",\"datePublished\":\"2020-07-04T15:13:10+00:00\",\"dateModified\":\"2020-07-04T15:13:16+00:00\",\"mainEntityOfPage\":{\"@id\":\"https:\\\/\\\/informante.mx\\\/?p=19636\"},\"wordCount\":900,\"commentCount\":0,\"publisher\":{\"@id\":\"https:\\\/\\\/informante.mx\\\/#organization\"},\"image\":{\"@id\":\"https:\\\/\\\/informante.mx\\\/?p=19636#primaryimage\"},\"thumbnailUrl\":\"https:\\\/\\\/www.eluniversal.com.mx\\\/sites\\\/default\\\/files\\\/u39647\\\/03jul2020-feminicidios.gif\",\"articleSection\":[\"Nacional\"],\"inLanguage\":\"es\",\"potentialAction\":[{\"@type\":\"CommentAction\",\"name\":\"Comment\",\"target\":[\"https:\\\/\\\/informante.mx\\\/?p=19636#respond\"]}]},{\"@type\":\"WebPage\",\"@id\":\"https:\\\/\\\/informante.mx\\\/?p=19636\",\"url\":\"https:\\\/\\\/informante.mx\\\/?p=19636\",\"name\":\"Crece violencia en estados con alerta de g\u00e9nero - Informante.mx\",\"isPartOf\":{\"@id\":\"https:\\\/\\\/informante.mx\\\/#website\"},\"primaryImageOfPage\":{\"@id\":\"https:\\\/\\\/informante.mx\\\/?p=19636#primaryimage\"},\"image\":{\"@id\":\"https:\\\/\\\/informante.mx\\\/?p=19636#primaryimage\"},\"thumbnailUrl\":\"https:\\\/\\\/www.eluniversal.com.mx\\\/sites\\\/default\\\/files\\\/u39647\\\/03jul2020-feminicidios.gif\",\"datePublished\":\"2020-07-04T15:13:10+00:00\",\"dateModified\":\"2020-07-04T15:13:16+00:00\",\"breadcrumb\":{\"@id\":\"https:\\\/\\\/informante.mx\\\/?p=19636#breadcrumb\"},\"inLanguage\":\"es\",\"potentialAction\":[{\"@type\":\"ReadAction\",\"target\":[\"https:\\\/\\\/informante.mx\\\/?p=19636\"]}]},{\"@type\":\"ImageObject\",\"inLanguage\":\"es\",\"@id\":\"https:\\\/\\\/informante.mx\\\/?p=19636#primaryimage\",\"url\":\"https:\\\/\\\/www.eluniversal.com.mx\\\/sites\\\/default\\\/files\\\/u39647\\\/03jul2020-feminicidios.gif\",\"contentUrl\":\"https:\\\/\\\/www.eluniversal.com.mx\\\/sites\\\/default\\\/files\\\/u39647\\\/03jul2020-feminicidios.gif\"},{\"@type\":\"BreadcrumbList\",\"@id\":\"https:\\\/\\\/informante.mx\\\/?p=19636#breadcrumb\",\"itemListElement\":[{\"@type\":\"ListItem\",\"position\":1,\"name\":\"Portada\",\"item\":\"https:\\\/\\\/informante.mx\\\/\"},{\"@type\":\"ListItem\",\"position\":2,\"name\":\"Crece violencia en estados con alerta de g\u00e9nero\"}]},{\"@type\":\"WebSite\",\"@id\":\"https:\\\/\\\/informante.mx\\\/#website\",\"url\":\"https:\\\/\\\/informante.mx\\\/\",\"name\":\"Informante.mx\",\"description\":\"\",\"publisher\":{\"@id\":\"https:\\\/\\\/informante.mx\\\/#organization\"},\"potentialAction\":[{\"@type\":\"SearchAction\",\"target\":{\"@type\":\"EntryPoint\",\"urlTemplate\":\"https:\\\/\\\/informante.mx\\\/?s={search_term_string}\"},\"query-input\":{\"@type\":\"PropertyValueSpecification\",\"valueRequired\":true,\"valueName\":\"search_term_string\"}}],\"inLanguage\":\"es\"},{\"@type\":\"Organization\",\"@id\":\"https:\\\/\\\/informante.mx\\\/#organization\",\"name\":\"Informante.mx\",\"url\":\"https:\\\/\\\/informante.mx\\\/\",\"logo\":{\"@type\":\"ImageObject\",\"inLanguage\":\"es\",\"@id\":\"https:\\\/\\\/informante.mx\\\/#\\\/schema\\\/logo\\\/image\\\/\",\"url\":\"https:\\\/\\\/informante.mx\\\/wp-content\\\/uploads\\\/2019\\\/12\\\/cropped-LOGO-Verde-Apaisado-1024x360O-1.png\",\"contentUrl\":\"https:\\\/\\\/informante.mx\\\/wp-content\\\/uploads\\\/2019\\\/12\\\/cropped-LOGO-Verde-Apaisado-1024x360O-1.png\",\"width\":923,\"height\":180,\"caption\":\"Informante.mx\"},\"image\":{\"@id\":\"https:\\\/\\\/informante.mx\\\/#\\\/schema\\\/logo\\\/image\\\/\"},\"sameAs\":[\"https:\\\/\\\/www.facebook.com\\\/MX.Informante\",\"https:\\\/\\\/x.com\\\/mx_informante\"]},{\"@type\":\"Person\",\"@id\":\"https:\\\/\\\/informante.mx\\\/#\\\/schema\\\/person\\\/3eff91989d2ea76b0a330b416325946c\",\"name\":\"InformanteMX\",\"image\":{\"@type\":\"ImageObject\",\"inLanguage\":\"es\",\"@id\":\"https:\\\/\\\/secure.gravatar.com\\\/avatar\\\/10d802aa739e832aedd2f3fd8544d878871eb22e6ca86fe9a548573e34a28f0e?s=96&d=mm&r=g\",\"url\":\"https:\\\/\\\/secure.gravatar.com\\\/avatar\\\/10d802aa739e832aedd2f3fd8544d878871eb22e6ca86fe9a548573e34a28f0e?s=96&d=mm&r=g\",\"contentUrl\":\"https:\\\/\\\/secure.gravatar.com\\\/avatar\\\/10d802aa739e832aedd2f3fd8544d878871eb22e6ca86fe9a548573e34a28f0e?s=96&d=mm&r=g\",\"caption\":\"InformanteMX\"},\"url\":\"https:\\\/\\\/informante.mx\\\/?author=1\"}]}<\/script>\n<!-- \/ Yoast SEO plugin. -->","yoast_head_json":{"title":"Crece violencia en estados con alerta de g\u00e9nero - Informante.mx","robots":{"index":"index","follow":"follow","max-snippet":"max-snippet:-1","max-image-preview":"max-image-preview:large","max-video-preview":"max-video-preview:-1"},"canonical":"https:\/\/informante.mx\/?p=19636","og_locale":"es_ES","og_type":"article","og_title":"Crece violencia en estados con alerta de g\u00e9nero - Informante.mx","og_description":"Pese a que tienen alerta de G\u00e9nero, 10 entidades registran un aumento en ataques hacia ellas","og_url":"https:\/\/informante.mx\/?p=19636","og_site_name":"Informante.mx","article_publisher":"https:\/\/www.facebook.com\/MX.Informante","article_published_time":"2020-07-04T15:13:10+00:00","article_modified_time":"2020-07-04T15:13:16+00:00","og_image":[{"width":651,"height":400,"url":"https:\/\/i0.wp.com\/informante.mx\/wp-content\/uploads\/2020\/07\/violencia.jpg?fit=651%2C400&ssl=1","type":"image\/jpeg"}],"author":"InformanteMX","twitter_card":"summary_large_image","twitter_creator":"@mx_informante","twitter_site":"@mx_informante","twitter_misc":{"Escrito por":"InformanteMX","Tiempo de lectura":"4 minutos"},"schema":{"@context":"https:\/\/schema.org","@graph":[{"@type":"NewsArticle","@id":"https:\/\/informante.mx\/?p=19636#article","isPartOf":{"@id":"https:\/\/informante.mx\/?p=19636"},"author":{"name":"InformanteMX","@id":"https:\/\/informante.mx\/#\/schema\/person\/3eff91989d2ea76b0a330b416325946c"},"headline":"Crece violencia en estados con alerta de g\u00e9nero","datePublished":"2020-07-04T15:13:10+00:00","dateModified":"2020-07-04T15:13:16+00:00","mainEntityOfPage":{"@id":"https:\/\/informante.mx\/?p=19636"},"wordCount":900,"commentCount":0,"publisher":{"@id":"https:\/\/informante.mx\/#organization"},"image":{"@id":"https:\/\/informante.mx\/?p=19636#primaryimage"},"thumbnailUrl":"https:\/\/www.eluniversal.com.mx\/sites\/default\/files\/u39647\/03jul2020-feminicidios.gif","articleSection":["Nacional"],"inLanguage":"es","potentialAction":[{"@type":"CommentAction","name":"Comment","target":["https:\/\/informante.mx\/?p=19636#respond"]}]},{"@type":"WebPage","@id":"https:\/\/informante.mx\/?p=19636","url":"https:\/\/informante.mx\/?p=19636","name":"Crece violencia en estados con alerta de g\u00e9nero - Informante.mx","isPartOf":{"@id":"https:\/\/informante.mx\/#website"},"primaryImageOfPage":{"@id":"https:\/\/informante.mx\/?p=19636#primaryimage"},"image":{"@id":"https:\/\/informante.mx\/?p=19636#primaryimage"},"thumbnailUrl":"https:\/\/www.eluniversal.com.mx\/sites\/default\/files\/u39647\/03jul2020-feminicidios.gif","datePublished":"2020-07-04T15:13:10+00:00","dateModified":"2020-07-04T15:13:16+00:00","breadcrumb":{"@id":"https:\/\/informante.mx\/?p=19636#breadcrumb"},"inLanguage":"es","potentialAction":[{"@type":"ReadAction","target":["https:\/\/informante.mx\/?p=19636"]}]},{"@type":"ImageObject","inLanguage":"es","@id":"https:\/\/informante.mx\/?p=19636#primaryimage","url":"https:\/\/www.eluniversal.com.mx\/sites\/default\/files\/u39647\/03jul2020-feminicidios.gif","contentUrl":"https:\/\/www.eluniversal.com.mx\/sites\/default\/files\/u39647\/03jul2020-feminicidios.gif"},{"@type":"BreadcrumbList","@id":"https:\/\/informante.mx\/?p=19636#breadcrumb","itemListElement":[{"@type":"ListItem","position":1,"name":"Portada","item":"https:\/\/informante.mx\/"},{"@type":"ListItem","position":2,"name":"Crece violencia en estados con alerta de g\u00e9nero"}]},{"@type":"WebSite","@id":"https:\/\/informante.mx\/#website","url":"https:\/\/informante.mx\/","name":"Informante.mx","description":"","publisher":{"@id":"https:\/\/informante.mx\/#organization"},"potentialAction":[{"@type":"SearchAction","target":{"@type":"EntryPoint","urlTemplate":"https:\/\/informante.mx\/?s={search_term_string}"},"query-input":{"@type":"PropertyValueSpecification","valueRequired":true,"valueName":"search_term_string"}}],"inLanguage":"es"},{"@type":"Organization","@id":"https:\/\/informante.mx\/#organization","name":"Informante.mx","url":"https:\/\/informante.mx\/","logo":{"@type":"ImageObject","inLanguage":"es","@id":"https:\/\/informante.mx\/#\/schema\/logo\/image\/","url":"https:\/\/informante.mx\/wp-content\/uploads\/2019\/12\/cropped-LOGO-Verde-Apaisado-1024x360O-1.png","contentUrl":"https:\/\/informante.mx\/wp-content\/uploads\/2019\/12\/cropped-LOGO-Verde-Apaisado-1024x360O-1.png","width":923,"height":180,"caption":"Informante.mx"},"image":{"@id":"https:\/\/informante.mx\/#\/schema\/logo\/image\/"},"sameAs":["https:\/\/www.facebook.com\/MX.Informante","https:\/\/x.com\/mx_informante"]},{"@type":"Person","@id":"https:\/\/informante.mx\/#\/schema\/person\/3eff91989d2ea76b0a330b416325946c","name":"InformanteMX","image":{"@type":"ImageObject","inLanguage":"es","@id":"https:\/\/secure.gravatar.com\/avatar\/10d802aa739e832aedd2f3fd8544d878871eb22e6ca86fe9a548573e34a28f0e?s=96&d=mm&r=g","url":"https:\/\/secure.gravatar.com\/avatar\/10d802aa739e832aedd2f3fd8544d878871eb22e6ca86fe9a548573e34a28f0e?s=96&d=mm&r=g","contentUrl":"https:\/\/secure.gravatar.com\/avatar\/10d802aa739e832aedd2f3fd8544d878871eb22e6ca86fe9a548573e34a28f0e?s=96&d=mm&r=g","caption":"InformanteMX"},"url":"https:\/\/informante.mx\/?author=1"}]}},"jetpack_featured_media_url":"","uagb_featured_image_src":{"full":false,"thumbnail":false,"medium":false,"medium_large":false,"large":false,"1536x1536":false,"2048x2048":false,"td_0x420":false,"td_0x420_retina":false,"td_80x60":false,"td_80x60_retina":false,"td_100x75":false,"td_100x75_retina":false,"td_180x135":false,"td_180x135_retina":false,"td_238x178":false,"td_238x178_retina":false,"td_265x198":false,"td_265x198_retina":false,"td_300x160":false,"td_300x160_retina":false,"td_300x194":false,"td_300x194_retina":false,"td_300x350":false,"td_300x350_retina":false,"td_341x220":false,"td_341x220_retina":false,"td_341x400":false,"td_341x400_retina":false,"td_511x400":false,"td_511x400_retina":false,"td_537x360":false,"td_537x360_retina":false,"td_640x0":false,"td_640x0_retina":false,"td_640x350":false,"td_640x350_retina":false,"td_681x0":false,"td_681x0_retina":false,"td_681x400":false,"td_681x400_retina":false,"td_741x486":false,"td_741x486_retina":false,"td_1021x580":false,"td_1021x580_retina":false},"uagb_author_info":{"display_name":"InformanteMX","author_link":"https:\/\/informante.mx\/?author=1"},"uagb_comment_info":0,"uagb_excerpt":"Pese a que tienen alerta de G\u00e9nero, 10 entidades registran un aumento en ataques hacia ellas","_links":{"self":[{"href":"https:\/\/informante.mx\/index.php?rest_route=\/wp\/v2\/posts\/19636","targetHints":{"allow":["GET"]}}],"collection":[{"href":"https:\/\/informante.mx\/index.php?rest_route=\/wp\/v2\/posts"}],"about":[{"href":"https:\/\/informante.mx\/index.php?rest_route=\/wp\/v2\/types\/post"}],"author":[{"embeddable":true,"href":"https:\/\/informante.mx\/index.php?rest_route=\/wp\/v2\/users\/1"}],"replies":[{"embeddable":true,"href":"https:\/\/informante.mx\/index.php?rest_route=%2Fwp%2Fv2%2Fcomments&post=19636"}],"version-history":[{"count":1,"href":"https:\/\/informante.mx\/index.php?rest_route=\/wp\/v2\/posts\/19636\/revisions"}],"predecessor-version":[{"id":19638,"href":"https:\/\/informante.mx\/index.php?rest_route=\/wp\/v2\/posts\/19636\/revisions\/19638"}],"wp:attachment":[{"href":"https:\/\/informante.mx\/index.php?rest_route=%2Fwp%2Fv2%2Fmedia&parent=19636"}],"wp:term":[{"taxonomy":"category","embeddable":true,"href":"https:\/\/informante.mx\/index.php?rest_route=%2Fwp%2Fv2%2Fcategories&post=19636"},{"taxonomy":"post_tag","embeddable":true,"href":"https:\/\/informante.mx\/index.php?rest_route=%2Fwp%2Fv2%2Ftags&post=19636"}],"curies":[{"name":"wp","href":"https:\/\/api.w.org\/{rel}","templated":true}]}}