{"id":18641,"date":"2020-06-18T13:31:55","date_gmt":"2020-06-18T18:31:55","guid":{"rendered":"http:\/\/informante.mx\/?p=18641"},"modified":"2020-06-18T13:32:01","modified_gmt":"2020-06-18T18:32:01","slug":"veracruz-refuerza-acciones-contra-el-dengue-ante-temporada-de-lluvias","status":"publish","type":"post","link":"https:\/\/informante.mx\/?p=18641","title":{"rendered":"Veracruz refuerza acciones contra el dengue ante temporada de lluvias"},"content":{"rendered":"\n<p><\/p>\n\n\n\n<p>P\u00e1nuco, Ver., 18 de junio de 2020.- La Secretar\u00eda de Salud (SS), a trav\u00e9s de las jurisdicciones sanitarias, elimina criaderos del mosquito transmisor de dengue, zika y chikungunya, a fin de fortalecer acciones encaminadas a la prevenci\u00f3n y control de enfermedades transmitidas por vector.<\/p>\n\n\n\n<p>Esto a ra\u00edz de la temporada de lluvias iniciada el pasado 01 de junio por lo que nebuliza en espacios abiertos y alrededor de viviendas, capacita al personal de salud, difunde y aplica medidas como tapar recipientes o dep\u00f3sitos de agua; asimismo, fomenta la participaci\u00f3n comunitaria en la detecci\u00f3n oportuna de s\u00edntomas reduciendo complicaciones y letalidad.<\/p>\n\n\n\n<p>Tambi\u00e9n, trabaja en el saneamiento b\u00e1sico de lugares p\u00fablicos, coordinada con autoridades municipales, focalizando acciones en lugares de mayor transmisi\u00f3n; en este sentido, el Gobierno Federal puso en marcha un plan de Capacitaci\u00f3n a Distancia para la Atenci\u00f3n M\u00e9dica de las Enfermedades Transmitidas por Vectores.<\/p>\n\n\n\n<p>Al respecto, la Jurisdicci\u00f3n Sanitaria I de P\u00e1nuco recolect\u00f3 cacharros, realiz\u00f3 fumigaci\u00f3n ambiental y exhort\u00f3 a la ciudadan\u00eda a supervisar y asear sus hogares. En tanto que, la X de Cosamaloapan, personal de Vectores y del programa de Enfermedades Transmitidas por Vector contin\u00faan con la \u201cEstrategia Hotspot para el control de las arbovirosis en Veracruz\u201d.<\/p>\n\n\n\n<p>En este aspecto, efect\u00faan acciones de Estudios Entomol\u00f3gicos, Control Larvario, Nebulizaci\u00f3n T\u00e9rmica y Rociado Residual en escuelas. Por \u00faltimo, en la colonia Jardines del Sol hizo eliminaci\u00f3n masiva de criaderos, desechando dos toneladas de cacharros, as\u00ed como nebulizaciones con equipo t\u00e9rmico.<\/p>\n","protected":false},"excerpt":{"rendered":"<p>La SS, a trav\u00e9s de las jurisdicciones sanitarias, elimina criaderos del mosquito transmisor de dengue, zika y chikungunya<\/p>\n","protected":false},"author":1,"featured_media":18642,"comment_status":"open","ping_status":"closed","sticky":false,"template":"","format":"standard","meta":{"_uag_custom_page_level_css":"","jetpack_post_was_ever_published":false,"footnotes":""},"categories":[6],"tags":[],"class_list":["post-18641","post","type-post","status-publish","format-standard","has-post-thumbnail","hentry","category-gobierno"],"yoast_head":"<!-- This site is optimized with the Yoast SEO plugin v27.3 - https:\/\/yoast.com\/product\/yoast-seo-wordpress\/ -->\n<title>Veracruz refuerza acciones contra el dengue ante temporada de lluvias - Informante.mx<\/title>\n<meta name=\"robots\" content=\"index, follow, max-snippet:-1, max-image-preview:large, max-video-preview:-1\" \/>\n<link rel=\"canonical\" href=\"https:\/\/informante.mx\/?p=18641\" \/>\n<meta property=\"og:locale\" content=\"es_ES\" \/>\n<meta property=\"og:type\" content=\"article\" \/>\n<meta property=\"og:title\" content=\"Veracruz refuerza acciones contra el dengue ante temporada de lluvias - Informante.mx\" \/>\n<meta property=\"og:description\" content=\"La SS, a trav\u00e9s de las jurisdicciones sanitarias, elimina criaderos del mosquito transmisor de dengue, zika y chikungunya\" \/>\n<meta property=\"og:url\" content=\"https:\/\/informante.mx\/?p=18641\" \/>\n<meta property=\"og:site_name\" content=\"Informante.mx\" \/>\n<meta property=\"article:publisher\" content=\"https:\/\/www.facebook.com\/MX.Informante\" \/>\n<meta property=\"article:published_time\" content=\"2020-06-18T18:31:55+00:00\" \/>\n<meta property=\"article:modified_time\" content=\"2020-06-18T18:32:01+00:00\" \/>\n<meta property=\"og:image\" content=\"https:\/\/i0.wp.com\/informante.mx\/wp-content\/uploads\/2020\/06\/ss.jpeg?fit=881%2C667&ssl=1\" \/>\n\t<meta property=\"og:image:width\" content=\"881\" \/>\n\t<meta property=\"og:image:height\" content=\"667\" \/>\n\t<meta property=\"og:image:type\" content=\"image\/jpeg\" \/>\n<meta name=\"author\" content=\"InformanteMX\" \/>\n<meta name=\"twitter:card\" content=\"summary_large_image\" \/>\n<meta name=\"twitter:creator\" content=\"@mx_informante\" \/>\n<meta name=\"twitter:site\" content=\"@mx_informante\" \/>\n<meta name=\"twitter:label1\" content=\"Escrito por\" \/>\n\t<meta name=\"twitter:data1\" content=\"InformanteMX\" \/>\n\t<meta name=\"twitter:label2\" content=\"Tiempo de lectura\" \/>\n\t<meta name=\"twitter:data2\" content=\"1 minuto\" \/>\n<script type=\"application\/ld+json\" class=\"yoast-schema-graph\">{\"@context\":\"https:\\\/\\\/schema.org\",\"@graph\":[{\"@type\":\"NewsArticle\",\"@id\":\"https:\\\/\\\/informante.mx\\\/?p=18641#article\",\"isPartOf\":{\"@id\":\"https:\\\/\\\/informante.mx\\\/?p=18641\"},\"author\":{\"name\":\"InformanteMX\",\"@id\":\"https:\\\/\\\/informante.mx\\\/#\\\/schema\\\/person\\\/3eff91989d2ea76b0a330b416325946c\"},\"headline\":\"Veracruz refuerza acciones contra el dengue ante temporada de lluvias\",\"datePublished\":\"2020-06-18T18:31:55+00:00\",\"dateModified\":\"2020-06-18T18:32:01+00:00\",\"mainEntityOfPage\":{\"@id\":\"https:\\\/\\\/informante.mx\\\/?p=18641\"},\"wordCount\":276,\"commentCount\":0,\"publisher\":{\"@id\":\"https:\\\/\\\/informante.mx\\\/#organization\"},\"image\":{\"@id\":\"https:\\\/\\\/informante.mx\\\/?p=18641#primaryimage\"},\"thumbnailUrl\":\"https:\\\/\\\/informante.mx\\\/wp-content\\\/uploads\\\/2020\\\/06\\\/ss.jpeg\",\"articleSection\":[\"Gobierno\"],\"inLanguage\":\"es\",\"potentialAction\":[{\"@type\":\"CommentAction\",\"name\":\"Comment\",\"target\":[\"https:\\\/\\\/informante.mx\\\/?p=18641#respond\"]}]},{\"@type\":\"WebPage\",\"@id\":\"https:\\\/\\\/informante.mx\\\/?p=18641\",\"url\":\"https:\\\/\\\/informante.mx\\\/?p=18641\",\"name\":\"Veracruz refuerza acciones contra el dengue ante temporada de lluvias - Informante.mx\",\"isPartOf\":{\"@id\":\"https:\\\/\\\/informante.mx\\\/#website\"},\"primaryImageOfPage\":{\"@id\":\"https:\\\/\\\/informante.mx\\\/?p=18641#primaryimage\"},\"image\":{\"@id\":\"https:\\\/\\\/informante.mx\\\/?p=18641#primaryimage\"},\"thumbnailUrl\":\"https:\\\/\\\/informante.mx\\\/wp-content\\\/uploads\\\/2020\\\/06\\\/ss.jpeg\",\"datePublished\":\"2020-06-18T18:31:55+00:00\",\"dateModified\":\"2020-06-18T18:32:01+00:00\",\"breadcrumb\":{\"@id\":\"https:\\\/\\\/informante.mx\\\/?p=18641#breadcrumb\"},\"inLanguage\":\"es\",\"potentialAction\":[{\"@type\":\"ReadAction\",\"target\":[\"https:\\\/\\\/informante.mx\\\/?p=18641\"]}]},{\"@type\":\"ImageObject\",\"inLanguage\":\"es\",\"@id\":\"https:\\\/\\\/informante.mx\\\/?p=18641#primaryimage\",\"url\":\"https:\\\/\\\/informante.mx\\\/wp-content\\\/uploads\\\/2020\\\/06\\\/ss.jpeg\",\"contentUrl\":\"https:\\\/\\\/informante.mx\\\/wp-content\\\/uploads\\\/2020\\\/06\\\/ss.jpeg\",\"width\":881,\"height\":667},{\"@type\":\"BreadcrumbList\",\"@id\":\"https:\\\/\\\/informante.mx\\\/?p=18641#breadcrumb\",\"itemListElement\":[{\"@type\":\"ListItem\",\"position\":1,\"name\":\"Portada\",\"item\":\"https:\\\/\\\/informante.mx\\\/\"},{\"@type\":\"ListItem\",\"position\":2,\"name\":\"Veracruz refuerza acciones contra el dengue ante temporada de lluvias\"}]},{\"@type\":\"WebSite\",\"@id\":\"https:\\\/\\\/informante.mx\\\/#website\",\"url\":\"https:\\\/\\\/informante.mx\\\/\",\"name\":\"Informante.mx\",\"description\":\"\",\"publisher\":{\"@id\":\"https:\\\/\\\/informante.mx\\\/#organization\"},\"potentialAction\":[{\"@type\":\"SearchAction\",\"target\":{\"@type\":\"EntryPoint\",\"urlTemplate\":\"https:\\\/\\\/informante.mx\\\/?s={search_term_string}\"},\"query-input\":{\"@type\":\"PropertyValueSpecification\",\"valueRequired\":true,\"valueName\":\"search_term_string\"}}],\"inLanguage\":\"es\"},{\"@type\":\"Organization\",\"@id\":\"https:\\\/\\\/informante.mx\\\/#organization\",\"name\":\"Informante.mx\",\"url\":\"https:\\\/\\\/informante.mx\\\/\",\"logo\":{\"@type\":\"ImageObject\",\"inLanguage\":\"es\",\"@id\":\"https:\\\/\\\/informante.mx\\\/#\\\/schema\\\/logo\\\/image\\\/\",\"url\":\"https:\\\/\\\/informante.mx\\\/wp-content\\\/uploads\\\/2019\\\/12\\\/cropped-LOGO-Verde-Apaisado-1024x360O-1.png\",\"contentUrl\":\"https:\\\/\\\/informante.mx\\\/wp-content\\\/uploads\\\/2019\\\/12\\\/cropped-LOGO-Verde-Apaisado-1024x360O-1.png\",\"width\":923,\"height\":180,\"caption\":\"Informante.mx\"},\"image\":{\"@id\":\"https:\\\/\\\/informante.mx\\\/#\\\/schema\\\/logo\\\/image\\\/\"},\"sameAs\":[\"https:\\\/\\\/www.facebook.com\\\/MX.Informante\",\"https:\\\/\\\/x.com\\\/mx_informante\"]},{\"@type\":\"Person\",\"@id\":\"https:\\\/\\\/informante.mx\\\/#\\\/schema\\\/person\\\/3eff91989d2ea76b0a330b416325946c\",\"name\":\"InformanteMX\",\"image\":{\"@type\":\"ImageObject\",\"inLanguage\":\"es\",\"@id\":\"https:\\\/\\\/secure.gravatar.com\\\/avatar\\\/10d802aa739e832aedd2f3fd8544d878871eb22e6ca86fe9a548573e34a28f0e?s=96&d=mm&r=g\",\"url\":\"https:\\\/\\\/secure.gravatar.com\\\/avatar\\\/10d802aa739e832aedd2f3fd8544d878871eb22e6ca86fe9a548573e34a28f0e?s=96&d=mm&r=g\",\"contentUrl\":\"https:\\\/\\\/secure.gravatar.com\\\/avatar\\\/10d802aa739e832aedd2f3fd8544d878871eb22e6ca86fe9a548573e34a28f0e?s=96&d=mm&r=g\",\"caption\":\"InformanteMX\"},\"url\":\"https:\\\/\\\/informante.mx\\\/?author=1\"}]}<\/script>\n<!-- \/ Yoast SEO plugin. -->","yoast_head_json":{"title":"Veracruz refuerza acciones contra el dengue ante temporada de lluvias - Informante.mx","robots":{"index":"index","follow":"follow","max-snippet":"max-snippet:-1","max-image-preview":"max-image-preview:large","max-video-preview":"max-video-preview:-1"},"canonical":"https:\/\/informante.mx\/?p=18641","og_locale":"es_ES","og_type":"article","og_title":"Veracruz refuerza acciones contra el dengue ante temporada de lluvias - Informante.mx","og_description":"La SS, a trav\u00e9s de las jurisdicciones sanitarias, elimina criaderos del mosquito transmisor de dengue, zika y chikungunya","og_url":"https:\/\/informante.mx\/?p=18641","og_site_name":"Informante.mx","article_publisher":"https:\/\/www.facebook.com\/MX.Informante","article_published_time":"2020-06-18T18:31:55+00:00","article_modified_time":"2020-06-18T18:32:01+00:00","og_image":[{"width":881,"height":667,"url":"https:\/\/i0.wp.com\/informante.mx\/wp-content\/uploads\/2020\/06\/ss.jpeg?fit=881%2C667&ssl=1","type":"image\/jpeg"}],"author":"InformanteMX","twitter_card":"summary_large_image","twitter_creator":"@mx_informante","twitter_site":"@mx_informante","twitter_misc":{"Escrito por":"InformanteMX","Tiempo de lectura":"1 minuto"},"schema":{"@context":"https:\/\/schema.org","@graph":[{"@type":"NewsArticle","@id":"https:\/\/informante.mx\/?p=18641#article","isPartOf":{"@id":"https:\/\/informante.mx\/?p=18641"},"author":{"name":"InformanteMX","@id":"https:\/\/informante.mx\/#\/schema\/person\/3eff91989d2ea76b0a330b416325946c"},"headline":"Veracruz refuerza acciones contra el dengue ante temporada de lluvias","datePublished":"2020-06-18T18:31:55+00:00","dateModified":"2020-06-18T18:32:01+00:00","mainEntityOfPage":{"@id":"https:\/\/informante.mx\/?p=18641"},"wordCount":276,"commentCount":0,"publisher":{"@id":"https:\/\/informante.mx\/#organization"},"image":{"@id":"https:\/\/informante.mx\/?p=18641#primaryimage"},"thumbnailUrl":"https:\/\/informante.mx\/wp-content\/uploads\/2020\/06\/ss.jpeg","articleSection":["Gobierno"],"inLanguage":"es","potentialAction":[{"@type":"CommentAction","name":"Comment","target":["https:\/\/informante.mx\/?p=18641#respond"]}]},{"@type":"WebPage","@id":"https:\/\/informante.mx\/?p=18641","url":"https:\/\/informante.mx\/?p=18641","name":"Veracruz refuerza acciones contra el dengue ante temporada de lluvias - Informante.mx","isPartOf":{"@id":"https:\/\/informante.mx\/#website"},"primaryImageOfPage":{"@id":"https:\/\/informante.mx\/?p=18641#primaryimage"},"image":{"@id":"https:\/\/informante.mx\/?p=18641#primaryimage"},"thumbnailUrl":"https:\/\/informante.mx\/wp-content\/uploads\/2020\/06\/ss.jpeg","datePublished":"2020-06-18T18:31:55+00:00","dateModified":"2020-06-18T18:32:01+00:00","breadcrumb":{"@id":"https:\/\/informante.mx\/?p=18641#breadcrumb"},"inLanguage":"es","potentialAction":[{"@type":"ReadAction","target":["https:\/\/informante.mx\/?p=18641"]}]},{"@type":"ImageObject","inLanguage":"es","@id":"https:\/\/informante.mx\/?p=18641#primaryimage","url":"https:\/\/informante.mx\/wp-content\/uploads\/2020\/06\/ss.jpeg","contentUrl":"https:\/\/informante.mx\/wp-content\/uploads\/2020\/06\/ss.jpeg","width":881,"height":667},{"@type":"BreadcrumbList","@id":"https:\/\/informante.mx\/?p=18641#breadcrumb","itemListElement":[{"@type":"ListItem","position":1,"name":"Portada","item":"https:\/\/informante.mx\/"},{"@type":"ListItem","position":2,"name":"Veracruz refuerza acciones contra el dengue ante temporada de lluvias"}]},{"@type":"WebSite","@id":"https:\/\/informante.mx\/#website","url":"https:\/\/informante.mx\/","name":"Informante.mx","description":"","publisher":{"@id":"https:\/\/informante.mx\/#organization"},"potentialAction":[{"@type":"SearchAction","target":{"@type":"EntryPoint","urlTemplate":"https:\/\/informante.mx\/?s={search_term_string}"},"query-input":{"@type":"PropertyValueSpecification","valueRequired":true,"valueName":"search_term_string"}}],"inLanguage":"es"},{"@type":"Organization","@id":"https:\/\/informante.mx\/#organization","name":"Informante.mx","url":"https:\/\/informante.mx\/","logo":{"@type":"ImageObject","inLanguage":"es","@id":"https:\/\/informante.mx\/#\/schema\/logo\/image\/","url":"https:\/\/informante.mx\/wp-content\/uploads\/2019\/12\/cropped-LOGO-Verde-Apaisado-1024x360O-1.png","contentUrl":"https:\/\/informante.mx\/wp-content\/uploads\/2019\/12\/cropped-LOGO-Verde-Apaisado-1024x360O-1.png","width":923,"height":180,"caption":"Informante.mx"},"image":{"@id":"https:\/\/informante.mx\/#\/schema\/logo\/image\/"},"sameAs":["https:\/\/www.facebook.com\/MX.Informante","https:\/\/x.com\/mx_informante"]},{"@type":"Person","@id":"https:\/\/informante.mx\/#\/schema\/person\/3eff91989d2ea76b0a330b416325946c","name":"InformanteMX","image":{"@type":"ImageObject","inLanguage":"es","@id":"https:\/\/secure.gravatar.com\/avatar\/10d802aa739e832aedd2f3fd8544d878871eb22e6ca86fe9a548573e34a28f0e?s=96&d=mm&r=g","url":"https:\/\/secure.gravatar.com\/avatar\/10d802aa739e832aedd2f3fd8544d878871eb22e6ca86fe9a548573e34a28f0e?s=96&d=mm&r=g","contentUrl":"https:\/\/secure.gravatar.com\/avatar\/10d802aa739e832aedd2f3fd8544d878871eb22e6ca86fe9a548573e34a28f0e?s=96&d=mm&r=g","caption":"InformanteMX"},"url":"https:\/\/informante.mx\/?author=1"}]}},"jetpack_featured_media_url":"https:\/\/informante.mx\/wp-content\/uploads\/2020\/06\/ss.jpeg","uagb_featured_image_src":{"full":["https:\/\/informante.mx\/wp-content\/uploads\/2020\/06\/ss.jpeg",881,667,false],"thumbnail":["https:\/\/informante.mx\/wp-content\/uploads\/2020\/06\/ss-150x114.jpeg",150,114,true],"medium":["https:\/\/informante.mx\/wp-content\/uploads\/2020\/06\/ss-300x227.jpeg",300,227,true],"medium_large":["https:\/\/informante.mx\/wp-content\/uploads\/2020\/06\/ss-768x581.jpeg",640,484,true],"large":["https:\/\/informante.mx\/wp-content\/uploads\/2020\/06\/ss.jpeg",640,485,false],"1536x1536":["https:\/\/informante.mx\/wp-content\/uploads\/2020\/06\/ss.jpeg",881,667,false],"2048x2048":["https:\/\/informante.mx\/wp-content\/uploads\/2020\/06\/ss.jpeg",881,667,false],"td_0x420":["https:\/\/informante.mx\/wp-content\/uploads\/2020\/06\/ss-555x420.jpeg",555,420,true],"td_0x420_retina":["https:\/\/informante.mx\/wp-content\/uploads\/2020\/06\/ss.jpeg",881,667,false],"td_80x60":["https:\/\/informante.mx\/wp-content\/uploads\/2020\/06\/ss-80x60.jpeg",80,60,true],"td_80x60_retina":["https:\/\/informante.mx\/wp-content\/uploads\/2020\/06\/ss.jpeg",160,120,false],"td_100x75":["https:\/\/informante.mx\/wp-content\/uploads\/2020\/06\/ss-100x75.jpeg",100,75,true],"td_100x75_retina":["https:\/\/informante.mx\/wp-content\/uploads\/2020\/06\/ss.jpeg",198,150,false],"td_180x135":["https:\/\/informante.mx\/wp-content\/uploads\/2020\/06\/ss-180x135.jpeg",180,135,true],"td_180x135_retina":["https:\/\/informante.mx\/wp-content\/uploads\/2020\/06\/ss.jpeg",357,270,false],"td_238x178":["https:\/\/informante.mx\/wp-content\/uploads\/2020\/06\/ss-238x178.jpeg",238,178,true],"td_238x178_retina":["https:\/\/informante.mx\/wp-content\/uploads\/2020\/06\/ss.jpeg",470,356,false],"td_265x198":["https:\/\/informante.mx\/wp-content\/uploads\/2020\/06\/ss-265x198.jpeg",265,198,true],"td_265x198_retina":["https:\/\/informante.mx\/wp-content\/uploads\/2020\/06\/ss.jpeg",523,396,false],"td_300x160":["https:\/\/informante.mx\/wp-content\/uploads\/2020\/06\/ss-300x160.jpeg",300,160,true],"td_300x160_retina":["https:\/\/informante.mx\/wp-content\/uploads\/2020\/06\/ss.jpeg",423,320,false],"td_300x194":["https:\/\/informante.mx\/wp-content\/uploads\/2020\/06\/ss-300x194.jpeg",300,194,true],"td_300x194_retina":["https:\/\/informante.mx\/wp-content\/uploads\/2020\/06\/ss.jpeg",512,388,false],"td_300x350":["https:\/\/informante.mx\/wp-content\/uploads\/2020\/06\/ss-300x350.jpeg",300,350,true],"td_300x350_retina":["https:\/\/informante.mx\/wp-content\/uploads\/2020\/06\/ss.jpeg",600,454,false],"td_341x220":["https:\/\/informante.mx\/wp-content\/uploads\/2020\/06\/ss-341x220.jpeg",341,220,true],"td_341x220_retina":["https:\/\/informante.mx\/wp-content\/uploads\/2020\/06\/ss.jpeg",581,440,false],"td_341x400":["https:\/\/informante.mx\/wp-content\/uploads\/2020\/06\/ss-341x400.jpeg",341,400,true],"td_341x400_retina":["https:\/\/informante.mx\/wp-content\/uploads\/2020\/06\/ss.jpeg",682,516,false],"td_511x400":["https:\/\/informante.mx\/wp-content\/uploads\/2020\/06\/ss-511x400.jpeg",511,400,true],"td_511x400_retina":["https:\/\/informante.mx\/wp-content\/uploads\/2020\/06\/ss.jpeg",881,667,false],"td_537x360":["https:\/\/informante.mx\/wp-content\/uploads\/2020\/06\/ss-537x360.jpeg",537,360,true],"td_537x360_retina":["https:\/\/informante.mx\/wp-content\/uploads\/2020\/06\/ss.jpeg",881,667,false],"td_640x0":["https:\/\/informante.mx\/wp-content\/uploads\/2020\/06\/ss-640x485.jpeg",640,485,true],"td_640x0_retina":["https:\/\/informante.mx\/wp-content\/uploads\/2020\/06\/ss.jpeg",881,667,false],"td_640x350":["https:\/\/informante.mx\/wp-content\/uploads\/2020\/06\/ss-640x350.jpeg",640,350,true],"td_640x350_retina":["https:\/\/informante.mx\/wp-content\/uploads\/2020\/06\/ss.jpeg",881,667,false],"td_681x0":["https:\/\/informante.mx\/wp-content\/uploads\/2020\/06\/ss-681x516.jpeg",681,516,true],"td_681x0_retina":["https:\/\/informante.mx\/wp-content\/uploads\/2020\/06\/ss.jpeg",881,667,false],"td_681x400":["https:\/\/informante.mx\/wp-content\/uploads\/2020\/06\/ss-681x400.jpeg",681,400,true],"td_681x400_retina":["https:\/\/informante.mx\/wp-content\/uploads\/2020\/06\/ss.jpeg",881,667,false],"td_741x486":["https:\/\/informante.mx\/wp-content\/uploads\/2020\/06\/ss-741x486.jpeg",741,486,true],"td_741x486_retina":["https:\/\/informante.mx\/wp-content\/uploads\/2020\/06\/ss.jpeg",881,667,false],"td_1021x580":["https:\/\/informante.mx\/wp-content\/uploads\/2020\/06\/ss-881x580.jpeg",881,580,true],"td_1021x580_retina":["https:\/\/informante.mx\/wp-content\/uploads\/2020\/06\/ss.jpeg",881,667,false]},"uagb_author_info":{"display_name":"InformanteMX","author_link":"https:\/\/informante.mx\/?author=1"},"uagb_comment_info":0,"uagb_excerpt":"La SS, a trav\u00e9s de las jurisdicciones sanitarias, elimina criaderos del mosquito transmisor de dengue, zika y chikungunya","_links":{"self":[{"href":"https:\/\/informante.mx\/index.php?rest_route=\/wp\/v2\/posts\/18641","targetHints":{"allow":["GET"]}}],"collection":[{"href":"https:\/\/informante.mx\/index.php?rest_route=\/wp\/v2\/posts"}],"about":[{"href":"https:\/\/informante.mx\/index.php?rest_route=\/wp\/v2\/types\/post"}],"author":[{"embeddable":true,"href":"https:\/\/informante.mx\/index.php?rest_route=\/wp\/v2\/users\/1"}],"replies":[{"embeddable":true,"href":"https:\/\/informante.mx\/index.php?rest_route=%2Fwp%2Fv2%2Fcomments&post=18641"}],"version-history":[{"count":1,"href":"https:\/\/informante.mx\/index.php?rest_route=\/wp\/v2\/posts\/18641\/revisions"}],"predecessor-version":[{"id":18643,"href":"https:\/\/informante.mx\/index.php?rest_route=\/wp\/v2\/posts\/18641\/revisions\/18643"}],"wp:featuredmedia":[{"embeddable":true,"href":"https:\/\/informante.mx\/index.php?rest_route=\/wp\/v2\/media\/18642"}],"wp:attachment":[{"href":"https:\/\/informante.mx\/index.php?rest_route=%2Fwp%2Fv2%2Fmedia&parent=18641"}],"wp:term":[{"taxonomy":"category","embeddable":true,"href":"https:\/\/informante.mx\/index.php?rest_route=%2Fwp%2Fv2%2Fcategories&post=18641"},{"taxonomy":"post_tag","embeddable":true,"href":"https:\/\/informante.mx\/index.php?rest_route=%2Fwp%2Fv2%2Ftags&post=18641"}],"curies":[{"name":"wp","href":"https:\/\/api.w.org\/{rel}","templated":true}]}}