{"id":18634,"date":"2020-06-18T13:24:13","date_gmt":"2020-06-18T18:24:13","guid":{"rendered":"http:\/\/informante.mx\/?p=18634"},"modified":"2020-06-18T13:24:19","modified_gmt":"2020-06-18T18:24:19","slug":"ivai-suma-a-19-instituciones-para-promover-el-dai-en-veracruz","status":"publish","type":"post","link":"https:\/\/informante.mx\/?p=18634","title":{"rendered":"IVAI suma a 19 instituciones para promover el DAI en Veracruz"},"content":{"rendered":"\n<p><\/p>\n\n\n\n<p><\/p>\n\n\n\n<p>Participan Organismos aut\u00f3nomos, asociaciones civiles, instituciones educativas p\u00fablicas y privadas, OPD`s, la Contralor\u00eda del Estado y el Ayuntamiento de Poza Rica<\/p>\n\n\n\n<p>Xalapa, Ver.- 17 de junio de 2020.- Con la participaci\u00f3n de 19 instituciones p\u00fablicas y privadas, el Instituto Veracruzano de Acceso a la Informaci\u00f3n y Protecci\u00f3n de Datos Personales (IVAI) instal\u00f3 su Red Local de Socializaci\u00f3n para promover la transparencia y la rendici\u00f3n de cuentas entre integrantes de sectores vulnerables de Veracruz.<\/p>\n\n\n\n<p>Con la presencia de los integrantes del Pleno y del presidente del Instituto Nacional de Acceso a la Informaci\u00f3n y Protecci\u00f3n de Datos Personales (INAI), Francisco Acu\u00f1a Llamas, se instal\u00f3 esta red con lo que da inicio el Plan DAI 2020, en el que se articular\u00e1n acciones para consolidar y socializar el derecho para realizar peticiones de informaci\u00f3n.<\/p>\n\n\n\n<p>Acu\u00f1a Llamas expres\u00f3 que el Plan del Derecho de Acceso a la Informaci\u00f3n (DAI) es una necesidad y oportunidad para que el derecho de acceso a la informaci\u00f3n p\u00fablica sea efectivo, pues se trata de un instrumento poderoso para realizar la autocr\u00edtica y que permite mejorar el d\u00eda a d\u00eda de los ciudadanos.<\/p>\n\n\n\n<p>\u201cAs\u00ed pasamos de la fase de la socializaci\u00f3n del conocimiento que quiere decir difusi\u00f3n para comprender de qu\u00e9 se trata y socializaci\u00f3n en el sentido de colectivizaci\u00f3n, de llevar a la gente la necesidad y urgencia de hurgar en el estado y conquistar cimas que no se ha podido. El plan DAI tiene la intenci\u00f3n de poner en las manos de las amas de casa, bur\u00f3cratas, jornaleros, acad\u00e9micos la oportunidad de estrenar su derecho a saber\u201d, enfatiz\u00f3<\/p>\n\n\n\n<p>En su mensaje, la comisionada presidenta del IVAI, Naldy Patricia Rodr\u00edguez Lagunes, se\u00f1al\u00f3 que el acceso a la informaci\u00f3n es un derecho \u201cnoble\u201d, sencillo de ejercer, que no ha permeado en la sociedad de Veracruz, sobre todo entre la poblaci\u00f3n con m\u00e1s rezago y carencias por la brecha que persiste en el acceso a las Tecnolog\u00edas de la Informaci\u00f3n y la Comunicaci\u00f3n y por la falta de promoci\u00f3n y difusi\u00f3n focalizada a grupos marginados y poblaciones vulnerables.<\/p>\n\n\n\n<p>\u201cSe trata de un esfuerzo nacional, que se construye desde lo local esta Red que hoy se instala en Veracruz gracias a la voluntad participativa de aliados estrat\u00e9gicos es la instancia responsable de coordinar los esfuerzos para la implementaci\u00f3n del Plan DAI en el Estado de Veracruz y es tambi\u00e9n el espacio para el di\u00e1logo y la toma de decisiones para la implementaci\u00f3n de la pol\u00edtica p\u00fablica\u201d, dijo.<\/p>\n\n\n\n<p>La auditora general del \u00d3rgano de Fiscalizaci\u00f3n Superior (ORFIS), Delia Gonz\u00e1lez Cobos, coment\u00f3 que el derecho al Acceso a la informaci\u00f3n P\u00fablica, son reveladores al esfuerzo que deben de realizar para que m\u00e1s mexicanos y veracruzanos hagan uso de este derecho.<\/p>\n\n\n\n<p>La directora de Radio Teocelo Mariana Riveros Pozos, mencion\u00f3 que el acceso a la informaci\u00f3n es una estrategia para abonar a la cultura de la transparencia y para erradicar las formas de corrupci\u00f3n. El acceso a la misma debe ser una acci\u00f3n de todos los d\u00edas, por eso desde hace 22 a\u00f1os han impulsado la rendici\u00f3n de cuentas a trav\u00e9s de los programas Cabildo Abierto.<\/p>\n\n\n\n<p>Por su parte, el director del Instituto Tecnol\u00f3gico Superior de Coatzacoalcos, Bulmaro Salazar Hern\u00e1ndez, mencion\u00f3 que el derecho a la informaci\u00f3n puede ayudar a contribuir a un desarrollo de la sociedad en equidad, un combate pleno al combate a la pobreza y un correcto uso de los recursos y apoyos de los diferentes programas, municipales, estatales y federales.<\/p>\n\n\n\n<p>En las conclusiones del encuentro virtual, la comisionada Magda Zayas Mu\u00f1oz, dijo que el Plan DAI se encamina a la poblaci\u00f3n vulnerable y lo que se busca es incluir a la sociedad que se encuentra en desigualdad, por eso \u2013dijo- la socializaci\u00f3n debe ir orientada al aprovechamiento y uso del acceso a la informaci\u00f3n destinado a la ciudadan\u00eda en general y no s\u00f3lo a servidores p\u00fablicos.<\/p>\n\n\n\n<p>El comisionado Jos\u00e9 Alfredo Corona Liz\u00e1rraga expuso que este es el primer paso para lograr con el apoyo de todos, el desarrollo de una Red Local se convertir\u00e1 en una herramienta que refuerce y optimice los actuales mecanismos de transparencia y accesos a la informaci\u00f3n, y que contribuir\u00e1 a la mejora de la gesti\u00f3n p\u00fablica y a la prevenci\u00f3n de la corrupci\u00f3n.<\/p>\n\n\n\n<p>Los entes que integran el Plan DAI 2020 en la entidad son: la Contralor\u00eda General del Estado, el \u00d3rgano de Fiscalizaci\u00f3n Superior, la Comisi\u00f3n Estatal de Derechos Humanos, la Universidad Veracruzana, el Comit\u00e9 de Participaci\u00f3n Ciudadana del Sistema Estatal Anticorrupci\u00f3n; as\u00ed como instituciones educativas como la Universidad Crist\u00f3bal Col\u00f3n, la Universidad An\u00e1huac, la Universidad de Xalapa y la Universidad del Golfo de M\u00e9xico, el ayuntamiento de Poza Rica y la Contralor\u00eda General del Estado.<\/p>\n\n\n\n<p>Tambi\u00e9n se cuenta con la participaci\u00f3n de organismos p\u00fablicos descentralizados como el Instituto Veracruzano de las Mujeres, el Instituto Veracruzano de la Juventud, el Instituto Veracruzano de Desarrollo Municipal, la Academia Veracruzana de Lenguas Ind\u00edgenas y el Instituto Tecnol\u00f3gico Superior de Coatzacoalcos.<\/p>\n\n\n\n<p>De la sociedad civil, participan la Sala Braille del Centro de Servicios Bibliotecarios y de Inform\u00e1tica de la Benem\u00e9rita Escuela Normal Veracruzana, la Red de G\u00e9nero Derechos Humanos y Empoderamiento AC, F\u00f3rmula Juvenil AC y Radio Teocelo.<\/p>\n","protected":false},"excerpt":{"rendered":"<p>Con la asistencia del presidente del INAI, Francisco Acu\u00f1a Llamas, el organismo garante instal\u00f3 la Red Local de Socializaci\u00f3n del plan nacional de Derecho de Acceso a la Informaci\u00f3n<\/p>\n","protected":false},"author":1,"featured_media":0,"comment_status":"open","ping_status":"closed","sticky":false,"template":"","format":"standard","meta":{"_uag_custom_page_level_css":"","jetpack_post_was_ever_published":false,"footnotes":""},"categories":[6],"tags":[],"class_list":["post-18634","post","type-post","status-publish","format-standard","hentry","category-gobierno"],"yoast_head":"<!-- This site is optimized with the Yoast SEO plugin v27.3 - https:\/\/yoast.com\/product\/yoast-seo-wordpress\/ -->\n<title>IVAI suma a 19 instituciones para promover el DAI en Veracruz - Informante.mx<\/title>\n<meta name=\"robots\" content=\"index, follow, max-snippet:-1, max-image-preview:large, max-video-preview:-1\" \/>\n<link rel=\"canonical\" href=\"https:\/\/informante.mx\/?p=18634\" \/>\n<meta property=\"og:locale\" content=\"es_ES\" \/>\n<meta property=\"og:type\" content=\"article\" \/>\n<meta property=\"og:title\" content=\"IVAI suma a 19 instituciones para promover el DAI en Veracruz - Informante.mx\" \/>\n<meta property=\"og:description\" content=\"Con la asistencia del presidente del INAI, Francisco Acu\u00f1a Llamas, el organismo garante instal\u00f3 la Red Local de Socializaci\u00f3n del plan nacional de Derecho de Acceso a la Informaci\u00f3n\" \/>\n<meta property=\"og:url\" content=\"https:\/\/informante.mx\/?p=18634\" \/>\n<meta property=\"og:site_name\" content=\"Informante.mx\" \/>\n<meta property=\"article:publisher\" content=\"https:\/\/www.facebook.com\/MX.Informante\" \/>\n<meta property=\"article:published_time\" content=\"2020-06-18T18:24:13+00:00\" \/>\n<meta property=\"article:modified_time\" content=\"2020-06-18T18:24:19+00:00\" \/>\n<meta property=\"og:image\" content=\"https:\/\/i0.wp.com\/informante.mx\/wp-content\/uploads\/2020\/06\/IVAI-1.jpeg?fit=1280%2C708&ssl=1\" \/>\n\t<meta property=\"og:image:width\" content=\"1280\" \/>\n\t<meta property=\"og:image:height\" content=\"708\" \/>\n\t<meta property=\"og:image:type\" content=\"image\/jpeg\" \/>\n<meta name=\"author\" content=\"InformanteMX\" \/>\n<meta name=\"twitter:card\" content=\"summary_large_image\" \/>\n<meta name=\"twitter:creator\" content=\"@mx_informante\" \/>\n<meta name=\"twitter:site\" content=\"@mx_informante\" \/>\n<meta name=\"twitter:label1\" content=\"Escrito por\" \/>\n\t<meta name=\"twitter:data1\" content=\"InformanteMX\" \/>\n\t<meta name=\"twitter:label2\" content=\"Tiempo de lectura\" \/>\n\t<meta name=\"twitter:data2\" content=\"5 minutos\" \/>\n<script type=\"application\/ld+json\" class=\"yoast-schema-graph\">{\"@context\":\"https:\\\/\\\/schema.org\",\"@graph\":[{\"@type\":\"NewsArticle\",\"@id\":\"https:\\\/\\\/informante.mx\\\/?p=18634#article\",\"isPartOf\":{\"@id\":\"https:\\\/\\\/informante.mx\\\/?p=18634\"},\"author\":{\"name\":\"InformanteMX\",\"@id\":\"https:\\\/\\\/informante.mx\\\/#\\\/schema\\\/person\\\/3eff91989d2ea76b0a330b416325946c\"},\"headline\":\"IVAI suma a 19 instituciones para promover el DAI en Veracruz\",\"datePublished\":\"2020-06-18T18:24:13+00:00\",\"dateModified\":\"2020-06-18T18:24:19+00:00\",\"mainEntityOfPage\":{\"@id\":\"https:\\\/\\\/informante.mx\\\/?p=18634\"},\"wordCount\":950,\"commentCount\":0,\"publisher\":{\"@id\":\"https:\\\/\\\/informante.mx\\\/#organization\"},\"articleSection\":[\"Gobierno\"],\"inLanguage\":\"es\",\"potentialAction\":[{\"@type\":\"CommentAction\",\"name\":\"Comment\",\"target\":[\"https:\\\/\\\/informante.mx\\\/?p=18634#respond\"]}]},{\"@type\":\"WebPage\",\"@id\":\"https:\\\/\\\/informante.mx\\\/?p=18634\",\"url\":\"https:\\\/\\\/informante.mx\\\/?p=18634\",\"name\":\"IVAI suma a 19 instituciones para promover el DAI en Veracruz - Informante.mx\",\"isPartOf\":{\"@id\":\"https:\\\/\\\/informante.mx\\\/#website\"},\"datePublished\":\"2020-06-18T18:24:13+00:00\",\"dateModified\":\"2020-06-18T18:24:19+00:00\",\"breadcrumb\":{\"@id\":\"https:\\\/\\\/informante.mx\\\/?p=18634#breadcrumb\"},\"inLanguage\":\"es\",\"potentialAction\":[{\"@type\":\"ReadAction\",\"target\":[\"https:\\\/\\\/informante.mx\\\/?p=18634\"]}]},{\"@type\":\"BreadcrumbList\",\"@id\":\"https:\\\/\\\/informante.mx\\\/?p=18634#breadcrumb\",\"itemListElement\":[{\"@type\":\"ListItem\",\"position\":1,\"name\":\"Portada\",\"item\":\"https:\\\/\\\/informante.mx\\\/\"},{\"@type\":\"ListItem\",\"position\":2,\"name\":\"IVAI suma a 19 instituciones para promover el DAI en Veracruz\"}]},{\"@type\":\"WebSite\",\"@id\":\"https:\\\/\\\/informante.mx\\\/#website\",\"url\":\"https:\\\/\\\/informante.mx\\\/\",\"name\":\"Informante.mx\",\"description\":\"\",\"publisher\":{\"@id\":\"https:\\\/\\\/informante.mx\\\/#organization\"},\"potentialAction\":[{\"@type\":\"SearchAction\",\"target\":{\"@type\":\"EntryPoint\",\"urlTemplate\":\"https:\\\/\\\/informante.mx\\\/?s={search_term_string}\"},\"query-input\":{\"@type\":\"PropertyValueSpecification\",\"valueRequired\":true,\"valueName\":\"search_term_string\"}}],\"inLanguage\":\"es\"},{\"@type\":\"Organization\",\"@id\":\"https:\\\/\\\/informante.mx\\\/#organization\",\"name\":\"Informante.mx\",\"url\":\"https:\\\/\\\/informante.mx\\\/\",\"logo\":{\"@type\":\"ImageObject\",\"inLanguage\":\"es\",\"@id\":\"https:\\\/\\\/informante.mx\\\/#\\\/schema\\\/logo\\\/image\\\/\",\"url\":\"https:\\\/\\\/informante.mx\\\/wp-content\\\/uploads\\\/2019\\\/12\\\/cropped-LOGO-Verde-Apaisado-1024x360O-1.png\",\"contentUrl\":\"https:\\\/\\\/informante.mx\\\/wp-content\\\/uploads\\\/2019\\\/12\\\/cropped-LOGO-Verde-Apaisado-1024x360O-1.png\",\"width\":923,\"height\":180,\"caption\":\"Informante.mx\"},\"image\":{\"@id\":\"https:\\\/\\\/informante.mx\\\/#\\\/schema\\\/logo\\\/image\\\/\"},\"sameAs\":[\"https:\\\/\\\/www.facebook.com\\\/MX.Informante\",\"https:\\\/\\\/x.com\\\/mx_informante\"]},{\"@type\":\"Person\",\"@id\":\"https:\\\/\\\/informante.mx\\\/#\\\/schema\\\/person\\\/3eff91989d2ea76b0a330b416325946c\",\"name\":\"InformanteMX\",\"image\":{\"@type\":\"ImageObject\",\"inLanguage\":\"es\",\"@id\":\"https:\\\/\\\/secure.gravatar.com\\\/avatar\\\/10d802aa739e832aedd2f3fd8544d878871eb22e6ca86fe9a548573e34a28f0e?s=96&d=mm&r=g\",\"url\":\"https:\\\/\\\/secure.gravatar.com\\\/avatar\\\/10d802aa739e832aedd2f3fd8544d878871eb22e6ca86fe9a548573e34a28f0e?s=96&d=mm&r=g\",\"contentUrl\":\"https:\\\/\\\/secure.gravatar.com\\\/avatar\\\/10d802aa739e832aedd2f3fd8544d878871eb22e6ca86fe9a548573e34a28f0e?s=96&d=mm&r=g\",\"caption\":\"InformanteMX\"},\"url\":\"https:\\\/\\\/informante.mx\\\/?author=1\"}]}<\/script>\n<!-- \/ Yoast SEO plugin. -->","yoast_head_json":{"title":"IVAI suma a 19 instituciones para promover el DAI en Veracruz - Informante.mx","robots":{"index":"index","follow":"follow","max-snippet":"max-snippet:-1","max-image-preview":"max-image-preview:large","max-video-preview":"max-video-preview:-1"},"canonical":"https:\/\/informante.mx\/?p=18634","og_locale":"es_ES","og_type":"article","og_title":"IVAI suma a 19 instituciones para promover el DAI en Veracruz - Informante.mx","og_description":"Con la asistencia del presidente del INAI, Francisco Acu\u00f1a Llamas, el organismo garante instal\u00f3 la Red Local de Socializaci\u00f3n del plan nacional de Derecho de Acceso a la Informaci\u00f3n","og_url":"https:\/\/informante.mx\/?p=18634","og_site_name":"Informante.mx","article_publisher":"https:\/\/www.facebook.com\/MX.Informante","article_published_time":"2020-06-18T18:24:13+00:00","article_modified_time":"2020-06-18T18:24:19+00:00","og_image":[{"width":1280,"height":708,"url":"https:\/\/i0.wp.com\/informante.mx\/wp-content\/uploads\/2020\/06\/IVAI-1.jpeg?fit=1280%2C708&ssl=1","type":"image\/jpeg"}],"author":"InformanteMX","twitter_card":"summary_large_image","twitter_creator":"@mx_informante","twitter_site":"@mx_informante","twitter_misc":{"Escrito por":"InformanteMX","Tiempo de lectura":"5 minutos"},"schema":{"@context":"https:\/\/schema.org","@graph":[{"@type":"NewsArticle","@id":"https:\/\/informante.mx\/?p=18634#article","isPartOf":{"@id":"https:\/\/informante.mx\/?p=18634"},"author":{"name":"InformanteMX","@id":"https:\/\/informante.mx\/#\/schema\/person\/3eff91989d2ea76b0a330b416325946c"},"headline":"IVAI suma a 19 instituciones para promover el DAI en Veracruz","datePublished":"2020-06-18T18:24:13+00:00","dateModified":"2020-06-18T18:24:19+00:00","mainEntityOfPage":{"@id":"https:\/\/informante.mx\/?p=18634"},"wordCount":950,"commentCount":0,"publisher":{"@id":"https:\/\/informante.mx\/#organization"},"articleSection":["Gobierno"],"inLanguage":"es","potentialAction":[{"@type":"CommentAction","name":"Comment","target":["https:\/\/informante.mx\/?p=18634#respond"]}]},{"@type":"WebPage","@id":"https:\/\/informante.mx\/?p=18634","url":"https:\/\/informante.mx\/?p=18634","name":"IVAI suma a 19 instituciones para promover el DAI en Veracruz - Informante.mx","isPartOf":{"@id":"https:\/\/informante.mx\/#website"},"datePublished":"2020-06-18T18:24:13+00:00","dateModified":"2020-06-18T18:24:19+00:00","breadcrumb":{"@id":"https:\/\/informante.mx\/?p=18634#breadcrumb"},"inLanguage":"es","potentialAction":[{"@type":"ReadAction","target":["https:\/\/informante.mx\/?p=18634"]}]},{"@type":"BreadcrumbList","@id":"https:\/\/informante.mx\/?p=18634#breadcrumb","itemListElement":[{"@type":"ListItem","position":1,"name":"Portada","item":"https:\/\/informante.mx\/"},{"@type":"ListItem","position":2,"name":"IVAI suma a 19 instituciones para promover el DAI en Veracruz"}]},{"@type":"WebSite","@id":"https:\/\/informante.mx\/#website","url":"https:\/\/informante.mx\/","name":"Informante.mx","description":"","publisher":{"@id":"https:\/\/informante.mx\/#organization"},"potentialAction":[{"@type":"SearchAction","target":{"@type":"EntryPoint","urlTemplate":"https:\/\/informante.mx\/?s={search_term_string}"},"query-input":{"@type":"PropertyValueSpecification","valueRequired":true,"valueName":"search_term_string"}}],"inLanguage":"es"},{"@type":"Organization","@id":"https:\/\/informante.mx\/#organization","name":"Informante.mx","url":"https:\/\/informante.mx\/","logo":{"@type":"ImageObject","inLanguage":"es","@id":"https:\/\/informante.mx\/#\/schema\/logo\/image\/","url":"https:\/\/informante.mx\/wp-content\/uploads\/2019\/12\/cropped-LOGO-Verde-Apaisado-1024x360O-1.png","contentUrl":"https:\/\/informante.mx\/wp-content\/uploads\/2019\/12\/cropped-LOGO-Verde-Apaisado-1024x360O-1.png","width":923,"height":180,"caption":"Informante.mx"},"image":{"@id":"https:\/\/informante.mx\/#\/schema\/logo\/image\/"},"sameAs":["https:\/\/www.facebook.com\/MX.Informante","https:\/\/x.com\/mx_informante"]},{"@type":"Person","@id":"https:\/\/informante.mx\/#\/schema\/person\/3eff91989d2ea76b0a330b416325946c","name":"InformanteMX","image":{"@type":"ImageObject","inLanguage":"es","@id":"https:\/\/secure.gravatar.com\/avatar\/10d802aa739e832aedd2f3fd8544d878871eb22e6ca86fe9a548573e34a28f0e?s=96&d=mm&r=g","url":"https:\/\/secure.gravatar.com\/avatar\/10d802aa739e832aedd2f3fd8544d878871eb22e6ca86fe9a548573e34a28f0e?s=96&d=mm&r=g","contentUrl":"https:\/\/secure.gravatar.com\/avatar\/10d802aa739e832aedd2f3fd8544d878871eb22e6ca86fe9a548573e34a28f0e?s=96&d=mm&r=g","caption":"InformanteMX"},"url":"https:\/\/informante.mx\/?author=1"}]}},"jetpack_featured_media_url":"","uagb_featured_image_src":{"full":false,"thumbnail":false,"medium":false,"medium_large":false,"large":false,"1536x1536":false,"2048x2048":false,"td_0x420":false,"td_0x420_retina":false,"td_80x60":false,"td_80x60_retina":false,"td_100x75":false,"td_100x75_retina":false,"td_180x135":false,"td_180x135_retina":false,"td_238x178":false,"td_238x178_retina":false,"td_265x198":false,"td_265x198_retina":false,"td_300x160":false,"td_300x160_retina":false,"td_300x194":false,"td_300x194_retina":false,"td_300x350":false,"td_300x350_retina":false,"td_341x220":false,"td_341x220_retina":false,"td_341x400":false,"td_341x400_retina":false,"td_511x400":false,"td_511x400_retina":false,"td_537x360":false,"td_537x360_retina":false,"td_640x0":false,"td_640x0_retina":false,"td_640x350":false,"td_640x350_retina":false,"td_681x0":false,"td_681x0_retina":false,"td_681x400":false,"td_681x400_retina":false,"td_741x486":false,"td_741x486_retina":false,"td_1021x580":false,"td_1021x580_retina":false},"uagb_author_info":{"display_name":"InformanteMX","author_link":"https:\/\/informante.mx\/?author=1"},"uagb_comment_info":0,"uagb_excerpt":"Con la asistencia del presidente del INAI, Francisco Acu\u00f1a Llamas, el organismo garante instal\u00f3 la Red Local de Socializaci\u00f3n del plan nacional de Derecho de Acceso a la Informaci\u00f3n","_links":{"self":[{"href":"https:\/\/informante.mx\/index.php?rest_route=\/wp\/v2\/posts\/18634","targetHints":{"allow":["GET"]}}],"collection":[{"href":"https:\/\/informante.mx\/index.php?rest_route=\/wp\/v2\/posts"}],"about":[{"href":"https:\/\/informante.mx\/index.php?rest_route=\/wp\/v2\/types\/post"}],"author":[{"embeddable":true,"href":"https:\/\/informante.mx\/index.php?rest_route=\/wp\/v2\/users\/1"}],"replies":[{"embeddable":true,"href":"https:\/\/informante.mx\/index.php?rest_route=%2Fwp%2Fv2%2Fcomments&post=18634"}],"version-history":[{"count":1,"href":"https:\/\/informante.mx\/index.php?rest_route=\/wp\/v2\/posts\/18634\/revisions"}],"predecessor-version":[{"id":18636,"href":"https:\/\/informante.mx\/index.php?rest_route=\/wp\/v2\/posts\/18634\/revisions\/18636"}],"wp:attachment":[{"href":"https:\/\/informante.mx\/index.php?rest_route=%2Fwp%2Fv2%2Fmedia&parent=18634"}],"wp:term":[{"taxonomy":"category","embeddable":true,"href":"https:\/\/informante.mx\/index.php?rest_route=%2Fwp%2Fv2%2Fcategories&post=18634"},{"taxonomy":"post_tag","embeddable":true,"href":"https:\/\/informante.mx\/index.php?rest_route=%2Fwp%2Fv2%2Ftags&post=18634"}],"curies":[{"name":"wp","href":"https:\/\/api.w.org\/{rel}","templated":true}]}}