{"id":18376,"date":"2020-06-13T14:44:10","date_gmt":"2020-06-13T19:44:10","guid":{"rendered":"http:\/\/informante.mx\/?p=18376"},"modified":"2020-06-13T14:44:17","modified_gmt":"2020-06-13T19:44:17","slug":"pri-veracruz-con-141-planillas-de-unidad-hacia-la-renovacion-de-las-presidencias-de-sus-comites-municipales","status":"publish","type":"post","link":"https:\/\/informante.mx\/?p=18376","title":{"rendered":"PRI Veracruz con 141 planillas de unidad hacia la renovaci\u00f3n de las presidencias de sus comit\u00e9s municipales"},"content":{"rendered":"\n<p><\/p>\n\n\n\n<p>Xalapa, Ver., 13 de junio de 2020.- El Partido Revolucionario Institucional (PRI) en Veracruz, transita a lograr la conformaci\u00f3n de 141 planillas de unidad hacia la elecci\u00f3n de dirigencias de comit\u00e9s municipales.<\/p>\n\n\n\n<p>En los 71 municipios restantes se instala a partir de hoy la mesa pol\u00edtica, que tendr\u00e1 la labor de buscar la ruta de coordinaci\u00f3n para que se pueda llevar a cabo la elecci\u00f3n con el voto de la gente de cada municipio, siempre anteponiendo el cuidado de las normas sanitarias.<\/p>\n\n\n\n<p>La dirigencia estatal del PRI, a cargo de Marlon Ram\u00edrez Mar\u00edn, como presidente y Arianna \u00c1ngeles Aguirre como secretaria general, confirm\u00f3 que este lunes 15 de junio, ser\u00e1 publicada la convocatoria para la renovaci\u00f3n de los comit\u00e9s, en los municipios que tengan ya renovados sus consejos pol\u00edticos.<\/p>\n\n\n\n<p>La Secretar\u00eda de Organizaci\u00f3n del CDE, encabezada por Ponciano V\u00e1zquez Parissi, otorgar\u00e1 el aval para las solicitudes que se presenten ya sea en planillas de unidad o por proceso de elecci\u00f3n mediante el voto de la militancia, detall\u00f3.<\/p>\n\n\n\n<p>Para quienes a\u00fan no acreditan los cursos en l\u00ednea impartidos por el Instituto Reyes Heroles y la Fundaci\u00f3n Colosio, relativos al examen de capacitaci\u00f3n en conocimiento de documentos b\u00e1sicos, as\u00ed como la preparaci\u00f3n y construcci\u00f3n de un Plan de Trabajo, requisitos para las y los aspirantes a las presidencias y secretar\u00edas generales de los 212 comit\u00e9s municipales, se publicar\u00e1n convocatorias extraordinarias en alcance.<\/p>\n\n\n\n<p>Los procesos de renovaci\u00f3n de comit\u00e9s municipales, se efectuar\u00e1n con la aplicaci\u00f3n de medidas preventivas ante la contingencia sanitaria por coronavirus Covid-19, en cuidado de la integridad de la militancia y sus familias.<\/p>\n\n\n\n<p>La renovaci\u00f3n de los \u00f3rganos de direcci\u00f3n del partido en todos sus niveles, ser\u00e1 fundamental para garantizar resultados positivos en los pr\u00f3ximos procesos electorales.<\/p>\n","protected":false},"excerpt":{"rendered":"<p>La convocatoria se publicar\u00e1 este 15 de junio<\/p>\n","protected":false},"author":1,"featured_media":0,"comment_status":"open","ping_status":"closed","sticky":false,"template":"","format":"standard","meta":{"_uag_custom_page_level_css":"","jetpack_post_was_ever_published":false,"footnotes":""},"categories":[4],"tags":[],"class_list":["post-18376","post","type-post","status-publish","format-standard","hentry","category-estatal"],"yoast_head":"<!-- This site is optimized with the Yoast SEO plugin v27.3 - https:\/\/yoast.com\/product\/yoast-seo-wordpress\/ -->\n<title>PRI Veracruz con 141 planillas de unidad hacia la renovaci\u00f3n de las presidencias de sus comit\u00e9s municipales - Informante.mx<\/title>\n<meta name=\"robots\" content=\"index, follow, max-snippet:-1, max-image-preview:large, max-video-preview:-1\" \/>\n<link rel=\"canonical\" href=\"https:\/\/informante.mx\/?p=18376\" \/>\n<meta property=\"og:locale\" content=\"es_ES\" \/>\n<meta property=\"og:type\" content=\"article\" \/>\n<meta property=\"og:title\" content=\"PRI Veracruz con 141 planillas de unidad hacia la renovaci\u00f3n de las presidencias de sus comit\u00e9s municipales - Informante.mx\" \/>\n<meta property=\"og:description\" content=\"La convocatoria se publicar\u00e1 este 15 de junio\" \/>\n<meta property=\"og:url\" content=\"https:\/\/informante.mx\/?p=18376\" \/>\n<meta property=\"og:site_name\" content=\"Informante.mx\" \/>\n<meta property=\"article:publisher\" content=\"https:\/\/www.facebook.com\/MX.Informante\" \/>\n<meta property=\"article:published_time\" content=\"2020-06-13T19:44:10+00:00\" \/>\n<meta property=\"article:modified_time\" content=\"2020-06-13T19:44:17+00:00\" \/>\n<meta property=\"og:image\" content=\"https:\/\/i0.wp.com\/informante.mx\/wp-content\/uploads\/2020\/06\/001.jpeg?fit=660%2C382&ssl=1\" \/>\n\t<meta property=\"og:image:width\" content=\"660\" \/>\n\t<meta property=\"og:image:height\" content=\"382\" \/>\n\t<meta property=\"og:image:type\" content=\"image\/jpeg\" \/>\n<meta name=\"author\" content=\"InformanteMX\" \/>\n<meta name=\"twitter:card\" content=\"summary_large_image\" \/>\n<meta name=\"twitter:creator\" content=\"@mx_informante\" \/>\n<meta name=\"twitter:site\" content=\"@mx_informante\" \/>\n<meta name=\"twitter:label1\" content=\"Escrito por\" \/>\n\t<meta name=\"twitter:data1\" content=\"InformanteMX\" \/>\n\t<meta name=\"twitter:label2\" content=\"Tiempo de lectura\" \/>\n\t<meta name=\"twitter:data2\" content=\"2 minutos\" \/>\n<script type=\"application\/ld+json\" class=\"yoast-schema-graph\">{\"@context\":\"https:\\\/\\\/schema.org\",\"@graph\":[{\"@type\":\"NewsArticle\",\"@id\":\"https:\\\/\\\/informante.mx\\\/?p=18376#article\",\"isPartOf\":{\"@id\":\"https:\\\/\\\/informante.mx\\\/?p=18376\"},\"author\":{\"name\":\"InformanteMX\",\"@id\":\"https:\\\/\\\/informante.mx\\\/#\\\/schema\\\/person\\\/3eff91989d2ea76b0a330b416325946c\"},\"headline\":\"PRI Veracruz con 141 planillas de unidad hacia la renovaci\u00f3n de las presidencias de sus comit\u00e9s municipales\",\"datePublished\":\"2020-06-13T19:44:10+00:00\",\"dateModified\":\"2020-06-13T19:44:17+00:00\",\"mainEntityOfPage\":{\"@id\":\"https:\\\/\\\/informante.mx\\\/?p=18376\"},\"wordCount\":332,\"commentCount\":0,\"publisher\":{\"@id\":\"https:\\\/\\\/informante.mx\\\/#organization\"},\"articleSection\":[\"Estatal\"],\"inLanguage\":\"es\",\"potentialAction\":[{\"@type\":\"CommentAction\",\"name\":\"Comment\",\"target\":[\"https:\\\/\\\/informante.mx\\\/?p=18376#respond\"]}]},{\"@type\":\"WebPage\",\"@id\":\"https:\\\/\\\/informante.mx\\\/?p=18376\",\"url\":\"https:\\\/\\\/informante.mx\\\/?p=18376\",\"name\":\"PRI Veracruz con 141 planillas de unidad hacia la renovaci\u00f3n de las presidencias de sus comit\u00e9s municipales - Informante.mx\",\"isPartOf\":{\"@id\":\"https:\\\/\\\/informante.mx\\\/#website\"},\"datePublished\":\"2020-06-13T19:44:10+00:00\",\"dateModified\":\"2020-06-13T19:44:17+00:00\",\"breadcrumb\":{\"@id\":\"https:\\\/\\\/informante.mx\\\/?p=18376#breadcrumb\"},\"inLanguage\":\"es\",\"potentialAction\":[{\"@type\":\"ReadAction\",\"target\":[\"https:\\\/\\\/informante.mx\\\/?p=18376\"]}]},{\"@type\":\"BreadcrumbList\",\"@id\":\"https:\\\/\\\/informante.mx\\\/?p=18376#breadcrumb\",\"itemListElement\":[{\"@type\":\"ListItem\",\"position\":1,\"name\":\"Portada\",\"item\":\"https:\\\/\\\/informante.mx\\\/\"},{\"@type\":\"ListItem\",\"position\":2,\"name\":\"PRI Veracruz con 141 planillas de unidad hacia la renovaci\u00f3n de las presidencias de sus comit\u00e9s municipales\"}]},{\"@type\":\"WebSite\",\"@id\":\"https:\\\/\\\/informante.mx\\\/#website\",\"url\":\"https:\\\/\\\/informante.mx\\\/\",\"name\":\"Informante.mx\",\"description\":\"\",\"publisher\":{\"@id\":\"https:\\\/\\\/informante.mx\\\/#organization\"},\"potentialAction\":[{\"@type\":\"SearchAction\",\"target\":{\"@type\":\"EntryPoint\",\"urlTemplate\":\"https:\\\/\\\/informante.mx\\\/?s={search_term_string}\"},\"query-input\":{\"@type\":\"PropertyValueSpecification\",\"valueRequired\":true,\"valueName\":\"search_term_string\"}}],\"inLanguage\":\"es\"},{\"@type\":\"Organization\",\"@id\":\"https:\\\/\\\/informante.mx\\\/#organization\",\"name\":\"Informante.mx\",\"url\":\"https:\\\/\\\/informante.mx\\\/\",\"logo\":{\"@type\":\"ImageObject\",\"inLanguage\":\"es\",\"@id\":\"https:\\\/\\\/informante.mx\\\/#\\\/schema\\\/logo\\\/image\\\/\",\"url\":\"https:\\\/\\\/informante.mx\\\/wp-content\\\/uploads\\\/2019\\\/12\\\/cropped-LOGO-Verde-Apaisado-1024x360O-1.png\",\"contentUrl\":\"https:\\\/\\\/informante.mx\\\/wp-content\\\/uploads\\\/2019\\\/12\\\/cropped-LOGO-Verde-Apaisado-1024x360O-1.png\",\"width\":923,\"height\":180,\"caption\":\"Informante.mx\"},\"image\":{\"@id\":\"https:\\\/\\\/informante.mx\\\/#\\\/schema\\\/logo\\\/image\\\/\"},\"sameAs\":[\"https:\\\/\\\/www.facebook.com\\\/MX.Informante\",\"https:\\\/\\\/x.com\\\/mx_informante\"]},{\"@type\":\"Person\",\"@id\":\"https:\\\/\\\/informante.mx\\\/#\\\/schema\\\/person\\\/3eff91989d2ea76b0a330b416325946c\",\"name\":\"InformanteMX\",\"image\":{\"@type\":\"ImageObject\",\"inLanguage\":\"es\",\"@id\":\"https:\\\/\\\/secure.gravatar.com\\\/avatar\\\/10d802aa739e832aedd2f3fd8544d878871eb22e6ca86fe9a548573e34a28f0e?s=96&d=mm&r=g\",\"url\":\"https:\\\/\\\/secure.gravatar.com\\\/avatar\\\/10d802aa739e832aedd2f3fd8544d878871eb22e6ca86fe9a548573e34a28f0e?s=96&d=mm&r=g\",\"contentUrl\":\"https:\\\/\\\/secure.gravatar.com\\\/avatar\\\/10d802aa739e832aedd2f3fd8544d878871eb22e6ca86fe9a548573e34a28f0e?s=96&d=mm&r=g\",\"caption\":\"InformanteMX\"},\"url\":\"https:\\\/\\\/informante.mx\\\/?author=1\"}]}<\/script>\n<!-- \/ Yoast SEO plugin. -->","yoast_head_json":{"title":"PRI Veracruz con 141 planillas de unidad hacia la renovaci\u00f3n de las presidencias de sus comit\u00e9s municipales - Informante.mx","robots":{"index":"index","follow":"follow","max-snippet":"max-snippet:-1","max-image-preview":"max-image-preview:large","max-video-preview":"max-video-preview:-1"},"canonical":"https:\/\/informante.mx\/?p=18376","og_locale":"es_ES","og_type":"article","og_title":"PRI Veracruz con 141 planillas de unidad hacia la renovaci\u00f3n de las presidencias de sus comit\u00e9s municipales - Informante.mx","og_description":"La convocatoria se publicar\u00e1 este 15 de junio","og_url":"https:\/\/informante.mx\/?p=18376","og_site_name":"Informante.mx","article_publisher":"https:\/\/www.facebook.com\/MX.Informante","article_published_time":"2020-06-13T19:44:10+00:00","article_modified_time":"2020-06-13T19:44:17+00:00","og_image":[{"width":660,"height":382,"url":"https:\/\/i0.wp.com\/informante.mx\/wp-content\/uploads\/2020\/06\/001.jpeg?fit=660%2C382&ssl=1","type":"image\/jpeg"}],"author":"InformanteMX","twitter_card":"summary_large_image","twitter_creator":"@mx_informante","twitter_site":"@mx_informante","twitter_misc":{"Escrito por":"InformanteMX","Tiempo de lectura":"2 minutos"},"schema":{"@context":"https:\/\/schema.org","@graph":[{"@type":"NewsArticle","@id":"https:\/\/informante.mx\/?p=18376#article","isPartOf":{"@id":"https:\/\/informante.mx\/?p=18376"},"author":{"name":"InformanteMX","@id":"https:\/\/informante.mx\/#\/schema\/person\/3eff91989d2ea76b0a330b416325946c"},"headline":"PRI Veracruz con 141 planillas de unidad hacia la renovaci\u00f3n de las presidencias de sus comit\u00e9s municipales","datePublished":"2020-06-13T19:44:10+00:00","dateModified":"2020-06-13T19:44:17+00:00","mainEntityOfPage":{"@id":"https:\/\/informante.mx\/?p=18376"},"wordCount":332,"commentCount":0,"publisher":{"@id":"https:\/\/informante.mx\/#organization"},"articleSection":["Estatal"],"inLanguage":"es","potentialAction":[{"@type":"CommentAction","name":"Comment","target":["https:\/\/informante.mx\/?p=18376#respond"]}]},{"@type":"WebPage","@id":"https:\/\/informante.mx\/?p=18376","url":"https:\/\/informante.mx\/?p=18376","name":"PRI Veracruz con 141 planillas de unidad hacia la renovaci\u00f3n de las presidencias de sus comit\u00e9s municipales - Informante.mx","isPartOf":{"@id":"https:\/\/informante.mx\/#website"},"datePublished":"2020-06-13T19:44:10+00:00","dateModified":"2020-06-13T19:44:17+00:00","breadcrumb":{"@id":"https:\/\/informante.mx\/?p=18376#breadcrumb"},"inLanguage":"es","potentialAction":[{"@type":"ReadAction","target":["https:\/\/informante.mx\/?p=18376"]}]},{"@type":"BreadcrumbList","@id":"https:\/\/informante.mx\/?p=18376#breadcrumb","itemListElement":[{"@type":"ListItem","position":1,"name":"Portada","item":"https:\/\/informante.mx\/"},{"@type":"ListItem","position":2,"name":"PRI Veracruz con 141 planillas de unidad hacia la renovaci\u00f3n de las presidencias de sus comit\u00e9s municipales"}]},{"@type":"WebSite","@id":"https:\/\/informante.mx\/#website","url":"https:\/\/informante.mx\/","name":"Informante.mx","description":"","publisher":{"@id":"https:\/\/informante.mx\/#organization"},"potentialAction":[{"@type":"SearchAction","target":{"@type":"EntryPoint","urlTemplate":"https:\/\/informante.mx\/?s={search_term_string}"},"query-input":{"@type":"PropertyValueSpecification","valueRequired":true,"valueName":"search_term_string"}}],"inLanguage":"es"},{"@type":"Organization","@id":"https:\/\/informante.mx\/#organization","name":"Informante.mx","url":"https:\/\/informante.mx\/","logo":{"@type":"ImageObject","inLanguage":"es","@id":"https:\/\/informante.mx\/#\/schema\/logo\/image\/","url":"https:\/\/informante.mx\/wp-content\/uploads\/2019\/12\/cropped-LOGO-Verde-Apaisado-1024x360O-1.png","contentUrl":"https:\/\/informante.mx\/wp-content\/uploads\/2019\/12\/cropped-LOGO-Verde-Apaisado-1024x360O-1.png","width":923,"height":180,"caption":"Informante.mx"},"image":{"@id":"https:\/\/informante.mx\/#\/schema\/logo\/image\/"},"sameAs":["https:\/\/www.facebook.com\/MX.Informante","https:\/\/x.com\/mx_informante"]},{"@type":"Person","@id":"https:\/\/informante.mx\/#\/schema\/person\/3eff91989d2ea76b0a330b416325946c","name":"InformanteMX","image":{"@type":"ImageObject","inLanguage":"es","@id":"https:\/\/secure.gravatar.com\/avatar\/10d802aa739e832aedd2f3fd8544d878871eb22e6ca86fe9a548573e34a28f0e?s=96&d=mm&r=g","url":"https:\/\/secure.gravatar.com\/avatar\/10d802aa739e832aedd2f3fd8544d878871eb22e6ca86fe9a548573e34a28f0e?s=96&d=mm&r=g","contentUrl":"https:\/\/secure.gravatar.com\/avatar\/10d802aa739e832aedd2f3fd8544d878871eb22e6ca86fe9a548573e34a28f0e?s=96&d=mm&r=g","caption":"InformanteMX"},"url":"https:\/\/informante.mx\/?author=1"}]}},"jetpack_featured_media_url":"","uagb_featured_image_src":{"full":false,"thumbnail":false,"medium":false,"medium_large":false,"large":false,"1536x1536":false,"2048x2048":false,"td_0x420":false,"td_0x420_retina":false,"td_80x60":false,"td_80x60_retina":false,"td_100x75":false,"td_100x75_retina":false,"td_180x135":false,"td_180x135_retina":false,"td_238x178":false,"td_238x178_retina":false,"td_265x198":false,"td_265x198_retina":false,"td_300x160":false,"td_300x160_retina":false,"td_300x194":false,"td_300x194_retina":false,"td_300x350":false,"td_300x350_retina":false,"td_341x220":false,"td_341x220_retina":false,"td_341x400":false,"td_341x400_retina":false,"td_511x400":false,"td_511x400_retina":false,"td_537x360":false,"td_537x360_retina":false,"td_640x0":false,"td_640x0_retina":false,"td_640x350":false,"td_640x350_retina":false,"td_681x0":false,"td_681x0_retina":false,"td_681x400":false,"td_681x400_retina":false,"td_741x486":false,"td_741x486_retina":false,"td_1021x580":false,"td_1021x580_retina":false},"uagb_author_info":{"display_name":"InformanteMX","author_link":"https:\/\/informante.mx\/?author=1"},"uagb_comment_info":0,"uagb_excerpt":"La convocatoria se publicar\u00e1 este 15 de junio","_links":{"self":[{"href":"https:\/\/informante.mx\/index.php?rest_route=\/wp\/v2\/posts\/18376","targetHints":{"allow":["GET"]}}],"collection":[{"href":"https:\/\/informante.mx\/index.php?rest_route=\/wp\/v2\/posts"}],"about":[{"href":"https:\/\/informante.mx\/index.php?rest_route=\/wp\/v2\/types\/post"}],"author":[{"embeddable":true,"href":"https:\/\/informante.mx\/index.php?rest_route=\/wp\/v2\/users\/1"}],"replies":[{"embeddable":true,"href":"https:\/\/informante.mx\/index.php?rest_route=%2Fwp%2Fv2%2Fcomments&post=18376"}],"version-history":[{"count":1,"href":"https:\/\/informante.mx\/index.php?rest_route=\/wp\/v2\/posts\/18376\/revisions"}],"predecessor-version":[{"id":18378,"href":"https:\/\/informante.mx\/index.php?rest_route=\/wp\/v2\/posts\/18376\/revisions\/18378"}],"wp:attachment":[{"href":"https:\/\/informante.mx\/index.php?rest_route=%2Fwp%2Fv2%2Fmedia&parent=18376"}],"wp:term":[{"taxonomy":"category","embeddable":true,"href":"https:\/\/informante.mx\/index.php?rest_route=%2Fwp%2Fv2%2Fcategories&post=18376"},{"taxonomy":"post_tag","embeddable":true,"href":"https:\/\/informante.mx\/index.php?rest_route=%2Fwp%2Fv2%2Ftags&post=18376"}],"curies":[{"name":"wp","href":"https:\/\/api.w.org\/{rel}","templated":true}]}}