{"id":18358,"date":"2020-06-13T11:47:44","date_gmt":"2020-06-13T16:47:44","guid":{"rendered":"http:\/\/informante.mx\/?p=18358"},"modified":"2020-06-13T11:47:52","modified_gmt":"2020-06-13T16:47:52","slug":"rusia-comenzara-produccion-de-vacuna-contra-coronavirus-en-septiembre","status":"publish","type":"post","link":"https:\/\/informante.mx\/?p=18358","title":{"rendered":"Rusia comenzar\u00e1 producci\u00f3n de vacuna contra coronavirus en septiembre"},"content":{"rendered":"\n<p>El gobierno de Rusia anunci\u00f3 que en septiembre comenzar\u00e1 a producir\u00a0en grandes dosis una vacuna contra el coronavirus\u00a0que en este pa\u00eds ha superado ya el medio mill\u00f3n de casos. Las pruebas cl\u00ednicas se realizar\u00e1n en julio, el registro estatal en agosto y la\u00a0producci\u00f3n arrancar\u00e1 en septiembre, explic\u00f3 Tatiana G\u00f3likova, viceprimera ministra rusa.\u00a0<\/p>\n\n\n\n<p>El encargado ser\u00e1 el Centro Nacional de Investigaci\u00f3n de Epidemiolog\u00eda y Microbiolog\u00eda Gamalei que recibe el nombre de un famoso vir\u00f3logo ruso sovi\u00e9tico y que trabaja en cooperaci\u00f3n con el Ministerio de Defensa, organismo que ya inform\u00f3 que 50 militares, 45 hombres y 5 mujeres, se presentaron como\u00a0voluntarios para participar en los ensayos cl\u00ednicos.\u00a0<\/p>\n\n\n\n<p>Diez centros cient\u00edficos de Rusia trabajan actualmente en la elaboraci\u00f3n de la vacuna y de medicinas para combatir esta enfermedad infecciosa, entre ellos la Universidad Estatal de Mosc\u00fa.<\/p>\n\n\n\n<p>A finales de mayo el presidente ruso, Vlad\u00edmir Putin, orden\u00f3 al gobierno la producci\u00f3n acelerada de la\u00a0vacuna contra el covid-19.<\/p>\n\n\n\n<p>El director del centro Gamalei, Alexandr Gintsburg, explic\u00f3 que dicha instituci\u00f3n prepara una\u00a0vacuna vector sobre la base del ADN de un adenovirus del tipo SARS-CoV-2. Seg\u00fan el cient\u00edfico, la vacuna ya ha sido experimentada de manera no oficial con la ayuda de voluntarios del propio centro y todo los pacientes se encuentran bien y han desarrollado inmunidad ante el virus.<\/p>\n\n\n\n<p>En cuanto a la pandemia en Rusia, Gol\u00edkova destac\u00f3 que el aumento en el n\u00famero de contagios se redujo en 16 veces desde su pico a mediados de mayo y 79 por ciento de los infectados ya han sido dados de alta, pero la situaci\u00f3n sigue siendo \u00abbastante alarmante\u00bb.<\/p>\n\n\n\n<p>Destac\u00f3 que m\u00e1s de la mitad de las regiones han iniciado la desescalada, pero advirti\u00f3 que, el contrario que al principio, cuando\u00a0Mosc\u00fa\u00a0y la regi\u00f3n acaparaban m\u00e1s de la mitad de los casos, ahora s\u00f3lo suman poco m\u00e1s de 22 por ciento del alza diaria en los contagios.<\/p>\n\n\n\n<p>\u00abConf\u00edo en que todas las regiones salgan (de la cuarentena) con sumo cuidado, ya que nuestro pa\u00eds est\u00e1 a la espera importantes acontecimientos pol\u00edticos\u00bb, dijo.<\/p>\n\n\n\n<p>La oposici\u00f3n acusa al Kremlin de precipitarse a la hora de levantar las restricciones, decisi\u00f3n que vinculan directamente con el plebiscito constitucional del 1 de julio, del que\u00a0depende que Putin pueda presentarse a la reelecci\u00f3n en 2024.<\/p>\n\n\n\n<p>El alcalde de Mosc\u00fa, Sergu\u00e9i Sobianin, hab\u00eda apostado desde un principio por una estrategia conservadora, pero de repente levant\u00f3 esta semana las restricciones y permiti\u00f3 la apertura del peque\u00f1o y gran comercio ajeno al sector de la alimentaci\u00f3n.<\/p>\n\n\n\n<p>Rusia es el\u00a0tercer pa\u00eds del mundo en\u00a0casos de covid-19<strong>\u00a0<\/strong>con 520 mil 129, seg\u00fan las cifras publicadas hoy por las autoridades, mientras los decesos ascienden a 6 mil 829 despu\u00e9s de la muerte de 114 personas en las \u00faltimas 24 horas.<\/p>\n","protected":false},"excerpt":{"rendered":"<p>La viceprimera ministra rusa, Tatiana G\u00f3likova, explic\u00f3 que las pruebas cl\u00ednicas se realizar\u00e1n en julio y el registro estatal en agosto<\/p>\n","protected":false},"author":1,"featured_media":0,"comment_status":"open","ping_status":"closed","sticky":false,"template":"","format":"standard","meta":{"_uag_custom_page_level_css":"","jetpack_post_was_ever_published":false,"footnotes":""},"categories":[9],"tags":[],"class_list":["post-18358","post","type-post","status-publish","format-standard","hentry","category-nacional"],"yoast_head":"<!-- This site is optimized with the Yoast SEO plugin v27.3 - https:\/\/yoast.com\/product\/yoast-seo-wordpress\/ -->\n<title>Rusia comenzar\u00e1 producci\u00f3n de vacuna contra coronavirus en septiembre - Informante.mx<\/title>\n<meta name=\"robots\" content=\"index, follow, max-snippet:-1, max-image-preview:large, max-video-preview:-1\" \/>\n<link rel=\"canonical\" href=\"https:\/\/informante.mx\/?p=18358\" \/>\n<meta property=\"og:locale\" content=\"es_ES\" \/>\n<meta property=\"og:type\" content=\"article\" \/>\n<meta property=\"og:title\" content=\"Rusia comenzar\u00e1 producci\u00f3n de vacuna contra coronavirus en septiembre - Informante.mx\" \/>\n<meta property=\"og:description\" content=\"La viceprimera ministra rusa, Tatiana G\u00f3likova, explic\u00f3 que las pruebas cl\u00ednicas se realizar\u00e1n en julio y el registro estatal en agosto\" \/>\n<meta property=\"og:url\" content=\"https:\/\/informante.mx\/?p=18358\" \/>\n<meta property=\"og:site_name\" content=\"Informante.mx\" \/>\n<meta property=\"article:publisher\" content=\"https:\/\/www.facebook.com\/MX.Informante\" \/>\n<meta property=\"article:published_time\" content=\"2020-06-13T16:47:44+00:00\" \/>\n<meta property=\"article:modified_time\" content=\"2020-06-13T16:47:52+00:00\" \/>\n<meta property=\"og:image\" content=\"https:\/\/i0.wp.com\/informante.mx\/wp-content\/uploads\/2020\/06\/vacuna-2.jpg?fit=958%2C596&ssl=1\" \/>\n\t<meta property=\"og:image:width\" content=\"958\" \/>\n\t<meta property=\"og:image:height\" content=\"596\" \/>\n\t<meta property=\"og:image:type\" content=\"image\/jpeg\" \/>\n<meta name=\"author\" content=\"InformanteMX\" \/>\n<meta name=\"twitter:card\" content=\"summary_large_image\" \/>\n<meta name=\"twitter:creator\" content=\"@mx_informante\" \/>\n<meta name=\"twitter:site\" content=\"@mx_informante\" \/>\n<meta name=\"twitter:label1\" content=\"Escrito por\" \/>\n\t<meta name=\"twitter:data1\" content=\"InformanteMX\" \/>\n\t<meta name=\"twitter:label2\" content=\"Tiempo de lectura\" \/>\n\t<meta name=\"twitter:data2\" content=\"2 minutos\" \/>\n<script type=\"application\/ld+json\" class=\"yoast-schema-graph\">{\"@context\":\"https:\\\/\\\/schema.org\",\"@graph\":[{\"@type\":\"NewsArticle\",\"@id\":\"https:\\\/\\\/informante.mx\\\/?p=18358#article\",\"isPartOf\":{\"@id\":\"https:\\\/\\\/informante.mx\\\/?p=18358\"},\"author\":{\"name\":\"InformanteMX\",\"@id\":\"https:\\\/\\\/informante.mx\\\/#\\\/schema\\\/person\\\/3eff91989d2ea76b0a330b416325946c\"},\"headline\":\"Rusia comenzar\u00e1 producci\u00f3n de vacuna contra coronavirus en septiembre\",\"datePublished\":\"2020-06-13T16:47:44+00:00\",\"dateModified\":\"2020-06-13T16:47:52+00:00\",\"mainEntityOfPage\":{\"@id\":\"https:\\\/\\\/informante.mx\\\/?p=18358\"},\"wordCount\":499,\"commentCount\":0,\"publisher\":{\"@id\":\"https:\\\/\\\/informante.mx\\\/#organization\"},\"articleSection\":[\"Nacional\"],\"inLanguage\":\"es\",\"potentialAction\":[{\"@type\":\"CommentAction\",\"name\":\"Comment\",\"target\":[\"https:\\\/\\\/informante.mx\\\/?p=18358#respond\"]}]},{\"@type\":\"WebPage\",\"@id\":\"https:\\\/\\\/informante.mx\\\/?p=18358\",\"url\":\"https:\\\/\\\/informante.mx\\\/?p=18358\",\"name\":\"Rusia comenzar\u00e1 producci\u00f3n de vacuna contra coronavirus en septiembre - Informante.mx\",\"isPartOf\":{\"@id\":\"https:\\\/\\\/informante.mx\\\/#website\"},\"datePublished\":\"2020-06-13T16:47:44+00:00\",\"dateModified\":\"2020-06-13T16:47:52+00:00\",\"breadcrumb\":{\"@id\":\"https:\\\/\\\/informante.mx\\\/?p=18358#breadcrumb\"},\"inLanguage\":\"es\",\"potentialAction\":[{\"@type\":\"ReadAction\",\"target\":[\"https:\\\/\\\/informante.mx\\\/?p=18358\"]}]},{\"@type\":\"BreadcrumbList\",\"@id\":\"https:\\\/\\\/informante.mx\\\/?p=18358#breadcrumb\",\"itemListElement\":[{\"@type\":\"ListItem\",\"position\":1,\"name\":\"Portada\",\"item\":\"https:\\\/\\\/informante.mx\\\/\"},{\"@type\":\"ListItem\",\"position\":2,\"name\":\"Rusia comenzar\u00e1 producci\u00f3n de vacuna contra coronavirus en septiembre\"}]},{\"@type\":\"WebSite\",\"@id\":\"https:\\\/\\\/informante.mx\\\/#website\",\"url\":\"https:\\\/\\\/informante.mx\\\/\",\"name\":\"Informante.mx\",\"description\":\"\",\"publisher\":{\"@id\":\"https:\\\/\\\/informante.mx\\\/#organization\"},\"potentialAction\":[{\"@type\":\"SearchAction\",\"target\":{\"@type\":\"EntryPoint\",\"urlTemplate\":\"https:\\\/\\\/informante.mx\\\/?s={search_term_string}\"},\"query-input\":{\"@type\":\"PropertyValueSpecification\",\"valueRequired\":true,\"valueName\":\"search_term_string\"}}],\"inLanguage\":\"es\"},{\"@type\":\"Organization\",\"@id\":\"https:\\\/\\\/informante.mx\\\/#organization\",\"name\":\"Informante.mx\",\"url\":\"https:\\\/\\\/informante.mx\\\/\",\"logo\":{\"@type\":\"ImageObject\",\"inLanguage\":\"es\",\"@id\":\"https:\\\/\\\/informante.mx\\\/#\\\/schema\\\/logo\\\/image\\\/\",\"url\":\"https:\\\/\\\/informante.mx\\\/wp-content\\\/uploads\\\/2019\\\/12\\\/cropped-LOGO-Verde-Apaisado-1024x360O-1.png\",\"contentUrl\":\"https:\\\/\\\/informante.mx\\\/wp-content\\\/uploads\\\/2019\\\/12\\\/cropped-LOGO-Verde-Apaisado-1024x360O-1.png\",\"width\":923,\"height\":180,\"caption\":\"Informante.mx\"},\"image\":{\"@id\":\"https:\\\/\\\/informante.mx\\\/#\\\/schema\\\/logo\\\/image\\\/\"},\"sameAs\":[\"https:\\\/\\\/www.facebook.com\\\/MX.Informante\",\"https:\\\/\\\/x.com\\\/mx_informante\"]},{\"@type\":\"Person\",\"@id\":\"https:\\\/\\\/informante.mx\\\/#\\\/schema\\\/person\\\/3eff91989d2ea76b0a330b416325946c\",\"name\":\"InformanteMX\",\"image\":{\"@type\":\"ImageObject\",\"inLanguage\":\"es\",\"@id\":\"https:\\\/\\\/secure.gravatar.com\\\/avatar\\\/10d802aa739e832aedd2f3fd8544d878871eb22e6ca86fe9a548573e34a28f0e?s=96&d=mm&r=g\",\"url\":\"https:\\\/\\\/secure.gravatar.com\\\/avatar\\\/10d802aa739e832aedd2f3fd8544d878871eb22e6ca86fe9a548573e34a28f0e?s=96&d=mm&r=g\",\"contentUrl\":\"https:\\\/\\\/secure.gravatar.com\\\/avatar\\\/10d802aa739e832aedd2f3fd8544d878871eb22e6ca86fe9a548573e34a28f0e?s=96&d=mm&r=g\",\"caption\":\"InformanteMX\"},\"url\":\"https:\\\/\\\/informante.mx\\\/?author=1\"}]}<\/script>\n<!-- \/ Yoast SEO plugin. -->","yoast_head_json":{"title":"Rusia comenzar\u00e1 producci\u00f3n de vacuna contra coronavirus en septiembre - Informante.mx","robots":{"index":"index","follow":"follow","max-snippet":"max-snippet:-1","max-image-preview":"max-image-preview:large","max-video-preview":"max-video-preview:-1"},"canonical":"https:\/\/informante.mx\/?p=18358","og_locale":"es_ES","og_type":"article","og_title":"Rusia comenzar\u00e1 producci\u00f3n de vacuna contra coronavirus en septiembre - Informante.mx","og_description":"La viceprimera ministra rusa, Tatiana G\u00f3likova, explic\u00f3 que las pruebas cl\u00ednicas se realizar\u00e1n en julio y el registro estatal en agosto","og_url":"https:\/\/informante.mx\/?p=18358","og_site_name":"Informante.mx","article_publisher":"https:\/\/www.facebook.com\/MX.Informante","article_published_time":"2020-06-13T16:47:44+00:00","article_modified_time":"2020-06-13T16:47:52+00:00","og_image":[{"width":958,"height":596,"url":"https:\/\/i0.wp.com\/informante.mx\/wp-content\/uploads\/2020\/06\/vacuna-2.jpg?fit=958%2C596&ssl=1","type":"image\/jpeg"}],"author":"InformanteMX","twitter_card":"summary_large_image","twitter_creator":"@mx_informante","twitter_site":"@mx_informante","twitter_misc":{"Escrito por":"InformanteMX","Tiempo de lectura":"2 minutos"},"schema":{"@context":"https:\/\/schema.org","@graph":[{"@type":"NewsArticle","@id":"https:\/\/informante.mx\/?p=18358#article","isPartOf":{"@id":"https:\/\/informante.mx\/?p=18358"},"author":{"name":"InformanteMX","@id":"https:\/\/informante.mx\/#\/schema\/person\/3eff91989d2ea76b0a330b416325946c"},"headline":"Rusia comenzar\u00e1 producci\u00f3n de vacuna contra coronavirus en septiembre","datePublished":"2020-06-13T16:47:44+00:00","dateModified":"2020-06-13T16:47:52+00:00","mainEntityOfPage":{"@id":"https:\/\/informante.mx\/?p=18358"},"wordCount":499,"commentCount":0,"publisher":{"@id":"https:\/\/informante.mx\/#organization"},"articleSection":["Nacional"],"inLanguage":"es","potentialAction":[{"@type":"CommentAction","name":"Comment","target":["https:\/\/informante.mx\/?p=18358#respond"]}]},{"@type":"WebPage","@id":"https:\/\/informante.mx\/?p=18358","url":"https:\/\/informante.mx\/?p=18358","name":"Rusia comenzar\u00e1 producci\u00f3n de vacuna contra coronavirus en septiembre - Informante.mx","isPartOf":{"@id":"https:\/\/informante.mx\/#website"},"datePublished":"2020-06-13T16:47:44+00:00","dateModified":"2020-06-13T16:47:52+00:00","breadcrumb":{"@id":"https:\/\/informante.mx\/?p=18358#breadcrumb"},"inLanguage":"es","potentialAction":[{"@type":"ReadAction","target":["https:\/\/informante.mx\/?p=18358"]}]},{"@type":"BreadcrumbList","@id":"https:\/\/informante.mx\/?p=18358#breadcrumb","itemListElement":[{"@type":"ListItem","position":1,"name":"Portada","item":"https:\/\/informante.mx\/"},{"@type":"ListItem","position":2,"name":"Rusia comenzar\u00e1 producci\u00f3n de vacuna contra coronavirus en septiembre"}]},{"@type":"WebSite","@id":"https:\/\/informante.mx\/#website","url":"https:\/\/informante.mx\/","name":"Informante.mx","description":"","publisher":{"@id":"https:\/\/informante.mx\/#organization"},"potentialAction":[{"@type":"SearchAction","target":{"@type":"EntryPoint","urlTemplate":"https:\/\/informante.mx\/?s={search_term_string}"},"query-input":{"@type":"PropertyValueSpecification","valueRequired":true,"valueName":"search_term_string"}}],"inLanguage":"es"},{"@type":"Organization","@id":"https:\/\/informante.mx\/#organization","name":"Informante.mx","url":"https:\/\/informante.mx\/","logo":{"@type":"ImageObject","inLanguage":"es","@id":"https:\/\/informante.mx\/#\/schema\/logo\/image\/","url":"https:\/\/informante.mx\/wp-content\/uploads\/2019\/12\/cropped-LOGO-Verde-Apaisado-1024x360O-1.png","contentUrl":"https:\/\/informante.mx\/wp-content\/uploads\/2019\/12\/cropped-LOGO-Verde-Apaisado-1024x360O-1.png","width":923,"height":180,"caption":"Informante.mx"},"image":{"@id":"https:\/\/informante.mx\/#\/schema\/logo\/image\/"},"sameAs":["https:\/\/www.facebook.com\/MX.Informante","https:\/\/x.com\/mx_informante"]},{"@type":"Person","@id":"https:\/\/informante.mx\/#\/schema\/person\/3eff91989d2ea76b0a330b416325946c","name":"InformanteMX","image":{"@type":"ImageObject","inLanguage":"es","@id":"https:\/\/secure.gravatar.com\/avatar\/10d802aa739e832aedd2f3fd8544d878871eb22e6ca86fe9a548573e34a28f0e?s=96&d=mm&r=g","url":"https:\/\/secure.gravatar.com\/avatar\/10d802aa739e832aedd2f3fd8544d878871eb22e6ca86fe9a548573e34a28f0e?s=96&d=mm&r=g","contentUrl":"https:\/\/secure.gravatar.com\/avatar\/10d802aa739e832aedd2f3fd8544d878871eb22e6ca86fe9a548573e34a28f0e?s=96&d=mm&r=g","caption":"InformanteMX"},"url":"https:\/\/informante.mx\/?author=1"}]}},"jetpack_featured_media_url":"","uagb_featured_image_src":{"full":false,"thumbnail":false,"medium":false,"medium_large":false,"large":false,"1536x1536":false,"2048x2048":false,"td_0x420":false,"td_0x420_retina":false,"td_80x60":false,"td_80x60_retina":false,"td_100x75":false,"td_100x75_retina":false,"td_180x135":false,"td_180x135_retina":false,"td_238x178":false,"td_238x178_retina":false,"td_265x198":false,"td_265x198_retina":false,"td_300x160":false,"td_300x160_retina":false,"td_300x194":false,"td_300x194_retina":false,"td_300x350":false,"td_300x350_retina":false,"td_341x220":false,"td_341x220_retina":false,"td_341x400":false,"td_341x400_retina":false,"td_511x400":false,"td_511x400_retina":false,"td_537x360":false,"td_537x360_retina":false,"td_640x0":false,"td_640x0_retina":false,"td_640x350":false,"td_640x350_retina":false,"td_681x0":false,"td_681x0_retina":false,"td_681x400":false,"td_681x400_retina":false,"td_741x486":false,"td_741x486_retina":false,"td_1021x580":false,"td_1021x580_retina":false},"uagb_author_info":{"display_name":"InformanteMX","author_link":"https:\/\/informante.mx\/?author=1"},"uagb_comment_info":0,"uagb_excerpt":"La viceprimera ministra rusa, Tatiana G\u00f3likova, explic\u00f3 que las pruebas cl\u00ednicas se realizar\u00e1n en julio y el registro estatal en agosto","_links":{"self":[{"href":"https:\/\/informante.mx\/index.php?rest_route=\/wp\/v2\/posts\/18358","targetHints":{"allow":["GET"]}}],"collection":[{"href":"https:\/\/informante.mx\/index.php?rest_route=\/wp\/v2\/posts"}],"about":[{"href":"https:\/\/informante.mx\/index.php?rest_route=\/wp\/v2\/types\/post"}],"author":[{"embeddable":true,"href":"https:\/\/informante.mx\/index.php?rest_route=\/wp\/v2\/users\/1"}],"replies":[{"embeddable":true,"href":"https:\/\/informante.mx\/index.php?rest_route=%2Fwp%2Fv2%2Fcomments&post=18358"}],"version-history":[{"count":1,"href":"https:\/\/informante.mx\/index.php?rest_route=\/wp\/v2\/posts\/18358\/revisions"}],"predecessor-version":[{"id":18360,"href":"https:\/\/informante.mx\/index.php?rest_route=\/wp\/v2\/posts\/18358\/revisions\/18360"}],"wp:attachment":[{"href":"https:\/\/informante.mx\/index.php?rest_route=%2Fwp%2Fv2%2Fmedia&parent=18358"}],"wp:term":[{"taxonomy":"category","embeddable":true,"href":"https:\/\/informante.mx\/index.php?rest_route=%2Fwp%2Fv2%2Fcategories&post=18358"},{"taxonomy":"post_tag","embeddable":true,"href":"https:\/\/informante.mx\/index.php?rest_route=%2Fwp%2Fv2%2Ftags&post=18358"}],"curies":[{"name":"wp","href":"https:\/\/api.w.org\/{rel}","templated":true}]}}