{"id":16725,"date":"2020-05-14T15:29:26","date_gmt":"2020-05-14T20:29:26","guid":{"rendered":"http:\/\/informante.mx\/?p=16725"},"modified":"2020-05-14T15:29:49","modified_gmt":"2020-05-14T20:29:49","slug":"ley-seca-se-aplicara-en-xalapa-cada-fin-de-semana-de-la-cuarentena","status":"publish","type":"post","link":"https:\/\/informante.mx\/?p=16725","title":{"rendered":"Ley seca se aplicar\u00e1 en Xalapa cada fin de semana de la cuarentena"},"content":{"rendered":"\n<p>COMUNICADO <\/p>\n\n\n\n<p>Xalapa, Ver.- A causa de la restricci\u00f3n en la venta de bebidas alcoh\u00f3licas en establecimientos comerciales y restaurantes durante el pasado fin de semana, se tuvo una baja en los incidentes delictivos, as\u00ed como en los reportes de violencia familiar, raz\u00f3n por la que estas medidas se repetir\u00e1n durante los d\u00edas viernes, s\u00e1bados y domingos hasta terminar la emergencia sanitaria por el Coronavirus (Covid-19).<\/p>\n\n\n\n<p>El presidente municipal Hip\u00f3lito Rodr\u00edguez Herrero record\u00f3 que desde el inicio de la pandemia se han tomado medidas para proteger la salud p\u00fablica de los ciudadanos, como cerrar bares y cantinas, as\u00ed como restringir la venta de alcohol en un horario espec\u00edfico.<\/p>\n\n\n\n<p>\u201cEvitar que la gente abuse del alcohol contribuye a que disminuya la violencia de g\u00e9nero y el conflicto dentro de los hogares. Las mujeres no est\u00e1n solas, se tiene la <em>L\u00ednea Violeta<\/em> 01 800 000 2018, en la que se brinda asesor\u00eda jur\u00eddica y psicol\u00f3gica todos los d\u00edas\u201d.<\/p>\n\n\n\n<p>Manifest\u00f3 que derivado del control que se ha tenido en la comercializaci\u00f3n de bebidas embriagantes, el sector salud report\u00f3 una disminuci\u00f3n notable en el n\u00famero de personas que llegan a las cl\u00ednicas y hospitales de la ciudad a causa de accidentes, intoxicaciones, adem\u00e1s de que la incidencia delictiva disminuy\u00f3 m\u00e1s de 65 por ciento.<\/p>\n\n\n\n<p>\u201cGracias a que se inhibe el consumo de bebidas embriagantes, se reducen la situaciones de violencia dom\u00e9stica. Considerando estos factores, los pr\u00f3ximos fines de semana, de viernes a domingo, habr\u00e1 restricci\u00f3n en la venta de alcohol\u201d.<\/p>\n\n\n\n<p>Acompa\u00f1ado por el director de Gobernaci\u00f3n, Juan Vergel Pacheco, y el secretario del Ayuntamiento, Alfonso Osegueda Cruz, Hip\u00f3lito Rodr\u00edguez sostuvo que los establecimientos comerciales que no acaten esta disposici\u00f3n ser\u00e1n clausurados.<\/p>\n\n\n\n<p>Asimismo exhort\u00f3 a la ciudadan\u00eda a que participe de manera constructiva acatando las medidas establecidas por el Gobierno Municipal.<\/p>\n\n\n\n<p>Ante la celebraci\u00f3n del D\u00eda del Maestro, pidi\u00f3 al magisterio ser ejemplo de conducta y evitar las reuniones colectivas.<\/p>\n\n\n\n<p>\u201cTenemos que apoyar al sector salud para que tenga m\u00e1s capacidad de atender a la gente que presenta contagio y un impacto en su condici\u00f3n f\u00edsica por efecto del Coronavirus. La pandemia no distingue clases sociales, a todos nos afecta, y por ello solicitamos a los profesores y a la sociedad que no hagan reuniones masivas\u201d.<\/p>\n\n\n\n<p>Por \u00faltimo, resalt\u00f3 que durante el periodo de la emergencia sanitaria, el Gobierno Municipal, a trav\u00e9s de las diversas \u00e1reas, entrega apoyos alimentarios y cubrebocas, realiza la sanitizaci\u00f3n de espacios p\u00fablicos y exhorta a la poblaci\u00f3n a mantener la <em>Sana Distancia<\/em>: \u201cEstamos abocados a cuidar la salud de todas y todos\u201d.<\/p>\n","protected":false},"excerpt":{"rendered":"<p>Se aplicar\u00e1 esta medida durante los fines de semana hasta que se levante la emergencia sanitaria por Covid-19<\/p>\n","protected":false},"author":1,"featured_media":0,"comment_status":"open","ping_status":"closed","sticky":false,"template":"","format":"standard","meta":{"_uag_custom_page_level_css":"","jetpack_post_was_ever_published":false,"footnotes":""},"categories":[8],"tags":[],"class_list":["post-16725","post","type-post","status-publish","format-standard","hentry","category-local"],"yoast_head":"<!-- This site is optimized with the Yoast SEO plugin v27.3 - https:\/\/yoast.com\/product\/yoast-seo-wordpress\/ -->\n<title>Ley seca se aplicar\u00e1 en Xalapa cada fin de semana de la cuarentena - Informante.mx<\/title>\n<meta name=\"robots\" content=\"index, follow, max-snippet:-1, max-image-preview:large, max-video-preview:-1\" \/>\n<link rel=\"canonical\" href=\"https:\/\/informante.mx\/?p=16725\" \/>\n<meta property=\"og:locale\" content=\"es_ES\" \/>\n<meta property=\"og:type\" content=\"article\" \/>\n<meta property=\"og:title\" content=\"Ley seca se aplicar\u00e1 en Xalapa cada fin de semana de la cuarentena - Informante.mx\" \/>\n<meta property=\"og:description\" content=\"Se aplicar\u00e1 esta medida durante los fines de semana hasta que se levante la emergencia sanitaria por Covid-19\" \/>\n<meta property=\"og:url\" content=\"https:\/\/informante.mx\/?p=16725\" \/>\n<meta property=\"og:site_name\" content=\"Informante.mx\" \/>\n<meta property=\"article:publisher\" content=\"https:\/\/www.facebook.com\/MX.Informante\" \/>\n<meta property=\"article:published_time\" content=\"2020-05-14T20:29:26+00:00\" \/>\n<meta property=\"article:modified_time\" content=\"2020-05-14T20:29:49+00:00\" \/>\n<meta property=\"og:image\" content=\"https:\/\/i0.wp.com\/informante.mx\/wp-content\/uploads\/2020\/05\/cerveza.jpg?fit=651%2C400&ssl=1\" \/>\n\t<meta property=\"og:image:width\" content=\"651\" \/>\n\t<meta property=\"og:image:height\" content=\"400\" \/>\n\t<meta property=\"og:image:type\" content=\"image\/jpeg\" \/>\n<meta name=\"author\" content=\"InformanteMX\" \/>\n<meta name=\"twitter:card\" content=\"summary_large_image\" \/>\n<meta name=\"twitter:creator\" content=\"@mx_informante\" \/>\n<meta name=\"twitter:site\" content=\"@mx_informante\" \/>\n<meta name=\"twitter:label1\" content=\"Escrito por\" \/>\n\t<meta name=\"twitter:data1\" content=\"InformanteMX\" \/>\n\t<meta name=\"twitter:label2\" content=\"Tiempo de lectura\" \/>\n\t<meta name=\"twitter:data2\" content=\"2 minutos\" \/>\n<script type=\"application\/ld+json\" class=\"yoast-schema-graph\">{\"@context\":\"https:\\\/\\\/schema.org\",\"@graph\":[{\"@type\":\"NewsArticle\",\"@id\":\"https:\\\/\\\/informante.mx\\\/?p=16725#article\",\"isPartOf\":{\"@id\":\"https:\\\/\\\/informante.mx\\\/?p=16725\"},\"author\":{\"name\":\"InformanteMX\",\"@id\":\"https:\\\/\\\/informante.mx\\\/#\\\/schema\\\/person\\\/3eff91989d2ea76b0a330b416325946c\"},\"headline\":\"Ley seca se aplicar\u00e1 en Xalapa cada fin de semana de la cuarentena\",\"datePublished\":\"2020-05-14T20:29:26+00:00\",\"dateModified\":\"2020-05-14T20:29:49+00:00\",\"mainEntityOfPage\":{\"@id\":\"https:\\\/\\\/informante.mx\\\/?p=16725\"},\"wordCount\":472,\"commentCount\":0,\"publisher\":{\"@id\":\"https:\\\/\\\/informante.mx\\\/#organization\"},\"articleSection\":[\"Local\"],\"inLanguage\":\"es\",\"potentialAction\":[{\"@type\":\"CommentAction\",\"name\":\"Comment\",\"target\":[\"https:\\\/\\\/informante.mx\\\/?p=16725#respond\"]}]},{\"@type\":\"WebPage\",\"@id\":\"https:\\\/\\\/informante.mx\\\/?p=16725\",\"url\":\"https:\\\/\\\/informante.mx\\\/?p=16725\",\"name\":\"Ley seca se aplicar\u00e1 en Xalapa cada fin de semana de la cuarentena - Informante.mx\",\"isPartOf\":{\"@id\":\"https:\\\/\\\/informante.mx\\\/#website\"},\"datePublished\":\"2020-05-14T20:29:26+00:00\",\"dateModified\":\"2020-05-14T20:29:49+00:00\",\"breadcrumb\":{\"@id\":\"https:\\\/\\\/informante.mx\\\/?p=16725#breadcrumb\"},\"inLanguage\":\"es\",\"potentialAction\":[{\"@type\":\"ReadAction\",\"target\":[\"https:\\\/\\\/informante.mx\\\/?p=16725\"]}]},{\"@type\":\"BreadcrumbList\",\"@id\":\"https:\\\/\\\/informante.mx\\\/?p=16725#breadcrumb\",\"itemListElement\":[{\"@type\":\"ListItem\",\"position\":1,\"name\":\"Portada\",\"item\":\"https:\\\/\\\/informante.mx\\\/\"},{\"@type\":\"ListItem\",\"position\":2,\"name\":\"Ley seca se aplicar\u00e1 en Xalapa cada fin de semana de la cuarentena\"}]},{\"@type\":\"WebSite\",\"@id\":\"https:\\\/\\\/informante.mx\\\/#website\",\"url\":\"https:\\\/\\\/informante.mx\\\/\",\"name\":\"Informante.mx\",\"description\":\"\",\"publisher\":{\"@id\":\"https:\\\/\\\/informante.mx\\\/#organization\"},\"potentialAction\":[{\"@type\":\"SearchAction\",\"target\":{\"@type\":\"EntryPoint\",\"urlTemplate\":\"https:\\\/\\\/informante.mx\\\/?s={search_term_string}\"},\"query-input\":{\"@type\":\"PropertyValueSpecification\",\"valueRequired\":true,\"valueName\":\"search_term_string\"}}],\"inLanguage\":\"es\"},{\"@type\":\"Organization\",\"@id\":\"https:\\\/\\\/informante.mx\\\/#organization\",\"name\":\"Informante.mx\",\"url\":\"https:\\\/\\\/informante.mx\\\/\",\"logo\":{\"@type\":\"ImageObject\",\"inLanguage\":\"es\",\"@id\":\"https:\\\/\\\/informante.mx\\\/#\\\/schema\\\/logo\\\/image\\\/\",\"url\":\"https:\\\/\\\/informante.mx\\\/wp-content\\\/uploads\\\/2019\\\/12\\\/cropped-LOGO-Verde-Apaisado-1024x360O-1.png\",\"contentUrl\":\"https:\\\/\\\/informante.mx\\\/wp-content\\\/uploads\\\/2019\\\/12\\\/cropped-LOGO-Verde-Apaisado-1024x360O-1.png\",\"width\":923,\"height\":180,\"caption\":\"Informante.mx\"},\"image\":{\"@id\":\"https:\\\/\\\/informante.mx\\\/#\\\/schema\\\/logo\\\/image\\\/\"},\"sameAs\":[\"https:\\\/\\\/www.facebook.com\\\/MX.Informante\",\"https:\\\/\\\/x.com\\\/mx_informante\"]},{\"@type\":\"Person\",\"@id\":\"https:\\\/\\\/informante.mx\\\/#\\\/schema\\\/person\\\/3eff91989d2ea76b0a330b416325946c\",\"name\":\"InformanteMX\",\"image\":{\"@type\":\"ImageObject\",\"inLanguage\":\"es\",\"@id\":\"https:\\\/\\\/secure.gravatar.com\\\/avatar\\\/10d802aa739e832aedd2f3fd8544d878871eb22e6ca86fe9a548573e34a28f0e?s=96&d=mm&r=g\",\"url\":\"https:\\\/\\\/secure.gravatar.com\\\/avatar\\\/10d802aa739e832aedd2f3fd8544d878871eb22e6ca86fe9a548573e34a28f0e?s=96&d=mm&r=g\",\"contentUrl\":\"https:\\\/\\\/secure.gravatar.com\\\/avatar\\\/10d802aa739e832aedd2f3fd8544d878871eb22e6ca86fe9a548573e34a28f0e?s=96&d=mm&r=g\",\"caption\":\"InformanteMX\"},\"url\":\"https:\\\/\\\/informante.mx\\\/?author=1\"}]}<\/script>\n<!-- \/ Yoast SEO plugin. -->","yoast_head_json":{"title":"Ley seca se aplicar\u00e1 en Xalapa cada fin de semana de la cuarentena - Informante.mx","robots":{"index":"index","follow":"follow","max-snippet":"max-snippet:-1","max-image-preview":"max-image-preview:large","max-video-preview":"max-video-preview:-1"},"canonical":"https:\/\/informante.mx\/?p=16725","og_locale":"es_ES","og_type":"article","og_title":"Ley seca se aplicar\u00e1 en Xalapa cada fin de semana de la cuarentena - Informante.mx","og_description":"Se aplicar\u00e1 esta medida durante los fines de semana hasta que se levante la emergencia sanitaria por Covid-19","og_url":"https:\/\/informante.mx\/?p=16725","og_site_name":"Informante.mx","article_publisher":"https:\/\/www.facebook.com\/MX.Informante","article_published_time":"2020-05-14T20:29:26+00:00","article_modified_time":"2020-05-14T20:29:49+00:00","og_image":[{"width":651,"height":400,"url":"https:\/\/i0.wp.com\/informante.mx\/wp-content\/uploads\/2020\/05\/cerveza.jpg?fit=651%2C400&ssl=1","type":"image\/jpeg"}],"author":"InformanteMX","twitter_card":"summary_large_image","twitter_creator":"@mx_informante","twitter_site":"@mx_informante","twitter_misc":{"Escrito por":"InformanteMX","Tiempo de lectura":"2 minutos"},"schema":{"@context":"https:\/\/schema.org","@graph":[{"@type":"NewsArticle","@id":"https:\/\/informante.mx\/?p=16725#article","isPartOf":{"@id":"https:\/\/informante.mx\/?p=16725"},"author":{"name":"InformanteMX","@id":"https:\/\/informante.mx\/#\/schema\/person\/3eff91989d2ea76b0a330b416325946c"},"headline":"Ley seca se aplicar\u00e1 en Xalapa cada fin de semana de la cuarentena","datePublished":"2020-05-14T20:29:26+00:00","dateModified":"2020-05-14T20:29:49+00:00","mainEntityOfPage":{"@id":"https:\/\/informante.mx\/?p=16725"},"wordCount":472,"commentCount":0,"publisher":{"@id":"https:\/\/informante.mx\/#organization"},"articleSection":["Local"],"inLanguage":"es","potentialAction":[{"@type":"CommentAction","name":"Comment","target":["https:\/\/informante.mx\/?p=16725#respond"]}]},{"@type":"WebPage","@id":"https:\/\/informante.mx\/?p=16725","url":"https:\/\/informante.mx\/?p=16725","name":"Ley seca se aplicar\u00e1 en Xalapa cada fin de semana de la cuarentena - Informante.mx","isPartOf":{"@id":"https:\/\/informante.mx\/#website"},"datePublished":"2020-05-14T20:29:26+00:00","dateModified":"2020-05-14T20:29:49+00:00","breadcrumb":{"@id":"https:\/\/informante.mx\/?p=16725#breadcrumb"},"inLanguage":"es","potentialAction":[{"@type":"ReadAction","target":["https:\/\/informante.mx\/?p=16725"]}]},{"@type":"BreadcrumbList","@id":"https:\/\/informante.mx\/?p=16725#breadcrumb","itemListElement":[{"@type":"ListItem","position":1,"name":"Portada","item":"https:\/\/informante.mx\/"},{"@type":"ListItem","position":2,"name":"Ley seca se aplicar\u00e1 en Xalapa cada fin de semana de la cuarentena"}]},{"@type":"WebSite","@id":"https:\/\/informante.mx\/#website","url":"https:\/\/informante.mx\/","name":"Informante.mx","description":"","publisher":{"@id":"https:\/\/informante.mx\/#organization"},"potentialAction":[{"@type":"SearchAction","target":{"@type":"EntryPoint","urlTemplate":"https:\/\/informante.mx\/?s={search_term_string}"},"query-input":{"@type":"PropertyValueSpecification","valueRequired":true,"valueName":"search_term_string"}}],"inLanguage":"es"},{"@type":"Organization","@id":"https:\/\/informante.mx\/#organization","name":"Informante.mx","url":"https:\/\/informante.mx\/","logo":{"@type":"ImageObject","inLanguage":"es","@id":"https:\/\/informante.mx\/#\/schema\/logo\/image\/","url":"https:\/\/informante.mx\/wp-content\/uploads\/2019\/12\/cropped-LOGO-Verde-Apaisado-1024x360O-1.png","contentUrl":"https:\/\/informante.mx\/wp-content\/uploads\/2019\/12\/cropped-LOGO-Verde-Apaisado-1024x360O-1.png","width":923,"height":180,"caption":"Informante.mx"},"image":{"@id":"https:\/\/informante.mx\/#\/schema\/logo\/image\/"},"sameAs":["https:\/\/www.facebook.com\/MX.Informante","https:\/\/x.com\/mx_informante"]},{"@type":"Person","@id":"https:\/\/informante.mx\/#\/schema\/person\/3eff91989d2ea76b0a330b416325946c","name":"InformanteMX","image":{"@type":"ImageObject","inLanguage":"es","@id":"https:\/\/secure.gravatar.com\/avatar\/10d802aa739e832aedd2f3fd8544d878871eb22e6ca86fe9a548573e34a28f0e?s=96&d=mm&r=g","url":"https:\/\/secure.gravatar.com\/avatar\/10d802aa739e832aedd2f3fd8544d878871eb22e6ca86fe9a548573e34a28f0e?s=96&d=mm&r=g","contentUrl":"https:\/\/secure.gravatar.com\/avatar\/10d802aa739e832aedd2f3fd8544d878871eb22e6ca86fe9a548573e34a28f0e?s=96&d=mm&r=g","caption":"InformanteMX"},"url":"https:\/\/informante.mx\/?author=1"}]}},"jetpack_featured_media_url":"","uagb_featured_image_src":{"full":false,"thumbnail":false,"medium":false,"medium_large":false,"large":false,"1536x1536":false,"2048x2048":false,"td_0x420":false,"td_0x420_retina":false,"td_80x60":false,"td_80x60_retina":false,"td_100x75":false,"td_100x75_retina":false,"td_180x135":false,"td_180x135_retina":false,"td_238x178":false,"td_238x178_retina":false,"td_265x198":false,"td_265x198_retina":false,"td_300x160":false,"td_300x160_retina":false,"td_300x194":false,"td_300x194_retina":false,"td_300x350":false,"td_300x350_retina":false,"td_341x220":false,"td_341x220_retina":false,"td_341x400":false,"td_341x400_retina":false,"td_511x400":false,"td_511x400_retina":false,"td_537x360":false,"td_537x360_retina":false,"td_640x0":false,"td_640x0_retina":false,"td_640x350":false,"td_640x350_retina":false,"td_681x0":false,"td_681x0_retina":false,"td_681x400":false,"td_681x400_retina":false,"td_741x486":false,"td_741x486_retina":false,"td_1021x580":false,"td_1021x580_retina":false},"uagb_author_info":{"display_name":"InformanteMX","author_link":"https:\/\/informante.mx\/?author=1"},"uagb_comment_info":0,"uagb_excerpt":"Se aplicar\u00e1 esta medida durante los fines de semana hasta que se levante la emergencia sanitaria por Covid-19","_links":{"self":[{"href":"https:\/\/informante.mx\/index.php?rest_route=\/wp\/v2\/posts\/16725","targetHints":{"allow":["GET"]}}],"collection":[{"href":"https:\/\/informante.mx\/index.php?rest_route=\/wp\/v2\/posts"}],"about":[{"href":"https:\/\/informante.mx\/index.php?rest_route=\/wp\/v2\/types\/post"}],"author":[{"embeddable":true,"href":"https:\/\/informante.mx\/index.php?rest_route=\/wp\/v2\/users\/1"}],"replies":[{"embeddable":true,"href":"https:\/\/informante.mx\/index.php?rest_route=%2Fwp%2Fv2%2Fcomments&post=16725"}],"version-history":[{"count":1,"href":"https:\/\/informante.mx\/index.php?rest_route=\/wp\/v2\/posts\/16725\/revisions"}],"predecessor-version":[{"id":16727,"href":"https:\/\/informante.mx\/index.php?rest_route=\/wp\/v2\/posts\/16725\/revisions\/16727"}],"wp:attachment":[{"href":"https:\/\/informante.mx\/index.php?rest_route=%2Fwp%2Fv2%2Fmedia&parent=16725"}],"wp:term":[{"taxonomy":"category","embeddable":true,"href":"https:\/\/informante.mx\/index.php?rest_route=%2Fwp%2Fv2%2Fcategories&post=16725"},{"taxonomy":"post_tag","embeddable":true,"href":"https:\/\/informante.mx\/index.php?rest_route=%2Fwp%2Fv2%2Ftags&post=16725"}],"curies":[{"name":"wp","href":"https:\/\/api.w.org\/{rel}","templated":true}]}}