{"id":15356,"date":"2020-04-21T11:03:35","date_gmt":"2020-04-21T16:03:35","guid":{"rendered":"http:\/\/informante.mx\/?p=15356"},"modified":"2020-04-21T11:05:17","modified_gmt":"2020-04-21T16:05:17","slug":"sin-licitacion-y-de-forma-directa-cuitlahuac-compro-20-ambulancias","status":"publish","type":"post","link":"https:\/\/informante.mx\/?p=15356","title":{"rendered":"Sin licitaci\u00f3n y de forma directa, Cuitl\u00e1huac compr\u00f3  20 ambulancias"},"content":{"rendered":"\n<p>Xalapa, Ver.- Al igual que con las patrullas que adquiri\u00f3 la Secretar\u00eda de Seguridad P\u00fablica en Veracruz de forma directa, as\u00ed pas\u00f3 con las 20 ambulancias que hace unos d\u00edas presumi\u00f3 el gobernador Cuitl\u00e1huac Garc\u00eda Jim\u00e9nez.\u00a0<\/p>\n\n\n\n<p>Sin licitaci\u00f3n de por medio, con contratos millonarios y a empresas for\u00e1neas, es que se adquirieron 5 unidades especializadas y 15 ambulancias.&nbsp;<\/p>\n\n\n\n<p>Es de mencionar que el Gobierno Estatal pag\u00f3 17 millones 964 mil 363.20 pesos a la empresa Ambulancia Network, ubicada en la avenida Jaime Balmes 11, Polanco, Polanco I Secc, 11510 Ciudad de M\u00e9xico, CDMX, M\u00e9xico.<\/p>\n\n\n\n<p>Con este acto- adjudicar los contratos- se viola la Ley de Adquisiciones de Veracruz, que no permite la entrega de contratos directos por cifras mayores a 101 mil pesos; en esta ocasi\u00f3n no se hizo, dejando as\u00ed, una vez m\u00e1s, a los empresarios locales a un lado.&nbsp;<\/p>\n\n\n\n<p>Es de recordar que en el 2019, el gobierno de Cuitl\u00e1huac Garc\u00eda fue cuestionado en todo el estado por la compra y renta de camionetas para patrullas, las cuales tuvieron un costo de 208 millones de pesos, de los cuales, en la compra de 30 fue un total de&nbsp; 39 millones de pesos.&nbsp;<\/p>\n\n\n\n<p>Pero adem\u00e1s, la Secretar\u00eda de Salud de Veracruz que encabeza Roberto Ramor Alor es investigado por el Gobierno Federal ya que dio contratos directos a el exdelegado de Jalisco Carlos Lomel\u00ed Bola\u00f1os.&nbsp;<\/p>\n\n\n\n<p> Incluso, se detect\u00f3 que asign\u00f3 contratos por 36 millones de 578 mil 757 pesos.\u00a0<\/p>\n","protected":false},"excerpt":{"rendered":"<p>Dejaron a un lado a los empresarios veracruzanos. *Se repite la historia de las camionetas de SSP. <\/p>\n","protected":false},"author":1,"featured_media":0,"comment_status":"open","ping_status":"closed","sticky":false,"template":"","format":"standard","meta":{"_uag_custom_page_level_css":"","jetpack_post_was_ever_published":false,"footnotes":""},"categories":[16],"tags":[],"class_list":["post-15356","post","type-post","status-publish","format-standard","hentry","category-enterate"],"yoast_head":"<!-- This site is optimized with the Yoast SEO plugin v27.3 - https:\/\/yoast.com\/product\/yoast-seo-wordpress\/ -->\n<title>Sin licitaci\u00f3n y de forma directa, Cuitl\u00e1huac compr\u00f3 20 ambulancias - Informante.mx<\/title>\n<meta name=\"robots\" content=\"index, follow, max-snippet:-1, max-image-preview:large, max-video-preview:-1\" \/>\n<link rel=\"canonical\" href=\"https:\/\/informante.mx\/?p=15356\" \/>\n<meta property=\"og:locale\" content=\"es_ES\" \/>\n<meta property=\"og:type\" content=\"article\" \/>\n<meta property=\"og:title\" content=\"Sin licitaci\u00f3n y de forma directa, Cuitl\u00e1huac compr\u00f3 20 ambulancias - Informante.mx\" \/>\n<meta property=\"og:description\" content=\"Dejaron a un lado a los empresarios veracruzanos. *Se repite la historia de las camionetas de SSP.\" \/>\n<meta property=\"og:url\" content=\"https:\/\/informante.mx\/?p=15356\" \/>\n<meta property=\"og:site_name\" content=\"Informante.mx\" \/>\n<meta property=\"article:publisher\" content=\"https:\/\/www.facebook.com\/MX.Informante\" \/>\n<meta property=\"article:published_time\" content=\"2020-04-21T16:03:35+00:00\" \/>\n<meta property=\"article:modified_time\" content=\"2020-04-21T16:05:17+00:00\" \/>\n<meta property=\"og:image\" content=\"https:\/\/i0.wp.com\/informante.mx\/wp-content\/uploads\/2020\/04\/Captura-de-Pantalla-2020-04-21-a-las-10.59.56-1.png?fit=1281%2C709&ssl=1\" \/>\n\t<meta property=\"og:image:width\" content=\"1281\" \/>\n\t<meta property=\"og:image:height\" content=\"709\" \/>\n\t<meta property=\"og:image:type\" content=\"image\/png\" \/>\n<meta name=\"author\" content=\"InformanteMX\" \/>\n<meta name=\"twitter:card\" content=\"summary_large_image\" \/>\n<meta name=\"twitter:creator\" content=\"@mx_informante\" \/>\n<meta name=\"twitter:site\" content=\"@mx_informante\" \/>\n<meta name=\"twitter:label1\" content=\"Escrito por\" \/>\n\t<meta name=\"twitter:data1\" content=\"InformanteMX\" \/>\n\t<meta name=\"twitter:label2\" content=\"Tiempo de lectura\" \/>\n\t<meta name=\"twitter:data2\" content=\"1 minuto\" \/>\n<script type=\"application\/ld+json\" class=\"yoast-schema-graph\">{\"@context\":\"https:\\\/\\\/schema.org\",\"@graph\":[{\"@type\":\"NewsArticle\",\"@id\":\"https:\\\/\\\/informante.mx\\\/?p=15356#article\",\"isPartOf\":{\"@id\":\"https:\\\/\\\/informante.mx\\\/?p=15356\"},\"author\":{\"name\":\"InformanteMX\",\"@id\":\"https:\\\/\\\/informante.mx\\\/#\\\/schema\\\/person\\\/3eff91989d2ea76b0a330b416325946c\"},\"headline\":\"Sin licitaci\u00f3n y de forma directa, Cuitl\u00e1huac compr\u00f3 20 ambulancias\",\"datePublished\":\"2020-04-21T16:03:35+00:00\",\"dateModified\":\"2020-04-21T16:05:17+00:00\",\"mainEntityOfPage\":{\"@id\":\"https:\\\/\\\/informante.mx\\\/?p=15356\"},\"wordCount\":258,\"commentCount\":0,\"publisher\":{\"@id\":\"https:\\\/\\\/informante.mx\\\/#organization\"},\"articleSection\":[\"Ent\u00e9rate\"],\"inLanguage\":\"es\",\"potentialAction\":[{\"@type\":\"CommentAction\",\"name\":\"Comment\",\"target\":[\"https:\\\/\\\/informante.mx\\\/?p=15356#respond\"]}]},{\"@type\":\"WebPage\",\"@id\":\"https:\\\/\\\/informante.mx\\\/?p=15356\",\"url\":\"https:\\\/\\\/informante.mx\\\/?p=15356\",\"name\":\"Sin licitaci\u00f3n y de forma directa, Cuitl\u00e1huac compr\u00f3 20 ambulancias - Informante.mx\",\"isPartOf\":{\"@id\":\"https:\\\/\\\/informante.mx\\\/#website\"},\"datePublished\":\"2020-04-21T16:03:35+00:00\",\"dateModified\":\"2020-04-21T16:05:17+00:00\",\"breadcrumb\":{\"@id\":\"https:\\\/\\\/informante.mx\\\/?p=15356#breadcrumb\"},\"inLanguage\":\"es\",\"potentialAction\":[{\"@type\":\"ReadAction\",\"target\":[\"https:\\\/\\\/informante.mx\\\/?p=15356\"]}]},{\"@type\":\"BreadcrumbList\",\"@id\":\"https:\\\/\\\/informante.mx\\\/?p=15356#breadcrumb\",\"itemListElement\":[{\"@type\":\"ListItem\",\"position\":1,\"name\":\"Portada\",\"item\":\"https:\\\/\\\/informante.mx\\\/\"},{\"@type\":\"ListItem\",\"position\":2,\"name\":\"Sin licitaci\u00f3n y de forma directa, Cuitl\u00e1huac compr\u00f3 20 ambulancias\"}]},{\"@type\":\"WebSite\",\"@id\":\"https:\\\/\\\/informante.mx\\\/#website\",\"url\":\"https:\\\/\\\/informante.mx\\\/\",\"name\":\"Informante.mx\",\"description\":\"\",\"publisher\":{\"@id\":\"https:\\\/\\\/informante.mx\\\/#organization\"},\"potentialAction\":[{\"@type\":\"SearchAction\",\"target\":{\"@type\":\"EntryPoint\",\"urlTemplate\":\"https:\\\/\\\/informante.mx\\\/?s={search_term_string}\"},\"query-input\":{\"@type\":\"PropertyValueSpecification\",\"valueRequired\":true,\"valueName\":\"search_term_string\"}}],\"inLanguage\":\"es\"},{\"@type\":\"Organization\",\"@id\":\"https:\\\/\\\/informante.mx\\\/#organization\",\"name\":\"Informante.mx\",\"url\":\"https:\\\/\\\/informante.mx\\\/\",\"logo\":{\"@type\":\"ImageObject\",\"inLanguage\":\"es\",\"@id\":\"https:\\\/\\\/informante.mx\\\/#\\\/schema\\\/logo\\\/image\\\/\",\"url\":\"https:\\\/\\\/informante.mx\\\/wp-content\\\/uploads\\\/2019\\\/12\\\/cropped-LOGO-Verde-Apaisado-1024x360O-1.png\",\"contentUrl\":\"https:\\\/\\\/informante.mx\\\/wp-content\\\/uploads\\\/2019\\\/12\\\/cropped-LOGO-Verde-Apaisado-1024x360O-1.png\",\"width\":923,\"height\":180,\"caption\":\"Informante.mx\"},\"image\":{\"@id\":\"https:\\\/\\\/informante.mx\\\/#\\\/schema\\\/logo\\\/image\\\/\"},\"sameAs\":[\"https:\\\/\\\/www.facebook.com\\\/MX.Informante\",\"https:\\\/\\\/x.com\\\/mx_informante\"]},{\"@type\":\"Person\",\"@id\":\"https:\\\/\\\/informante.mx\\\/#\\\/schema\\\/person\\\/3eff91989d2ea76b0a330b416325946c\",\"name\":\"InformanteMX\",\"image\":{\"@type\":\"ImageObject\",\"inLanguage\":\"es\",\"@id\":\"https:\\\/\\\/secure.gravatar.com\\\/avatar\\\/10d802aa739e832aedd2f3fd8544d878871eb22e6ca86fe9a548573e34a28f0e?s=96&d=mm&r=g\",\"url\":\"https:\\\/\\\/secure.gravatar.com\\\/avatar\\\/10d802aa739e832aedd2f3fd8544d878871eb22e6ca86fe9a548573e34a28f0e?s=96&d=mm&r=g\",\"contentUrl\":\"https:\\\/\\\/secure.gravatar.com\\\/avatar\\\/10d802aa739e832aedd2f3fd8544d878871eb22e6ca86fe9a548573e34a28f0e?s=96&d=mm&r=g\",\"caption\":\"InformanteMX\"},\"url\":\"https:\\\/\\\/informante.mx\\\/?author=1\"}]}<\/script>\n<!-- \/ Yoast SEO plugin. -->","yoast_head_json":{"title":"Sin licitaci\u00f3n y de forma directa, Cuitl\u00e1huac compr\u00f3 20 ambulancias - Informante.mx","robots":{"index":"index","follow":"follow","max-snippet":"max-snippet:-1","max-image-preview":"max-image-preview:large","max-video-preview":"max-video-preview:-1"},"canonical":"https:\/\/informante.mx\/?p=15356","og_locale":"es_ES","og_type":"article","og_title":"Sin licitaci\u00f3n y de forma directa, Cuitl\u00e1huac compr\u00f3 20 ambulancias - Informante.mx","og_description":"Dejaron a un lado a los empresarios veracruzanos. *Se repite la historia de las camionetas de SSP.","og_url":"https:\/\/informante.mx\/?p=15356","og_site_name":"Informante.mx","article_publisher":"https:\/\/www.facebook.com\/MX.Informante","article_published_time":"2020-04-21T16:03:35+00:00","article_modified_time":"2020-04-21T16:05:17+00:00","og_image":[{"width":1281,"height":709,"url":"https:\/\/i0.wp.com\/informante.mx\/wp-content\/uploads\/2020\/04\/Captura-de-Pantalla-2020-04-21-a-las-10.59.56-1.png?fit=1281%2C709&ssl=1","type":"image\/png"}],"author":"InformanteMX","twitter_card":"summary_large_image","twitter_creator":"@mx_informante","twitter_site":"@mx_informante","twitter_misc":{"Escrito por":"InformanteMX","Tiempo de lectura":"1 minuto"},"schema":{"@context":"https:\/\/schema.org","@graph":[{"@type":"NewsArticle","@id":"https:\/\/informante.mx\/?p=15356#article","isPartOf":{"@id":"https:\/\/informante.mx\/?p=15356"},"author":{"name":"InformanteMX","@id":"https:\/\/informante.mx\/#\/schema\/person\/3eff91989d2ea76b0a330b416325946c"},"headline":"Sin licitaci\u00f3n y de forma directa, Cuitl\u00e1huac compr\u00f3 20 ambulancias","datePublished":"2020-04-21T16:03:35+00:00","dateModified":"2020-04-21T16:05:17+00:00","mainEntityOfPage":{"@id":"https:\/\/informante.mx\/?p=15356"},"wordCount":258,"commentCount":0,"publisher":{"@id":"https:\/\/informante.mx\/#organization"},"articleSection":["Ent\u00e9rate"],"inLanguage":"es","potentialAction":[{"@type":"CommentAction","name":"Comment","target":["https:\/\/informante.mx\/?p=15356#respond"]}]},{"@type":"WebPage","@id":"https:\/\/informante.mx\/?p=15356","url":"https:\/\/informante.mx\/?p=15356","name":"Sin licitaci\u00f3n y de forma directa, Cuitl\u00e1huac compr\u00f3 20 ambulancias - Informante.mx","isPartOf":{"@id":"https:\/\/informante.mx\/#website"},"datePublished":"2020-04-21T16:03:35+00:00","dateModified":"2020-04-21T16:05:17+00:00","breadcrumb":{"@id":"https:\/\/informante.mx\/?p=15356#breadcrumb"},"inLanguage":"es","potentialAction":[{"@type":"ReadAction","target":["https:\/\/informante.mx\/?p=15356"]}]},{"@type":"BreadcrumbList","@id":"https:\/\/informante.mx\/?p=15356#breadcrumb","itemListElement":[{"@type":"ListItem","position":1,"name":"Portada","item":"https:\/\/informante.mx\/"},{"@type":"ListItem","position":2,"name":"Sin licitaci\u00f3n y de forma directa, Cuitl\u00e1huac compr\u00f3 20 ambulancias"}]},{"@type":"WebSite","@id":"https:\/\/informante.mx\/#website","url":"https:\/\/informante.mx\/","name":"Informante.mx","description":"","publisher":{"@id":"https:\/\/informante.mx\/#organization"},"potentialAction":[{"@type":"SearchAction","target":{"@type":"EntryPoint","urlTemplate":"https:\/\/informante.mx\/?s={search_term_string}"},"query-input":{"@type":"PropertyValueSpecification","valueRequired":true,"valueName":"search_term_string"}}],"inLanguage":"es"},{"@type":"Organization","@id":"https:\/\/informante.mx\/#organization","name":"Informante.mx","url":"https:\/\/informante.mx\/","logo":{"@type":"ImageObject","inLanguage":"es","@id":"https:\/\/informante.mx\/#\/schema\/logo\/image\/","url":"https:\/\/informante.mx\/wp-content\/uploads\/2019\/12\/cropped-LOGO-Verde-Apaisado-1024x360O-1.png","contentUrl":"https:\/\/informante.mx\/wp-content\/uploads\/2019\/12\/cropped-LOGO-Verde-Apaisado-1024x360O-1.png","width":923,"height":180,"caption":"Informante.mx"},"image":{"@id":"https:\/\/informante.mx\/#\/schema\/logo\/image\/"},"sameAs":["https:\/\/www.facebook.com\/MX.Informante","https:\/\/x.com\/mx_informante"]},{"@type":"Person","@id":"https:\/\/informante.mx\/#\/schema\/person\/3eff91989d2ea76b0a330b416325946c","name":"InformanteMX","image":{"@type":"ImageObject","inLanguage":"es","@id":"https:\/\/secure.gravatar.com\/avatar\/10d802aa739e832aedd2f3fd8544d878871eb22e6ca86fe9a548573e34a28f0e?s=96&d=mm&r=g","url":"https:\/\/secure.gravatar.com\/avatar\/10d802aa739e832aedd2f3fd8544d878871eb22e6ca86fe9a548573e34a28f0e?s=96&d=mm&r=g","contentUrl":"https:\/\/secure.gravatar.com\/avatar\/10d802aa739e832aedd2f3fd8544d878871eb22e6ca86fe9a548573e34a28f0e?s=96&d=mm&r=g","caption":"InformanteMX"},"url":"https:\/\/informante.mx\/?author=1"}]}},"jetpack_featured_media_url":"","uagb_featured_image_src":{"full":false,"thumbnail":false,"medium":false,"medium_large":false,"large":false,"1536x1536":false,"2048x2048":false,"td_0x420":false,"td_0x420_retina":false,"td_80x60":false,"td_80x60_retina":false,"td_100x75":false,"td_100x75_retina":false,"td_180x135":false,"td_180x135_retina":false,"td_238x178":false,"td_238x178_retina":false,"td_265x198":false,"td_265x198_retina":false,"td_300x160":false,"td_300x160_retina":false,"td_300x194":false,"td_300x194_retina":false,"td_300x350":false,"td_300x350_retina":false,"td_341x220":false,"td_341x220_retina":false,"td_341x400":false,"td_341x400_retina":false,"td_511x400":false,"td_511x400_retina":false,"td_537x360":false,"td_537x360_retina":false,"td_640x0":false,"td_640x0_retina":false,"td_640x350":false,"td_640x350_retina":false,"td_681x0":false,"td_681x0_retina":false,"td_681x400":false,"td_681x400_retina":false,"td_741x486":false,"td_741x486_retina":false,"td_1021x580":false,"td_1021x580_retina":false},"uagb_author_info":{"display_name":"InformanteMX","author_link":"https:\/\/informante.mx\/?author=1"},"uagb_comment_info":0,"uagb_excerpt":"Dejaron a un lado a los empresarios veracruzanos. *Se repite la historia de las camionetas de SSP.","_links":{"self":[{"href":"https:\/\/informante.mx\/index.php?rest_route=\/wp\/v2\/posts\/15356","targetHints":{"allow":["GET"]}}],"collection":[{"href":"https:\/\/informante.mx\/index.php?rest_route=\/wp\/v2\/posts"}],"about":[{"href":"https:\/\/informante.mx\/index.php?rest_route=\/wp\/v2\/types\/post"}],"author":[{"embeddable":true,"href":"https:\/\/informante.mx\/index.php?rest_route=\/wp\/v2\/users\/1"}],"replies":[{"embeddable":true,"href":"https:\/\/informante.mx\/index.php?rest_route=%2Fwp%2Fv2%2Fcomments&post=15356"}],"version-history":[{"count":2,"href":"https:\/\/informante.mx\/index.php?rest_route=\/wp\/v2\/posts\/15356\/revisions"}],"predecessor-version":[{"id":15360,"href":"https:\/\/informante.mx\/index.php?rest_route=\/wp\/v2\/posts\/15356\/revisions\/15360"}],"wp:attachment":[{"href":"https:\/\/informante.mx\/index.php?rest_route=%2Fwp%2Fv2%2Fmedia&parent=15356"}],"wp:term":[{"taxonomy":"category","embeddable":true,"href":"https:\/\/informante.mx\/index.php?rest_route=%2Fwp%2Fv2%2Fcategories&post=15356"},{"taxonomy":"post_tag","embeddable":true,"href":"https:\/\/informante.mx\/index.php?rest_route=%2Fwp%2Fv2%2Ftags&post=15356"}],"curies":[{"name":"wp","href":"https:\/\/api.w.org\/{rel}","templated":true}]}}