{"id":15132,"date":"2020-04-16T09:53:38","date_gmt":"2020-04-16T14:53:38","guid":{"rendered":"http:\/\/informante.mx\/?p=15132"},"modified":"2020-04-16T09:53:45","modified_gmt":"2020-04-16T14:53:45","slug":"destinara-amlo-un-millon-de-creditos-a-empresas-solidarias-con-trabajadores","status":"publish","type":"post","link":"https:\/\/informante.mx\/?p=15132","title":{"rendered":"Destinar\u00e1 AMLO un mill\u00f3n de cr\u00e9ditos a empresas solidarias con trabajadores"},"content":{"rendered":"\n<p>El presidente Andr\u00e9s Manuel L\u00f3pez Obrador inform\u00f3 que otorgar\u00e1 un mill\u00f3n de cr\u00e9ditos -adicional al mill\u00f3n que ya se hab\u00eda anunciado a empresas del sector formal e informal- a empresas que se han comportado de forma solidaria con sus trabajadores en la contingencia por el Covid-19.<\/p>\n\n\n\n<p>\u00abEs un mill\u00f3n de nuevos cr\u00e9ditos a todas las empresas que tienen trabajadores inscritos en el Seguro Social y que actuaron con mucha responsabilidad, sobre todo en las peque\u00f1as no despidiendo a sus trabajadores, ni quit\u00e1ndoles o reduci\u00e9ndoles el salario\u00bb, dijo en rueda de prensa desde Palacio Nacional.<\/p>\n\n\n\n<p>Refiri\u00f3 que este nuevo programa de cr\u00e9ditos ser\u00e1 financiado con los impuestos que adeudan 15 grandes contribuyentes a la hacienda p\u00fablica, de los cuales se prev\u00e9 recaudar 25 mil millones de pesos.<\/p>\n\n\n\n<p>En esta l\u00ednea, se\u00f1al\u00f3 que ya se est\u00e1 llegando a acuerdos con los adeudadores y hasta ahora se cuenta con 15 mil millones de pesos, pero se estima poder reunir otros 10 mil millones m\u00e1s porque asegur\u00f3 que Hacienda seguir\u00e1 cobrando tanto por la v\u00eda civil como por la v\u00eda legal. \u00abPorque lo hemos dicho muchas veces no debe de haber, no debemos de permitir la corrupci\u00f3n, ni el influyentismo, ni la impunidad\u00bb, acot\u00f3.<\/p>\n\n\n\n<p>Sobre la reactivaci\u00f3n de la econom\u00eda en el pa\u00eds, refiri\u00f3 que entre mayo y junio se va a destinar la mayor cantidad de dinero p\u00fablico al pueblo, es decir, a las escuelas, a la vivienda y a obras.<\/p>\n\n\n\n<h4 class=\"wp-block-heading\">APOYO A EMPRESAS SOLIDARIAS<\/h4>\n\n\n\n<p>Por su parte, el director general del Instituto Mexicano del Seguro Social (IMSS), se\u00f1al\u00f3 que se est\u00e1 trabajando en el padr\u00f3n, y se prev\u00e9 que, a partir del 4 de mayo, se empiecen a otorgar dichos cr\u00e9ditos.<\/p>\n\n\n\n<p>Lo&nbsp;<strong>lineamientos<\/strong>&nbsp;comprenden:<\/p>\n\n\n\n<ul class=\"wp-block-list\"><li>A las empresas que hayan conservado a sus trabajadores sin reducir su salario en los \u00faltimos tres meses.<\/li><li>Se otorgar\u00e1 un cr\u00e9dito a la palabra de 25 mil pesos, a partir del 4 de mayo, mediante transferencia electr\u00f3nica.<\/li><li>A pagarse en un plazo de tres a\u00f1os, con tres meses de gracia y a partir del cuarto se abonar\u00edan 850 pesos mensuales aproximadamente.<\/li><\/ul>\n\n\n\n<p>En cuanto al&nbsp;<strong>inter\u00e9s<\/strong>, ser\u00e1 de acuerdo al tama\u00f1o de la empresa:<\/p>\n\n\n\n<ul class=\"wp-block-list\"><li>De 1 a 10 trabajadores: 6.5%<\/li><li>M\u00e1s de 10 hasta 20 trabajadores: 7.5%<\/li><li>M\u00e1s de 20 hasta 50 trabajadores: 8.5%<\/li><li>M\u00e1s de 50 trabajadores: 10%<\/li><\/ul>\n\n\n\n<p>Seg\u00fan Zo\u00e9 Robledo, son 923 mil 065 empresas dadas de alta en el Seguro Social, el 67.5% tiene registrados de uno a cinco trabajadores; el 13.6%, de seis a 10 trabajadores; el 8.3%, m\u00e1s de 10 hasta 20 trabajadores; el 5.8%, m\u00e1s de 20 hasta 50 trabajadores; y el 4.9%, m\u00e1s de 50 trabajadores.<\/p>\n\n\n\n<p>\u00abEn este momento de ampliaci\u00f3n de la contingencia, estos empresarios tendr\u00e1n una forma de retribuir y mantener su conducta solidaria con los trabajadores\u00bb, puntualiz\u00f3 el titular del IMSS.<\/p>\n","protected":false},"excerpt":{"rendered":"<p>Este programa aplicar\u00e1 para las empresas que hayan conservado a sus trabajadores sin reducir su salario en los \u00faltimos tres meses<\/p>\n","protected":false},"author":1,"featured_media":0,"comment_status":"open","ping_status":"closed","sticky":false,"template":"","format":"standard","meta":{"_uag_custom_page_level_css":"","jetpack_post_was_ever_published":false,"footnotes":""},"categories":[9],"tags":[],"class_list":["post-15132","post","type-post","status-publish","format-standard","hentry","category-nacional"],"yoast_head":"<!-- This site is optimized with the Yoast SEO plugin v27.3 - https:\/\/yoast.com\/product\/yoast-seo-wordpress\/ -->\n<title>Destinar\u00e1 AMLO un mill\u00f3n de cr\u00e9ditos a empresas solidarias con trabajadores - Informante.mx<\/title>\n<meta name=\"robots\" content=\"index, follow, max-snippet:-1, max-image-preview:large, max-video-preview:-1\" \/>\n<link rel=\"canonical\" href=\"https:\/\/informante.mx\/?p=15132\" \/>\n<meta property=\"og:locale\" content=\"es_ES\" \/>\n<meta property=\"og:type\" content=\"article\" \/>\n<meta property=\"og:title\" content=\"Destinar\u00e1 AMLO un mill\u00f3n de cr\u00e9ditos a empresas solidarias con trabajadores - Informante.mx\" \/>\n<meta property=\"og:description\" content=\"Este programa aplicar\u00e1 para las empresas que hayan conservado a sus trabajadores sin reducir su salario en los \u00faltimos tres meses\" \/>\n<meta property=\"og:url\" content=\"https:\/\/informante.mx\/?p=15132\" \/>\n<meta property=\"og:site_name\" content=\"Informante.mx\" \/>\n<meta property=\"article:publisher\" content=\"https:\/\/www.facebook.com\/MX.Informante\" \/>\n<meta property=\"article:published_time\" content=\"2020-04-16T14:53:38+00:00\" \/>\n<meta property=\"article:modified_time\" content=\"2020-04-16T14:53:45+00:00\" \/>\n<meta property=\"og:image\" content=\"https:\/\/i0.wp.com\/informante.mx\/wp-content\/uploads\/2020\/04\/lop.jpg?fit=1200%2C600&ssl=1\" \/>\n\t<meta property=\"og:image:width\" content=\"1200\" \/>\n\t<meta property=\"og:image:height\" content=\"600\" \/>\n\t<meta property=\"og:image:type\" content=\"image\/jpeg\" \/>\n<meta name=\"author\" content=\"InformanteMX\" \/>\n<meta name=\"twitter:card\" content=\"summary_large_image\" \/>\n<meta name=\"twitter:creator\" content=\"@mx_informante\" \/>\n<meta name=\"twitter:site\" content=\"@mx_informante\" \/>\n<meta name=\"twitter:label1\" content=\"Escrito por\" \/>\n\t<meta name=\"twitter:data1\" content=\"InformanteMX\" \/>\n\t<meta name=\"twitter:label2\" content=\"Tiempo de lectura\" \/>\n\t<meta name=\"twitter:data2\" content=\"2 minutos\" \/>\n<script type=\"application\/ld+json\" class=\"yoast-schema-graph\">{\"@context\":\"https:\\\/\\\/schema.org\",\"@graph\":[{\"@type\":\"NewsArticle\",\"@id\":\"https:\\\/\\\/informante.mx\\\/?p=15132#article\",\"isPartOf\":{\"@id\":\"https:\\\/\\\/informante.mx\\\/?p=15132\"},\"author\":{\"name\":\"InformanteMX\",\"@id\":\"https:\\\/\\\/informante.mx\\\/#\\\/schema\\\/person\\\/3eff91989d2ea76b0a330b416325946c\"},\"headline\":\"Destinar\u00e1 AMLO un mill\u00f3n de cr\u00e9ditos a empresas solidarias con trabajadores\",\"datePublished\":\"2020-04-16T14:53:38+00:00\",\"dateModified\":\"2020-04-16T14:53:45+00:00\",\"mainEntityOfPage\":{\"@id\":\"https:\\\/\\\/informante.mx\\\/?p=15132\"},\"wordCount\":488,\"commentCount\":0,\"publisher\":{\"@id\":\"https:\\\/\\\/informante.mx\\\/#organization\"},\"articleSection\":[\"Nacional\"],\"inLanguage\":\"es\",\"potentialAction\":[{\"@type\":\"CommentAction\",\"name\":\"Comment\",\"target\":[\"https:\\\/\\\/informante.mx\\\/?p=15132#respond\"]}]},{\"@type\":\"WebPage\",\"@id\":\"https:\\\/\\\/informante.mx\\\/?p=15132\",\"url\":\"https:\\\/\\\/informante.mx\\\/?p=15132\",\"name\":\"Destinar\u00e1 AMLO un mill\u00f3n de cr\u00e9ditos a empresas solidarias con trabajadores - Informante.mx\",\"isPartOf\":{\"@id\":\"https:\\\/\\\/informante.mx\\\/#website\"},\"datePublished\":\"2020-04-16T14:53:38+00:00\",\"dateModified\":\"2020-04-16T14:53:45+00:00\",\"breadcrumb\":{\"@id\":\"https:\\\/\\\/informante.mx\\\/?p=15132#breadcrumb\"},\"inLanguage\":\"es\",\"potentialAction\":[{\"@type\":\"ReadAction\",\"target\":[\"https:\\\/\\\/informante.mx\\\/?p=15132\"]}]},{\"@type\":\"BreadcrumbList\",\"@id\":\"https:\\\/\\\/informante.mx\\\/?p=15132#breadcrumb\",\"itemListElement\":[{\"@type\":\"ListItem\",\"position\":1,\"name\":\"Portada\",\"item\":\"https:\\\/\\\/informante.mx\\\/\"},{\"@type\":\"ListItem\",\"position\":2,\"name\":\"Destinar\u00e1 AMLO un mill\u00f3n de cr\u00e9ditos a empresas solidarias con trabajadores\"}]},{\"@type\":\"WebSite\",\"@id\":\"https:\\\/\\\/informante.mx\\\/#website\",\"url\":\"https:\\\/\\\/informante.mx\\\/\",\"name\":\"Informante.mx\",\"description\":\"\",\"publisher\":{\"@id\":\"https:\\\/\\\/informante.mx\\\/#organization\"},\"potentialAction\":[{\"@type\":\"SearchAction\",\"target\":{\"@type\":\"EntryPoint\",\"urlTemplate\":\"https:\\\/\\\/informante.mx\\\/?s={search_term_string}\"},\"query-input\":{\"@type\":\"PropertyValueSpecification\",\"valueRequired\":true,\"valueName\":\"search_term_string\"}}],\"inLanguage\":\"es\"},{\"@type\":\"Organization\",\"@id\":\"https:\\\/\\\/informante.mx\\\/#organization\",\"name\":\"Informante.mx\",\"url\":\"https:\\\/\\\/informante.mx\\\/\",\"logo\":{\"@type\":\"ImageObject\",\"inLanguage\":\"es\",\"@id\":\"https:\\\/\\\/informante.mx\\\/#\\\/schema\\\/logo\\\/image\\\/\",\"url\":\"https:\\\/\\\/informante.mx\\\/wp-content\\\/uploads\\\/2019\\\/12\\\/cropped-LOGO-Verde-Apaisado-1024x360O-1.png\",\"contentUrl\":\"https:\\\/\\\/informante.mx\\\/wp-content\\\/uploads\\\/2019\\\/12\\\/cropped-LOGO-Verde-Apaisado-1024x360O-1.png\",\"width\":923,\"height\":180,\"caption\":\"Informante.mx\"},\"image\":{\"@id\":\"https:\\\/\\\/informante.mx\\\/#\\\/schema\\\/logo\\\/image\\\/\"},\"sameAs\":[\"https:\\\/\\\/www.facebook.com\\\/MX.Informante\",\"https:\\\/\\\/x.com\\\/mx_informante\"]},{\"@type\":\"Person\",\"@id\":\"https:\\\/\\\/informante.mx\\\/#\\\/schema\\\/person\\\/3eff91989d2ea76b0a330b416325946c\",\"name\":\"InformanteMX\",\"image\":{\"@type\":\"ImageObject\",\"inLanguage\":\"es\",\"@id\":\"https:\\\/\\\/secure.gravatar.com\\\/avatar\\\/10d802aa739e832aedd2f3fd8544d878871eb22e6ca86fe9a548573e34a28f0e?s=96&d=mm&r=g\",\"url\":\"https:\\\/\\\/secure.gravatar.com\\\/avatar\\\/10d802aa739e832aedd2f3fd8544d878871eb22e6ca86fe9a548573e34a28f0e?s=96&d=mm&r=g\",\"contentUrl\":\"https:\\\/\\\/secure.gravatar.com\\\/avatar\\\/10d802aa739e832aedd2f3fd8544d878871eb22e6ca86fe9a548573e34a28f0e?s=96&d=mm&r=g\",\"caption\":\"InformanteMX\"},\"url\":\"https:\\\/\\\/informante.mx\\\/?author=1\"}]}<\/script>\n<!-- \/ Yoast SEO plugin. -->","yoast_head_json":{"title":"Destinar\u00e1 AMLO un mill\u00f3n de cr\u00e9ditos a empresas solidarias con trabajadores - Informante.mx","robots":{"index":"index","follow":"follow","max-snippet":"max-snippet:-1","max-image-preview":"max-image-preview:large","max-video-preview":"max-video-preview:-1"},"canonical":"https:\/\/informante.mx\/?p=15132","og_locale":"es_ES","og_type":"article","og_title":"Destinar\u00e1 AMLO un mill\u00f3n de cr\u00e9ditos a empresas solidarias con trabajadores - Informante.mx","og_description":"Este programa aplicar\u00e1 para las empresas que hayan conservado a sus trabajadores sin reducir su salario en los \u00faltimos tres meses","og_url":"https:\/\/informante.mx\/?p=15132","og_site_name":"Informante.mx","article_publisher":"https:\/\/www.facebook.com\/MX.Informante","article_published_time":"2020-04-16T14:53:38+00:00","article_modified_time":"2020-04-16T14:53:45+00:00","og_image":[{"width":1200,"height":600,"url":"https:\/\/i0.wp.com\/informante.mx\/wp-content\/uploads\/2020\/04\/lop.jpg?fit=1200%2C600&ssl=1","type":"image\/jpeg"}],"author":"InformanteMX","twitter_card":"summary_large_image","twitter_creator":"@mx_informante","twitter_site":"@mx_informante","twitter_misc":{"Escrito por":"InformanteMX","Tiempo de lectura":"2 minutos"},"schema":{"@context":"https:\/\/schema.org","@graph":[{"@type":"NewsArticle","@id":"https:\/\/informante.mx\/?p=15132#article","isPartOf":{"@id":"https:\/\/informante.mx\/?p=15132"},"author":{"name":"InformanteMX","@id":"https:\/\/informante.mx\/#\/schema\/person\/3eff91989d2ea76b0a330b416325946c"},"headline":"Destinar\u00e1 AMLO un mill\u00f3n de cr\u00e9ditos a empresas solidarias con trabajadores","datePublished":"2020-04-16T14:53:38+00:00","dateModified":"2020-04-16T14:53:45+00:00","mainEntityOfPage":{"@id":"https:\/\/informante.mx\/?p=15132"},"wordCount":488,"commentCount":0,"publisher":{"@id":"https:\/\/informante.mx\/#organization"},"articleSection":["Nacional"],"inLanguage":"es","potentialAction":[{"@type":"CommentAction","name":"Comment","target":["https:\/\/informante.mx\/?p=15132#respond"]}]},{"@type":"WebPage","@id":"https:\/\/informante.mx\/?p=15132","url":"https:\/\/informante.mx\/?p=15132","name":"Destinar\u00e1 AMLO un mill\u00f3n de cr\u00e9ditos a empresas solidarias con trabajadores - Informante.mx","isPartOf":{"@id":"https:\/\/informante.mx\/#website"},"datePublished":"2020-04-16T14:53:38+00:00","dateModified":"2020-04-16T14:53:45+00:00","breadcrumb":{"@id":"https:\/\/informante.mx\/?p=15132#breadcrumb"},"inLanguage":"es","potentialAction":[{"@type":"ReadAction","target":["https:\/\/informante.mx\/?p=15132"]}]},{"@type":"BreadcrumbList","@id":"https:\/\/informante.mx\/?p=15132#breadcrumb","itemListElement":[{"@type":"ListItem","position":1,"name":"Portada","item":"https:\/\/informante.mx\/"},{"@type":"ListItem","position":2,"name":"Destinar\u00e1 AMLO un mill\u00f3n de cr\u00e9ditos a empresas solidarias con trabajadores"}]},{"@type":"WebSite","@id":"https:\/\/informante.mx\/#website","url":"https:\/\/informante.mx\/","name":"Informante.mx","description":"","publisher":{"@id":"https:\/\/informante.mx\/#organization"},"potentialAction":[{"@type":"SearchAction","target":{"@type":"EntryPoint","urlTemplate":"https:\/\/informante.mx\/?s={search_term_string}"},"query-input":{"@type":"PropertyValueSpecification","valueRequired":true,"valueName":"search_term_string"}}],"inLanguage":"es"},{"@type":"Organization","@id":"https:\/\/informante.mx\/#organization","name":"Informante.mx","url":"https:\/\/informante.mx\/","logo":{"@type":"ImageObject","inLanguage":"es","@id":"https:\/\/informante.mx\/#\/schema\/logo\/image\/","url":"https:\/\/informante.mx\/wp-content\/uploads\/2019\/12\/cropped-LOGO-Verde-Apaisado-1024x360O-1.png","contentUrl":"https:\/\/informante.mx\/wp-content\/uploads\/2019\/12\/cropped-LOGO-Verde-Apaisado-1024x360O-1.png","width":923,"height":180,"caption":"Informante.mx"},"image":{"@id":"https:\/\/informante.mx\/#\/schema\/logo\/image\/"},"sameAs":["https:\/\/www.facebook.com\/MX.Informante","https:\/\/x.com\/mx_informante"]},{"@type":"Person","@id":"https:\/\/informante.mx\/#\/schema\/person\/3eff91989d2ea76b0a330b416325946c","name":"InformanteMX","image":{"@type":"ImageObject","inLanguage":"es","@id":"https:\/\/secure.gravatar.com\/avatar\/10d802aa739e832aedd2f3fd8544d878871eb22e6ca86fe9a548573e34a28f0e?s=96&d=mm&r=g","url":"https:\/\/secure.gravatar.com\/avatar\/10d802aa739e832aedd2f3fd8544d878871eb22e6ca86fe9a548573e34a28f0e?s=96&d=mm&r=g","contentUrl":"https:\/\/secure.gravatar.com\/avatar\/10d802aa739e832aedd2f3fd8544d878871eb22e6ca86fe9a548573e34a28f0e?s=96&d=mm&r=g","caption":"InformanteMX"},"url":"https:\/\/informante.mx\/?author=1"}]}},"jetpack_featured_media_url":"","uagb_featured_image_src":{"full":false,"thumbnail":false,"medium":false,"medium_large":false,"large":false,"1536x1536":false,"2048x2048":false,"td_0x420":false,"td_0x420_retina":false,"td_80x60":false,"td_80x60_retina":false,"td_100x75":false,"td_100x75_retina":false,"td_180x135":false,"td_180x135_retina":false,"td_238x178":false,"td_238x178_retina":false,"td_265x198":false,"td_265x198_retina":false,"td_300x160":false,"td_300x160_retina":false,"td_300x194":false,"td_300x194_retina":false,"td_300x350":false,"td_300x350_retina":false,"td_341x220":false,"td_341x220_retina":false,"td_341x400":false,"td_341x400_retina":false,"td_511x400":false,"td_511x400_retina":false,"td_537x360":false,"td_537x360_retina":false,"td_640x0":false,"td_640x0_retina":false,"td_640x350":false,"td_640x350_retina":false,"td_681x0":false,"td_681x0_retina":false,"td_681x400":false,"td_681x400_retina":false,"td_741x486":false,"td_741x486_retina":false,"td_1021x580":false,"td_1021x580_retina":false},"uagb_author_info":{"display_name":"InformanteMX","author_link":"https:\/\/informante.mx\/?author=1"},"uagb_comment_info":0,"uagb_excerpt":"Este programa aplicar\u00e1 para las empresas que hayan conservado a sus trabajadores sin reducir su salario en los \u00faltimos tres meses","_links":{"self":[{"href":"https:\/\/informante.mx\/index.php?rest_route=\/wp\/v2\/posts\/15132","targetHints":{"allow":["GET"]}}],"collection":[{"href":"https:\/\/informante.mx\/index.php?rest_route=\/wp\/v2\/posts"}],"about":[{"href":"https:\/\/informante.mx\/index.php?rest_route=\/wp\/v2\/types\/post"}],"author":[{"embeddable":true,"href":"https:\/\/informante.mx\/index.php?rest_route=\/wp\/v2\/users\/1"}],"replies":[{"embeddable":true,"href":"https:\/\/informante.mx\/index.php?rest_route=%2Fwp%2Fv2%2Fcomments&post=15132"}],"version-history":[{"count":1,"href":"https:\/\/informante.mx\/index.php?rest_route=\/wp\/v2\/posts\/15132\/revisions"}],"predecessor-version":[{"id":15134,"href":"https:\/\/informante.mx\/index.php?rest_route=\/wp\/v2\/posts\/15132\/revisions\/15134"}],"wp:attachment":[{"href":"https:\/\/informante.mx\/index.php?rest_route=%2Fwp%2Fv2%2Fmedia&parent=15132"}],"wp:term":[{"taxonomy":"category","embeddable":true,"href":"https:\/\/informante.mx\/index.php?rest_route=%2Fwp%2Fv2%2Fcategories&post=15132"},{"taxonomy":"post_tag","embeddable":true,"href":"https:\/\/informante.mx\/index.php?rest_route=%2Fwp%2Fv2%2Ftags&post=15132"}],"curies":[{"name":"wp","href":"https:\/\/api.w.org\/{rel}","templated":true}]}}