{"id":15123,"date":"2020-04-16T09:28:39","date_gmt":"2020-04-16T14:28:39","guid":{"rendered":"http:\/\/informante.mx\/?p=15123"},"modified":"2020-04-16T09:28:45","modified_gmt":"2020-04-16T14:28:45","slug":"en-mayo-podria-ser-el-pico-maximo-de-contagios-por-covid-19","status":"publish","type":"post","link":"https:\/\/informante.mx\/?p=15123","title":{"rendered":"En mayo podr\u00eda ser el pico m\u00e1ximo de contagios por Covid-19"},"content":{"rendered":"\n<p>Cient\u00edficos y acad\u00e9micos proyectaron que de continuar el ritmo de mitigaci\u00f3n y de contagios, el pico de casos por Covid-19 podr\u00eda ser entre el 8 y el 10 de mayo.<\/p>\n\n\n\n<p>El subsecretario de Salud, Hugo L\u00f3pez-Gatell, present\u00f3 una serie de an\u00e1lisis sobre la pandemia en nuestro pa\u00eds y sobre los resultados de las medidas de mitigaci\u00f3n comunitaria, entre ellas el quedarse en casa.<\/p>\n\n\n\n<p>De acuerdo con el funcionario federal las acciones implementadas por el Gobierno federal ha sido exitoso; no obstante, urgi\u00f3 a la sociedad a mantener \u00e9stas , pues de lo contrario el coronavirus podr\u00eda causar mayores afectaciones.<\/p>\n\n\n\n<p>\u201cM\u00e9xico est\u00e1 teniendo \u00e9xito en detener el crecimiento de la curva epid\u00e9mica contra el coronavirus, pero depende de que se mantengan las medidas de restricci\u00f3n de movilidad\u201d, asever\u00f3.<\/p>\n\n\n\n<p>Resalt\u00f3 que de acuerdo con estudios de Apple, Facebook y Twitter, una vez que el 23 de marzo se comenzaron a aplicar medidas de la fase 2 de contingencia, la movilidad en el pa\u00eds se redujo hasta 60 por ciento; aunque no en todas las entidades ocurri\u00f3 esto como en Guadalajara y Tijuana.<\/p>\n\n\n\n<p>El subsecretario de Salud destac\u00f3 que mientras la movilidad social ha disminuido hasta el 73 por ciento en el pa\u00eds, en tanto en la Ciudad de M\u00e9xico ha sido de 77 por ciento en peatones y 69 por ciento en automovilistas.<\/p>\n\n\n\n<p>\u201cSi no se reduce la movilidad social vamos a tener m\u00e1s casos de coronavirus en M\u00e9xico\u201d, resalt\u00f3 L\u00f3pez-Gatell, por lo que llam\u00f3 a la ciudadan\u00eda a mantener y reforzar las medidas de mitigaci\u00f3n comunitaria.<\/p>\n\n\n\n<p>Precis\u00f3 que de acuerdo con las proyecciones cient\u00edficas, el fin de la pandemia del Covid-19 en M\u00e9xico podr\u00eda ser el 25 de junio; sin embargo, esto se lograr\u00eda s\u00f3lo si la poblaci\u00f3n contin\u00faa con la restricci\u00f3n de movilidad y se queda en casa.<\/p>\n\n\n\n<p>Explic\u00f3 tambi\u00e9n que un grupo de cient\u00edficos y acad\u00e9micos presentar\u00e1n al Consejo de Salubridad General&nbsp; una serie de acciones para reforzar las acciones de prevenci\u00f3n de contagios del Covid-19, entre las que destacan mantener la Jornada Nacional de Sana Distancia hasta el 30 de mayo.<\/p>\n","protected":false},"excerpt":{"rendered":"<p>Cient\u00edficos y acad\u00e9micos proyectan que en la primera semana de ese mes podr\u00eda darse esta situaci\u00f3n; urge la Ssa a la sociedad seguir con acciones de mitigaci\u00f3n comunitaria<\/p>\n","protected":false},"author":1,"featured_media":0,"comment_status":"open","ping_status":"closed","sticky":false,"template":"","format":"standard","meta":{"_uag_custom_page_level_css":"","jetpack_post_was_ever_published":false,"footnotes":""},"categories":[9],"tags":[],"class_list":["post-15123","post","type-post","status-publish","format-standard","hentry","category-nacional"],"yoast_head":"<!-- This site is optimized with the Yoast SEO plugin v27.3 - https:\/\/yoast.com\/product\/yoast-seo-wordpress\/ -->\n<title>En mayo podr\u00eda ser el pico m\u00e1ximo de contagios por Covid-19 - Informante.mx<\/title>\n<meta name=\"robots\" content=\"index, follow, max-snippet:-1, max-image-preview:large, max-video-preview:-1\" \/>\n<link rel=\"canonical\" href=\"https:\/\/informante.mx\/?p=15123\" \/>\n<meta property=\"og:locale\" content=\"es_ES\" \/>\n<meta property=\"og:type\" content=\"article\" \/>\n<meta property=\"og:title\" content=\"En mayo podr\u00eda ser el pico m\u00e1ximo de contagios por Covid-19 - Informante.mx\" \/>\n<meta property=\"og:description\" content=\"Cient\u00edficos y acad\u00e9micos proyectan que en la primera semana de ese mes podr\u00eda darse esta situaci\u00f3n; urge la Ssa a la sociedad seguir con acciones de mitigaci\u00f3n comunitaria\" \/>\n<meta property=\"og:url\" content=\"https:\/\/informante.mx\/?p=15123\" \/>\n<meta property=\"og:site_name\" content=\"Informante.mx\" \/>\n<meta property=\"article:publisher\" content=\"https:\/\/www.facebook.com\/MX.Informante\" \/>\n<meta property=\"article:published_time\" content=\"2020-04-16T14:28:39+00:00\" \/>\n<meta property=\"article:modified_time\" content=\"2020-04-16T14:28:45+00:00\" \/>\n<meta property=\"og:image\" content=\"https:\/\/i0.wp.com\/informante.mx\/wp-content\/uploads\/2020\/04\/covid-3.jpg?fit=664%2C498&ssl=1\" \/>\n\t<meta property=\"og:image:width\" content=\"664\" \/>\n\t<meta property=\"og:image:height\" content=\"498\" \/>\n\t<meta property=\"og:image:type\" content=\"image\/jpeg\" \/>\n<meta name=\"author\" content=\"InformanteMX\" \/>\n<meta name=\"twitter:card\" content=\"summary_large_image\" \/>\n<meta name=\"twitter:creator\" content=\"@mx_informante\" \/>\n<meta name=\"twitter:site\" content=\"@mx_informante\" \/>\n<meta name=\"twitter:label1\" content=\"Escrito por\" \/>\n\t<meta name=\"twitter:data1\" content=\"InformanteMX\" \/>\n\t<meta name=\"twitter:label2\" content=\"Tiempo de lectura\" \/>\n\t<meta name=\"twitter:data2\" content=\"2 minutos\" \/>\n<script type=\"application\/ld+json\" class=\"yoast-schema-graph\">{\"@context\":\"https:\\\/\\\/schema.org\",\"@graph\":[{\"@type\":\"NewsArticle\",\"@id\":\"https:\\\/\\\/informante.mx\\\/?p=15123#article\",\"isPartOf\":{\"@id\":\"https:\\\/\\\/informante.mx\\\/?p=15123\"},\"author\":{\"name\":\"InformanteMX\",\"@id\":\"https:\\\/\\\/informante.mx\\\/#\\\/schema\\\/person\\\/3eff91989d2ea76b0a330b416325946c\"},\"headline\":\"En mayo podr\u00eda ser el pico m\u00e1ximo de contagios por Covid-19\",\"datePublished\":\"2020-04-16T14:28:39+00:00\",\"dateModified\":\"2020-04-16T14:28:45+00:00\",\"mainEntityOfPage\":{\"@id\":\"https:\\\/\\\/informante.mx\\\/?p=15123\"},\"wordCount\":379,\"commentCount\":0,\"publisher\":{\"@id\":\"https:\\\/\\\/informante.mx\\\/#organization\"},\"articleSection\":[\"Nacional\"],\"inLanguage\":\"es\",\"potentialAction\":[{\"@type\":\"CommentAction\",\"name\":\"Comment\",\"target\":[\"https:\\\/\\\/informante.mx\\\/?p=15123#respond\"]}]},{\"@type\":\"WebPage\",\"@id\":\"https:\\\/\\\/informante.mx\\\/?p=15123\",\"url\":\"https:\\\/\\\/informante.mx\\\/?p=15123\",\"name\":\"En mayo podr\u00eda ser el pico m\u00e1ximo de contagios por Covid-19 - Informante.mx\",\"isPartOf\":{\"@id\":\"https:\\\/\\\/informante.mx\\\/#website\"},\"datePublished\":\"2020-04-16T14:28:39+00:00\",\"dateModified\":\"2020-04-16T14:28:45+00:00\",\"breadcrumb\":{\"@id\":\"https:\\\/\\\/informante.mx\\\/?p=15123#breadcrumb\"},\"inLanguage\":\"es\",\"potentialAction\":[{\"@type\":\"ReadAction\",\"target\":[\"https:\\\/\\\/informante.mx\\\/?p=15123\"]}]},{\"@type\":\"BreadcrumbList\",\"@id\":\"https:\\\/\\\/informante.mx\\\/?p=15123#breadcrumb\",\"itemListElement\":[{\"@type\":\"ListItem\",\"position\":1,\"name\":\"Portada\",\"item\":\"https:\\\/\\\/informante.mx\\\/\"},{\"@type\":\"ListItem\",\"position\":2,\"name\":\"En mayo podr\u00eda ser el pico m\u00e1ximo de contagios por Covid-19\"}]},{\"@type\":\"WebSite\",\"@id\":\"https:\\\/\\\/informante.mx\\\/#website\",\"url\":\"https:\\\/\\\/informante.mx\\\/\",\"name\":\"Informante.mx\",\"description\":\"\",\"publisher\":{\"@id\":\"https:\\\/\\\/informante.mx\\\/#organization\"},\"potentialAction\":[{\"@type\":\"SearchAction\",\"target\":{\"@type\":\"EntryPoint\",\"urlTemplate\":\"https:\\\/\\\/informante.mx\\\/?s={search_term_string}\"},\"query-input\":{\"@type\":\"PropertyValueSpecification\",\"valueRequired\":true,\"valueName\":\"search_term_string\"}}],\"inLanguage\":\"es\"},{\"@type\":\"Organization\",\"@id\":\"https:\\\/\\\/informante.mx\\\/#organization\",\"name\":\"Informante.mx\",\"url\":\"https:\\\/\\\/informante.mx\\\/\",\"logo\":{\"@type\":\"ImageObject\",\"inLanguage\":\"es\",\"@id\":\"https:\\\/\\\/informante.mx\\\/#\\\/schema\\\/logo\\\/image\\\/\",\"url\":\"https:\\\/\\\/informante.mx\\\/wp-content\\\/uploads\\\/2019\\\/12\\\/cropped-LOGO-Verde-Apaisado-1024x360O-1.png\",\"contentUrl\":\"https:\\\/\\\/informante.mx\\\/wp-content\\\/uploads\\\/2019\\\/12\\\/cropped-LOGO-Verde-Apaisado-1024x360O-1.png\",\"width\":923,\"height\":180,\"caption\":\"Informante.mx\"},\"image\":{\"@id\":\"https:\\\/\\\/informante.mx\\\/#\\\/schema\\\/logo\\\/image\\\/\"},\"sameAs\":[\"https:\\\/\\\/www.facebook.com\\\/MX.Informante\",\"https:\\\/\\\/x.com\\\/mx_informante\"]},{\"@type\":\"Person\",\"@id\":\"https:\\\/\\\/informante.mx\\\/#\\\/schema\\\/person\\\/3eff91989d2ea76b0a330b416325946c\",\"name\":\"InformanteMX\",\"image\":{\"@type\":\"ImageObject\",\"inLanguage\":\"es\",\"@id\":\"https:\\\/\\\/secure.gravatar.com\\\/avatar\\\/10d802aa739e832aedd2f3fd8544d878871eb22e6ca86fe9a548573e34a28f0e?s=96&d=mm&r=g\",\"url\":\"https:\\\/\\\/secure.gravatar.com\\\/avatar\\\/10d802aa739e832aedd2f3fd8544d878871eb22e6ca86fe9a548573e34a28f0e?s=96&d=mm&r=g\",\"contentUrl\":\"https:\\\/\\\/secure.gravatar.com\\\/avatar\\\/10d802aa739e832aedd2f3fd8544d878871eb22e6ca86fe9a548573e34a28f0e?s=96&d=mm&r=g\",\"caption\":\"InformanteMX\"},\"url\":\"https:\\\/\\\/informante.mx\\\/?author=1\"}]}<\/script>\n<!-- \/ Yoast SEO plugin. -->","yoast_head_json":{"title":"En mayo podr\u00eda ser el pico m\u00e1ximo de contagios por Covid-19 - Informante.mx","robots":{"index":"index","follow":"follow","max-snippet":"max-snippet:-1","max-image-preview":"max-image-preview:large","max-video-preview":"max-video-preview:-1"},"canonical":"https:\/\/informante.mx\/?p=15123","og_locale":"es_ES","og_type":"article","og_title":"En mayo podr\u00eda ser el pico m\u00e1ximo de contagios por Covid-19 - Informante.mx","og_description":"Cient\u00edficos y acad\u00e9micos proyectan que en la primera semana de ese mes podr\u00eda darse esta situaci\u00f3n; urge la Ssa a la sociedad seguir con acciones de mitigaci\u00f3n comunitaria","og_url":"https:\/\/informante.mx\/?p=15123","og_site_name":"Informante.mx","article_publisher":"https:\/\/www.facebook.com\/MX.Informante","article_published_time":"2020-04-16T14:28:39+00:00","article_modified_time":"2020-04-16T14:28:45+00:00","og_image":[{"width":664,"height":498,"url":"https:\/\/i0.wp.com\/informante.mx\/wp-content\/uploads\/2020\/04\/covid-3.jpg?fit=664%2C498&ssl=1","type":"image\/jpeg"}],"author":"InformanteMX","twitter_card":"summary_large_image","twitter_creator":"@mx_informante","twitter_site":"@mx_informante","twitter_misc":{"Escrito por":"InformanteMX","Tiempo de lectura":"2 minutos"},"schema":{"@context":"https:\/\/schema.org","@graph":[{"@type":"NewsArticle","@id":"https:\/\/informante.mx\/?p=15123#article","isPartOf":{"@id":"https:\/\/informante.mx\/?p=15123"},"author":{"name":"InformanteMX","@id":"https:\/\/informante.mx\/#\/schema\/person\/3eff91989d2ea76b0a330b416325946c"},"headline":"En mayo podr\u00eda ser el pico m\u00e1ximo de contagios por Covid-19","datePublished":"2020-04-16T14:28:39+00:00","dateModified":"2020-04-16T14:28:45+00:00","mainEntityOfPage":{"@id":"https:\/\/informante.mx\/?p=15123"},"wordCount":379,"commentCount":0,"publisher":{"@id":"https:\/\/informante.mx\/#organization"},"articleSection":["Nacional"],"inLanguage":"es","potentialAction":[{"@type":"CommentAction","name":"Comment","target":["https:\/\/informante.mx\/?p=15123#respond"]}]},{"@type":"WebPage","@id":"https:\/\/informante.mx\/?p=15123","url":"https:\/\/informante.mx\/?p=15123","name":"En mayo podr\u00eda ser el pico m\u00e1ximo de contagios por Covid-19 - Informante.mx","isPartOf":{"@id":"https:\/\/informante.mx\/#website"},"datePublished":"2020-04-16T14:28:39+00:00","dateModified":"2020-04-16T14:28:45+00:00","breadcrumb":{"@id":"https:\/\/informante.mx\/?p=15123#breadcrumb"},"inLanguage":"es","potentialAction":[{"@type":"ReadAction","target":["https:\/\/informante.mx\/?p=15123"]}]},{"@type":"BreadcrumbList","@id":"https:\/\/informante.mx\/?p=15123#breadcrumb","itemListElement":[{"@type":"ListItem","position":1,"name":"Portada","item":"https:\/\/informante.mx\/"},{"@type":"ListItem","position":2,"name":"En mayo podr\u00eda ser el pico m\u00e1ximo de contagios por Covid-19"}]},{"@type":"WebSite","@id":"https:\/\/informante.mx\/#website","url":"https:\/\/informante.mx\/","name":"Informante.mx","description":"","publisher":{"@id":"https:\/\/informante.mx\/#organization"},"potentialAction":[{"@type":"SearchAction","target":{"@type":"EntryPoint","urlTemplate":"https:\/\/informante.mx\/?s={search_term_string}"},"query-input":{"@type":"PropertyValueSpecification","valueRequired":true,"valueName":"search_term_string"}}],"inLanguage":"es"},{"@type":"Organization","@id":"https:\/\/informante.mx\/#organization","name":"Informante.mx","url":"https:\/\/informante.mx\/","logo":{"@type":"ImageObject","inLanguage":"es","@id":"https:\/\/informante.mx\/#\/schema\/logo\/image\/","url":"https:\/\/informante.mx\/wp-content\/uploads\/2019\/12\/cropped-LOGO-Verde-Apaisado-1024x360O-1.png","contentUrl":"https:\/\/informante.mx\/wp-content\/uploads\/2019\/12\/cropped-LOGO-Verde-Apaisado-1024x360O-1.png","width":923,"height":180,"caption":"Informante.mx"},"image":{"@id":"https:\/\/informante.mx\/#\/schema\/logo\/image\/"},"sameAs":["https:\/\/www.facebook.com\/MX.Informante","https:\/\/x.com\/mx_informante"]},{"@type":"Person","@id":"https:\/\/informante.mx\/#\/schema\/person\/3eff91989d2ea76b0a330b416325946c","name":"InformanteMX","image":{"@type":"ImageObject","inLanguage":"es","@id":"https:\/\/secure.gravatar.com\/avatar\/10d802aa739e832aedd2f3fd8544d878871eb22e6ca86fe9a548573e34a28f0e?s=96&d=mm&r=g","url":"https:\/\/secure.gravatar.com\/avatar\/10d802aa739e832aedd2f3fd8544d878871eb22e6ca86fe9a548573e34a28f0e?s=96&d=mm&r=g","contentUrl":"https:\/\/secure.gravatar.com\/avatar\/10d802aa739e832aedd2f3fd8544d878871eb22e6ca86fe9a548573e34a28f0e?s=96&d=mm&r=g","caption":"InformanteMX"},"url":"https:\/\/informante.mx\/?author=1"}]}},"jetpack_featured_media_url":"","uagb_featured_image_src":{"full":false,"thumbnail":false,"medium":false,"medium_large":false,"large":false,"1536x1536":false,"2048x2048":false,"td_0x420":false,"td_0x420_retina":false,"td_80x60":false,"td_80x60_retina":false,"td_100x75":false,"td_100x75_retina":false,"td_180x135":false,"td_180x135_retina":false,"td_238x178":false,"td_238x178_retina":false,"td_265x198":false,"td_265x198_retina":false,"td_300x160":false,"td_300x160_retina":false,"td_300x194":false,"td_300x194_retina":false,"td_300x350":false,"td_300x350_retina":false,"td_341x220":false,"td_341x220_retina":false,"td_341x400":false,"td_341x400_retina":false,"td_511x400":false,"td_511x400_retina":false,"td_537x360":false,"td_537x360_retina":false,"td_640x0":false,"td_640x0_retina":false,"td_640x350":false,"td_640x350_retina":false,"td_681x0":false,"td_681x0_retina":false,"td_681x400":false,"td_681x400_retina":false,"td_741x486":false,"td_741x486_retina":false,"td_1021x580":false,"td_1021x580_retina":false},"uagb_author_info":{"display_name":"InformanteMX","author_link":"https:\/\/informante.mx\/?author=1"},"uagb_comment_info":0,"uagb_excerpt":"Cient\u00edficos y acad\u00e9micos proyectan que en la primera semana de ese mes podr\u00eda darse esta situaci\u00f3n; urge la Ssa a la sociedad seguir con acciones de mitigaci\u00f3n comunitaria","_links":{"self":[{"href":"https:\/\/informante.mx\/index.php?rest_route=\/wp\/v2\/posts\/15123","targetHints":{"allow":["GET"]}}],"collection":[{"href":"https:\/\/informante.mx\/index.php?rest_route=\/wp\/v2\/posts"}],"about":[{"href":"https:\/\/informante.mx\/index.php?rest_route=\/wp\/v2\/types\/post"}],"author":[{"embeddable":true,"href":"https:\/\/informante.mx\/index.php?rest_route=\/wp\/v2\/users\/1"}],"replies":[{"embeddable":true,"href":"https:\/\/informante.mx\/index.php?rest_route=%2Fwp%2Fv2%2Fcomments&post=15123"}],"version-history":[{"count":1,"href":"https:\/\/informante.mx\/index.php?rest_route=\/wp\/v2\/posts\/15123\/revisions"}],"predecessor-version":[{"id":15125,"href":"https:\/\/informante.mx\/index.php?rest_route=\/wp\/v2\/posts\/15123\/revisions\/15125"}],"wp:attachment":[{"href":"https:\/\/informante.mx\/index.php?rest_route=%2Fwp%2Fv2%2Fmedia&parent=15123"}],"wp:term":[{"taxonomy":"category","embeddable":true,"href":"https:\/\/informante.mx\/index.php?rest_route=%2Fwp%2Fv2%2Fcategories&post=15123"},{"taxonomy":"post_tag","embeddable":true,"href":"https:\/\/informante.mx\/index.php?rest_route=%2Fwp%2Fv2%2Ftags&post=15123"}],"curies":[{"name":"wp","href":"https:\/\/api.w.org\/{rel}","templated":true}]}}