{"id":15026,"date":"2020-04-15T09:32:57","date_gmt":"2020-04-15T14:32:57","guid":{"rendered":"http:\/\/informante.mx\/?p=15026"},"modified":"2020-04-15T09:33:04","modified_gmt":"2020-04-15T14:33:04","slug":"amlo-descarta-acuerdo-secreto-con-trump-presenta-carta-enviada-a-opep","status":"publish","type":"post","link":"https:\/\/informante.mx\/?p=15026","title":{"rendered":"AMLO descarta acuerdo secreto con Trump; presenta carta enviada a OPEP"},"content":{"rendered":"\n<p>El presidente\u00a0Andr\u00e9s Manuel L\u00f3pez Obrador\u00a0descart\u00f3 que haya una \u201cnegociaci\u00f3n secreta\u201d con el presidente de Estados Unidos,\u00a0Donald Trump, por el\u00a0apoyo que ofreci\u00f3 a M\u00e9xico\u00a0para lograr un acuerdo con la Organizaci\u00f3n de Pa\u00edses Exportadores de Petr\u00f3leo (OPEP) y aliados, por lo que present\u00f3 la carta que fue enviada al grupo petrolero.<\/p>\n\n\n\n<p>\u201cSer\u00eda importante para transparentar todo que se ponga la carta que esa noche envi\u00f3\u00a0Roc\u00edo Nahle, secretaria de Energ\u00eda, al secretario de la OPEP. Esto porque de inmediato nuestros adversarios empezaron a hablar de que hab\u00eda una negociaci\u00f3n secreta\u201d, dijo el mandatario en su conferencia matutina.<\/p>\n\n\n\n<p>M\u00e9xico acord\u00f3 con la OPEP y aliados, grupo conocido como OPEP+,\u00a0recortar la producci\u00f3n de crudo\u00a0en 100 mil barriles diarios durante mayo y junio, mientras que Estados Unidos reducir\u00e1 su bombeo en 250 mil barriles extra para compensar lo que nuestro pa\u00eds no reducir\u00e1 en el marco del acuerdo global para disminuir la producci\u00f3n petrolera e impulsar los\u00a0precios del petr\u00f3leo.<\/p>\n\n\n\n<p>El Presidente indic\u00f3 que los precios del crudo no aumentaron en autom\u00e1tico y que si \u201cse lee as\u00ed de manera simplista se puede decir\u00a0no sirvi\u00f3 el acuerdo\u00a0de disminuci\u00f3n\u201d; sin embargo, dijo que lo que se tiene que tomar en cuenta es que hab\u00eda riesgo de un desplome completo de los precios. \u201cEso es lo que se evit\u00f3, m\u00ednimamente\u201d, dijo.<\/p>\n\n\n\n<p>\u201cSe espera que haya estabilidad en el precio hacia adelante, por eso la participaci\u00f3n del presidente Trump. Por lo general el gobierno de Estados Unidos no participa en estos asuntos, siempre se esgrime que debe respetarse la ley de la oferta y la demanda, el libre mercado, pero en esta ocasi\u00f3n creo que fue acertada la intervenci\u00f3n del gobierno\u201d, agreg\u00f3.<\/p>\n\n\n\n<p>La titular de la Secretar\u00eda de Energ\u00eda (Sener), Roc\u00edo Nahle, explic\u00f3 que M\u00e9xico no pertenece a la OPEP, sino a un convenio de colaboraci\u00f3n de 2016 con un grupo que se llama OPEP+. Adem\u00e1s, destac\u00f3 que al final de las negociaciones todos los pa\u00edses quedan con un recorte de 23 por ciento y M\u00e9xico de s\u00f3lo 6 por ciento.<\/p>\n\n\n\n<h2 class=\"wp-block-heading\"><strong>Carta enviada a la OPEP<\/strong><\/h2>\n\n\n\n<figure class=\"wp-block-image\"><img decoding=\"async\" src=\"https:\/\/www.milenio.com\/uploads\/media\/2020\/04\/15\/carta-enviada-a-la-opep.jpg\" alt=\"\"\/><\/figure>\n\n\n\n<p>GGA<\/p>\n","protected":false},"excerpt":{"rendered":"<p>El Presidente consider\u00f3 que la intervenci\u00f3n de Trump fue positiva y espera que ahora haya estabilidad en el precio del petr\u00f3leo<\/p>\n","protected":false},"author":1,"featured_media":0,"comment_status":"open","ping_status":"closed","sticky":false,"template":"","format":"standard","meta":{"_uag_custom_page_level_css":"","jetpack_post_was_ever_published":false,"footnotes":""},"categories":[9],"tags":[],"class_list":["post-15026","post","type-post","status-publish","format-standard","hentry","category-nacional"],"yoast_head":"<!-- This site is optimized with the Yoast SEO plugin v27.3 - https:\/\/yoast.com\/product\/yoast-seo-wordpress\/ -->\n<title>AMLO descarta acuerdo secreto con Trump; presenta carta enviada a OPEP - Informante.mx<\/title>\n<meta name=\"robots\" content=\"index, follow, max-snippet:-1, max-image-preview:large, max-video-preview:-1\" \/>\n<link rel=\"canonical\" href=\"https:\/\/informante.mx\/?p=15026\" \/>\n<meta property=\"og:locale\" content=\"es_ES\" \/>\n<meta property=\"og:type\" content=\"article\" \/>\n<meta property=\"og:title\" content=\"AMLO descarta acuerdo secreto con Trump; presenta carta enviada a OPEP - Informante.mx\" \/>\n<meta property=\"og:description\" content=\"El Presidente consider\u00f3 que la intervenci\u00f3n de Trump fue positiva y espera que ahora haya estabilidad en el precio del petr\u00f3leo\" \/>\n<meta property=\"og:url\" content=\"https:\/\/informante.mx\/?p=15026\" \/>\n<meta property=\"og:site_name\" content=\"Informante.mx\" \/>\n<meta property=\"article:publisher\" content=\"https:\/\/www.facebook.com\/MX.Informante\" \/>\n<meta property=\"article:published_time\" content=\"2020-04-15T14:32:57+00:00\" \/>\n<meta property=\"article:modified_time\" content=\"2020-04-15T14:33:04+00:00\" \/>\n<meta property=\"og:image\" content=\"https:\/\/i0.wp.com\/informante.mx\/wp-content\/uploads\/2020\/04\/amlo-8.jpg?fit=958%2C596&ssl=1\" \/>\n\t<meta property=\"og:image:width\" content=\"958\" \/>\n\t<meta property=\"og:image:height\" content=\"596\" \/>\n\t<meta property=\"og:image:type\" content=\"image\/jpeg\" \/>\n<meta name=\"author\" content=\"InformanteMX\" \/>\n<meta name=\"twitter:card\" content=\"summary_large_image\" \/>\n<meta name=\"twitter:creator\" content=\"@mx_informante\" \/>\n<meta name=\"twitter:site\" content=\"@mx_informante\" \/>\n<meta name=\"twitter:label1\" content=\"Escrito por\" \/>\n\t<meta name=\"twitter:data1\" content=\"InformanteMX\" \/>\n\t<meta name=\"twitter:label2\" content=\"Tiempo de lectura\" \/>\n\t<meta name=\"twitter:data2\" content=\"2 minutos\" \/>\n<script type=\"application\/ld+json\" class=\"yoast-schema-graph\">{\"@context\":\"https:\\\/\\\/schema.org\",\"@graph\":[{\"@type\":\"NewsArticle\",\"@id\":\"https:\\\/\\\/informante.mx\\\/?p=15026#article\",\"isPartOf\":{\"@id\":\"https:\\\/\\\/informante.mx\\\/?p=15026\"},\"author\":{\"name\":\"InformanteMX\",\"@id\":\"https:\\\/\\\/informante.mx\\\/#\\\/schema\\\/person\\\/3eff91989d2ea76b0a330b416325946c\"},\"headline\":\"AMLO descarta acuerdo secreto con Trump; presenta carta enviada a OPEP\",\"datePublished\":\"2020-04-15T14:32:57+00:00\",\"dateModified\":\"2020-04-15T14:33:04+00:00\",\"mainEntityOfPage\":{\"@id\":\"https:\\\/\\\/informante.mx\\\/?p=15026\"},\"wordCount\":387,\"commentCount\":0,\"publisher\":{\"@id\":\"https:\\\/\\\/informante.mx\\\/#organization\"},\"image\":{\"@id\":\"https:\\\/\\\/informante.mx\\\/?p=15026#primaryimage\"},\"thumbnailUrl\":\"https:\\\/\\\/www.milenio.com\\\/uploads\\\/media\\\/2020\\\/04\\\/15\\\/carta-enviada-a-la-opep.jpg\",\"articleSection\":[\"Nacional\"],\"inLanguage\":\"es\",\"potentialAction\":[{\"@type\":\"CommentAction\",\"name\":\"Comment\",\"target\":[\"https:\\\/\\\/informante.mx\\\/?p=15026#respond\"]}]},{\"@type\":\"WebPage\",\"@id\":\"https:\\\/\\\/informante.mx\\\/?p=15026\",\"url\":\"https:\\\/\\\/informante.mx\\\/?p=15026\",\"name\":\"AMLO descarta acuerdo secreto con Trump; presenta carta enviada a OPEP - Informante.mx\",\"isPartOf\":{\"@id\":\"https:\\\/\\\/informante.mx\\\/#website\"},\"primaryImageOfPage\":{\"@id\":\"https:\\\/\\\/informante.mx\\\/?p=15026#primaryimage\"},\"image\":{\"@id\":\"https:\\\/\\\/informante.mx\\\/?p=15026#primaryimage\"},\"thumbnailUrl\":\"https:\\\/\\\/www.milenio.com\\\/uploads\\\/media\\\/2020\\\/04\\\/15\\\/carta-enviada-a-la-opep.jpg\",\"datePublished\":\"2020-04-15T14:32:57+00:00\",\"dateModified\":\"2020-04-15T14:33:04+00:00\",\"breadcrumb\":{\"@id\":\"https:\\\/\\\/informante.mx\\\/?p=15026#breadcrumb\"},\"inLanguage\":\"es\",\"potentialAction\":[{\"@type\":\"ReadAction\",\"target\":[\"https:\\\/\\\/informante.mx\\\/?p=15026\"]}]},{\"@type\":\"ImageObject\",\"inLanguage\":\"es\",\"@id\":\"https:\\\/\\\/informante.mx\\\/?p=15026#primaryimage\",\"url\":\"https:\\\/\\\/www.milenio.com\\\/uploads\\\/media\\\/2020\\\/04\\\/15\\\/carta-enviada-a-la-opep.jpg\",\"contentUrl\":\"https:\\\/\\\/www.milenio.com\\\/uploads\\\/media\\\/2020\\\/04\\\/15\\\/carta-enviada-a-la-opep.jpg\"},{\"@type\":\"BreadcrumbList\",\"@id\":\"https:\\\/\\\/informante.mx\\\/?p=15026#breadcrumb\",\"itemListElement\":[{\"@type\":\"ListItem\",\"position\":1,\"name\":\"Portada\",\"item\":\"https:\\\/\\\/informante.mx\\\/\"},{\"@type\":\"ListItem\",\"position\":2,\"name\":\"AMLO descarta acuerdo secreto con Trump; presenta carta enviada a OPEP\"}]},{\"@type\":\"WebSite\",\"@id\":\"https:\\\/\\\/informante.mx\\\/#website\",\"url\":\"https:\\\/\\\/informante.mx\\\/\",\"name\":\"Informante.mx\",\"description\":\"\",\"publisher\":{\"@id\":\"https:\\\/\\\/informante.mx\\\/#organization\"},\"potentialAction\":[{\"@type\":\"SearchAction\",\"target\":{\"@type\":\"EntryPoint\",\"urlTemplate\":\"https:\\\/\\\/informante.mx\\\/?s={search_term_string}\"},\"query-input\":{\"@type\":\"PropertyValueSpecification\",\"valueRequired\":true,\"valueName\":\"search_term_string\"}}],\"inLanguage\":\"es\"},{\"@type\":\"Organization\",\"@id\":\"https:\\\/\\\/informante.mx\\\/#organization\",\"name\":\"Informante.mx\",\"url\":\"https:\\\/\\\/informante.mx\\\/\",\"logo\":{\"@type\":\"ImageObject\",\"inLanguage\":\"es\",\"@id\":\"https:\\\/\\\/informante.mx\\\/#\\\/schema\\\/logo\\\/image\\\/\",\"url\":\"https:\\\/\\\/informante.mx\\\/wp-content\\\/uploads\\\/2019\\\/12\\\/cropped-LOGO-Verde-Apaisado-1024x360O-1.png\",\"contentUrl\":\"https:\\\/\\\/informante.mx\\\/wp-content\\\/uploads\\\/2019\\\/12\\\/cropped-LOGO-Verde-Apaisado-1024x360O-1.png\",\"width\":923,\"height\":180,\"caption\":\"Informante.mx\"},\"image\":{\"@id\":\"https:\\\/\\\/informante.mx\\\/#\\\/schema\\\/logo\\\/image\\\/\"},\"sameAs\":[\"https:\\\/\\\/www.facebook.com\\\/MX.Informante\",\"https:\\\/\\\/x.com\\\/mx_informante\"]},{\"@type\":\"Person\",\"@id\":\"https:\\\/\\\/informante.mx\\\/#\\\/schema\\\/person\\\/3eff91989d2ea76b0a330b416325946c\",\"name\":\"InformanteMX\",\"image\":{\"@type\":\"ImageObject\",\"inLanguage\":\"es\",\"@id\":\"https:\\\/\\\/secure.gravatar.com\\\/avatar\\\/10d802aa739e832aedd2f3fd8544d878871eb22e6ca86fe9a548573e34a28f0e?s=96&d=mm&r=g\",\"url\":\"https:\\\/\\\/secure.gravatar.com\\\/avatar\\\/10d802aa739e832aedd2f3fd8544d878871eb22e6ca86fe9a548573e34a28f0e?s=96&d=mm&r=g\",\"contentUrl\":\"https:\\\/\\\/secure.gravatar.com\\\/avatar\\\/10d802aa739e832aedd2f3fd8544d878871eb22e6ca86fe9a548573e34a28f0e?s=96&d=mm&r=g\",\"caption\":\"InformanteMX\"},\"url\":\"https:\\\/\\\/informante.mx\\\/?author=1\"}]}<\/script>\n<!-- \/ Yoast SEO plugin. -->","yoast_head_json":{"title":"AMLO descarta acuerdo secreto con Trump; presenta carta enviada a OPEP - Informante.mx","robots":{"index":"index","follow":"follow","max-snippet":"max-snippet:-1","max-image-preview":"max-image-preview:large","max-video-preview":"max-video-preview:-1"},"canonical":"https:\/\/informante.mx\/?p=15026","og_locale":"es_ES","og_type":"article","og_title":"AMLO descarta acuerdo secreto con Trump; presenta carta enviada a OPEP - Informante.mx","og_description":"El Presidente consider\u00f3 que la intervenci\u00f3n de Trump fue positiva y espera que ahora haya estabilidad en el precio del petr\u00f3leo","og_url":"https:\/\/informante.mx\/?p=15026","og_site_name":"Informante.mx","article_publisher":"https:\/\/www.facebook.com\/MX.Informante","article_published_time":"2020-04-15T14:32:57+00:00","article_modified_time":"2020-04-15T14:33:04+00:00","og_image":[{"width":958,"height":596,"url":"https:\/\/i0.wp.com\/informante.mx\/wp-content\/uploads\/2020\/04\/amlo-8.jpg?fit=958%2C596&ssl=1","type":"image\/jpeg"}],"author":"InformanteMX","twitter_card":"summary_large_image","twitter_creator":"@mx_informante","twitter_site":"@mx_informante","twitter_misc":{"Escrito por":"InformanteMX","Tiempo de lectura":"2 minutos"},"schema":{"@context":"https:\/\/schema.org","@graph":[{"@type":"NewsArticle","@id":"https:\/\/informante.mx\/?p=15026#article","isPartOf":{"@id":"https:\/\/informante.mx\/?p=15026"},"author":{"name":"InformanteMX","@id":"https:\/\/informante.mx\/#\/schema\/person\/3eff91989d2ea76b0a330b416325946c"},"headline":"AMLO descarta acuerdo secreto con Trump; presenta carta enviada a OPEP","datePublished":"2020-04-15T14:32:57+00:00","dateModified":"2020-04-15T14:33:04+00:00","mainEntityOfPage":{"@id":"https:\/\/informante.mx\/?p=15026"},"wordCount":387,"commentCount":0,"publisher":{"@id":"https:\/\/informante.mx\/#organization"},"image":{"@id":"https:\/\/informante.mx\/?p=15026#primaryimage"},"thumbnailUrl":"https:\/\/www.milenio.com\/uploads\/media\/2020\/04\/15\/carta-enviada-a-la-opep.jpg","articleSection":["Nacional"],"inLanguage":"es","potentialAction":[{"@type":"CommentAction","name":"Comment","target":["https:\/\/informante.mx\/?p=15026#respond"]}]},{"@type":"WebPage","@id":"https:\/\/informante.mx\/?p=15026","url":"https:\/\/informante.mx\/?p=15026","name":"AMLO descarta acuerdo secreto con Trump; presenta carta enviada a OPEP - Informante.mx","isPartOf":{"@id":"https:\/\/informante.mx\/#website"},"primaryImageOfPage":{"@id":"https:\/\/informante.mx\/?p=15026#primaryimage"},"image":{"@id":"https:\/\/informante.mx\/?p=15026#primaryimage"},"thumbnailUrl":"https:\/\/www.milenio.com\/uploads\/media\/2020\/04\/15\/carta-enviada-a-la-opep.jpg","datePublished":"2020-04-15T14:32:57+00:00","dateModified":"2020-04-15T14:33:04+00:00","breadcrumb":{"@id":"https:\/\/informante.mx\/?p=15026#breadcrumb"},"inLanguage":"es","potentialAction":[{"@type":"ReadAction","target":["https:\/\/informante.mx\/?p=15026"]}]},{"@type":"ImageObject","inLanguage":"es","@id":"https:\/\/informante.mx\/?p=15026#primaryimage","url":"https:\/\/www.milenio.com\/uploads\/media\/2020\/04\/15\/carta-enviada-a-la-opep.jpg","contentUrl":"https:\/\/www.milenio.com\/uploads\/media\/2020\/04\/15\/carta-enviada-a-la-opep.jpg"},{"@type":"BreadcrumbList","@id":"https:\/\/informante.mx\/?p=15026#breadcrumb","itemListElement":[{"@type":"ListItem","position":1,"name":"Portada","item":"https:\/\/informante.mx\/"},{"@type":"ListItem","position":2,"name":"AMLO descarta acuerdo secreto con Trump; presenta carta enviada a OPEP"}]},{"@type":"WebSite","@id":"https:\/\/informante.mx\/#website","url":"https:\/\/informante.mx\/","name":"Informante.mx","description":"","publisher":{"@id":"https:\/\/informante.mx\/#organization"},"potentialAction":[{"@type":"SearchAction","target":{"@type":"EntryPoint","urlTemplate":"https:\/\/informante.mx\/?s={search_term_string}"},"query-input":{"@type":"PropertyValueSpecification","valueRequired":true,"valueName":"search_term_string"}}],"inLanguage":"es"},{"@type":"Organization","@id":"https:\/\/informante.mx\/#organization","name":"Informante.mx","url":"https:\/\/informante.mx\/","logo":{"@type":"ImageObject","inLanguage":"es","@id":"https:\/\/informante.mx\/#\/schema\/logo\/image\/","url":"https:\/\/informante.mx\/wp-content\/uploads\/2019\/12\/cropped-LOGO-Verde-Apaisado-1024x360O-1.png","contentUrl":"https:\/\/informante.mx\/wp-content\/uploads\/2019\/12\/cropped-LOGO-Verde-Apaisado-1024x360O-1.png","width":923,"height":180,"caption":"Informante.mx"},"image":{"@id":"https:\/\/informante.mx\/#\/schema\/logo\/image\/"},"sameAs":["https:\/\/www.facebook.com\/MX.Informante","https:\/\/x.com\/mx_informante"]},{"@type":"Person","@id":"https:\/\/informante.mx\/#\/schema\/person\/3eff91989d2ea76b0a330b416325946c","name":"InformanteMX","image":{"@type":"ImageObject","inLanguage":"es","@id":"https:\/\/secure.gravatar.com\/avatar\/10d802aa739e832aedd2f3fd8544d878871eb22e6ca86fe9a548573e34a28f0e?s=96&d=mm&r=g","url":"https:\/\/secure.gravatar.com\/avatar\/10d802aa739e832aedd2f3fd8544d878871eb22e6ca86fe9a548573e34a28f0e?s=96&d=mm&r=g","contentUrl":"https:\/\/secure.gravatar.com\/avatar\/10d802aa739e832aedd2f3fd8544d878871eb22e6ca86fe9a548573e34a28f0e?s=96&d=mm&r=g","caption":"InformanteMX"},"url":"https:\/\/informante.mx\/?author=1"}]}},"jetpack_featured_media_url":"","uagb_featured_image_src":{"full":false,"thumbnail":false,"medium":false,"medium_large":false,"large":false,"1536x1536":false,"2048x2048":false,"td_0x420":false,"td_0x420_retina":false,"td_80x60":false,"td_80x60_retina":false,"td_100x75":false,"td_100x75_retina":false,"td_180x135":false,"td_180x135_retina":false,"td_238x178":false,"td_238x178_retina":false,"td_265x198":false,"td_265x198_retina":false,"td_300x160":false,"td_300x160_retina":false,"td_300x194":false,"td_300x194_retina":false,"td_300x350":false,"td_300x350_retina":false,"td_341x220":false,"td_341x220_retina":false,"td_341x400":false,"td_341x400_retina":false,"td_511x400":false,"td_511x400_retina":false,"td_537x360":false,"td_537x360_retina":false,"td_640x0":false,"td_640x0_retina":false,"td_640x350":false,"td_640x350_retina":false,"td_681x0":false,"td_681x0_retina":false,"td_681x400":false,"td_681x400_retina":false,"td_741x486":false,"td_741x486_retina":false,"td_1021x580":false,"td_1021x580_retina":false},"uagb_author_info":{"display_name":"InformanteMX","author_link":"https:\/\/informante.mx\/?author=1"},"uagb_comment_info":0,"uagb_excerpt":"El Presidente consider\u00f3 que la intervenci\u00f3n de Trump fue positiva y espera que ahora haya estabilidad en el precio del petr\u00f3leo","_links":{"self":[{"href":"https:\/\/informante.mx\/index.php?rest_route=\/wp\/v2\/posts\/15026","targetHints":{"allow":["GET"]}}],"collection":[{"href":"https:\/\/informante.mx\/index.php?rest_route=\/wp\/v2\/posts"}],"about":[{"href":"https:\/\/informante.mx\/index.php?rest_route=\/wp\/v2\/types\/post"}],"author":[{"embeddable":true,"href":"https:\/\/informante.mx\/index.php?rest_route=\/wp\/v2\/users\/1"}],"replies":[{"embeddable":true,"href":"https:\/\/informante.mx\/index.php?rest_route=%2Fwp%2Fv2%2Fcomments&post=15026"}],"version-history":[{"count":1,"href":"https:\/\/informante.mx\/index.php?rest_route=\/wp\/v2\/posts\/15026\/revisions"}],"predecessor-version":[{"id":15028,"href":"https:\/\/informante.mx\/index.php?rest_route=\/wp\/v2\/posts\/15026\/revisions\/15028"}],"wp:attachment":[{"href":"https:\/\/informante.mx\/index.php?rest_route=%2Fwp%2Fv2%2Fmedia&parent=15026"}],"wp:term":[{"taxonomy":"category","embeddable":true,"href":"https:\/\/informante.mx\/index.php?rest_route=%2Fwp%2Fv2%2Fcategories&post=15026"},{"taxonomy":"post_tag","embeddable":true,"href":"https:\/\/informante.mx\/index.php?rest_route=%2Fwp%2Fv2%2Ftags&post=15026"}],"curies":[{"name":"wp","href":"https:\/\/api.w.org\/{rel}","templated":true}]}}