{"id":13812,"date":"2020-03-25T20:02:18","date_gmt":"2020-03-26T02:02:18","guid":{"rendered":"http:\/\/informante.mx\/?p=13812"},"modified":"2020-03-25T20:02:26","modified_gmt":"2020-03-26T02:02:26","slug":"todo-el-gobierno-federal-suspendera-actividades-a-partir-de-manana-lopez-gatell","status":"publish","type":"post","link":"https:\/\/informante.mx\/?p=13812","title":{"rendered":"Todo el gobierno federal suspender\u00e1 actividades a partir de ma\u00f1ana: L\u00f3pez-Gatell"},"content":{"rendered":"\n<p> <\/p>\n\n\n\n<p>En conferencia de prensa desde Palacio Nacional, Hugo L\u00f3pez-Gatell inform\u00f3 que, a partir de este jueves 26 de marzo,&nbsp;<strong>todo el gobierno federal suspender\u00e1 actividades<\/strong>.<\/p>\n\n\n\n<p>El subsecretario de Salud apunt\u00f3, sin embargo, que hay actividades esenciales que no se podr\u00e1n suspender. Por ello, los titulares de cada dependencia ser\u00e1n quienes determinen qu\u00e9 trabajadores tendr\u00e1n que continuar asistiendo, aunque sea en distintas horas.<\/p>\n\n\n\n<p>Por otro lado, L\u00f3pez-Gatell&nbsp;<a href=\"https:\/\/www.radioformula.com.mx\/noticias\/mexico\/20200325\/hugo-lopez-gatell-en-vivo-conferencia-coronavirus-mexico-hoy-25-de-marzo\/\" target=\"_blank\" rel=\"noreferrer noopener\">hizo un llamado<\/a>&nbsp;a las empresas privadas para que, de la misma forma que el&nbsp;<strong>gobierno federal suspender\u00e1 actividades no esenciales<\/strong>, busquen la forma en que sus trabajadores no se arriesguen al contagio de Coronavirus.<\/p>\n\n\n\n<blockquote class=\"wp-block-quote is-layout-flow wp-block-quote-is-layout-flow\"><p>No son vacaciones. Debemos quedarnos en casa. No tome vacaciones porque vamos a da\u00f1arnos todas y todos\u201d, puntualiz\u00f3 el subsecretario y puso como ejemplo el caso de Italia, cuyos habitantes vacacionaron y dispersaron el COVID-19 en todo el pa\u00eds europeo.<\/p><\/blockquote>\n\n\n\n<p><\/p>\n","protected":false},"excerpt":{"rendered":"<p>El subsecretario de Salud inform\u00f3 que los titulares de cada dependencia determinar\u00e1n qu\u00e9 actividades no esenciales se suspender\u00e1n por COVID-19.<\/p>\n","protected":false},"author":1,"featured_media":0,"comment_status":"open","ping_status":"closed","sticky":false,"template":"","format":"standard","meta":{"_uag_custom_page_level_css":"","jetpack_post_was_ever_published":false,"footnotes":""},"categories":[9],"tags":[],"class_list":["post-13812","post","type-post","status-publish","format-standard","hentry","category-nacional"],"yoast_head":"<!-- This site is optimized with the Yoast SEO plugin v27.3 - https:\/\/yoast.com\/product\/yoast-seo-wordpress\/ -->\n<title>Todo el gobierno federal suspender\u00e1 actividades a partir de ma\u00f1ana: L\u00f3pez-Gatell - Informante.mx<\/title>\n<meta name=\"robots\" content=\"index, follow, max-snippet:-1, max-image-preview:large, max-video-preview:-1\" \/>\n<link rel=\"canonical\" href=\"https:\/\/informante.mx\/?p=13812\" \/>\n<meta property=\"og:locale\" content=\"es_ES\" \/>\n<meta property=\"og:type\" content=\"article\" \/>\n<meta property=\"og:title\" content=\"Todo el gobierno federal suspender\u00e1 actividades a partir de ma\u00f1ana: L\u00f3pez-Gatell - Informante.mx\" \/>\n<meta property=\"og:description\" content=\"El subsecretario de Salud inform\u00f3 que los titulares de cada dependencia determinar\u00e1n qu\u00e9 actividades no esenciales se suspender\u00e1n por COVID-19.\" \/>\n<meta property=\"og:url\" content=\"https:\/\/informante.mx\/?p=13812\" \/>\n<meta property=\"og:site_name\" content=\"Informante.mx\" \/>\n<meta property=\"article:publisher\" content=\"https:\/\/www.facebook.com\/MX.Informante\" \/>\n<meta property=\"article:published_time\" content=\"2020-03-26T02:02:18+00:00\" \/>\n<meta property=\"article:modified_time\" content=\"2020-03-26T02:02:26+00:00\" \/>\n<meta property=\"og:image\" content=\"https:\/\/i0.wp.com\/informante.mx\/wp-content\/uploads\/2020\/03\/todo-el-gobierno-federal-suspendera-actividades-a-partir-de-manana-lopez-gatell.jpg?fit=635%2C356&ssl=1\" \/>\n\t<meta property=\"og:image:width\" content=\"635\" \/>\n\t<meta property=\"og:image:height\" content=\"356\" \/>\n\t<meta property=\"og:image:type\" content=\"image\/jpeg\" \/>\n<meta name=\"author\" content=\"InformanteMX\" \/>\n<meta name=\"twitter:card\" content=\"summary_large_image\" \/>\n<meta name=\"twitter:creator\" content=\"@mx_informante\" \/>\n<meta name=\"twitter:site\" content=\"@mx_informante\" \/>\n<meta name=\"twitter:label1\" content=\"Escrito por\" \/>\n\t<meta name=\"twitter:data1\" content=\"InformanteMX\" \/>\n\t<meta name=\"twitter:label2\" content=\"Tiempo de lectura\" \/>\n\t<meta name=\"twitter:data2\" content=\"1 minuto\" \/>\n<script type=\"application\/ld+json\" class=\"yoast-schema-graph\">{\"@context\":\"https:\\\/\\\/schema.org\",\"@graph\":[{\"@type\":\"NewsArticle\",\"@id\":\"https:\\\/\\\/informante.mx\\\/?p=13812#article\",\"isPartOf\":{\"@id\":\"https:\\\/\\\/informante.mx\\\/?p=13812\"},\"author\":{\"name\":\"InformanteMX\",\"@id\":\"https:\\\/\\\/informante.mx\\\/#\\\/schema\\\/person\\\/3eff91989d2ea76b0a330b416325946c\"},\"headline\":\"Todo el gobierno federal suspender\u00e1 actividades a partir de ma\u00f1ana: L\u00f3pez-Gatell\",\"datePublished\":\"2020-03-26T02:02:18+00:00\",\"dateModified\":\"2020-03-26T02:02:26+00:00\",\"mainEntityOfPage\":{\"@id\":\"https:\\\/\\\/informante.mx\\\/?p=13812\"},\"wordCount\":164,\"commentCount\":0,\"publisher\":{\"@id\":\"https:\\\/\\\/informante.mx\\\/#organization\"},\"articleSection\":[\"Nacional\"],\"inLanguage\":\"es\",\"potentialAction\":[{\"@type\":\"CommentAction\",\"name\":\"Comment\",\"target\":[\"https:\\\/\\\/informante.mx\\\/?p=13812#respond\"]}]},{\"@type\":\"WebPage\",\"@id\":\"https:\\\/\\\/informante.mx\\\/?p=13812\",\"url\":\"https:\\\/\\\/informante.mx\\\/?p=13812\",\"name\":\"Todo el gobierno federal suspender\u00e1 actividades a partir de ma\u00f1ana: L\u00f3pez-Gatell - Informante.mx\",\"isPartOf\":{\"@id\":\"https:\\\/\\\/informante.mx\\\/#website\"},\"datePublished\":\"2020-03-26T02:02:18+00:00\",\"dateModified\":\"2020-03-26T02:02:26+00:00\",\"breadcrumb\":{\"@id\":\"https:\\\/\\\/informante.mx\\\/?p=13812#breadcrumb\"},\"inLanguage\":\"es\",\"potentialAction\":[{\"@type\":\"ReadAction\",\"target\":[\"https:\\\/\\\/informante.mx\\\/?p=13812\"]}]},{\"@type\":\"BreadcrumbList\",\"@id\":\"https:\\\/\\\/informante.mx\\\/?p=13812#breadcrumb\",\"itemListElement\":[{\"@type\":\"ListItem\",\"position\":1,\"name\":\"Portada\",\"item\":\"https:\\\/\\\/informante.mx\\\/\"},{\"@type\":\"ListItem\",\"position\":2,\"name\":\"Todo el gobierno federal suspender\u00e1 actividades a partir de ma\u00f1ana: L\u00f3pez-Gatell\"}]},{\"@type\":\"WebSite\",\"@id\":\"https:\\\/\\\/informante.mx\\\/#website\",\"url\":\"https:\\\/\\\/informante.mx\\\/\",\"name\":\"Informante.mx\",\"description\":\"\",\"publisher\":{\"@id\":\"https:\\\/\\\/informante.mx\\\/#organization\"},\"potentialAction\":[{\"@type\":\"SearchAction\",\"target\":{\"@type\":\"EntryPoint\",\"urlTemplate\":\"https:\\\/\\\/informante.mx\\\/?s={search_term_string}\"},\"query-input\":{\"@type\":\"PropertyValueSpecification\",\"valueRequired\":true,\"valueName\":\"search_term_string\"}}],\"inLanguage\":\"es\"},{\"@type\":\"Organization\",\"@id\":\"https:\\\/\\\/informante.mx\\\/#organization\",\"name\":\"Informante.mx\",\"url\":\"https:\\\/\\\/informante.mx\\\/\",\"logo\":{\"@type\":\"ImageObject\",\"inLanguage\":\"es\",\"@id\":\"https:\\\/\\\/informante.mx\\\/#\\\/schema\\\/logo\\\/image\\\/\",\"url\":\"https:\\\/\\\/informante.mx\\\/wp-content\\\/uploads\\\/2019\\\/12\\\/cropped-LOGO-Verde-Apaisado-1024x360O-1.png\",\"contentUrl\":\"https:\\\/\\\/informante.mx\\\/wp-content\\\/uploads\\\/2019\\\/12\\\/cropped-LOGO-Verde-Apaisado-1024x360O-1.png\",\"width\":923,\"height\":180,\"caption\":\"Informante.mx\"},\"image\":{\"@id\":\"https:\\\/\\\/informante.mx\\\/#\\\/schema\\\/logo\\\/image\\\/\"},\"sameAs\":[\"https:\\\/\\\/www.facebook.com\\\/MX.Informante\",\"https:\\\/\\\/x.com\\\/mx_informante\"]},{\"@type\":\"Person\",\"@id\":\"https:\\\/\\\/informante.mx\\\/#\\\/schema\\\/person\\\/3eff91989d2ea76b0a330b416325946c\",\"name\":\"InformanteMX\",\"image\":{\"@type\":\"ImageObject\",\"inLanguage\":\"es\",\"@id\":\"https:\\\/\\\/secure.gravatar.com\\\/avatar\\\/10d802aa739e832aedd2f3fd8544d878871eb22e6ca86fe9a548573e34a28f0e?s=96&d=mm&r=g\",\"url\":\"https:\\\/\\\/secure.gravatar.com\\\/avatar\\\/10d802aa739e832aedd2f3fd8544d878871eb22e6ca86fe9a548573e34a28f0e?s=96&d=mm&r=g\",\"contentUrl\":\"https:\\\/\\\/secure.gravatar.com\\\/avatar\\\/10d802aa739e832aedd2f3fd8544d878871eb22e6ca86fe9a548573e34a28f0e?s=96&d=mm&r=g\",\"caption\":\"InformanteMX\"},\"url\":\"https:\\\/\\\/informante.mx\\\/?author=1\"}]}<\/script>\n<!-- \/ Yoast SEO plugin. -->","yoast_head_json":{"title":"Todo el gobierno federal suspender\u00e1 actividades a partir de ma\u00f1ana: L\u00f3pez-Gatell - Informante.mx","robots":{"index":"index","follow":"follow","max-snippet":"max-snippet:-1","max-image-preview":"max-image-preview:large","max-video-preview":"max-video-preview:-1"},"canonical":"https:\/\/informante.mx\/?p=13812","og_locale":"es_ES","og_type":"article","og_title":"Todo el gobierno federal suspender\u00e1 actividades a partir de ma\u00f1ana: L\u00f3pez-Gatell - Informante.mx","og_description":"El subsecretario de Salud inform\u00f3 que los titulares de cada dependencia determinar\u00e1n qu\u00e9 actividades no esenciales se suspender\u00e1n por COVID-19.","og_url":"https:\/\/informante.mx\/?p=13812","og_site_name":"Informante.mx","article_publisher":"https:\/\/www.facebook.com\/MX.Informante","article_published_time":"2020-03-26T02:02:18+00:00","article_modified_time":"2020-03-26T02:02:26+00:00","og_image":[{"width":635,"height":356,"url":"https:\/\/i0.wp.com\/informante.mx\/wp-content\/uploads\/2020\/03\/todo-el-gobierno-federal-suspendera-actividades-a-partir-de-manana-lopez-gatell.jpg?fit=635%2C356&ssl=1","type":"image\/jpeg"}],"author":"InformanteMX","twitter_card":"summary_large_image","twitter_creator":"@mx_informante","twitter_site":"@mx_informante","twitter_misc":{"Escrito por":"InformanteMX","Tiempo de lectura":"1 minuto"},"schema":{"@context":"https:\/\/schema.org","@graph":[{"@type":"NewsArticle","@id":"https:\/\/informante.mx\/?p=13812#article","isPartOf":{"@id":"https:\/\/informante.mx\/?p=13812"},"author":{"name":"InformanteMX","@id":"https:\/\/informante.mx\/#\/schema\/person\/3eff91989d2ea76b0a330b416325946c"},"headline":"Todo el gobierno federal suspender\u00e1 actividades a partir de ma\u00f1ana: L\u00f3pez-Gatell","datePublished":"2020-03-26T02:02:18+00:00","dateModified":"2020-03-26T02:02:26+00:00","mainEntityOfPage":{"@id":"https:\/\/informante.mx\/?p=13812"},"wordCount":164,"commentCount":0,"publisher":{"@id":"https:\/\/informante.mx\/#organization"},"articleSection":["Nacional"],"inLanguage":"es","potentialAction":[{"@type":"CommentAction","name":"Comment","target":["https:\/\/informante.mx\/?p=13812#respond"]}]},{"@type":"WebPage","@id":"https:\/\/informante.mx\/?p=13812","url":"https:\/\/informante.mx\/?p=13812","name":"Todo el gobierno federal suspender\u00e1 actividades a partir de ma\u00f1ana: L\u00f3pez-Gatell - Informante.mx","isPartOf":{"@id":"https:\/\/informante.mx\/#website"},"datePublished":"2020-03-26T02:02:18+00:00","dateModified":"2020-03-26T02:02:26+00:00","breadcrumb":{"@id":"https:\/\/informante.mx\/?p=13812#breadcrumb"},"inLanguage":"es","potentialAction":[{"@type":"ReadAction","target":["https:\/\/informante.mx\/?p=13812"]}]},{"@type":"BreadcrumbList","@id":"https:\/\/informante.mx\/?p=13812#breadcrumb","itemListElement":[{"@type":"ListItem","position":1,"name":"Portada","item":"https:\/\/informante.mx\/"},{"@type":"ListItem","position":2,"name":"Todo el gobierno federal suspender\u00e1 actividades a partir de ma\u00f1ana: L\u00f3pez-Gatell"}]},{"@type":"WebSite","@id":"https:\/\/informante.mx\/#website","url":"https:\/\/informante.mx\/","name":"Informante.mx","description":"","publisher":{"@id":"https:\/\/informante.mx\/#organization"},"potentialAction":[{"@type":"SearchAction","target":{"@type":"EntryPoint","urlTemplate":"https:\/\/informante.mx\/?s={search_term_string}"},"query-input":{"@type":"PropertyValueSpecification","valueRequired":true,"valueName":"search_term_string"}}],"inLanguage":"es"},{"@type":"Organization","@id":"https:\/\/informante.mx\/#organization","name":"Informante.mx","url":"https:\/\/informante.mx\/","logo":{"@type":"ImageObject","inLanguage":"es","@id":"https:\/\/informante.mx\/#\/schema\/logo\/image\/","url":"https:\/\/informante.mx\/wp-content\/uploads\/2019\/12\/cropped-LOGO-Verde-Apaisado-1024x360O-1.png","contentUrl":"https:\/\/informante.mx\/wp-content\/uploads\/2019\/12\/cropped-LOGO-Verde-Apaisado-1024x360O-1.png","width":923,"height":180,"caption":"Informante.mx"},"image":{"@id":"https:\/\/informante.mx\/#\/schema\/logo\/image\/"},"sameAs":["https:\/\/www.facebook.com\/MX.Informante","https:\/\/x.com\/mx_informante"]},{"@type":"Person","@id":"https:\/\/informante.mx\/#\/schema\/person\/3eff91989d2ea76b0a330b416325946c","name":"InformanteMX","image":{"@type":"ImageObject","inLanguage":"es","@id":"https:\/\/secure.gravatar.com\/avatar\/10d802aa739e832aedd2f3fd8544d878871eb22e6ca86fe9a548573e34a28f0e?s=96&d=mm&r=g","url":"https:\/\/secure.gravatar.com\/avatar\/10d802aa739e832aedd2f3fd8544d878871eb22e6ca86fe9a548573e34a28f0e?s=96&d=mm&r=g","contentUrl":"https:\/\/secure.gravatar.com\/avatar\/10d802aa739e832aedd2f3fd8544d878871eb22e6ca86fe9a548573e34a28f0e?s=96&d=mm&r=g","caption":"InformanteMX"},"url":"https:\/\/informante.mx\/?author=1"}]}},"jetpack_featured_media_url":"","uagb_featured_image_src":{"full":false,"thumbnail":false,"medium":false,"medium_large":false,"large":false,"1536x1536":false,"2048x2048":false,"td_0x420":false,"td_0x420_retina":false,"td_80x60":false,"td_80x60_retina":false,"td_100x75":false,"td_100x75_retina":false,"td_180x135":false,"td_180x135_retina":false,"td_238x178":false,"td_238x178_retina":false,"td_265x198":false,"td_265x198_retina":false,"td_300x160":false,"td_300x160_retina":false,"td_300x194":false,"td_300x194_retina":false,"td_300x350":false,"td_300x350_retina":false,"td_341x220":false,"td_341x220_retina":false,"td_341x400":false,"td_341x400_retina":false,"td_511x400":false,"td_511x400_retina":false,"td_537x360":false,"td_537x360_retina":false,"td_640x0":false,"td_640x0_retina":false,"td_640x350":false,"td_640x350_retina":false,"td_681x0":false,"td_681x0_retina":false,"td_681x400":false,"td_681x400_retina":false,"td_741x486":false,"td_741x486_retina":false,"td_1021x580":false,"td_1021x580_retina":false},"uagb_author_info":{"display_name":"InformanteMX","author_link":"https:\/\/informante.mx\/?author=1"},"uagb_comment_info":0,"uagb_excerpt":"El subsecretario de Salud inform\u00f3 que los titulares de cada dependencia determinar\u00e1n qu\u00e9 actividades no esenciales se suspender\u00e1n por COVID-19.","_links":{"self":[{"href":"https:\/\/informante.mx\/index.php?rest_route=\/wp\/v2\/posts\/13812","targetHints":{"allow":["GET"]}}],"collection":[{"href":"https:\/\/informante.mx\/index.php?rest_route=\/wp\/v2\/posts"}],"about":[{"href":"https:\/\/informante.mx\/index.php?rest_route=\/wp\/v2\/types\/post"}],"author":[{"embeddable":true,"href":"https:\/\/informante.mx\/index.php?rest_route=\/wp\/v2\/users\/1"}],"replies":[{"embeddable":true,"href":"https:\/\/informante.mx\/index.php?rest_route=%2Fwp%2Fv2%2Fcomments&post=13812"}],"version-history":[{"count":1,"href":"https:\/\/informante.mx\/index.php?rest_route=\/wp\/v2\/posts\/13812\/revisions"}],"predecessor-version":[{"id":13815,"href":"https:\/\/informante.mx\/index.php?rest_route=\/wp\/v2\/posts\/13812\/revisions\/13815"}],"wp:attachment":[{"href":"https:\/\/informante.mx\/index.php?rest_route=%2Fwp%2Fv2%2Fmedia&parent=13812"}],"wp:term":[{"taxonomy":"category","embeddable":true,"href":"https:\/\/informante.mx\/index.php?rest_route=%2Fwp%2Fv2%2Fcategories&post=13812"},{"taxonomy":"post_tag","embeddable":true,"href":"https:\/\/informante.mx\/index.php?rest_route=%2Fwp%2Fv2%2Ftags&post=13812"}],"curies":[{"name":"wp","href":"https:\/\/api.w.org\/{rel}","templated":true}]}}