{"id":13015,"date":"2020-03-16T11:10:38","date_gmt":"2020-03-16T17:10:38","guid":{"rendered":"http:\/\/informante.mx\/?p=13015"},"modified":"2020-03-16T11:10:46","modified_gmt":"2020-03-16T17:10:46","slug":"critican-diputados-del-pan-falta-de-estrategias-en-veracruz-contra-el-covid-19","status":"publish","type":"post","link":"https:\/\/informante.mx\/?p=13015","title":{"rendered":"Critican diputados del PAN falta de estrategias en Veracruz contra el COVID-19"},"content":{"rendered":"\n<p>El Grupo Legislativo del PAN en Veracruz externa los siguientes puntos, en raz\u00f3n de la ausencia de una estrategia efectiva del Gobierno Estatal para proteger al pueblo veracruzano ante la amenaza del COVID-19<\/p>\n\n\n\n<p>-En todo el pa\u00eds, las universidades, empresas y gobiernos locales han comenzado a tomar acciones para enfrentar la crisis del COVID-19, sin embargo en Veracruz vemos todo lo contrario.<\/p>\n\n\n\n<p>-El Gobierno Estatal no ha podido atender las recomendaciones de organismos nacionales e internacionales ante la pandemia, pues observamos que las medidas de actuaci\u00f3n para la prevenci\u00f3n han llegado a destiempo; muestra de ello fue el no haber cancelado la Cumbre Taj\u00edn, a\u00fan cuando se ten\u00eda conocimiento de que ser\u00eda un evento multitudinario.<\/p>\n\n\n\n<p>-Denunciamos al gobierno estatal por la irresponsabilidad  de no ejecutar pol\u00edticas p\u00fablicas que transversalicen las acciones para mitigar el impacto del contagio. Vemos al gobierno estatal tomando la ausencia de casos positivos en Veracruz con mucha ligereza. <\/p>\n\n\n\n<p>-El Gobierno de Veracruz est\u00e1 obligado por la Ley de Salud del Estado a plantear medidas de seguridad y disposiciones de inmediata ejecuci\u00f3n que dicte la autoridad sanitaria competente, para proteger la salud de la poblaci\u00f3n. <\/p>\n\n\n\n<p>-El derecho a la protecci\u00f3n de salud es un lineamiento constitucional que no debe ser desatendido por el Estado, cuando es \u00e9ste quien programa su actividad y asigna los recursos necesarios.<\/p>\n\n\n\n<p>-En el Grupo Legislativo del PAN tenemos claro que el otorgamiento de la salud a los veracruzanos exige a los poderes p\u00fablicos la unificaci\u00f3n de criterios y la coordinaci\u00f3n de esfuerzos en todos los niveles, para garantizar el derecho a la salud. Motivo por el cual hemos activado los protocolos b\u00e1sicos de actuaci\u00f3n en las actividades diarias que desempe\u00f1a el GLPAN.<\/p>\n\n\n\n<p>-Para las diputadas y diputados del PAN, la vida es y seguir\u00e1 siendo la meta fundamental de toda nuestra acci\u00f3n pol\u00edtica, pues la vida y la dignidad de toda persona deben protegerse a toda costa, raz\u00f3n por la cual exigimos al gobierno de Cuitl\u00e1huac Garc\u00eda tomar acciones preventivas que eviten el contagio en Veracruz y que se apegue a los protocolos internacionales, para tomar de inmediato acciones preventivas que salven vidas.<\/p>\n","protected":false},"excerpt":{"rendered":"<p>Denuncian al gobierno estatal por la irresponsabilidad de no ejecutar pol\u00edticas p\u00fablicas que transversalicen las acciones para mitigar el impacto del contagio<\/p>\n","protected":false},"author":1,"featured_media":0,"comment_status":"open","ping_status":"closed","sticky":false,"template":"","format":"standard","meta":{"_uag_custom_page_level_css":"","jetpack_post_was_ever_published":false,"footnotes":""},"categories":[7],"tags":[],"class_list":["post-13015","post","type-post","status-publish","format-standard","hentry","category-legislatura"],"yoast_head":"<!-- This site is optimized with the Yoast SEO plugin v27.3 - https:\/\/yoast.com\/product\/yoast-seo-wordpress\/ -->\n<title>Critican diputados del PAN falta de estrategias en Veracruz contra el COVID-19 - Informante.mx<\/title>\n<meta name=\"robots\" content=\"index, follow, max-snippet:-1, max-image-preview:large, max-video-preview:-1\" \/>\n<link rel=\"canonical\" href=\"https:\/\/informante.mx\/?p=13015\" \/>\n<meta property=\"og:locale\" content=\"es_ES\" \/>\n<meta property=\"og:type\" content=\"article\" \/>\n<meta property=\"og:title\" content=\"Critican diputados del PAN falta de estrategias en Veracruz contra el COVID-19 - Informante.mx\" \/>\n<meta property=\"og:description\" content=\"Denuncian al gobierno estatal por la irresponsabilidad de no ejecutar pol\u00edticas p\u00fablicas que transversalicen las acciones para mitigar el impacto del contagio\" \/>\n<meta property=\"og:url\" content=\"https:\/\/informante.mx\/?p=13015\" \/>\n<meta property=\"og:site_name\" content=\"Informante.mx\" \/>\n<meta property=\"article:publisher\" content=\"https:\/\/www.facebook.com\/MX.Informante\" \/>\n<meta property=\"article:published_time\" content=\"2020-03-16T17:10:38+00:00\" \/>\n<meta property=\"article:modified_time\" content=\"2020-03-16T17:10:46+00:00\" \/>\n<meta property=\"og:image\" content=\"https:\/\/i0.wp.com\/informante.mx\/wp-content\/uploads\/2020\/03\/coronavirus-mexico5.jpg?fit=651%2C400&ssl=1\" \/>\n\t<meta property=\"og:image:width\" content=\"651\" \/>\n\t<meta property=\"og:image:height\" content=\"400\" \/>\n\t<meta property=\"og:image:type\" content=\"image\/jpeg\" \/>\n<meta name=\"author\" content=\"InformanteMX\" \/>\n<meta name=\"twitter:card\" content=\"summary_large_image\" \/>\n<meta name=\"twitter:creator\" content=\"@mx_informante\" \/>\n<meta name=\"twitter:site\" content=\"@mx_informante\" \/>\n<meta name=\"twitter:label1\" content=\"Escrito por\" \/>\n\t<meta name=\"twitter:data1\" content=\"InformanteMX\" \/>\n\t<meta name=\"twitter:label2\" content=\"Tiempo de lectura\" \/>\n\t<meta name=\"twitter:data2\" content=\"2 minutos\" \/>\n<script type=\"application\/ld+json\" class=\"yoast-schema-graph\">{\"@context\":\"https:\\\/\\\/schema.org\",\"@graph\":[{\"@type\":\"NewsArticle\",\"@id\":\"https:\\\/\\\/informante.mx\\\/?p=13015#article\",\"isPartOf\":{\"@id\":\"https:\\\/\\\/informante.mx\\\/?p=13015\"},\"author\":{\"name\":\"InformanteMX\",\"@id\":\"https:\\\/\\\/informante.mx\\\/#\\\/schema\\\/person\\\/3eff91989d2ea76b0a330b416325946c\"},\"headline\":\"Critican diputados del PAN falta de estrategias en Veracruz contra el COVID-19\",\"datePublished\":\"2020-03-16T17:10:38+00:00\",\"dateModified\":\"2020-03-16T17:10:46+00:00\",\"mainEntityOfPage\":{\"@id\":\"https:\\\/\\\/informante.mx\\\/?p=13015\"},\"wordCount\":387,\"commentCount\":0,\"publisher\":{\"@id\":\"https:\\\/\\\/informante.mx\\\/#organization\"},\"articleSection\":[\"Legislatura\"],\"inLanguage\":\"es\",\"potentialAction\":[{\"@type\":\"CommentAction\",\"name\":\"Comment\",\"target\":[\"https:\\\/\\\/informante.mx\\\/?p=13015#respond\"]}]},{\"@type\":\"WebPage\",\"@id\":\"https:\\\/\\\/informante.mx\\\/?p=13015\",\"url\":\"https:\\\/\\\/informante.mx\\\/?p=13015\",\"name\":\"Critican diputados del PAN falta de estrategias en Veracruz contra el COVID-19 - Informante.mx\",\"isPartOf\":{\"@id\":\"https:\\\/\\\/informante.mx\\\/#website\"},\"datePublished\":\"2020-03-16T17:10:38+00:00\",\"dateModified\":\"2020-03-16T17:10:46+00:00\",\"breadcrumb\":{\"@id\":\"https:\\\/\\\/informante.mx\\\/?p=13015#breadcrumb\"},\"inLanguage\":\"es\",\"potentialAction\":[{\"@type\":\"ReadAction\",\"target\":[\"https:\\\/\\\/informante.mx\\\/?p=13015\"]}]},{\"@type\":\"BreadcrumbList\",\"@id\":\"https:\\\/\\\/informante.mx\\\/?p=13015#breadcrumb\",\"itemListElement\":[{\"@type\":\"ListItem\",\"position\":1,\"name\":\"Portada\",\"item\":\"https:\\\/\\\/informante.mx\\\/\"},{\"@type\":\"ListItem\",\"position\":2,\"name\":\"Critican diputados del PAN falta de estrategias en Veracruz contra el COVID-19\"}]},{\"@type\":\"WebSite\",\"@id\":\"https:\\\/\\\/informante.mx\\\/#website\",\"url\":\"https:\\\/\\\/informante.mx\\\/\",\"name\":\"Informante.mx\",\"description\":\"\",\"publisher\":{\"@id\":\"https:\\\/\\\/informante.mx\\\/#organization\"},\"potentialAction\":[{\"@type\":\"SearchAction\",\"target\":{\"@type\":\"EntryPoint\",\"urlTemplate\":\"https:\\\/\\\/informante.mx\\\/?s={search_term_string}\"},\"query-input\":{\"@type\":\"PropertyValueSpecification\",\"valueRequired\":true,\"valueName\":\"search_term_string\"}}],\"inLanguage\":\"es\"},{\"@type\":\"Organization\",\"@id\":\"https:\\\/\\\/informante.mx\\\/#organization\",\"name\":\"Informante.mx\",\"url\":\"https:\\\/\\\/informante.mx\\\/\",\"logo\":{\"@type\":\"ImageObject\",\"inLanguage\":\"es\",\"@id\":\"https:\\\/\\\/informante.mx\\\/#\\\/schema\\\/logo\\\/image\\\/\",\"url\":\"https:\\\/\\\/informante.mx\\\/wp-content\\\/uploads\\\/2019\\\/12\\\/cropped-LOGO-Verde-Apaisado-1024x360O-1.png\",\"contentUrl\":\"https:\\\/\\\/informante.mx\\\/wp-content\\\/uploads\\\/2019\\\/12\\\/cropped-LOGO-Verde-Apaisado-1024x360O-1.png\",\"width\":923,\"height\":180,\"caption\":\"Informante.mx\"},\"image\":{\"@id\":\"https:\\\/\\\/informante.mx\\\/#\\\/schema\\\/logo\\\/image\\\/\"},\"sameAs\":[\"https:\\\/\\\/www.facebook.com\\\/MX.Informante\",\"https:\\\/\\\/x.com\\\/mx_informante\"]},{\"@type\":\"Person\",\"@id\":\"https:\\\/\\\/informante.mx\\\/#\\\/schema\\\/person\\\/3eff91989d2ea76b0a330b416325946c\",\"name\":\"InformanteMX\",\"image\":{\"@type\":\"ImageObject\",\"inLanguage\":\"es\",\"@id\":\"https:\\\/\\\/secure.gravatar.com\\\/avatar\\\/10d802aa739e832aedd2f3fd8544d878871eb22e6ca86fe9a548573e34a28f0e?s=96&d=mm&r=g\",\"url\":\"https:\\\/\\\/secure.gravatar.com\\\/avatar\\\/10d802aa739e832aedd2f3fd8544d878871eb22e6ca86fe9a548573e34a28f0e?s=96&d=mm&r=g\",\"contentUrl\":\"https:\\\/\\\/secure.gravatar.com\\\/avatar\\\/10d802aa739e832aedd2f3fd8544d878871eb22e6ca86fe9a548573e34a28f0e?s=96&d=mm&r=g\",\"caption\":\"InformanteMX\"},\"url\":\"https:\\\/\\\/informante.mx\\\/?author=1\"}]}<\/script>\n<!-- \/ Yoast SEO plugin. -->","yoast_head_json":{"title":"Critican diputados del PAN falta de estrategias en Veracruz contra el COVID-19 - Informante.mx","robots":{"index":"index","follow":"follow","max-snippet":"max-snippet:-1","max-image-preview":"max-image-preview:large","max-video-preview":"max-video-preview:-1"},"canonical":"https:\/\/informante.mx\/?p=13015","og_locale":"es_ES","og_type":"article","og_title":"Critican diputados del PAN falta de estrategias en Veracruz contra el COVID-19 - Informante.mx","og_description":"Denuncian al gobierno estatal por la irresponsabilidad de no ejecutar pol\u00edticas p\u00fablicas que transversalicen las acciones para mitigar el impacto del contagio","og_url":"https:\/\/informante.mx\/?p=13015","og_site_name":"Informante.mx","article_publisher":"https:\/\/www.facebook.com\/MX.Informante","article_published_time":"2020-03-16T17:10:38+00:00","article_modified_time":"2020-03-16T17:10:46+00:00","og_image":[{"width":651,"height":400,"url":"https:\/\/i0.wp.com\/informante.mx\/wp-content\/uploads\/2020\/03\/coronavirus-mexico5.jpg?fit=651%2C400&ssl=1","type":"image\/jpeg"}],"author":"InformanteMX","twitter_card":"summary_large_image","twitter_creator":"@mx_informante","twitter_site":"@mx_informante","twitter_misc":{"Escrito por":"InformanteMX","Tiempo de lectura":"2 minutos"},"schema":{"@context":"https:\/\/schema.org","@graph":[{"@type":"NewsArticle","@id":"https:\/\/informante.mx\/?p=13015#article","isPartOf":{"@id":"https:\/\/informante.mx\/?p=13015"},"author":{"name":"InformanteMX","@id":"https:\/\/informante.mx\/#\/schema\/person\/3eff91989d2ea76b0a330b416325946c"},"headline":"Critican diputados del PAN falta de estrategias en Veracruz contra el COVID-19","datePublished":"2020-03-16T17:10:38+00:00","dateModified":"2020-03-16T17:10:46+00:00","mainEntityOfPage":{"@id":"https:\/\/informante.mx\/?p=13015"},"wordCount":387,"commentCount":0,"publisher":{"@id":"https:\/\/informante.mx\/#organization"},"articleSection":["Legislatura"],"inLanguage":"es","potentialAction":[{"@type":"CommentAction","name":"Comment","target":["https:\/\/informante.mx\/?p=13015#respond"]}]},{"@type":"WebPage","@id":"https:\/\/informante.mx\/?p=13015","url":"https:\/\/informante.mx\/?p=13015","name":"Critican diputados del PAN falta de estrategias en Veracruz contra el COVID-19 - Informante.mx","isPartOf":{"@id":"https:\/\/informante.mx\/#website"},"datePublished":"2020-03-16T17:10:38+00:00","dateModified":"2020-03-16T17:10:46+00:00","breadcrumb":{"@id":"https:\/\/informante.mx\/?p=13015#breadcrumb"},"inLanguage":"es","potentialAction":[{"@type":"ReadAction","target":["https:\/\/informante.mx\/?p=13015"]}]},{"@type":"BreadcrumbList","@id":"https:\/\/informante.mx\/?p=13015#breadcrumb","itemListElement":[{"@type":"ListItem","position":1,"name":"Portada","item":"https:\/\/informante.mx\/"},{"@type":"ListItem","position":2,"name":"Critican diputados del PAN falta de estrategias en Veracruz contra el COVID-19"}]},{"@type":"WebSite","@id":"https:\/\/informante.mx\/#website","url":"https:\/\/informante.mx\/","name":"Informante.mx","description":"","publisher":{"@id":"https:\/\/informante.mx\/#organization"},"potentialAction":[{"@type":"SearchAction","target":{"@type":"EntryPoint","urlTemplate":"https:\/\/informante.mx\/?s={search_term_string}"},"query-input":{"@type":"PropertyValueSpecification","valueRequired":true,"valueName":"search_term_string"}}],"inLanguage":"es"},{"@type":"Organization","@id":"https:\/\/informante.mx\/#organization","name":"Informante.mx","url":"https:\/\/informante.mx\/","logo":{"@type":"ImageObject","inLanguage":"es","@id":"https:\/\/informante.mx\/#\/schema\/logo\/image\/","url":"https:\/\/informante.mx\/wp-content\/uploads\/2019\/12\/cropped-LOGO-Verde-Apaisado-1024x360O-1.png","contentUrl":"https:\/\/informante.mx\/wp-content\/uploads\/2019\/12\/cropped-LOGO-Verde-Apaisado-1024x360O-1.png","width":923,"height":180,"caption":"Informante.mx"},"image":{"@id":"https:\/\/informante.mx\/#\/schema\/logo\/image\/"},"sameAs":["https:\/\/www.facebook.com\/MX.Informante","https:\/\/x.com\/mx_informante"]},{"@type":"Person","@id":"https:\/\/informante.mx\/#\/schema\/person\/3eff91989d2ea76b0a330b416325946c","name":"InformanteMX","image":{"@type":"ImageObject","inLanguage":"es","@id":"https:\/\/secure.gravatar.com\/avatar\/10d802aa739e832aedd2f3fd8544d878871eb22e6ca86fe9a548573e34a28f0e?s=96&d=mm&r=g","url":"https:\/\/secure.gravatar.com\/avatar\/10d802aa739e832aedd2f3fd8544d878871eb22e6ca86fe9a548573e34a28f0e?s=96&d=mm&r=g","contentUrl":"https:\/\/secure.gravatar.com\/avatar\/10d802aa739e832aedd2f3fd8544d878871eb22e6ca86fe9a548573e34a28f0e?s=96&d=mm&r=g","caption":"InformanteMX"},"url":"https:\/\/informante.mx\/?author=1"}]}},"jetpack_featured_media_url":"","uagb_featured_image_src":{"full":false,"thumbnail":false,"medium":false,"medium_large":false,"large":false,"1536x1536":false,"2048x2048":false,"td_0x420":false,"td_0x420_retina":false,"td_80x60":false,"td_80x60_retina":false,"td_100x75":false,"td_100x75_retina":false,"td_180x135":false,"td_180x135_retina":false,"td_238x178":false,"td_238x178_retina":false,"td_265x198":false,"td_265x198_retina":false,"td_300x160":false,"td_300x160_retina":false,"td_300x194":false,"td_300x194_retina":false,"td_300x350":false,"td_300x350_retina":false,"td_341x220":false,"td_341x220_retina":false,"td_341x400":false,"td_341x400_retina":false,"td_511x400":false,"td_511x400_retina":false,"td_537x360":false,"td_537x360_retina":false,"td_640x0":false,"td_640x0_retina":false,"td_640x350":false,"td_640x350_retina":false,"td_681x0":false,"td_681x0_retina":false,"td_681x400":false,"td_681x400_retina":false,"td_741x486":false,"td_741x486_retina":false,"td_1021x580":false,"td_1021x580_retina":false},"uagb_author_info":{"display_name":"InformanteMX","author_link":"https:\/\/informante.mx\/?author=1"},"uagb_comment_info":0,"uagb_excerpt":"Denuncian al gobierno estatal por la irresponsabilidad de no ejecutar pol\u00edticas p\u00fablicas que transversalicen las acciones para mitigar el impacto del contagio","_links":{"self":[{"href":"https:\/\/informante.mx\/index.php?rest_route=\/wp\/v2\/posts\/13015","targetHints":{"allow":["GET"]}}],"collection":[{"href":"https:\/\/informante.mx\/index.php?rest_route=\/wp\/v2\/posts"}],"about":[{"href":"https:\/\/informante.mx\/index.php?rest_route=\/wp\/v2\/types\/post"}],"author":[{"embeddable":true,"href":"https:\/\/informante.mx\/index.php?rest_route=\/wp\/v2\/users\/1"}],"replies":[{"embeddable":true,"href":"https:\/\/informante.mx\/index.php?rest_route=%2Fwp%2Fv2%2Fcomments&post=13015"}],"version-history":[{"count":1,"href":"https:\/\/informante.mx\/index.php?rest_route=\/wp\/v2\/posts\/13015\/revisions"}],"predecessor-version":[{"id":13016,"href":"https:\/\/informante.mx\/index.php?rest_route=\/wp\/v2\/posts\/13015\/revisions\/13016"}],"wp:attachment":[{"href":"https:\/\/informante.mx\/index.php?rest_route=%2Fwp%2Fv2%2Fmedia&parent=13015"}],"wp:term":[{"taxonomy":"category","embeddable":true,"href":"https:\/\/informante.mx\/index.php?rest_route=%2Fwp%2Fv2%2Fcategories&post=13015"},{"taxonomy":"post_tag","embeddable":true,"href":"https:\/\/informante.mx\/index.php?rest_route=%2Fwp%2Fv2%2Ftags&post=13015"}],"curies":[{"name":"wp","href":"https:\/\/api.w.org\/{rel}","templated":true}]}}