{"id":11552,"date":"2020-02-20T09:14:20","date_gmt":"2020-02-20T15:14:20","guid":{"rendered":"http:\/\/informante.mx\/?p=11552"},"modified":"2020-02-20T09:14:20","modified_gmt":"2020-02-20T15:14:20","slug":"tia-de-mario-n-revela-como-y-por-que-mataron-a-fatima","status":"publish","type":"post","link":"https:\/\/informante.mx\/?p=11552","title":{"rendered":"T\u00eda de Mario \u2018N\u2019 revela c\u00f3mo y por qu\u00e9 mataron a F\u00e1tima"},"content":{"rendered":"\n<p>El pasado 15 de febrero, Mario y Giovana llegaron a un cuarto ubicado en el Ejido Tlazala en el municipio de Isidro Fabela en el Estado de M\u00e9xico para esconderse luego de haber asesinado a la ni\u00f1a F\u00e1tima.<\/p>\n\n\n\n<p>Irma Reyes Casta\u00f1eda, t\u00eda de Mario, narr\u00f3 que el pasado s\u00e1bado lleg\u00f3 la pareja despu\u00e9s de 16 a\u00f1os de no verlos, le preguntaron donde pod\u00edan rentar un cuarto. La t\u00eda les ofreci\u00f3 uno que se encontraba vac\u00edo desde hace dos a\u00f1os. Desde ese d\u00eda Mario, Giovana y sus tres hijos durmieron en el lugar.<\/p>\n\n\n\n<p>Este mi\u00e9rcoles por la ma\u00f1ana cuando la t\u00eda ve\u00eda la televisi\u00f3n se dio cuenta que la Fiscal\u00eda General de Justicia de la Ciudad de M\u00e9xico\u00a0buscaba a sus familiares por la muerte de la ni\u00f1a F\u00e1tima. La t\u00eda se acerc\u00f3 con Mario y Giovana para cuestionarlos sobre lo sucedido.<\/p>\n\n\n\n<p>\u00abEntraban al ba\u00f1o, les daba un taco, pero los ve\u00eda extra\u00f1os, \u00f3sea no hablaban, hasta cuando vi eso y fue cuando ya baj\u00e9 y les dije, no, ustedes me van a decir algo porque los estoy viendo en la tele, \u00bfqui\u00e9n mat\u00f3 a la ni\u00f1a?, fue cuando me dijeron \u2018queremos hablar con ustedes\u2019 y fue cuando subieron\u201d, dijo Irma Reyes Casta\u00f1eda, t\u00eda de Mario.<\/p>\n\n\n\n<h2 class=\"wp-block-heading\">Mario \u2018N\u2019 y Giovana \u2018N\u2019 confesaron el abuso y asesinato de F\u00e1tima<\/h2>\n\n\n\n<p>En ese momento, le confesaron que abusaron sexualmente de la ni\u00f1a y despu\u00e9s la asesinaron.<\/p>\n\n\n\n<p>\u00abQue hab\u00edan matado a la ni\u00f1a, yo les pregunt\u00e9 les dije, \u00bfhijos recibieron dinero?, \u00bffue por dinero? Se quedaron callados y dijo la chica, \u2018no fue por dinero\u2019 y dije entonces \u00bfqu\u00e9 fue?, \u00bfpor venganza hijos?, eso no se hace dios m\u00edo y me dijo la chica, ella no hablaba y les dije \u00bfqui\u00e9n fue quien la mat\u00f3? Y \u00e9l dijo, yo la agarr\u00e9 y ella le puso los cinturones\u201d, a\u00f1adi\u00f3 Irma Reyes Casta\u00f1eda, t\u00eda de Mario.<\/p>\n\n\n\n<p>La mujer tambi\u00e9n revel\u00f3 porque decidieron secuestrar a la ni\u00f1a F\u00e1tima y luego matarla.<\/p>\n\n\n\n<p>\u00abQue quer\u00eda una ni\u00f1a para hacerla su novia para toda la vida, quer\u00eda \u2018un regalito\u2019 si no iba agarrar a una de sus hijas y que no me iba dejar entrar hasta que no llegara yo con la ni\u00f1a y mis ni\u00f1as estaban con \u00e9l y yo fui por la ni\u00f1a \/ dijo \u2018es que cuando vimos que ya la andaban busc\u00e1ndola, la matamos&#8217;\u201d, acot\u00f3 Irma Reyes Casta\u00f1eda.<\/p>\n\n\n\n<p>Al t\u00e9rmino de la pl\u00e1tica, la t\u00eda decidi\u00f3 entregar a Mario y Giovana. Cuando salieron del domicilio llegaron los polic\u00edas ministeriales a detenerlos<a rel=\"noreferrer noopener\" href=\"https:\/\/noticieros.televisa.com\/ultimas-noticias\/detienen-estado-mexico-dos-presuntos-feminicidas-fatima\/\" target=\"_blank\">.<\/a><\/p>\n\n\n\n<figure class=\"wp-block-image\"><img decoding=\"async\" src=\"https:\/\/i0.wp.com\/noticieros.televisa.com\/wp-content\/uploads\/2020\/02\/tia-de-mario-revela-como-y-por-que-mataron-a-fatima.png?resize=657%2C451&amp;ssl=1\" alt=\"Foto: T\u00eda de Mario revela c\u00f3mo y por qu\u00e9 mataron a F\u00e1tima\"\/><\/figure>\n\n\n\n<p><em>T\u00eda de Mario revela c\u00f3mo y por qu\u00e9 mataron a F\u00e1tima. En la imagen, el cuarto que les rent\u00f3 Irma Reyes Casta\u00f1eda. <\/em><\/p>\n\n\n\n<p>Una vez que fueron detenidos y trasladados a la Fiscal\u00eda para su certificaci\u00f3n m\u00e9dica, los tres hijos de Mario y Giovana fueron dejados bajo custodia de la t\u00eda.<\/p>\n\n\n\n<p>La t\u00eda revel\u00f3 que minutos antes de que fueran detenidos, Giovana se le arrodill\u00f3 y le expres\u00f3 que el secuestro y asesinato de la ni\u00f1a F\u00e1tima lo hab\u00eda hecho por miedo ya que su esposo era muy violento con ella.<\/p>\n\n\n\n<p>A trav\u00e9s de un comunicado conjunto de las Fiscal\u00edas de la Ciudad de M\u00e9xico y del Estado de M\u00e9xico, se inform\u00f3 que la detenci\u00f3n de esta pareja se debi\u00f3 a la alerta que hizo un vecino sobre el probable paradero de los presuntos homicidas.<\/p>\n\n\n\n<p>Al momento de su captura Mario y Giovana le ofrecieron dinero a los polic\u00edas con el objeto de que se les permitiera retirarse del lugar, por esta situaci\u00f3n la Fiscal\u00eda del Estado de M\u00e9xico les abri\u00f3 una carpeta de investigaci\u00f3n por el delito de cohecho por lo que fueron presentados ante el Ministerio P\u00fablico de Atizapan de Zaragoza.<\/p>\n","protected":false},"excerpt":{"rendered":"<p>Irma Reyes Casta\u00f1eda, t\u00eda de Mario \u2018N\u2019, narra a Noticieros Televisa c\u00f3mo y por qu\u00e9 su sobrino y su pareja mataron a la menor<\/p>\n","protected":false},"author":1,"featured_media":0,"comment_status":"open","ping_status":"closed","sticky":false,"template":"","format":"standard","meta":{"_uag_custom_page_level_css":"","jetpack_post_was_ever_published":false,"footnotes":""},"categories":[9],"tags":[],"class_list":["post-11552","post","type-post","status-publish","format-standard","hentry","category-nacional"],"yoast_head":"<!-- This site is optimized with the Yoast SEO plugin v27.3 - https:\/\/yoast.com\/product\/yoast-seo-wordpress\/ -->\n<title>T\u00eda de Mario \u2018N\u2019 revela c\u00f3mo y por qu\u00e9 mataron a F\u00e1tima - Informante.mx<\/title>\n<meta name=\"robots\" content=\"index, follow, max-snippet:-1, max-image-preview:large, max-video-preview:-1\" \/>\n<link rel=\"canonical\" href=\"https:\/\/informante.mx\/?p=11552\" \/>\n<meta property=\"og:locale\" content=\"es_ES\" \/>\n<meta property=\"og:type\" content=\"article\" \/>\n<meta property=\"og:title\" content=\"T\u00eda de Mario \u2018N\u2019 revela c\u00f3mo y por qu\u00e9 mataron a F\u00e1tima - Informante.mx\" \/>\n<meta property=\"og:description\" content=\"Irma Reyes Casta\u00f1eda, t\u00eda de Mario \u2018N\u2019, narra a Noticieros Televisa c\u00f3mo y por qu\u00e9 su sobrino y su pareja mataron a la menor\" \/>\n<meta property=\"og:url\" content=\"https:\/\/informante.mx\/?p=11552\" \/>\n<meta property=\"og:site_name\" content=\"Informante.mx\" \/>\n<meta property=\"article:publisher\" content=\"https:\/\/www.facebook.com\/MX.Informante\" \/>\n<meta property=\"article:published_time\" content=\"2020-02-20T15:14:20+00:00\" \/>\n<meta property=\"og:image\" content=\"https:\/\/i0.wp.com\/informante.mx\/wp-content\/uploads\/2020\/02\/tia.jpg?fit=1090%2C609&ssl=1\" \/>\n\t<meta property=\"og:image:width\" content=\"1090\" \/>\n\t<meta property=\"og:image:height\" content=\"609\" \/>\n\t<meta property=\"og:image:type\" content=\"image\/jpeg\" \/>\n<meta name=\"author\" content=\"InformanteMX\" \/>\n<meta name=\"twitter:card\" content=\"summary_large_image\" \/>\n<meta name=\"twitter:creator\" content=\"@mx_informante\" \/>\n<meta name=\"twitter:site\" content=\"@mx_informante\" \/>\n<meta name=\"twitter:label1\" content=\"Escrito por\" \/>\n\t<meta name=\"twitter:data1\" content=\"InformanteMX\" \/>\n\t<meta name=\"twitter:label2\" content=\"Tiempo de lectura\" \/>\n\t<meta name=\"twitter:data2\" content=\"3 minutos\" \/>\n<script type=\"application\/ld+json\" class=\"yoast-schema-graph\">{\"@context\":\"https:\\\/\\\/schema.org\",\"@graph\":[{\"@type\":\"NewsArticle\",\"@id\":\"https:\\\/\\\/informante.mx\\\/?p=11552#article\",\"isPartOf\":{\"@id\":\"https:\\\/\\\/informante.mx\\\/?p=11552\"},\"author\":{\"name\":\"InformanteMX\",\"@id\":\"https:\\\/\\\/informante.mx\\\/#\\\/schema\\\/person\\\/3eff91989d2ea76b0a330b416325946c\"},\"headline\":\"T\u00eda de Mario \u2018N\u2019 revela c\u00f3mo y por qu\u00e9 mataron a F\u00e1tima\",\"datePublished\":\"2020-02-20T15:14:20+00:00\",\"mainEntityOfPage\":{\"@id\":\"https:\\\/\\\/informante.mx\\\/?p=11552\"},\"wordCount\":696,\"commentCount\":0,\"publisher\":{\"@id\":\"https:\\\/\\\/informante.mx\\\/#organization\"},\"image\":{\"@id\":\"https:\\\/\\\/informante.mx\\\/?p=11552#primaryimage\"},\"thumbnailUrl\":\"https:\\\/\\\/i0.wp.com\\\/noticieros.televisa.com\\\/wp-content\\\/uploads\\\/2020\\\/02\\\/tia-de-mario-revela-como-y-por-que-mataron-a-fatima.png?resize=657%2C451&amp;ssl=1\",\"articleSection\":[\"Nacional\"],\"inLanguage\":\"es\",\"potentialAction\":[{\"@type\":\"CommentAction\",\"name\":\"Comment\",\"target\":[\"https:\\\/\\\/informante.mx\\\/?p=11552#respond\"]}]},{\"@type\":\"WebPage\",\"@id\":\"https:\\\/\\\/informante.mx\\\/?p=11552\",\"url\":\"https:\\\/\\\/informante.mx\\\/?p=11552\",\"name\":\"T\u00eda de Mario \u2018N\u2019 revela c\u00f3mo y por qu\u00e9 mataron a F\u00e1tima - Informante.mx\",\"isPartOf\":{\"@id\":\"https:\\\/\\\/informante.mx\\\/#website\"},\"primaryImageOfPage\":{\"@id\":\"https:\\\/\\\/informante.mx\\\/?p=11552#primaryimage\"},\"image\":{\"@id\":\"https:\\\/\\\/informante.mx\\\/?p=11552#primaryimage\"},\"thumbnailUrl\":\"https:\\\/\\\/i0.wp.com\\\/noticieros.televisa.com\\\/wp-content\\\/uploads\\\/2020\\\/02\\\/tia-de-mario-revela-como-y-por-que-mataron-a-fatima.png?resize=657%2C451&amp;ssl=1\",\"datePublished\":\"2020-02-20T15:14:20+00:00\",\"breadcrumb\":{\"@id\":\"https:\\\/\\\/informante.mx\\\/?p=11552#breadcrumb\"},\"inLanguage\":\"es\",\"potentialAction\":[{\"@type\":\"ReadAction\",\"target\":[\"https:\\\/\\\/informante.mx\\\/?p=11552\"]}]},{\"@type\":\"ImageObject\",\"inLanguage\":\"es\",\"@id\":\"https:\\\/\\\/informante.mx\\\/?p=11552#primaryimage\",\"url\":\"https:\\\/\\\/i0.wp.com\\\/noticieros.televisa.com\\\/wp-content\\\/uploads\\\/2020\\\/02\\\/tia-de-mario-revela-como-y-por-que-mataron-a-fatima.png?resize=657%2C451&amp;ssl=1\",\"contentUrl\":\"https:\\\/\\\/i0.wp.com\\\/noticieros.televisa.com\\\/wp-content\\\/uploads\\\/2020\\\/02\\\/tia-de-mario-revela-como-y-por-que-mataron-a-fatima.png?resize=657%2C451&amp;ssl=1\"},{\"@type\":\"BreadcrumbList\",\"@id\":\"https:\\\/\\\/informante.mx\\\/?p=11552#breadcrumb\",\"itemListElement\":[{\"@type\":\"ListItem\",\"position\":1,\"name\":\"Portada\",\"item\":\"https:\\\/\\\/informante.mx\\\/\"},{\"@type\":\"ListItem\",\"position\":2,\"name\":\"T\u00eda de Mario \u2018N\u2019 revela c\u00f3mo y por qu\u00e9 mataron a F\u00e1tima\"}]},{\"@type\":\"WebSite\",\"@id\":\"https:\\\/\\\/informante.mx\\\/#website\",\"url\":\"https:\\\/\\\/informante.mx\\\/\",\"name\":\"Informante.mx\",\"description\":\"\",\"publisher\":{\"@id\":\"https:\\\/\\\/informante.mx\\\/#organization\"},\"potentialAction\":[{\"@type\":\"SearchAction\",\"target\":{\"@type\":\"EntryPoint\",\"urlTemplate\":\"https:\\\/\\\/informante.mx\\\/?s={search_term_string}\"},\"query-input\":{\"@type\":\"PropertyValueSpecification\",\"valueRequired\":true,\"valueName\":\"search_term_string\"}}],\"inLanguage\":\"es\"},{\"@type\":\"Organization\",\"@id\":\"https:\\\/\\\/informante.mx\\\/#organization\",\"name\":\"Informante.mx\",\"url\":\"https:\\\/\\\/informante.mx\\\/\",\"logo\":{\"@type\":\"ImageObject\",\"inLanguage\":\"es\",\"@id\":\"https:\\\/\\\/informante.mx\\\/#\\\/schema\\\/logo\\\/image\\\/\",\"url\":\"https:\\\/\\\/informante.mx\\\/wp-content\\\/uploads\\\/2019\\\/12\\\/cropped-LOGO-Verde-Apaisado-1024x360O-1.png\",\"contentUrl\":\"https:\\\/\\\/informante.mx\\\/wp-content\\\/uploads\\\/2019\\\/12\\\/cropped-LOGO-Verde-Apaisado-1024x360O-1.png\",\"width\":923,\"height\":180,\"caption\":\"Informante.mx\"},\"image\":{\"@id\":\"https:\\\/\\\/informante.mx\\\/#\\\/schema\\\/logo\\\/image\\\/\"},\"sameAs\":[\"https:\\\/\\\/www.facebook.com\\\/MX.Informante\",\"https:\\\/\\\/x.com\\\/mx_informante\"]},{\"@type\":\"Person\",\"@id\":\"https:\\\/\\\/informante.mx\\\/#\\\/schema\\\/person\\\/3eff91989d2ea76b0a330b416325946c\",\"name\":\"InformanteMX\",\"image\":{\"@type\":\"ImageObject\",\"inLanguage\":\"es\",\"@id\":\"https:\\\/\\\/secure.gravatar.com\\\/avatar\\\/10d802aa739e832aedd2f3fd8544d878871eb22e6ca86fe9a548573e34a28f0e?s=96&d=mm&r=g\",\"url\":\"https:\\\/\\\/secure.gravatar.com\\\/avatar\\\/10d802aa739e832aedd2f3fd8544d878871eb22e6ca86fe9a548573e34a28f0e?s=96&d=mm&r=g\",\"contentUrl\":\"https:\\\/\\\/secure.gravatar.com\\\/avatar\\\/10d802aa739e832aedd2f3fd8544d878871eb22e6ca86fe9a548573e34a28f0e?s=96&d=mm&r=g\",\"caption\":\"InformanteMX\"},\"url\":\"https:\\\/\\\/informante.mx\\\/?author=1\"}]}<\/script>\n<!-- \/ Yoast SEO plugin. -->","yoast_head_json":{"title":"T\u00eda de Mario \u2018N\u2019 revela c\u00f3mo y por qu\u00e9 mataron a F\u00e1tima - Informante.mx","robots":{"index":"index","follow":"follow","max-snippet":"max-snippet:-1","max-image-preview":"max-image-preview:large","max-video-preview":"max-video-preview:-1"},"canonical":"https:\/\/informante.mx\/?p=11552","og_locale":"es_ES","og_type":"article","og_title":"T\u00eda de Mario \u2018N\u2019 revela c\u00f3mo y por qu\u00e9 mataron a F\u00e1tima - Informante.mx","og_description":"Irma Reyes Casta\u00f1eda, t\u00eda de Mario \u2018N\u2019, narra a Noticieros Televisa c\u00f3mo y por qu\u00e9 su sobrino y su pareja mataron a la menor","og_url":"https:\/\/informante.mx\/?p=11552","og_site_name":"Informante.mx","article_publisher":"https:\/\/www.facebook.com\/MX.Informante","article_published_time":"2020-02-20T15:14:20+00:00","og_image":[{"width":1090,"height":609,"url":"https:\/\/i0.wp.com\/informante.mx\/wp-content\/uploads\/2020\/02\/tia.jpg?fit=1090%2C609&ssl=1","type":"image\/jpeg"}],"author":"InformanteMX","twitter_card":"summary_large_image","twitter_creator":"@mx_informante","twitter_site":"@mx_informante","twitter_misc":{"Escrito por":"InformanteMX","Tiempo de lectura":"3 minutos"},"schema":{"@context":"https:\/\/schema.org","@graph":[{"@type":"NewsArticle","@id":"https:\/\/informante.mx\/?p=11552#article","isPartOf":{"@id":"https:\/\/informante.mx\/?p=11552"},"author":{"name":"InformanteMX","@id":"https:\/\/informante.mx\/#\/schema\/person\/3eff91989d2ea76b0a330b416325946c"},"headline":"T\u00eda de Mario \u2018N\u2019 revela c\u00f3mo y por qu\u00e9 mataron a F\u00e1tima","datePublished":"2020-02-20T15:14:20+00:00","mainEntityOfPage":{"@id":"https:\/\/informante.mx\/?p=11552"},"wordCount":696,"commentCount":0,"publisher":{"@id":"https:\/\/informante.mx\/#organization"},"image":{"@id":"https:\/\/informante.mx\/?p=11552#primaryimage"},"thumbnailUrl":"https:\/\/i0.wp.com\/noticieros.televisa.com\/wp-content\/uploads\/2020\/02\/tia-de-mario-revela-como-y-por-que-mataron-a-fatima.png?resize=657%2C451&amp;ssl=1","articleSection":["Nacional"],"inLanguage":"es","potentialAction":[{"@type":"CommentAction","name":"Comment","target":["https:\/\/informante.mx\/?p=11552#respond"]}]},{"@type":"WebPage","@id":"https:\/\/informante.mx\/?p=11552","url":"https:\/\/informante.mx\/?p=11552","name":"T\u00eda de Mario \u2018N\u2019 revela c\u00f3mo y por qu\u00e9 mataron a F\u00e1tima - Informante.mx","isPartOf":{"@id":"https:\/\/informante.mx\/#website"},"primaryImageOfPage":{"@id":"https:\/\/informante.mx\/?p=11552#primaryimage"},"image":{"@id":"https:\/\/informante.mx\/?p=11552#primaryimage"},"thumbnailUrl":"https:\/\/i0.wp.com\/noticieros.televisa.com\/wp-content\/uploads\/2020\/02\/tia-de-mario-revela-como-y-por-que-mataron-a-fatima.png?resize=657%2C451&amp;ssl=1","datePublished":"2020-02-20T15:14:20+00:00","breadcrumb":{"@id":"https:\/\/informante.mx\/?p=11552#breadcrumb"},"inLanguage":"es","potentialAction":[{"@type":"ReadAction","target":["https:\/\/informante.mx\/?p=11552"]}]},{"@type":"ImageObject","inLanguage":"es","@id":"https:\/\/informante.mx\/?p=11552#primaryimage","url":"https:\/\/i0.wp.com\/noticieros.televisa.com\/wp-content\/uploads\/2020\/02\/tia-de-mario-revela-como-y-por-que-mataron-a-fatima.png?resize=657%2C451&amp;ssl=1","contentUrl":"https:\/\/i0.wp.com\/noticieros.televisa.com\/wp-content\/uploads\/2020\/02\/tia-de-mario-revela-como-y-por-que-mataron-a-fatima.png?resize=657%2C451&amp;ssl=1"},{"@type":"BreadcrumbList","@id":"https:\/\/informante.mx\/?p=11552#breadcrumb","itemListElement":[{"@type":"ListItem","position":1,"name":"Portada","item":"https:\/\/informante.mx\/"},{"@type":"ListItem","position":2,"name":"T\u00eda de Mario \u2018N\u2019 revela c\u00f3mo y por qu\u00e9 mataron a F\u00e1tima"}]},{"@type":"WebSite","@id":"https:\/\/informante.mx\/#website","url":"https:\/\/informante.mx\/","name":"Informante.mx","description":"","publisher":{"@id":"https:\/\/informante.mx\/#organization"},"potentialAction":[{"@type":"SearchAction","target":{"@type":"EntryPoint","urlTemplate":"https:\/\/informante.mx\/?s={search_term_string}"},"query-input":{"@type":"PropertyValueSpecification","valueRequired":true,"valueName":"search_term_string"}}],"inLanguage":"es"},{"@type":"Organization","@id":"https:\/\/informante.mx\/#organization","name":"Informante.mx","url":"https:\/\/informante.mx\/","logo":{"@type":"ImageObject","inLanguage":"es","@id":"https:\/\/informante.mx\/#\/schema\/logo\/image\/","url":"https:\/\/informante.mx\/wp-content\/uploads\/2019\/12\/cropped-LOGO-Verde-Apaisado-1024x360O-1.png","contentUrl":"https:\/\/informante.mx\/wp-content\/uploads\/2019\/12\/cropped-LOGO-Verde-Apaisado-1024x360O-1.png","width":923,"height":180,"caption":"Informante.mx"},"image":{"@id":"https:\/\/informante.mx\/#\/schema\/logo\/image\/"},"sameAs":["https:\/\/www.facebook.com\/MX.Informante","https:\/\/x.com\/mx_informante"]},{"@type":"Person","@id":"https:\/\/informante.mx\/#\/schema\/person\/3eff91989d2ea76b0a330b416325946c","name":"InformanteMX","image":{"@type":"ImageObject","inLanguage":"es","@id":"https:\/\/secure.gravatar.com\/avatar\/10d802aa739e832aedd2f3fd8544d878871eb22e6ca86fe9a548573e34a28f0e?s=96&d=mm&r=g","url":"https:\/\/secure.gravatar.com\/avatar\/10d802aa739e832aedd2f3fd8544d878871eb22e6ca86fe9a548573e34a28f0e?s=96&d=mm&r=g","contentUrl":"https:\/\/secure.gravatar.com\/avatar\/10d802aa739e832aedd2f3fd8544d878871eb22e6ca86fe9a548573e34a28f0e?s=96&d=mm&r=g","caption":"InformanteMX"},"url":"https:\/\/informante.mx\/?author=1"}]}},"jetpack_featured_media_url":"","uagb_featured_image_src":{"full":false,"thumbnail":false,"medium":false,"medium_large":false,"large":false,"1536x1536":false,"2048x2048":false,"td_0x420":false,"td_0x420_retina":false,"td_80x60":false,"td_80x60_retina":false,"td_100x75":false,"td_100x75_retina":false,"td_180x135":false,"td_180x135_retina":false,"td_238x178":false,"td_238x178_retina":false,"td_265x198":false,"td_265x198_retina":false,"td_300x160":false,"td_300x160_retina":false,"td_300x194":false,"td_300x194_retina":false,"td_300x350":false,"td_300x350_retina":false,"td_341x220":false,"td_341x220_retina":false,"td_341x400":false,"td_341x400_retina":false,"td_511x400":false,"td_511x400_retina":false,"td_537x360":false,"td_537x360_retina":false,"td_640x0":false,"td_640x0_retina":false,"td_640x350":false,"td_640x350_retina":false,"td_681x0":false,"td_681x0_retina":false,"td_681x400":false,"td_681x400_retina":false,"td_741x486":false,"td_741x486_retina":false,"td_1021x580":false,"td_1021x580_retina":false},"uagb_author_info":{"display_name":"InformanteMX","author_link":"https:\/\/informante.mx\/?author=1"},"uagb_comment_info":0,"uagb_excerpt":"Irma Reyes Casta\u00f1eda, t\u00eda de Mario \u2018N\u2019, narra a Noticieros Televisa c\u00f3mo y por qu\u00e9 su sobrino y su pareja mataron a la menor","_links":{"self":[{"href":"https:\/\/informante.mx\/index.php?rest_route=\/wp\/v2\/posts\/11552","targetHints":{"allow":["GET"]}}],"collection":[{"href":"https:\/\/informante.mx\/index.php?rest_route=\/wp\/v2\/posts"}],"about":[{"href":"https:\/\/informante.mx\/index.php?rest_route=\/wp\/v2\/types\/post"}],"author":[{"embeddable":true,"href":"https:\/\/informante.mx\/index.php?rest_route=\/wp\/v2\/users\/1"}],"replies":[{"embeddable":true,"href":"https:\/\/informante.mx\/index.php?rest_route=%2Fwp%2Fv2%2Fcomments&post=11552"}],"version-history":[{"count":1,"href":"https:\/\/informante.mx\/index.php?rest_route=\/wp\/v2\/posts\/11552\/revisions"}],"predecessor-version":[{"id":11554,"href":"https:\/\/informante.mx\/index.php?rest_route=\/wp\/v2\/posts\/11552\/revisions\/11554"}],"wp:attachment":[{"href":"https:\/\/informante.mx\/index.php?rest_route=%2Fwp%2Fv2%2Fmedia&parent=11552"}],"wp:term":[{"taxonomy":"category","embeddable":true,"href":"https:\/\/informante.mx\/index.php?rest_route=%2Fwp%2Fv2%2Fcategories&post=11552"},{"taxonomy":"post_tag","embeddable":true,"href":"https:\/\/informante.mx\/index.php?rest_route=%2Fwp%2Fv2%2Ftags&post=11552"}],"curies":[{"name":"wp","href":"https:\/\/api.w.org\/{rel}","templated":true}]}}