{"id":10430,"date":"2020-01-28T13:12:08","date_gmt":"2020-01-28T19:12:08","guid":{"rendered":"http:\/\/informante.mx\/?p=10430"},"modified":"2020-01-28T13:12:08","modified_gmt":"2020-01-28T19:12:08","slug":"a-los-malos-resultados-de-morena-respondemos-con-propuestas-y-trabajo-pan-veracruz","status":"publish","type":"post","link":"https:\/\/informante.mx\/?p=10430","title":{"rendered":"A los malos resultados de MORENA respondemos con propuestas y trabajo: PAN Veracruz"},"content":{"rendered":"\n<p>En conferencia de prensa del Comit\u00e9 Directivo Estatal del PAN en Veracruz,\ndonde estuvo presente el Presidente del CDE, Joaqu\u00edn Guzm\u00e1n Avil\u00e9s; el\nDiputado federal Ricardo Garc\u00eda Escalante, Coordinador de los diputados\nfederales del Estado de Veracruz, anunci\u00f3 la estrategia de trabajo de los\ndiputados federales del PAN para contrarrestar las crisis provocadas por los\nmalos gobiernos de MORENA.\n<\/p>\n\n\n\n<p>El legislador inform\u00f3 que, para el segundo periodo del segundo a\u00f1o de\nejercicio constitucional en el Congreso federal, y bajo la directriz del\nPresidente Nacional Marko Cort\u00e9s, y el Presidente Estatal, Joaqu\u00edn Guzm\u00e1n,\nel grupo legislativo accionar\u00e1 bajo cinco ejes de trabajo:\n<\/p>\n\n\n\n<ul class=\"wp-block-list\"><li> \uf0b7 \u00a0Impulso al crecimiento en beneficio de la econom\u00eda familiar <\/li><li> \uf0b7 \u00a0Seguridad y estado de derecho <\/li><li> \uf0b7 \u00a0Defensa de derechos sociales <\/li><li> \uf0b7 \u00a0Instituciones democr\u00e1ticas <\/li><li> \uf0b7 \u00a0M\u00e9xico sustentable . <\/li><\/ul>\n\n\n\n<p>Sobre estos ejes se presentar\u00e1n propuestas en relaci\u00f3n a la eliminaci\u00f3n del impuesto a la gasolina (IEPS), la regulaci\u00f3n de tarifas el\u00e9ctricas, la generaci\u00f3n de empleos, el apoyo a emprendedores, cr\u00e9ditos para el campo, impulso al turismo e incentivos para el crecimiento econ\u00f3mico, abund\u00f3 el legislador. <\/p>\n\n\n\n<p>El diputado federal record\u00f3 que las y los diputados del PAN tienen un compromiso con M\u00e9xico, para generar mejores condiciones de vida y garantizar que no se vulneren sus derechos. <\/p>\n\n\n\n<p>Por esa raz\u00f3n, el grupo legislativo del PAN en el Congreso federal ha promovido iniciativas que ayuden a mejorar la econom\u00eda familiar, el fomento a la inversi\u00f3n y el crecimiento econ\u00f3mico, la atenci\u00f3n a la pobreza y la desigualdad<\/p>\n\n\n\n<p>Adem\u00e1s, ha respaldado el trabajo legislativo para que, en el \u00faltimo periodo de sesiones, el Pleno de la C\u00e1mara pudiera aprobar 8 nuevas leyes, 6 reformas constitucionales, 63 reformas a leyes existentes y 12 decretos, haciendo un total de 89 dict\u00e1menes votados. <\/p>\n\n\n\n<p>Ricardo Garc\u00eda asegur\u00f3 que el trabajo continuar\u00e1 en ese sentido, donde\ndiputados y diputadas del PAN estar\u00e1n haciendo propuestas responsables\nque responden a las necesidades de la poblaci\u00f3n.\n<\/p>\n\n\n\n<p>\u201cQueremos un mejor Veracruz y un mejor M\u00e9xico, por eso seguimos\ntrabajando y dando resultados. En Acci\u00f3n Nacional seguimos sumando por\nun mejor pa\u00eds porque queremos retomar la grandeza de Veracruz\u201d\nconcluy\u00f3.\n<\/p>\n","protected":false},"excerpt":{"rendered":"<p>El grupo legislativo del PAN en el Congreso federal ha promovido iniciativas que ayuden a mejorar la econom\u00eda familiar, el fomento a la inversi\u00f3n y el crecimiento econ\u00f3mico, la atenci\u00f3n a la pobreza y la desigualdad<\/p>\n","protected":false},"author":1,"featured_media":0,"comment_status":"open","ping_status":"closed","sticky":false,"template":"","format":"standard","meta":{"_uag_custom_page_level_css":"","jetpack_post_was_ever_published":false,"footnotes":""},"categories":[4],"tags":[],"class_list":["post-10430","post","type-post","status-publish","format-standard","hentry","category-estatal"],"yoast_head":"<!-- This site is optimized with the Yoast SEO plugin v27.3 - https:\/\/yoast.com\/product\/yoast-seo-wordpress\/ -->\n<title>A los malos resultados de MORENA respondemos con propuestas y trabajo: PAN Veracruz - Informante.mx<\/title>\n<meta name=\"robots\" content=\"index, follow, max-snippet:-1, max-image-preview:large, max-video-preview:-1\" \/>\n<link rel=\"canonical\" href=\"https:\/\/informante.mx\/?p=10430\" \/>\n<meta property=\"og:locale\" content=\"es_ES\" \/>\n<meta property=\"og:type\" content=\"article\" \/>\n<meta property=\"og:title\" content=\"A los malos resultados de MORENA respondemos con propuestas y trabajo: PAN Veracruz - Informante.mx\" \/>\n<meta property=\"og:description\" content=\"El grupo legislativo del PAN en el Congreso federal ha promovido iniciativas que ayuden a mejorar la econom\u00eda familiar, el fomento a la inversi\u00f3n y el crecimiento econ\u00f3mico, la atenci\u00f3n a la pobreza y la desigualdad\" \/>\n<meta property=\"og:url\" content=\"https:\/\/informante.mx\/?p=10430\" \/>\n<meta property=\"og:site_name\" content=\"Informante.mx\" \/>\n<meta property=\"article:publisher\" content=\"https:\/\/www.facebook.com\/MX.Informante\" \/>\n<meta property=\"article:published_time\" content=\"2020-01-28T19:12:08+00:00\" \/>\n<meta property=\"og:image\" content=\"https:\/\/i0.wp.com\/informante.mx\/wp-content\/uploads\/2020\/01\/RIC.jpeg?fit=1280%2C853&ssl=1\" \/>\n\t<meta property=\"og:image:width\" content=\"1280\" \/>\n\t<meta property=\"og:image:height\" content=\"853\" \/>\n\t<meta property=\"og:image:type\" content=\"image\/jpeg\" \/>\n<meta name=\"author\" content=\"InformanteMX\" \/>\n<meta name=\"twitter:card\" content=\"summary_large_image\" \/>\n<meta name=\"twitter:creator\" content=\"@mx_informante\" \/>\n<meta name=\"twitter:site\" content=\"@mx_informante\" \/>\n<meta name=\"twitter:label1\" content=\"Escrito por\" \/>\n\t<meta name=\"twitter:data1\" content=\"InformanteMX\" \/>\n\t<meta name=\"twitter:label2\" content=\"Tiempo de lectura\" \/>\n\t<meta name=\"twitter:data2\" content=\"2 minutos\" \/>\n<script type=\"application\/ld+json\" class=\"yoast-schema-graph\">{\"@context\":\"https:\\\/\\\/schema.org\",\"@graph\":[{\"@type\":\"NewsArticle\",\"@id\":\"https:\\\/\\\/informante.mx\\\/?p=10430#article\",\"isPartOf\":{\"@id\":\"https:\\\/\\\/informante.mx\\\/?p=10430\"},\"author\":{\"name\":\"InformanteMX\",\"@id\":\"https:\\\/\\\/informante.mx\\\/#\\\/schema\\\/person\\\/3eff91989d2ea76b0a330b416325946c\"},\"headline\":\"A los malos resultados de MORENA respondemos con propuestas y trabajo: PAN Veracruz\",\"datePublished\":\"2020-01-28T19:12:08+00:00\",\"mainEntityOfPage\":{\"@id\":\"https:\\\/\\\/informante.mx\\\/?p=10430\"},\"wordCount\":382,\"commentCount\":0,\"publisher\":{\"@id\":\"https:\\\/\\\/informante.mx\\\/#organization\"},\"articleSection\":[\"Estatal\"],\"inLanguage\":\"es\",\"potentialAction\":[{\"@type\":\"CommentAction\",\"name\":\"Comment\",\"target\":[\"https:\\\/\\\/informante.mx\\\/?p=10430#respond\"]}]},{\"@type\":\"WebPage\",\"@id\":\"https:\\\/\\\/informante.mx\\\/?p=10430\",\"url\":\"https:\\\/\\\/informante.mx\\\/?p=10430\",\"name\":\"A los malos resultados de MORENA respondemos con propuestas y trabajo: PAN Veracruz - Informante.mx\",\"isPartOf\":{\"@id\":\"https:\\\/\\\/informante.mx\\\/#website\"},\"datePublished\":\"2020-01-28T19:12:08+00:00\",\"breadcrumb\":{\"@id\":\"https:\\\/\\\/informante.mx\\\/?p=10430#breadcrumb\"},\"inLanguage\":\"es\",\"potentialAction\":[{\"@type\":\"ReadAction\",\"target\":[\"https:\\\/\\\/informante.mx\\\/?p=10430\"]}]},{\"@type\":\"BreadcrumbList\",\"@id\":\"https:\\\/\\\/informante.mx\\\/?p=10430#breadcrumb\",\"itemListElement\":[{\"@type\":\"ListItem\",\"position\":1,\"name\":\"Portada\",\"item\":\"https:\\\/\\\/informante.mx\\\/\"},{\"@type\":\"ListItem\",\"position\":2,\"name\":\"A los malos resultados de MORENA respondemos con propuestas y trabajo: PAN Veracruz\"}]},{\"@type\":\"WebSite\",\"@id\":\"https:\\\/\\\/informante.mx\\\/#website\",\"url\":\"https:\\\/\\\/informante.mx\\\/\",\"name\":\"Informante.mx\",\"description\":\"\",\"publisher\":{\"@id\":\"https:\\\/\\\/informante.mx\\\/#organization\"},\"potentialAction\":[{\"@type\":\"SearchAction\",\"target\":{\"@type\":\"EntryPoint\",\"urlTemplate\":\"https:\\\/\\\/informante.mx\\\/?s={search_term_string}\"},\"query-input\":{\"@type\":\"PropertyValueSpecification\",\"valueRequired\":true,\"valueName\":\"search_term_string\"}}],\"inLanguage\":\"es\"},{\"@type\":\"Organization\",\"@id\":\"https:\\\/\\\/informante.mx\\\/#organization\",\"name\":\"Informante.mx\",\"url\":\"https:\\\/\\\/informante.mx\\\/\",\"logo\":{\"@type\":\"ImageObject\",\"inLanguage\":\"es\",\"@id\":\"https:\\\/\\\/informante.mx\\\/#\\\/schema\\\/logo\\\/image\\\/\",\"url\":\"https:\\\/\\\/informante.mx\\\/wp-content\\\/uploads\\\/2019\\\/12\\\/cropped-LOGO-Verde-Apaisado-1024x360O-1.png\",\"contentUrl\":\"https:\\\/\\\/informante.mx\\\/wp-content\\\/uploads\\\/2019\\\/12\\\/cropped-LOGO-Verde-Apaisado-1024x360O-1.png\",\"width\":923,\"height\":180,\"caption\":\"Informante.mx\"},\"image\":{\"@id\":\"https:\\\/\\\/informante.mx\\\/#\\\/schema\\\/logo\\\/image\\\/\"},\"sameAs\":[\"https:\\\/\\\/www.facebook.com\\\/MX.Informante\",\"https:\\\/\\\/x.com\\\/mx_informante\"]},{\"@type\":\"Person\",\"@id\":\"https:\\\/\\\/informante.mx\\\/#\\\/schema\\\/person\\\/3eff91989d2ea76b0a330b416325946c\",\"name\":\"InformanteMX\",\"image\":{\"@type\":\"ImageObject\",\"inLanguage\":\"es\",\"@id\":\"https:\\\/\\\/secure.gravatar.com\\\/avatar\\\/10d802aa739e832aedd2f3fd8544d878871eb22e6ca86fe9a548573e34a28f0e?s=96&d=mm&r=g\",\"url\":\"https:\\\/\\\/secure.gravatar.com\\\/avatar\\\/10d802aa739e832aedd2f3fd8544d878871eb22e6ca86fe9a548573e34a28f0e?s=96&d=mm&r=g\",\"contentUrl\":\"https:\\\/\\\/secure.gravatar.com\\\/avatar\\\/10d802aa739e832aedd2f3fd8544d878871eb22e6ca86fe9a548573e34a28f0e?s=96&d=mm&r=g\",\"caption\":\"InformanteMX\"},\"url\":\"https:\\\/\\\/informante.mx\\\/?author=1\"}]}<\/script>\n<!-- \/ Yoast SEO plugin. -->","yoast_head_json":{"title":"A los malos resultados de MORENA respondemos con propuestas y trabajo: PAN Veracruz - Informante.mx","robots":{"index":"index","follow":"follow","max-snippet":"max-snippet:-1","max-image-preview":"max-image-preview:large","max-video-preview":"max-video-preview:-1"},"canonical":"https:\/\/informante.mx\/?p=10430","og_locale":"es_ES","og_type":"article","og_title":"A los malos resultados de MORENA respondemos con propuestas y trabajo: PAN Veracruz - Informante.mx","og_description":"El grupo legislativo del PAN en el Congreso federal ha promovido iniciativas que ayuden a mejorar la econom\u00eda familiar, el fomento a la inversi\u00f3n y el crecimiento econ\u00f3mico, la atenci\u00f3n a la pobreza y la desigualdad","og_url":"https:\/\/informante.mx\/?p=10430","og_site_name":"Informante.mx","article_publisher":"https:\/\/www.facebook.com\/MX.Informante","article_published_time":"2020-01-28T19:12:08+00:00","og_image":[{"width":1280,"height":853,"url":"https:\/\/i0.wp.com\/informante.mx\/wp-content\/uploads\/2020\/01\/RIC.jpeg?fit=1280%2C853&ssl=1","type":"image\/jpeg"}],"author":"InformanteMX","twitter_card":"summary_large_image","twitter_creator":"@mx_informante","twitter_site":"@mx_informante","twitter_misc":{"Escrito por":"InformanteMX","Tiempo de lectura":"2 minutos"},"schema":{"@context":"https:\/\/schema.org","@graph":[{"@type":"NewsArticle","@id":"https:\/\/informante.mx\/?p=10430#article","isPartOf":{"@id":"https:\/\/informante.mx\/?p=10430"},"author":{"name":"InformanteMX","@id":"https:\/\/informante.mx\/#\/schema\/person\/3eff91989d2ea76b0a330b416325946c"},"headline":"A los malos resultados de MORENA respondemos con propuestas y trabajo: PAN Veracruz","datePublished":"2020-01-28T19:12:08+00:00","mainEntityOfPage":{"@id":"https:\/\/informante.mx\/?p=10430"},"wordCount":382,"commentCount":0,"publisher":{"@id":"https:\/\/informante.mx\/#organization"},"articleSection":["Estatal"],"inLanguage":"es","potentialAction":[{"@type":"CommentAction","name":"Comment","target":["https:\/\/informante.mx\/?p=10430#respond"]}]},{"@type":"WebPage","@id":"https:\/\/informante.mx\/?p=10430","url":"https:\/\/informante.mx\/?p=10430","name":"A los malos resultados de MORENA respondemos con propuestas y trabajo: PAN Veracruz - Informante.mx","isPartOf":{"@id":"https:\/\/informante.mx\/#website"},"datePublished":"2020-01-28T19:12:08+00:00","breadcrumb":{"@id":"https:\/\/informante.mx\/?p=10430#breadcrumb"},"inLanguage":"es","potentialAction":[{"@type":"ReadAction","target":["https:\/\/informante.mx\/?p=10430"]}]},{"@type":"BreadcrumbList","@id":"https:\/\/informante.mx\/?p=10430#breadcrumb","itemListElement":[{"@type":"ListItem","position":1,"name":"Portada","item":"https:\/\/informante.mx\/"},{"@type":"ListItem","position":2,"name":"A los malos resultados de MORENA respondemos con propuestas y trabajo: PAN Veracruz"}]},{"@type":"WebSite","@id":"https:\/\/informante.mx\/#website","url":"https:\/\/informante.mx\/","name":"Informante.mx","description":"","publisher":{"@id":"https:\/\/informante.mx\/#organization"},"potentialAction":[{"@type":"SearchAction","target":{"@type":"EntryPoint","urlTemplate":"https:\/\/informante.mx\/?s={search_term_string}"},"query-input":{"@type":"PropertyValueSpecification","valueRequired":true,"valueName":"search_term_string"}}],"inLanguage":"es"},{"@type":"Organization","@id":"https:\/\/informante.mx\/#organization","name":"Informante.mx","url":"https:\/\/informante.mx\/","logo":{"@type":"ImageObject","inLanguage":"es","@id":"https:\/\/informante.mx\/#\/schema\/logo\/image\/","url":"https:\/\/informante.mx\/wp-content\/uploads\/2019\/12\/cropped-LOGO-Verde-Apaisado-1024x360O-1.png","contentUrl":"https:\/\/informante.mx\/wp-content\/uploads\/2019\/12\/cropped-LOGO-Verde-Apaisado-1024x360O-1.png","width":923,"height":180,"caption":"Informante.mx"},"image":{"@id":"https:\/\/informante.mx\/#\/schema\/logo\/image\/"},"sameAs":["https:\/\/www.facebook.com\/MX.Informante","https:\/\/x.com\/mx_informante"]},{"@type":"Person","@id":"https:\/\/informante.mx\/#\/schema\/person\/3eff91989d2ea76b0a330b416325946c","name":"InformanteMX","image":{"@type":"ImageObject","inLanguage":"es","@id":"https:\/\/secure.gravatar.com\/avatar\/10d802aa739e832aedd2f3fd8544d878871eb22e6ca86fe9a548573e34a28f0e?s=96&d=mm&r=g","url":"https:\/\/secure.gravatar.com\/avatar\/10d802aa739e832aedd2f3fd8544d878871eb22e6ca86fe9a548573e34a28f0e?s=96&d=mm&r=g","contentUrl":"https:\/\/secure.gravatar.com\/avatar\/10d802aa739e832aedd2f3fd8544d878871eb22e6ca86fe9a548573e34a28f0e?s=96&d=mm&r=g","caption":"InformanteMX"},"url":"https:\/\/informante.mx\/?author=1"}]}},"jetpack_featured_media_url":"","uagb_featured_image_src":{"full":false,"thumbnail":false,"medium":false,"medium_large":false,"large":false,"1536x1536":false,"2048x2048":false,"td_0x420":false,"td_0x420_retina":false,"td_80x60":false,"td_80x60_retina":false,"td_100x75":false,"td_100x75_retina":false,"td_180x135":false,"td_180x135_retina":false,"td_238x178":false,"td_238x178_retina":false,"td_265x198":false,"td_265x198_retina":false,"td_300x160":false,"td_300x160_retina":false,"td_300x194":false,"td_300x194_retina":false,"td_300x350":false,"td_300x350_retina":false,"td_341x220":false,"td_341x220_retina":false,"td_341x400":false,"td_341x400_retina":false,"td_511x400":false,"td_511x400_retina":false,"td_537x360":false,"td_537x360_retina":false,"td_640x0":false,"td_640x0_retina":false,"td_640x350":false,"td_640x350_retina":false,"td_681x0":false,"td_681x0_retina":false,"td_681x400":false,"td_681x400_retina":false,"td_741x486":false,"td_741x486_retina":false,"td_1021x580":false,"td_1021x580_retina":false},"uagb_author_info":{"display_name":"InformanteMX","author_link":"https:\/\/informante.mx\/?author=1"},"uagb_comment_info":0,"uagb_excerpt":"El grupo legislativo del PAN en el Congreso federal ha promovido iniciativas que ayuden a mejorar la econom\u00eda familiar, el fomento a la inversi\u00f3n y el crecimiento econ\u00f3mico, la atenci\u00f3n a la pobreza y la desigualdad","_links":{"self":[{"href":"https:\/\/informante.mx\/index.php?rest_route=\/wp\/v2\/posts\/10430","targetHints":{"allow":["GET"]}}],"collection":[{"href":"https:\/\/informante.mx\/index.php?rest_route=\/wp\/v2\/posts"}],"about":[{"href":"https:\/\/informante.mx\/index.php?rest_route=\/wp\/v2\/types\/post"}],"author":[{"embeddable":true,"href":"https:\/\/informante.mx\/index.php?rest_route=\/wp\/v2\/users\/1"}],"replies":[{"embeddable":true,"href":"https:\/\/informante.mx\/index.php?rest_route=%2Fwp%2Fv2%2Fcomments&post=10430"}],"version-history":[{"count":1,"href":"https:\/\/informante.mx\/index.php?rest_route=\/wp\/v2\/posts\/10430\/revisions"}],"predecessor-version":[{"id":10433,"href":"https:\/\/informante.mx\/index.php?rest_route=\/wp\/v2\/posts\/10430\/revisions\/10433"}],"wp:attachment":[{"href":"https:\/\/informante.mx\/index.php?rest_route=%2Fwp%2Fv2%2Fmedia&parent=10430"}],"wp:term":[{"taxonomy":"category","embeddable":true,"href":"https:\/\/informante.mx\/index.php?rest_route=%2Fwp%2Fv2%2Fcategories&post=10430"},{"taxonomy":"post_tag","embeddable":true,"href":"https:\/\/informante.mx\/index.php?rest_route=%2Fwp%2Fv2%2Ftags&post=10430"}],"curies":[{"name":"wp","href":"https:\/\/api.w.org\/{rel}","templated":true}]}}