{"id":10218,"date":"2020-01-23T18:15:32","date_gmt":"2020-01-24T00:15:32","guid":{"rendered":"http:\/\/informante.mx\/?p=10218"},"modified":"2020-01-23T18:15:32","modified_gmt":"2020-01-24T00:15:32","slug":"maria-de-lourdes-fernandez-martinez-nueva-consejera-electoral-del-ople-veracruz","status":"publish","type":"post","link":"https:\/\/informante.mx\/?p=10218","title":{"rendered":"Mar\u00eda de Lourdes Fern\u00e1ndez Mart\u00ednez, nueva Consejera Electoral del OPLE Veracruz"},"content":{"rendered":"\n<p><br><\/p>\n\n\n\n<p><strong>Xalapa, Ver. 23 de enero del 2020.- <\/strong>En Sesi\u00f3n Solemne del Consejo General del Organismo P\u00fablico Local Electoral del Estado de Veracruz (OPLE), rindi\u00f3 protesta la Mtra. Mar\u00eda de Lourdes Fern\u00e1ndez Mart\u00ednez como Consejera Electoral, por un periodo de siete a\u00f1os.<br><\/p>\n\n\n\n<p>Mar\u00eda de Lourdes Fern\u00e1ndez Mart\u00ednez, originaria de Xalapa Veracruz, es Licenciada en Derecho y cuenta con las maestr\u00edas en Derecho Electoral y en Administraci\u00f3n P\u00fablica, adem\u00e1s de haber cursado los diplomados en Pol\u00edticas P\u00fablicas y en Criterios Internacionales de los Derechos Humanos; cuenta con una amplia experiencia laboral en diferentes rubros.<br><\/p>\n\n\n\n<p>El Consejero Presidente, Alejandro Bonilla Bonilla, se\u00f1al\u00f3 que la nueva integrante del \u00d3rgano Colegiado, super\u00f3 las etapas del Instituto Nacional Electoral (INE) de manera meritoria y dando como resultado, ahora ser parte de la Mesa del Consejo General.<br><\/p>\n\n\n\n<p>Puntualiz\u00f3 que el \u00d3rgano Electoral se encuentra fortalecido y garante de su autonom\u00eda, con credibilidad y con un alto grado de especializaci\u00f3n en el arbitraje electoral, derivado de tres procesos ordinarios y un extraordinario, que dieron como resultado dos alternancias pac\u00edficas en la gubernatura.<br><\/p>\n\n\n\n<p>Por su parte, la Consejera Mar\u00eda de Lourdes Fern\u00e1ndez Mart\u00ednez, enfatiz\u00f3 que se une al Organismo Comicial con la firme voluntad de trabajar en beneficio del pueblo veracruzano, con legalidad y honradez, ya que de esta manera se dignifica la vida p\u00fablica del Estado.<br><\/p>\n\n\n\n<p>Asegur\u00f3 que corresponde a las y los consejeros, demostrar que el OPLE Veracruz sabe hacer su parte y coordinarse con el Instituto Nacional Electoral (INE), ya que la mejor defensa de la existencia de las autoridades locales, es la evidencia de su buen trabajo.<br><\/p>\n\n\n\n<p>El Consejero Juan Manuel V\u00e1zquez Barajas, dijo que desempe\u00f1arse como Consejero o Consejera Electoral, conlleva una gran responsabilidad, porque implica siempre la formulaci\u00f3n de nuevos retos y hoy con la designaci\u00f3n de la nueva integrante, el OPLE se fortalece.<br><\/p>\n\n\n\n<p>En su mensaje, el Consejero Roberto L\u00f3pez P\u00e9rez, se\u00f1al\u00f3 que la designaci\u00f3n de Mar\u00eda de Lourdes Fern\u00e1ndez Mart\u00ednez como Consejera Electoral, es el resultado de un procedimiento complejo, debido a que se exploran las experiencias, los conocimientos en el \u00e1mbito laboral y la especializaci\u00f3n en la materia, las cuales ser\u00e1n aplicadas para trabajar en beneficio de la democracia en el Estado.&nbsp;<br><\/p>\n\n\n\n<p>La Consejera Electoral Mabel Aseret Hern\u00e1ndez Meneses, destac\u00f3 que esta designaci\u00f3n no es un cheque en blanco, dado que la responsabilidad como Consejera Electoral va m\u00e1s all\u00e1 de la organizaci\u00f3n de elecciones.&nbsp;<br><\/p>\n\n\n\n<p>El Consejero Quint\u00edn Antar Dovarganes Escand\u00f3n, consider\u00f3 que con la llegada de la nueva integrante a la Mesa del Consejo, tendr\u00e1n a una aliada en las tareas que tiene el OPLE.&nbsp;<br><\/p>\n\n\n\n<p>Por su parte el Secretario Ejecutivo del OPLE Veracruz, Hugo Enrique Castro Bernabe, expres\u00f3 que la designaci\u00f3n de la nueva integrante abonar\u00e1 a la democracia del Estado, pues es la vocaci\u00f3n de servicio la que ha labrado y caracterizado a este Instituto, destacando que su participaci\u00f3n ser\u00e1 de vital importancia para afrontar los nuevos retos.<\/p>\n\n\n\n<p>A estas felicitaciones y reconocimientos, se sumaron las representaciones de los partidos pol\u00edticos, quienes dieron la bienvenida a la Consejera Electoral, Mar\u00eda de Lourdes Fern\u00e1ndez Mart\u00ednez.<\/p>\n\n\n\n<p> <\/p>\n","protected":false},"excerpt":{"rendered":"<p>Mar\u00eda de Lourdes Fern\u00e1ndez Mart\u00ednez, originaria de Xalapa Veracruz, es Licenciada en Derecho<\/p>\n","protected":false},"author":1,"featured_media":0,"comment_status":"open","ping_status":"closed","sticky":false,"template":"","format":"standard","meta":{"_uag_custom_page_level_css":"","jetpack_post_was_ever_published":false,"footnotes":""},"categories":[4],"tags":[],"class_list":["post-10218","post","type-post","status-publish","format-standard","hentry","category-estatal"],"yoast_head":"<!-- This site is optimized with the Yoast SEO plugin v27.3 - https:\/\/yoast.com\/product\/yoast-seo-wordpress\/ -->\n<title>Mar\u00eda de Lourdes Fern\u00e1ndez Mart\u00ednez, nueva Consejera Electoral del OPLE Veracruz - Informante.mx<\/title>\n<meta name=\"robots\" content=\"index, follow, max-snippet:-1, max-image-preview:large, max-video-preview:-1\" \/>\n<link rel=\"canonical\" href=\"https:\/\/informante.mx\/?p=10218\" \/>\n<meta property=\"og:locale\" content=\"es_ES\" \/>\n<meta property=\"og:type\" content=\"article\" \/>\n<meta property=\"og:title\" content=\"Mar\u00eda de Lourdes Fern\u00e1ndez Mart\u00ednez, nueva Consejera Electoral del OPLE Veracruz - Informante.mx\" \/>\n<meta property=\"og:description\" content=\"Mar\u00eda de Lourdes Fern\u00e1ndez Mart\u00ednez, originaria de Xalapa Veracruz, es Licenciada en Derecho\" \/>\n<meta property=\"og:url\" content=\"https:\/\/informante.mx\/?p=10218\" \/>\n<meta property=\"og:site_name\" content=\"Informante.mx\" \/>\n<meta property=\"article:publisher\" content=\"https:\/\/www.facebook.com\/MX.Informante\" \/>\n<meta property=\"article:published_time\" content=\"2020-01-24T00:15:32+00:00\" \/>\n<meta name=\"author\" content=\"InformanteMX\" \/>\n<meta name=\"twitter:card\" content=\"summary_large_image\" \/>\n<meta name=\"twitter:creator\" content=\"@mx_informante\" \/>\n<meta name=\"twitter:site\" content=\"@mx_informante\" \/>\n<meta name=\"twitter:label1\" content=\"Escrito por\" \/>\n\t<meta name=\"twitter:data1\" content=\"InformanteMX\" \/>\n\t<meta name=\"twitter:label2\" content=\"Tiempo de lectura\" \/>\n\t<meta name=\"twitter:data2\" content=\"3 minutos\" \/>\n<script type=\"application\/ld+json\" class=\"yoast-schema-graph\">{\"@context\":\"https:\\\/\\\/schema.org\",\"@graph\":[{\"@type\":\"NewsArticle\",\"@id\":\"https:\\\/\\\/informante.mx\\\/?p=10218#article\",\"isPartOf\":{\"@id\":\"https:\\\/\\\/informante.mx\\\/?p=10218\"},\"author\":{\"name\":\"InformanteMX\",\"@id\":\"https:\\\/\\\/informante.mx\\\/#\\\/schema\\\/person\\\/3eff91989d2ea76b0a330b416325946c\"},\"headline\":\"Mar\u00eda de Lourdes Fern\u00e1ndez Mart\u00ednez, nueva Consejera Electoral del OPLE Veracruz\",\"datePublished\":\"2020-01-24T00:15:32+00:00\",\"mainEntityOfPage\":{\"@id\":\"https:\\\/\\\/informante.mx\\\/?p=10218\"},\"wordCount\":572,\"commentCount\":0,\"publisher\":{\"@id\":\"https:\\\/\\\/informante.mx\\\/#organization\"},\"articleSection\":[\"Estatal\"],\"inLanguage\":\"es\",\"potentialAction\":[{\"@type\":\"CommentAction\",\"name\":\"Comment\",\"target\":[\"https:\\\/\\\/informante.mx\\\/?p=10218#respond\"]}]},{\"@type\":\"WebPage\",\"@id\":\"https:\\\/\\\/informante.mx\\\/?p=10218\",\"url\":\"https:\\\/\\\/informante.mx\\\/?p=10218\",\"name\":\"Mar\u00eda de Lourdes Fern\u00e1ndez Mart\u00ednez, nueva Consejera Electoral del OPLE Veracruz - Informante.mx\",\"isPartOf\":{\"@id\":\"https:\\\/\\\/informante.mx\\\/#website\"},\"datePublished\":\"2020-01-24T00:15:32+00:00\",\"breadcrumb\":{\"@id\":\"https:\\\/\\\/informante.mx\\\/?p=10218#breadcrumb\"},\"inLanguage\":\"es\",\"potentialAction\":[{\"@type\":\"ReadAction\",\"target\":[\"https:\\\/\\\/informante.mx\\\/?p=10218\"]}]},{\"@type\":\"BreadcrumbList\",\"@id\":\"https:\\\/\\\/informante.mx\\\/?p=10218#breadcrumb\",\"itemListElement\":[{\"@type\":\"ListItem\",\"position\":1,\"name\":\"Portada\",\"item\":\"https:\\\/\\\/informante.mx\\\/\"},{\"@type\":\"ListItem\",\"position\":2,\"name\":\"Mar\u00eda de Lourdes Fern\u00e1ndez Mart\u00ednez, nueva Consejera Electoral del OPLE Veracruz\"}]},{\"@type\":\"WebSite\",\"@id\":\"https:\\\/\\\/informante.mx\\\/#website\",\"url\":\"https:\\\/\\\/informante.mx\\\/\",\"name\":\"Informante.mx\",\"description\":\"\",\"publisher\":{\"@id\":\"https:\\\/\\\/informante.mx\\\/#organization\"},\"potentialAction\":[{\"@type\":\"SearchAction\",\"target\":{\"@type\":\"EntryPoint\",\"urlTemplate\":\"https:\\\/\\\/informante.mx\\\/?s={search_term_string}\"},\"query-input\":{\"@type\":\"PropertyValueSpecification\",\"valueRequired\":true,\"valueName\":\"search_term_string\"}}],\"inLanguage\":\"es\"},{\"@type\":\"Organization\",\"@id\":\"https:\\\/\\\/informante.mx\\\/#organization\",\"name\":\"Informante.mx\",\"url\":\"https:\\\/\\\/informante.mx\\\/\",\"logo\":{\"@type\":\"ImageObject\",\"inLanguage\":\"es\",\"@id\":\"https:\\\/\\\/informante.mx\\\/#\\\/schema\\\/logo\\\/image\\\/\",\"url\":\"https:\\\/\\\/informante.mx\\\/wp-content\\\/uploads\\\/2019\\\/12\\\/cropped-LOGO-Verde-Apaisado-1024x360O-1.png\",\"contentUrl\":\"https:\\\/\\\/informante.mx\\\/wp-content\\\/uploads\\\/2019\\\/12\\\/cropped-LOGO-Verde-Apaisado-1024x360O-1.png\",\"width\":923,\"height\":180,\"caption\":\"Informante.mx\"},\"image\":{\"@id\":\"https:\\\/\\\/informante.mx\\\/#\\\/schema\\\/logo\\\/image\\\/\"},\"sameAs\":[\"https:\\\/\\\/www.facebook.com\\\/MX.Informante\",\"https:\\\/\\\/x.com\\\/mx_informante\"]},{\"@type\":\"Person\",\"@id\":\"https:\\\/\\\/informante.mx\\\/#\\\/schema\\\/person\\\/3eff91989d2ea76b0a330b416325946c\",\"name\":\"InformanteMX\",\"image\":{\"@type\":\"ImageObject\",\"inLanguage\":\"es\",\"@id\":\"https:\\\/\\\/secure.gravatar.com\\\/avatar\\\/10d802aa739e832aedd2f3fd8544d878871eb22e6ca86fe9a548573e34a28f0e?s=96&d=mm&r=g\",\"url\":\"https:\\\/\\\/secure.gravatar.com\\\/avatar\\\/10d802aa739e832aedd2f3fd8544d878871eb22e6ca86fe9a548573e34a28f0e?s=96&d=mm&r=g\",\"contentUrl\":\"https:\\\/\\\/secure.gravatar.com\\\/avatar\\\/10d802aa739e832aedd2f3fd8544d878871eb22e6ca86fe9a548573e34a28f0e?s=96&d=mm&r=g\",\"caption\":\"InformanteMX\"},\"url\":\"https:\\\/\\\/informante.mx\\\/?author=1\"}]}<\/script>\n<!-- \/ Yoast SEO plugin. -->","yoast_head_json":{"title":"Mar\u00eda de Lourdes Fern\u00e1ndez Mart\u00ednez, nueva Consejera Electoral del OPLE Veracruz - Informante.mx","robots":{"index":"index","follow":"follow","max-snippet":"max-snippet:-1","max-image-preview":"max-image-preview:large","max-video-preview":"max-video-preview:-1"},"canonical":"https:\/\/informante.mx\/?p=10218","og_locale":"es_ES","og_type":"article","og_title":"Mar\u00eda de Lourdes Fern\u00e1ndez Mart\u00ednez, nueva Consejera Electoral del OPLE Veracruz - Informante.mx","og_description":"Mar\u00eda de Lourdes Fern\u00e1ndez Mart\u00ednez, originaria de Xalapa Veracruz, es Licenciada en Derecho","og_url":"https:\/\/informante.mx\/?p=10218","og_site_name":"Informante.mx","article_publisher":"https:\/\/www.facebook.com\/MX.Informante","article_published_time":"2020-01-24T00:15:32+00:00","author":"InformanteMX","twitter_card":"summary_large_image","twitter_creator":"@mx_informante","twitter_site":"@mx_informante","twitter_misc":{"Escrito por":"InformanteMX","Tiempo de lectura":"3 minutos"},"schema":{"@context":"https:\/\/schema.org","@graph":[{"@type":"NewsArticle","@id":"https:\/\/informante.mx\/?p=10218#article","isPartOf":{"@id":"https:\/\/informante.mx\/?p=10218"},"author":{"name":"InformanteMX","@id":"https:\/\/informante.mx\/#\/schema\/person\/3eff91989d2ea76b0a330b416325946c"},"headline":"Mar\u00eda de Lourdes Fern\u00e1ndez Mart\u00ednez, nueva Consejera Electoral del OPLE Veracruz","datePublished":"2020-01-24T00:15:32+00:00","mainEntityOfPage":{"@id":"https:\/\/informante.mx\/?p=10218"},"wordCount":572,"commentCount":0,"publisher":{"@id":"https:\/\/informante.mx\/#organization"},"articleSection":["Estatal"],"inLanguage":"es","potentialAction":[{"@type":"CommentAction","name":"Comment","target":["https:\/\/informante.mx\/?p=10218#respond"]}]},{"@type":"WebPage","@id":"https:\/\/informante.mx\/?p=10218","url":"https:\/\/informante.mx\/?p=10218","name":"Mar\u00eda de Lourdes Fern\u00e1ndez Mart\u00ednez, nueva Consejera Electoral del OPLE Veracruz - Informante.mx","isPartOf":{"@id":"https:\/\/informante.mx\/#website"},"datePublished":"2020-01-24T00:15:32+00:00","breadcrumb":{"@id":"https:\/\/informante.mx\/?p=10218#breadcrumb"},"inLanguage":"es","potentialAction":[{"@type":"ReadAction","target":["https:\/\/informante.mx\/?p=10218"]}]},{"@type":"BreadcrumbList","@id":"https:\/\/informante.mx\/?p=10218#breadcrumb","itemListElement":[{"@type":"ListItem","position":1,"name":"Portada","item":"https:\/\/informante.mx\/"},{"@type":"ListItem","position":2,"name":"Mar\u00eda de Lourdes Fern\u00e1ndez Mart\u00ednez, nueva Consejera Electoral del OPLE Veracruz"}]},{"@type":"WebSite","@id":"https:\/\/informante.mx\/#website","url":"https:\/\/informante.mx\/","name":"Informante.mx","description":"","publisher":{"@id":"https:\/\/informante.mx\/#organization"},"potentialAction":[{"@type":"SearchAction","target":{"@type":"EntryPoint","urlTemplate":"https:\/\/informante.mx\/?s={search_term_string}"},"query-input":{"@type":"PropertyValueSpecification","valueRequired":true,"valueName":"search_term_string"}}],"inLanguage":"es"},{"@type":"Organization","@id":"https:\/\/informante.mx\/#organization","name":"Informante.mx","url":"https:\/\/informante.mx\/","logo":{"@type":"ImageObject","inLanguage":"es","@id":"https:\/\/informante.mx\/#\/schema\/logo\/image\/","url":"https:\/\/informante.mx\/wp-content\/uploads\/2019\/12\/cropped-LOGO-Verde-Apaisado-1024x360O-1.png","contentUrl":"https:\/\/informante.mx\/wp-content\/uploads\/2019\/12\/cropped-LOGO-Verde-Apaisado-1024x360O-1.png","width":923,"height":180,"caption":"Informante.mx"},"image":{"@id":"https:\/\/informante.mx\/#\/schema\/logo\/image\/"},"sameAs":["https:\/\/www.facebook.com\/MX.Informante","https:\/\/x.com\/mx_informante"]},{"@type":"Person","@id":"https:\/\/informante.mx\/#\/schema\/person\/3eff91989d2ea76b0a330b416325946c","name":"InformanteMX","image":{"@type":"ImageObject","inLanguage":"es","@id":"https:\/\/secure.gravatar.com\/avatar\/10d802aa739e832aedd2f3fd8544d878871eb22e6ca86fe9a548573e34a28f0e?s=96&d=mm&r=g","url":"https:\/\/secure.gravatar.com\/avatar\/10d802aa739e832aedd2f3fd8544d878871eb22e6ca86fe9a548573e34a28f0e?s=96&d=mm&r=g","contentUrl":"https:\/\/secure.gravatar.com\/avatar\/10d802aa739e832aedd2f3fd8544d878871eb22e6ca86fe9a548573e34a28f0e?s=96&d=mm&r=g","caption":"InformanteMX"},"url":"https:\/\/informante.mx\/?author=1"}]}},"jetpack_featured_media_url":"","uagb_featured_image_src":{"full":false,"thumbnail":false,"medium":false,"medium_large":false,"large":false,"1536x1536":false,"2048x2048":false,"td_0x420":false,"td_0x420_retina":false,"td_80x60":false,"td_80x60_retina":false,"td_100x75":false,"td_100x75_retina":false,"td_180x135":false,"td_180x135_retina":false,"td_238x178":false,"td_238x178_retina":false,"td_265x198":false,"td_265x198_retina":false,"td_300x160":false,"td_300x160_retina":false,"td_300x194":false,"td_300x194_retina":false,"td_300x350":false,"td_300x350_retina":false,"td_341x220":false,"td_341x220_retina":false,"td_341x400":false,"td_341x400_retina":false,"td_511x400":false,"td_511x400_retina":false,"td_537x360":false,"td_537x360_retina":false,"td_640x0":false,"td_640x0_retina":false,"td_640x350":false,"td_640x350_retina":false,"td_681x0":false,"td_681x0_retina":false,"td_681x400":false,"td_681x400_retina":false,"td_741x486":false,"td_741x486_retina":false,"td_1021x580":false,"td_1021x580_retina":false},"uagb_author_info":{"display_name":"InformanteMX","author_link":"https:\/\/informante.mx\/?author=1"},"uagb_comment_info":0,"uagb_excerpt":"Mar\u00eda de Lourdes Fern\u00e1ndez Mart\u00ednez, originaria de Xalapa Veracruz, es Licenciada en Derecho","_links":{"self":[{"href":"https:\/\/informante.mx\/index.php?rest_route=\/wp\/v2\/posts\/10218","targetHints":{"allow":["GET"]}}],"collection":[{"href":"https:\/\/informante.mx\/index.php?rest_route=\/wp\/v2\/posts"}],"about":[{"href":"https:\/\/informante.mx\/index.php?rest_route=\/wp\/v2\/types\/post"}],"author":[{"embeddable":true,"href":"https:\/\/informante.mx\/index.php?rest_route=\/wp\/v2\/users\/1"}],"replies":[{"embeddable":true,"href":"https:\/\/informante.mx\/index.php?rest_route=%2Fwp%2Fv2%2Fcomments&post=10218"}],"version-history":[{"count":1,"href":"https:\/\/informante.mx\/index.php?rest_route=\/wp\/v2\/posts\/10218\/revisions"}],"predecessor-version":[{"id":10220,"href":"https:\/\/informante.mx\/index.php?rest_route=\/wp\/v2\/posts\/10218\/revisions\/10220"}],"wp:attachment":[{"href":"https:\/\/informante.mx\/index.php?rest_route=%2Fwp%2Fv2%2Fmedia&parent=10218"}],"wp:term":[{"taxonomy":"category","embeddable":true,"href":"https:\/\/informante.mx\/index.php?rest_route=%2Fwp%2Fv2%2Fcategories&post=10218"},{"taxonomy":"post_tag","embeddable":true,"href":"https:\/\/informante.mx\/index.php?rest_route=%2Fwp%2Fv2%2Ftags&post=10218"}],"curies":[{"name":"wp","href":"https:\/\/api.w.org\/{rel}","templated":true}]}}