{"id":10214,"date":"2020-01-23T17:51:18","date_gmt":"2020-01-23T23:51:18","guid":{"rendered":"http:\/\/informante.mx\/?p=10214"},"modified":"2020-01-23T17:51:18","modified_gmt":"2020-01-23T23:51:18","slug":"solicita-guizar-valladares-estatus-de-operatividad-del-hospital-de-coatzacoalcos","status":"publish","type":"post","link":"https:\/\/informante.mx\/?p=10214","title":{"rendered":"Solicita Gu\u00edzar Valladares estatus de operatividad del Hospital de Coatzacoalcos"},"content":{"rendered":"\n<p>\u2022    Asimismo pide el legislador  le proporcionen fecha exacta de inauguraci\u00f3n.<\/p>\n\n\n\n<p>El diputado Gonzalo Gu\u00edzar Valladares, del Grupo Legislativo Mixto Del Lado Correcto de la Historia, present\u00f3 un anteproyecto de punto de Acuerdo por el que solicita al \u00d3rgano de Fiscalizaci\u00f3n Superior (Orfis) un informe financiero de los recursos p\u00fablicos que se han aplicado para la construcci\u00f3n del Hospital de Alta Especialidad de Coatzacoalcos, as\u00ed como un reporte del estado y avance real de la obra.<\/p>\n\n\n\n<p>Del mismo modo, solicit\u00f3 a la Secretar\u00eda de Salud de Veracruz (SS) un informe respecto a los servicios que dar\u00e1 el Hospital referido, as\u00ed como los procedimientos y estatus sobre la adquisici\u00f3n de equipo m\u00e9dico y contrataci\u00f3n de personal, cuotas de recuperaci\u00f3n, la relaci\u00f3n operativa que, en su caso, tenga con el nuevo modelo del Instituto de Salud para el Bienestar (Insabi), as\u00ed como la fecha exacta de la inauguraci\u00f3n.<\/p>\n\n\n\n<p>Asimismo, solicit\u00f3 a ambas dependencias un informe que explique y documente las razones t\u00e9cnicas, legales, financieras o cualquier otra, por las que no se ha puesto en funcionamiento y operatividad el Hospital de Alta Especialidad de Coatzacoalcos.<\/p>\n\n\n\n<p>El legislador por el distrito de Coatzacoalcos II, se\u00f1al\u00f3 que  desde el a\u00f1o 2016 se anunci\u00f3 y comenz\u00f3 la construcci\u00f3n de este hospital con una inversi\u00f3n inicial de 338 millones de pesos, en un \u00e1rea de casi 5 hect\u00e1reas en la zona poniente de Coatzacoalcos y cuya conclusi\u00f3n se program\u00f3 en 250 d\u00edas naturales, \u201ces decir, debi\u00f3 concluirse a finales de 2017 para comenzar a prestar sus servicios\u201d. <\/p>\n\n\n\n<p>Del mismo modo, se\u00f1al\u00f3, que en el a\u00f1o 2018 se destinaron 90 millones de pesos adicionales, adem\u00e1s de anunciar el inicio en la instalaci\u00f3n de equipamiento especializado y algunos servicios generales, \u201cno obstante, a la fecha sigue sin operar\u201d.<\/p>\n\n\n\n<p>Dijo que le llama la atenci\u00f3n la inoperatividad del Hospital, as\u00ed como el manejo del dinero p\u00fablico destinado para su edificaci\u00f3n, toda vez que no existe informaci\u00f3n oficial al respecto, ni fecha de apertura de este nosocomio, a pesar que durante el a\u00f1o 2019 qued\u00f3 formalmente entregada la obra por parte del constructor.<\/p>\n\n\n\n<p>Agreg\u00f3 que el derecho a la salud se traduce en la obtenci\u00f3n de un determinado bienestar general integrado por el estado f\u00edsico, mental, emocional y social de la persona. De ah\u00ed, que la participaci\u00f3n del Estado sea una pieza fundamental para procurar a las personas un adecuado estado de salud y bienestar.<\/p>\n\n\n\n<p>\u201cEsta situaci\u00f3n es muy apremiante, urge se inicien las labores en el Hospital de Alta Especialidad de Coatzacoalcos, pues en la actualidad numerosas familias se tienen que trasladar a otros lugares para recibir atenci\u00f3n m\u00e9dica, por lo que, solicito respetuosamente a la administraci\u00f3n p\u00fablica focalizar sus esfuerzos para poner en marcha esta tan importante obra\u201d, finaliz\u00f3.<\/p>\n\n\n\n<p> Se adhirieron a este anteproyecto los Grupos Legislativos de Acci\u00f3n Nacional Veracruz, Partido Acci\u00f3n Nacional, Del Lado correcto de la Historia, Morena y PRI-PVEM. Fue turnado a la Junta de Coordinaci\u00f3n Pol\u00edtica.<\/p>\n","protected":false},"excerpt":{"rendered":"<p>Solicita Gu\u00edzar Valladares estatus de operatividad del Hospital de Coatzacoalcos <\/p>\n","protected":false},"author":1,"featured_media":0,"comment_status":"open","ping_status":"closed","sticky":false,"template":"","format":"standard","meta":{"_uag_custom_page_level_css":"","jetpack_post_was_ever_published":false,"footnotes":""},"categories":[7],"tags":[],"class_list":["post-10214","post","type-post","status-publish","format-standard","hentry","category-legislatura"],"yoast_head":"<!-- This site is optimized with the Yoast SEO plugin v27.3 - https:\/\/yoast.com\/product\/yoast-seo-wordpress\/ -->\n<title>Solicita Gu\u00edzar Valladares estatus de operatividad del Hospital de Coatzacoalcos - Informante.mx<\/title>\n<meta name=\"robots\" content=\"index, follow, max-snippet:-1, max-image-preview:large, max-video-preview:-1\" \/>\n<link rel=\"canonical\" href=\"https:\/\/informante.mx\/?p=10214\" \/>\n<meta property=\"og:locale\" content=\"es_ES\" \/>\n<meta property=\"og:type\" content=\"article\" \/>\n<meta property=\"og:title\" content=\"Solicita Gu\u00edzar Valladares estatus de operatividad del Hospital de Coatzacoalcos - Informante.mx\" \/>\n<meta property=\"og:description\" content=\"Solicita Gu\u00edzar Valladares estatus de operatividad del Hospital de Coatzacoalcos\" \/>\n<meta property=\"og:url\" content=\"https:\/\/informante.mx\/?p=10214\" \/>\n<meta property=\"og:site_name\" content=\"Informante.mx\" \/>\n<meta property=\"article:publisher\" content=\"https:\/\/www.facebook.com\/MX.Informante\" \/>\n<meta property=\"article:published_time\" content=\"2020-01-23T23:51:18+00:00\" \/>\n<meta property=\"og:image\" content=\"https:\/\/i0.wp.com\/informante.mx\/wp-content\/uploads\/2020\/01\/Guizar-Valladares.jpeg?fit=1024%2C684&ssl=1\" \/>\n\t<meta property=\"og:image:width\" content=\"1024\" \/>\n\t<meta property=\"og:image:height\" content=\"684\" \/>\n\t<meta property=\"og:image:type\" content=\"image\/jpeg\" \/>\n<meta name=\"author\" content=\"InformanteMX\" \/>\n<meta name=\"twitter:card\" content=\"summary_large_image\" \/>\n<meta name=\"twitter:creator\" content=\"@mx_informante\" \/>\n<meta name=\"twitter:site\" content=\"@mx_informante\" \/>\n<meta name=\"twitter:label1\" content=\"Escrito por\" \/>\n\t<meta name=\"twitter:data1\" content=\"InformanteMX\" \/>\n\t<meta name=\"twitter:label2\" content=\"Tiempo de lectura\" \/>\n\t<meta name=\"twitter:data2\" content=\"3 minutos\" \/>\n<script type=\"application\/ld+json\" class=\"yoast-schema-graph\">{\"@context\":\"https:\\\/\\\/schema.org\",\"@graph\":[{\"@type\":\"NewsArticle\",\"@id\":\"https:\\\/\\\/informante.mx\\\/?p=10214#article\",\"isPartOf\":{\"@id\":\"https:\\\/\\\/informante.mx\\\/?p=10214\"},\"author\":{\"name\":\"InformanteMX\",\"@id\":\"https:\\\/\\\/informante.mx\\\/#\\\/schema\\\/person\\\/3eff91989d2ea76b0a330b416325946c\"},\"headline\":\"Solicita Gu\u00edzar Valladares estatus de operatividad del Hospital de Coatzacoalcos\",\"datePublished\":\"2020-01-23T23:51:18+00:00\",\"mainEntityOfPage\":{\"@id\":\"https:\\\/\\\/informante.mx\\\/?p=10214\"},\"wordCount\":526,\"commentCount\":0,\"publisher\":{\"@id\":\"https:\\\/\\\/informante.mx\\\/#organization\"},\"articleSection\":[\"Legislatura\"],\"inLanguage\":\"es\",\"potentialAction\":[{\"@type\":\"CommentAction\",\"name\":\"Comment\",\"target\":[\"https:\\\/\\\/informante.mx\\\/?p=10214#respond\"]}]},{\"@type\":\"WebPage\",\"@id\":\"https:\\\/\\\/informante.mx\\\/?p=10214\",\"url\":\"https:\\\/\\\/informante.mx\\\/?p=10214\",\"name\":\"Solicita Gu\u00edzar Valladares estatus de operatividad del Hospital de Coatzacoalcos - Informante.mx\",\"isPartOf\":{\"@id\":\"https:\\\/\\\/informante.mx\\\/#website\"},\"datePublished\":\"2020-01-23T23:51:18+00:00\",\"breadcrumb\":{\"@id\":\"https:\\\/\\\/informante.mx\\\/?p=10214#breadcrumb\"},\"inLanguage\":\"es\",\"potentialAction\":[{\"@type\":\"ReadAction\",\"target\":[\"https:\\\/\\\/informante.mx\\\/?p=10214\"]}]},{\"@type\":\"BreadcrumbList\",\"@id\":\"https:\\\/\\\/informante.mx\\\/?p=10214#breadcrumb\",\"itemListElement\":[{\"@type\":\"ListItem\",\"position\":1,\"name\":\"Portada\",\"item\":\"https:\\\/\\\/informante.mx\\\/\"},{\"@type\":\"ListItem\",\"position\":2,\"name\":\"Solicita Gu\u00edzar Valladares estatus de operatividad del Hospital de Coatzacoalcos\"}]},{\"@type\":\"WebSite\",\"@id\":\"https:\\\/\\\/informante.mx\\\/#website\",\"url\":\"https:\\\/\\\/informante.mx\\\/\",\"name\":\"Informante.mx\",\"description\":\"\",\"publisher\":{\"@id\":\"https:\\\/\\\/informante.mx\\\/#organization\"},\"potentialAction\":[{\"@type\":\"SearchAction\",\"target\":{\"@type\":\"EntryPoint\",\"urlTemplate\":\"https:\\\/\\\/informante.mx\\\/?s={search_term_string}\"},\"query-input\":{\"@type\":\"PropertyValueSpecification\",\"valueRequired\":true,\"valueName\":\"search_term_string\"}}],\"inLanguage\":\"es\"},{\"@type\":\"Organization\",\"@id\":\"https:\\\/\\\/informante.mx\\\/#organization\",\"name\":\"Informante.mx\",\"url\":\"https:\\\/\\\/informante.mx\\\/\",\"logo\":{\"@type\":\"ImageObject\",\"inLanguage\":\"es\",\"@id\":\"https:\\\/\\\/informante.mx\\\/#\\\/schema\\\/logo\\\/image\\\/\",\"url\":\"https:\\\/\\\/informante.mx\\\/wp-content\\\/uploads\\\/2019\\\/12\\\/cropped-LOGO-Verde-Apaisado-1024x360O-1.png\",\"contentUrl\":\"https:\\\/\\\/informante.mx\\\/wp-content\\\/uploads\\\/2019\\\/12\\\/cropped-LOGO-Verde-Apaisado-1024x360O-1.png\",\"width\":923,\"height\":180,\"caption\":\"Informante.mx\"},\"image\":{\"@id\":\"https:\\\/\\\/informante.mx\\\/#\\\/schema\\\/logo\\\/image\\\/\"},\"sameAs\":[\"https:\\\/\\\/www.facebook.com\\\/MX.Informante\",\"https:\\\/\\\/x.com\\\/mx_informante\"]},{\"@type\":\"Person\",\"@id\":\"https:\\\/\\\/informante.mx\\\/#\\\/schema\\\/person\\\/3eff91989d2ea76b0a330b416325946c\",\"name\":\"InformanteMX\",\"image\":{\"@type\":\"ImageObject\",\"inLanguage\":\"es\",\"@id\":\"https:\\\/\\\/secure.gravatar.com\\\/avatar\\\/10d802aa739e832aedd2f3fd8544d878871eb22e6ca86fe9a548573e34a28f0e?s=96&d=mm&r=g\",\"url\":\"https:\\\/\\\/secure.gravatar.com\\\/avatar\\\/10d802aa739e832aedd2f3fd8544d878871eb22e6ca86fe9a548573e34a28f0e?s=96&d=mm&r=g\",\"contentUrl\":\"https:\\\/\\\/secure.gravatar.com\\\/avatar\\\/10d802aa739e832aedd2f3fd8544d878871eb22e6ca86fe9a548573e34a28f0e?s=96&d=mm&r=g\",\"caption\":\"InformanteMX\"},\"url\":\"https:\\\/\\\/informante.mx\\\/?author=1\"}]}<\/script>\n<!-- \/ Yoast SEO plugin. -->","yoast_head_json":{"title":"Solicita Gu\u00edzar Valladares estatus de operatividad del Hospital de Coatzacoalcos - Informante.mx","robots":{"index":"index","follow":"follow","max-snippet":"max-snippet:-1","max-image-preview":"max-image-preview:large","max-video-preview":"max-video-preview:-1"},"canonical":"https:\/\/informante.mx\/?p=10214","og_locale":"es_ES","og_type":"article","og_title":"Solicita Gu\u00edzar Valladares estatus de operatividad del Hospital de Coatzacoalcos - Informante.mx","og_description":"Solicita Gu\u00edzar Valladares estatus de operatividad del Hospital de Coatzacoalcos","og_url":"https:\/\/informante.mx\/?p=10214","og_site_name":"Informante.mx","article_publisher":"https:\/\/www.facebook.com\/MX.Informante","article_published_time":"2020-01-23T23:51:18+00:00","og_image":[{"width":1024,"height":684,"url":"https:\/\/i0.wp.com\/informante.mx\/wp-content\/uploads\/2020\/01\/Guizar-Valladares.jpeg?fit=1024%2C684&ssl=1","type":"image\/jpeg"}],"author":"InformanteMX","twitter_card":"summary_large_image","twitter_creator":"@mx_informante","twitter_site":"@mx_informante","twitter_misc":{"Escrito por":"InformanteMX","Tiempo de lectura":"3 minutos"},"schema":{"@context":"https:\/\/schema.org","@graph":[{"@type":"NewsArticle","@id":"https:\/\/informante.mx\/?p=10214#article","isPartOf":{"@id":"https:\/\/informante.mx\/?p=10214"},"author":{"name":"InformanteMX","@id":"https:\/\/informante.mx\/#\/schema\/person\/3eff91989d2ea76b0a330b416325946c"},"headline":"Solicita Gu\u00edzar Valladares estatus de operatividad del Hospital de Coatzacoalcos","datePublished":"2020-01-23T23:51:18+00:00","mainEntityOfPage":{"@id":"https:\/\/informante.mx\/?p=10214"},"wordCount":526,"commentCount":0,"publisher":{"@id":"https:\/\/informante.mx\/#organization"},"articleSection":["Legislatura"],"inLanguage":"es","potentialAction":[{"@type":"CommentAction","name":"Comment","target":["https:\/\/informante.mx\/?p=10214#respond"]}]},{"@type":"WebPage","@id":"https:\/\/informante.mx\/?p=10214","url":"https:\/\/informante.mx\/?p=10214","name":"Solicita Gu\u00edzar Valladares estatus de operatividad del Hospital de Coatzacoalcos - Informante.mx","isPartOf":{"@id":"https:\/\/informante.mx\/#website"},"datePublished":"2020-01-23T23:51:18+00:00","breadcrumb":{"@id":"https:\/\/informante.mx\/?p=10214#breadcrumb"},"inLanguage":"es","potentialAction":[{"@type":"ReadAction","target":["https:\/\/informante.mx\/?p=10214"]}]},{"@type":"BreadcrumbList","@id":"https:\/\/informante.mx\/?p=10214#breadcrumb","itemListElement":[{"@type":"ListItem","position":1,"name":"Portada","item":"https:\/\/informante.mx\/"},{"@type":"ListItem","position":2,"name":"Solicita Gu\u00edzar Valladares estatus de operatividad del Hospital de Coatzacoalcos"}]},{"@type":"WebSite","@id":"https:\/\/informante.mx\/#website","url":"https:\/\/informante.mx\/","name":"Informante.mx","description":"","publisher":{"@id":"https:\/\/informante.mx\/#organization"},"potentialAction":[{"@type":"SearchAction","target":{"@type":"EntryPoint","urlTemplate":"https:\/\/informante.mx\/?s={search_term_string}"},"query-input":{"@type":"PropertyValueSpecification","valueRequired":true,"valueName":"search_term_string"}}],"inLanguage":"es"},{"@type":"Organization","@id":"https:\/\/informante.mx\/#organization","name":"Informante.mx","url":"https:\/\/informante.mx\/","logo":{"@type":"ImageObject","inLanguage":"es","@id":"https:\/\/informante.mx\/#\/schema\/logo\/image\/","url":"https:\/\/informante.mx\/wp-content\/uploads\/2019\/12\/cropped-LOGO-Verde-Apaisado-1024x360O-1.png","contentUrl":"https:\/\/informante.mx\/wp-content\/uploads\/2019\/12\/cropped-LOGO-Verde-Apaisado-1024x360O-1.png","width":923,"height":180,"caption":"Informante.mx"},"image":{"@id":"https:\/\/informante.mx\/#\/schema\/logo\/image\/"},"sameAs":["https:\/\/www.facebook.com\/MX.Informante","https:\/\/x.com\/mx_informante"]},{"@type":"Person","@id":"https:\/\/informante.mx\/#\/schema\/person\/3eff91989d2ea76b0a330b416325946c","name":"InformanteMX","image":{"@type":"ImageObject","inLanguage":"es","@id":"https:\/\/secure.gravatar.com\/avatar\/10d802aa739e832aedd2f3fd8544d878871eb22e6ca86fe9a548573e34a28f0e?s=96&d=mm&r=g","url":"https:\/\/secure.gravatar.com\/avatar\/10d802aa739e832aedd2f3fd8544d878871eb22e6ca86fe9a548573e34a28f0e?s=96&d=mm&r=g","contentUrl":"https:\/\/secure.gravatar.com\/avatar\/10d802aa739e832aedd2f3fd8544d878871eb22e6ca86fe9a548573e34a28f0e?s=96&d=mm&r=g","caption":"InformanteMX"},"url":"https:\/\/informante.mx\/?author=1"}]}},"jetpack_featured_media_url":"","uagb_featured_image_src":{"full":false,"thumbnail":false,"medium":false,"medium_large":false,"large":false,"1536x1536":false,"2048x2048":false,"td_0x420":false,"td_0x420_retina":false,"td_80x60":false,"td_80x60_retina":false,"td_100x75":false,"td_100x75_retina":false,"td_180x135":false,"td_180x135_retina":false,"td_238x178":false,"td_238x178_retina":false,"td_265x198":false,"td_265x198_retina":false,"td_300x160":false,"td_300x160_retina":false,"td_300x194":false,"td_300x194_retina":false,"td_300x350":false,"td_300x350_retina":false,"td_341x220":false,"td_341x220_retina":false,"td_341x400":false,"td_341x400_retina":false,"td_511x400":false,"td_511x400_retina":false,"td_537x360":false,"td_537x360_retina":false,"td_640x0":false,"td_640x0_retina":false,"td_640x350":false,"td_640x350_retina":false,"td_681x0":false,"td_681x0_retina":false,"td_681x400":false,"td_681x400_retina":false,"td_741x486":false,"td_741x486_retina":false,"td_1021x580":false,"td_1021x580_retina":false},"uagb_author_info":{"display_name":"InformanteMX","author_link":"https:\/\/informante.mx\/?author=1"},"uagb_comment_info":0,"uagb_excerpt":"Solicita Gu\u00edzar Valladares estatus de operatividad del Hospital de Coatzacoalcos","_links":{"self":[{"href":"https:\/\/informante.mx\/index.php?rest_route=\/wp\/v2\/posts\/10214","targetHints":{"allow":["GET"]}}],"collection":[{"href":"https:\/\/informante.mx\/index.php?rest_route=\/wp\/v2\/posts"}],"about":[{"href":"https:\/\/informante.mx\/index.php?rest_route=\/wp\/v2\/types\/post"}],"author":[{"embeddable":true,"href":"https:\/\/informante.mx\/index.php?rest_route=\/wp\/v2\/users\/1"}],"replies":[{"embeddable":true,"href":"https:\/\/informante.mx\/index.php?rest_route=%2Fwp%2Fv2%2Fcomments&post=10214"}],"version-history":[{"count":2,"href":"https:\/\/informante.mx\/index.php?rest_route=\/wp\/v2\/posts\/10214\/revisions"}],"predecessor-version":[{"id":10217,"href":"https:\/\/informante.mx\/index.php?rest_route=\/wp\/v2\/posts\/10214\/revisions\/10217"}],"wp:attachment":[{"href":"https:\/\/informante.mx\/index.php?rest_route=%2Fwp%2Fv2%2Fmedia&parent=10214"}],"wp:term":[{"taxonomy":"category","embeddable":true,"href":"https:\/\/informante.mx\/index.php?rest_route=%2Fwp%2Fv2%2Fcategories&post=10214"},{"taxonomy":"post_tag","embeddable":true,"href":"https:\/\/informante.mx\/index.php?rest_route=%2Fwp%2Fv2%2Ftags&post=10214"}],"curies":[{"name":"wp","href":"https:\/\/api.w.org\/{rel}","templated":true}]}}